{"id":458935,"date":"2026-04-27T17:33:12","date_gmt":"2026-04-27T20:33:12","guid":{"rendered":"https:\/\/portaltela.pt\/noticias\/2026\/04\/27\/estrondo-e-onda-de-choque-de-origem-desconhecida-alarmam-distrito-de-coimbra\/"},"modified":"2026-04-27T17:33:12","modified_gmt":"2026-04-27T20:33:12","slug":"estrondo-e-onda-de-choque-de-origem-desconhecida-alarmam-distrito-de-coimbra","status":"publish","type":"post","link":"https:\/\/portaltela.pt\/noticias\/internacional\/2026\/04\/27\/estrondo-e-onda-de-choque-de-origem-desconhecida-alarmam-distrito-de-coimbra\/","title":{"rendered":"Estrondo e onda de choque de origem desconhecida alarmam distrito de Coimbra"},"content":{"rendered":"<p>Um forte estrondo seguido de uma onda de choque, de origem desconhecida, alarmou o distrito de Coimbra. O fen\u00f3meno ocorreu ao final da manh\u00e3 desta segunda-feira, no litoral Centro, envolvendo Figueira da Foz, Montemor-o-Velho e Cantanhede. N\u00e3o houve feridos nem danos materiais reportados.<\/p>\n<p>Pelas 12h37, no parque de estacionamento exterior de uma superf\u00edcie comercial em Buarcos, Figueira da Foz, moradores registaram um barulho surdo, parecido com trov\u00e3o, seguido de uma onda de choque que durou cerca de dois segundos. O ch\u00e3o tremeu e os vidros do supermercado abalaram.<\/p>\n<p>A Prote\u00e7\u00e3o Civil municipal confirmou o incidente, descrevendo o evento como sem consequ\u00eancias. Bombeiros n\u00e3o registaram chamadas de emerg\u00eancia, e descargas el\u00e9tricas n\u00e3o foram consideradas prov\u00e1veis, dado o c\u00e9u limpo naquela hora.<\/p>\n<p>A For\u00e7a A\u00e9rea Portuguesa afastou a hip\u00f3tese de um avi\u00e3o de combate a atravessar a barreira do som, ap\u00f3s contacto com a autoridade. N\u00e3o houve relatos de sobrevoos ou de explos\u00f5es subaqu\u00e1ticas perto do Mondego, como as que ocorrem noutros pontos da \u00e1rea.<\/p>\n<p>Relatos adicionais surgiram do lado esquerdo do Mondego, na zona do porto de pesca, e em instala\u00e7\u00f5es da Navigator, a cerca de 10 km a sul. Tamb\u00e9m foram reportados por\u00e7\u00f5es de norte e nordeste do concelho, incluindo Quiaios, Ferreira-a-Nova, Tocha e Bunhosa.<\/p>\n<p>O IPMA indicou ter recebido v\u00e1rias comunica\u00e7\u00f5es de bombeiros sobre o fen\u00f3meno, mas as esta\u00e7\u00f5es sismol\u00f3gicas da regi\u00e3o n\u00e3o registaram quaisquer eventos relevantes. As autoridades continuam a investigar a origem, sem confirma\u00e7\u00e3o at\u00e9 ao momento.<\/p>\n","protected":false},"excerpt":{"rendered":"<ul>\n<li>Um forte barulho seguido de uma onda de choque, ocorrido ao final da manh\u00e3 na zona da Figueira da Foz, Montemor-o-Velho e Cantanhede, n\u00e3o teve origem identificada at\u00e9 ao momento.<\/li>\n<li>A ocorr\u00eancia ocorreu por volta das 12h37, no parque de estacionamento exterior de uma superf\u00edcie comercial em Buarcos, Figueira da Foz, e provocou abalo nos vidros do supermercado.<\/li>\n<li>A Prote\u00e7\u00e3o Civil municipal n\u00e3o registou v\u00edtimas nem danos materiais; n\u00e3o houve fontes de calor detectadas e n\u00e3o se confirmou descargas el\u00e9tricas.<\/li>\n<li>A For\u00e7a A\u00e9rea Portuguesa e o IPMA falam em aus\u00eancia de evid\u00eancia de um avi\u00e3o a sobrevoar ou de uma explos\u00e3o subaqu\u00e1tica; n\u00e3o h\u00e1 relatos de sobrevoos ou de anomalias nas redes sismol\u00f3gicas.<\/li>\n<li>V\u00e1rios relatos chegaram de comunidades pr\u00f3ximas (incluindo \u00e1reas de Bunhosa, Arazede, Quiaios, Ferreira-a-Nova e Tocha), mas os respons\u00e1veis destacam que, at\u00e9 ao momento, n\u00e3o foi poss\u00edvel determinar a origem do fen\u00f3meno.<\/li>\n<\/ul>\n","protected":false},"author":2,"featured_media":458939,"comment_status":"closed","ping_status":"closed","sticky":false,"template":"","format":"standard","meta":{"footnotes":""},"categories":[4,1],"tags":[8341,9768,7971,9765,9766,9769],"class_list":["post-458935","post","type-post","status-publish","format-standard","has-post-thumbnail","hentry","category-internacional","category-noticias","tag-_acidente","tag-_cantanhede","tag-_coimbra","tag-_figueira-da-foz","tag-_montemor-o-velho","tag-_sismologia"],"yoast_head":"<!-- This site is optimized with the Yoast SEO plugin v27.2 - https:\/\/yoast.com\/product\/yoast-seo-wordpress\/ -->\n<title>Estrondo e onda de choque de origem desconhecida alarmam distrito de Coimbra - Portal Tela Portugal<\/title>\n<meta name=\"robots\" content=\"index, follow, max-snippet:-1, max-image-preview:large, max-video-preview:-1\" \/>\n<meta property=\"og:locale\" content=\"pt_PT\" \/>\n<meta property=\"og:type\" content=\"article\" \/>\n<meta property=\"og:title\" content=\"Estrondo e onda de choque de origem desconhecida alarmam distrito de Coimbra - Portal Tela Portugal\" \/>\n<meta property=\"og:description\" content=\"Um forte barulho seguido de uma onda de choque, ocorrido ao final da manh\u00e3 na zona da Figueira da Foz, Montemor-o-Velho e Cantanhede, n\u00e3o teve origem identificada at\u00e9 ao momento. A ocorr\u00eancia ocorreu por volta das 12h37, no parque de estacionamento exterior de uma superf\u00edcie comercial em Buarcos, Figueira da Foz, e provocou abalo nos vidros do supermercado. A Prote\u00e7\u00e3o Civil municipal n\u00e3o registou v\u00edtimas nem danos materiais; n\u00e3o houve fontes de calor detectadas e n\u00e3o se confirmou descargas el\u00e9tricas. A For\u00e7a A\u00e9rea Portuguesa e o IPMA falam em aus\u00eancia de evid\u00eancia de um avi\u00e3o a sobrevoar ou de uma explos\u00e3o subaqu\u00e1tica; n\u00e3o h\u00e1 relatos de sobrevoos ou de anomalias nas redes sismol\u00f3gicas. V\u00e1rios relatos chegaram de comunidades pr\u00f3ximas (incluindo \u00e1reas de Bunhosa, Arazede, Quiaios, Ferreira-a-Nova e Tocha), mas os respons\u00e1veis destacam que, at\u00e9 ao momento, n\u00e3o foi poss\u00edvel determinar a origem do fen\u00f3meno.\" \/>\n<meta property=\"og:url\" content=\"https:\/\/portaltela.pt\/noticias\/2026\/04\/27\/estrondo-e-onda-de-choque-de-origem-desconhecida-alarmam-distrito-de-coimbra\/\" \/>\n<meta property=\"og:site_name\" content=\"Portal Tela Portugal\" \/>\n<meta property=\"article:published_time\" content=\"2026-04-27T20:33:12+00:00\" \/>\n<meta name=\"author\" content=\"Telinha\" \/>\n<meta name=\"twitter:card\" content=\"summary_large_image\" \/>\n<meta name=\"twitter:label1\" content=\"Escrito por\" \/>\n\t<meta name=\"twitter:data1\" content=\"Telinha\" \/>\n\t<meta name=\"twitter:label2\" content=\"Tempo estimado de leitura\" \/>\n\t<meta name=\"twitter:data2\" content=\"1 minuto\" \/>\n<script type=\"application\/ld+json\" class=\"yoast-schema-graph\">{\"@context\":\"https:\/\/schema.org\",\"@graph\":[{\"@type\":\"Article\",\"@id\":\"https:\/\/portaltela.pt\/noticias\/2026\/04\/27\/estrondo-e-onda-de-choque-de-origem-desconhecida-alarmam-distrito-de-coimbra\/#article\",\"isPartOf\":{\"@id\":\"https:\/\/portaltela.pt\/noticias\/2026\/04\/27\/estrondo-e-onda-de-choque-de-origem-desconhecida-alarmam-distrito-de-coimbra\/\"},\"author\":{\"name\":\"Telinha\",\"@id\":\"https:\/\/portaltela.pt\/#\/schema\/person\/c4278d4a6028830caff9ee44b42d32ed\"},\"headline\":\"Estrondo e onda de choque de origem desconhecida alarmam distrito de Coimbra\",\"datePublished\":\"2026-04-27T20:33:12+00:00\",\"mainEntityOfPage\":{\"@id\":\"https:\/\/portaltela.pt\/noticias\/2026\/04\/27\/estrondo-e-onda-de-choque-de-origem-desconhecida-alarmam-distrito-de-coimbra\/\"},\"wordCount\":283,\"image\":{\"@id\":\"https:\/\/portaltela.pt\/noticias\/2026\/04\/27\/estrondo-e-onda-de-choque-de-origem-desconhecida-alarmam-distrito-de-coimbra\/#primaryimage\"},\"thumbnailUrl\":\"https:\/\/portaltela.pt\/s.01k8rhncp4jt1\/2026\/04\/2084462.jpg\",\"keywords\":[\"_acidente\",\"_Cantanhede\",\"_Coimbra\",\"_Figueira da Foz\",\"_Montemor-o-Velho\",\"_sismologia\"],\"articleSection\":[\"Internacional\",\"Not\u00edcias\"],\"inLanguage\":\"pt-PT\"},{\"@type\":\"WebPage\",\"@id\":\"https:\/\/portaltela.pt\/noticias\/2026\/04\/27\/estrondo-e-onda-de-choque-de-origem-desconhecida-alarmam-distrito-de-coimbra\/\",\"url\":\"https:\/\/portaltela.pt\/noticias\/2026\/04\/27\/estrondo-e-onda-de-choque-de-origem-desconhecida-alarmam-distrito-de-coimbra\/\",\"name\":\"Estrondo e onda de choque de origem desconhecida alarmam distrito de Coimbra - Portal Tela Portugal\",\"isPartOf\":{\"@id\":\"https:\/\/portaltela.pt\/#website\"},\"primaryImageOfPage\":{\"@id\":\"https:\/\/portaltela.pt\/noticias\/2026\/04\/27\/estrondo-e-onda-de-choque-de-origem-desconhecida-alarmam-distrito-de-coimbra\/#primaryimage\"},\"image\":{\"@id\":\"https:\/\/portaltela.pt\/noticias\/2026\/04\/27\/estrondo-e-onda-de-choque-de-origem-desconhecida-alarmam-distrito-de-coimbra\/#primaryimage\"},\"thumbnailUrl\":\"https:\/\/portaltela.pt\/s.01k8rhncp4jt1\/2026\/04\/2084462.jpg\",\"datePublished\":\"2026-04-27T20:33:12+00:00\",\"author\":{\"@id\":\"https:\/\/portaltela.pt\/#\/schema\/person\/c4278d4a6028830caff9ee44b42d32ed\"},\"breadcrumb\":{\"@id\":\"https:\/\/portaltela.pt\/noticias\/2026\/04\/27\/estrondo-e-onda-de-choque-de-origem-desconhecida-alarmam-distrito-de-coimbra\/#breadcrumb\"},\"inLanguage\":\"pt-PT\",\"potentialAction\":[{\"@type\":\"ReadAction\",\"target\":[\"https:\/\/portaltela.pt\/noticias\/2026\/04\/27\/estrondo-e-onda-de-choque-de-origem-desconhecida-alarmam-distrito-de-coimbra\/\"]}]},{\"@type\":\"ImageObject\",\"inLanguage\":\"pt-PT\",\"@id\":\"https:\/\/portaltela.pt\/noticias\/2026\/04\/27\/estrondo-e-onda-de-choque-de-origem-desconhecida-alarmam-distrito-de-coimbra\/#primaryimage\",\"url\":\"https:\/\/portaltela.pt\/s.01k8rhncp4jt1\/2026\/04\/2084462.jpg\",\"contentUrl\":\"https:\/\/portaltela.pt\/s.01k8rhncp4jt1\/2026\/04\/2084462.jpg\",\"width\":796,\"height\":448,\"caption\":\"A zona de Buarcos, na Figueira da Foz, foi um dos locais onde foi ouvido um forte estrondo de origem desconhecida nesta segunda-feira\"},{\"@type\":\"BreadcrumbList\",\"@id\":\"https:\/\/portaltela.pt\/noticias\/2026\/04\/27\/estrondo-e-onda-de-choque-de-origem-desconhecida-alarmam-distrito-de-coimbra\/#breadcrumb\",\"itemListElement\":[{\"@type\":\"ListItem\",\"position\":1,\"name\":\"In\u00edcio\",\"item\":\"https:\/\/portaltela.pt\/\"},{\"@type\":\"ListItem\",\"position\":2,\"name\":\"Estrondo e onda de choque de origem desconhecida alarmam distrito de Coimbra\"}]},{\"@type\":\"WebSite\",\"@id\":\"https:\/\/portaltela.pt\/#website\",\"url\":\"https:\/\/portaltela.pt\/\",\"name\":\"Portal Tela Portugal\",\"description\":\"\",\"potentialAction\":[{\"@type\":\"SearchAction\",\"target\":{\"@type\":\"EntryPoint\",\"urlTemplate\":\"https:\/\/portaltela.pt\/?s={search_term_string}\"},\"query-input\":{\"@type\":\"PropertyValueSpecification\",\"valueRequired\":true,\"valueName\":\"search_term_string\"}}],\"inLanguage\":\"pt-PT\"},{\"@type\":\"Person\",\"@id\":\"https:\/\/portaltela.pt\/#\/schema\/person\/c4278d4a6028830caff9ee44b42d32ed\",\"name\":\"Telinha\",\"image\":{\"@type\":\"ImageObject\",\"inLanguage\":\"pt-PT\",\"@id\":\"https:\/\/portaltela.pt\/s.01k8rhncp4jt1\/2025\/11\/talking-bot-125x125.png\",\"url\":\"https:\/\/portaltela.pt\/s.01k8rhncp4jt1\/2025\/11\/talking-bot-125x125.png\",\"contentUrl\":\"https:\/\/portaltela.pt\/s.01k8rhncp4jt1\/2025\/11\/talking-bot-125x125.png\",\"caption\":\"Telinha\"},\"sameAs\":[\"https:\/\/portaltela.pt\/\"],\"url\":\"https:\/\/portaltela.pt\/por\/367410592786\/\"}]}<\/script>\n<!-- \/ Yoast SEO plugin. -->","yoast_head_json":{"title":"Estrondo e onda de choque de origem desconhecida alarmam distrito de Coimbra - Portal Tela Portugal","robots":{"index":"index","follow":"follow","max-snippet":"max-snippet:-1","max-image-preview":"max-image-preview:large","max-video-preview":"max-video-preview:-1"},"og_locale":"pt_PT","og_type":"article","og_title":"Estrondo e onda de choque de origem desconhecida alarmam distrito de Coimbra - Portal Tela Portugal","og_description":"Um forte barulho seguido de uma onda de choque, ocorrido ao final da manh\u00e3 na zona da Figueira da Foz, Montemor-o-Velho e Cantanhede, n\u00e3o teve origem identificada at\u00e9 ao momento. A ocorr\u00eancia ocorreu por volta das 12h37, no parque de estacionamento exterior de uma superf\u00edcie comercial em Buarcos, Figueira da Foz, e provocou abalo nos vidros do supermercado. A Prote\u00e7\u00e3o Civil municipal n\u00e3o registou v\u00edtimas nem danos materiais; n\u00e3o houve fontes de calor detectadas e n\u00e3o se confirmou descargas el\u00e9tricas. A For\u00e7a A\u00e9rea Portuguesa e o IPMA falam em aus\u00eancia de evid\u00eancia de um avi\u00e3o a sobrevoar ou de uma explos\u00e3o subaqu\u00e1tica; n\u00e3o h\u00e1 relatos de sobrevoos ou de anomalias nas redes sismol\u00f3gicas. V\u00e1rios relatos chegaram de comunidades pr\u00f3ximas (incluindo \u00e1reas de Bunhosa, Arazede, Quiaios, Ferreira-a-Nova e Tocha), mas os respons\u00e1veis destacam que, at\u00e9 ao momento, n\u00e3o foi poss\u00edvel determinar a origem do fen\u00f3meno.","og_url":"https:\/\/portaltela.pt\/noticias\/2026\/04\/27\/estrondo-e-onda-de-choque-de-origem-desconhecida-alarmam-distrito-de-coimbra\/","og_site_name":"Portal Tela Portugal","article_published_time":"2026-04-27T20:33:12+00:00","author":"Telinha","twitter_card":"summary_large_image","twitter_misc":{"Escrito por":"Telinha","Tempo estimado de leitura":"1 minuto"},"schema":{"@context":"https:\/\/schema.org","@graph":[{"@type":"Article","@id":"https:\/\/portaltela.pt\/noticias\/2026\/04\/27\/estrondo-e-onda-de-choque-de-origem-desconhecida-alarmam-distrito-de-coimbra\/#article","isPartOf":{"@id":"https:\/\/portaltela.pt\/noticias\/2026\/04\/27\/estrondo-e-onda-de-choque-de-origem-desconhecida-alarmam-distrito-de-coimbra\/"},"author":{"name":"Telinha","@id":"https:\/\/portaltela.pt\/#\/schema\/person\/c4278d4a6028830caff9ee44b42d32ed"},"headline":"Estrondo e onda de choque de origem desconhecida alarmam distrito de Coimbra","datePublished":"2026-04-27T20:33:12+00:00","mainEntityOfPage":{"@id":"https:\/\/portaltela.pt\/noticias\/2026\/04\/27\/estrondo-e-onda-de-choque-de-origem-desconhecida-alarmam-distrito-de-coimbra\/"},"wordCount":283,"image":{"@id":"https:\/\/portaltela.pt\/noticias\/2026\/04\/27\/estrondo-e-onda-de-choque-de-origem-desconhecida-alarmam-distrito-de-coimbra\/#primaryimage"},"thumbnailUrl":"https:\/\/portaltela.pt\/s.01k8rhncp4jt1\/2026\/04\/2084462.jpg","keywords":["_acidente","_Cantanhede","_Coimbra","_Figueira da Foz","_Montemor-o-Velho","_sismologia"],"articleSection":["Internacional","Not\u00edcias"],"inLanguage":"pt-PT"},{"@type":"WebPage","@id":"https:\/\/portaltela.pt\/noticias\/2026\/04\/27\/estrondo-e-onda-de-choque-de-origem-desconhecida-alarmam-distrito-de-coimbra\/","url":"https:\/\/portaltela.pt\/noticias\/2026\/04\/27\/estrondo-e-onda-de-choque-de-origem-desconhecida-alarmam-distrito-de-coimbra\/","name":"Estrondo e onda de choque de origem desconhecida alarmam distrito de Coimbra - Portal Tela Portugal","isPartOf":{"@id":"https:\/\/portaltela.pt\/#website"},"primaryImageOfPage":{"@id":"https:\/\/portaltela.pt\/noticias\/2026\/04\/27\/estrondo-e-onda-de-choque-de-origem-desconhecida-alarmam-distrito-de-coimbra\/#primaryimage"},"image":{"@id":"https:\/\/portaltela.pt\/noticias\/2026\/04\/27\/estrondo-e-onda-de-choque-de-origem-desconhecida-alarmam-distrito-de-coimbra\/#primaryimage"},"thumbnailUrl":"https:\/\/portaltela.pt\/s.01k8rhncp4jt1\/2026\/04\/2084462.jpg","datePublished":"2026-04-27T20:33:12+00:00","author":{"@id":"https:\/\/portaltela.pt\/#\/schema\/person\/c4278d4a6028830caff9ee44b42d32ed"},"breadcrumb":{"@id":"https:\/\/portaltela.pt\/noticias\/2026\/04\/27\/estrondo-e-onda-de-choque-de-origem-desconhecida-alarmam-distrito-de-coimbra\/#breadcrumb"},"inLanguage":"pt-PT","potentialAction":[{"@type":"ReadAction","target":["https:\/\/portaltela.pt\/noticias\/2026\/04\/27\/estrondo-e-onda-de-choque-de-origem-desconhecida-alarmam-distrito-de-coimbra\/"]}]},{"@type":"ImageObject","inLanguage":"pt-PT","@id":"https:\/\/portaltela.pt\/noticias\/2026\/04\/27\/estrondo-e-onda-de-choque-de-origem-desconhecida-alarmam-distrito-de-coimbra\/#primaryimage","url":"https:\/\/portaltela.pt\/s.01k8rhncp4jt1\/2026\/04\/2084462.jpg","contentUrl":"https:\/\/portaltela.pt\/s.01k8rhncp4jt1\/2026\/04\/2084462.jpg","width":796,"height":448,"caption":"A zona de Buarcos, na Figueira da Foz, foi um dos locais onde foi ouvido um forte estrondo de origem desconhecida nesta segunda-feira"},{"@type":"BreadcrumbList","@id":"https:\/\/portaltela.pt\/noticias\/2026\/04\/27\/estrondo-e-onda-de-choque-de-origem-desconhecida-alarmam-distrito-de-coimbra\/#breadcrumb","itemListElement":[{"@type":"ListItem","position":1,"name":"In\u00edcio","item":"https:\/\/portaltela.pt\/"},{"@type":"ListItem","position":2,"name":"Estrondo e onda de choque de origem desconhecida alarmam distrito de Coimbra"}]},{"@type":"WebSite","@id":"https:\/\/portaltela.pt\/#website","url":"https:\/\/portaltela.pt\/","name":"Portal Tela Portugal","description":"","potentialAction":[{"@type":"SearchAction","target":{"@type":"EntryPoint","urlTemplate":"https:\/\/portaltela.pt\/?s={search_term_string}"},"query-input":{"@type":"PropertyValueSpecification","valueRequired":true,"valueName":"search_term_string"}}],"inLanguage":"pt-PT"},{"@type":"Person","@id":"https:\/\/portaltela.pt\/#\/schema\/person\/c4278d4a6028830caff9ee44b42d32ed","name":"Telinha","image":{"@type":"ImageObject","inLanguage":"pt-PT","@id":"https:\/\/portaltela.pt\/s.01k8rhncp4jt1\/2025\/11\/talking-bot-125x125.png","url":"https:\/\/portaltela.pt\/s.01k8rhncp4jt1\/2025\/11\/talking-bot-125x125.png","contentUrl":"https:\/\/portaltela.pt\/s.01k8rhncp4jt1\/2025\/11\/talking-bot-125x125.png","caption":"Telinha"},"sameAs":["https:\/\/portaltela.pt\/"],"url":"https:\/\/portaltela.pt\/por\/367410592786\/"}]}},"_links":{"self":[{"href":"https:\/\/portaltela.pt\/api\/wp\/v2\/posts\/458935","targetHints":{"allow":["GET"]}}],"collection":[{"href":"https:\/\/portaltela.pt\/api\/wp\/v2\/posts"}],"about":[{"href":"https:\/\/portaltela.pt\/api\/wp\/v2\/types\/post"}],"author":[{"embeddable":true,"href":"https:\/\/portaltela.pt\/api\/wp\/v2\/users\/2"}],"replies":[{"embeddable":true,"href":"https:\/\/portaltela.pt\/api\/wp\/v2\/comments?post=458935"}],"version-history":[{"count":0,"href":"https:\/\/portaltela.pt\/api\/wp\/v2\/posts\/458935\/revisions"}],"wp:featuredmedia":[{"embeddable":true,"href":"https:\/\/portaltela.pt\/api\/wp\/v2\/media\/458939"}],"wp:attachment":[{"href":"https:\/\/portaltela.pt\/api\/wp\/v2\/media?parent=458935"}],"wp:term":[{"taxonomy":"category","embeddable":true,"href":"https:\/\/portaltela.pt\/api\/wp\/v2\/categories?post=458935"},{"taxonomy":"post_tag","embeddable":true,"href":"https:\/\/portaltela.pt\/api\/wp\/v2\/tags?post=458935"}],"curies":[{"name":"wp","href":"https:\/\/api.w.org\/{rel}","templated":true}]}}