{"id":458930,"date":"2026-04-27T17:32:54","date_gmt":"2026-04-27T20:32:54","guid":{"rendered":"https:\/\/portaltela.pt\/noticias\/2026\/04\/27\/festival-neopop-muda-de-nome-para-antipop-aos-20-anos\/"},"modified":"2026-04-27T17:32:54","modified_gmt":"2026-04-27T20:32:54","slug":"festival-neopop-muda-de-nome-para-antipop-aos-20-anos","status":"publish","type":"post","link":"https:\/\/portaltela.pt\/musica\/2026\/04\/27\/festival-neopop-muda-de-nome-para-antipop-aos-20-anos\/","title":{"rendered":"Festival Neopop muda de nome para Antipop aos 20 anos"},"content":{"rendered":"<p>Aos 20 anos, o Neopop Festival passa a chamar-se Antipop. O evento volta a realizar-se no Forte de Santiago da Barra, em Viana do Castelo, entre 6 e 8 de agosto, mantendo o foco na cultura eletr\u00f3nica e na vertente de vanguarda. A organiza\u00e7\u00e3o justifica a mudan\u00e7a como uma forma de refor\u00e7ar a identidade do festival.<\/p>\n<p>A edi\u00e7\u00e3o especial pretende revisitar as origens do g\u00e9nero e ampliar o posicionamento como espa\u00e7o de pioneirismo e inova\u00e7\u00e3o. O alinhamento inclui nomes hist\u00f3ricos e de vanguarda, mantendo a expectativa de uma programa\u00e7\u00e3o diversificada.<\/p>\n<h3>Nova Identidade<\/h3>\n<p>O festival mant\u00e9m o modelo de tr\u00eas dias e o ambiente de resist\u00eancia criativa que caracteriza o evento desde 2005. A organiza\u00e7\u00e3o n\u00e3o adianta detalhes adicionais sobre a lineup, dizendo apenas que a sele\u00e7\u00e3o seguir\u00e1 fiel aos pilares de qualidade e experimenta\u00e7\u00e3o que marcaram as edi\u00e7\u00f5es anteriores.<\/p>\n","protected":false},"excerpt":{"rendered":"<ul>\n<li>O Neopop Festival celebra o seu vig\u00e9simo anivers\u00e1rio com uma edi\u00e7\u00e3o especial que passa a chamar-se Antipop.<\/li>\n<li>O evento realiza-se de 6 a 8 de agosto, no Forte de Santiago da Barra, em Viana do Castelo.<\/li>\n<li>O cartaz inclui nomes hist\u00f3ricos e de vanguarda da m\u00fasica eletr\u00f3nica.<\/li>\n<li>A edi\u00e7\u00e3o visa revisitar as origens da cultura eletr\u00f3nica e posicionar o festival como espa\u00e7o de vanguarda.<\/li>\n<\/ul>\n","protected":false},"author":2,"featured_media":458931,"comment_status":"closed","ping_status":"closed","sticky":false,"template":"","format":"standard","meta":{"footnotes":""},"categories":[6676],"tags":[8357,145,231,3731,3674,1014],"class_list":["post-458930","post","type-post","status-publish","format-standard","has-post-thumbnail","hentry","category-musica","tag-_viana-do-castelo","tag-cultura","tag-eletronica","tag-eventos","tag-festival","tag-portugal"],"yoast_head":"<!-- This site is optimized with the Yoast SEO plugin v27.2 - https:\/\/yoast.com\/product\/yoast-seo-wordpress\/ -->\n<title>Festival Neopop muda de nome para Antipop aos 20 anos - Portal Tela Portugal<\/title>\n<meta name=\"robots\" content=\"index, follow, max-snippet:-1, max-image-preview:large, max-video-preview:-1\" \/>\n<meta property=\"og:locale\" content=\"pt_PT\" \/>\n<meta property=\"og:type\" content=\"article\" \/>\n<meta property=\"og:title\" content=\"Festival Neopop muda de nome para Antipop aos 20 anos - Portal Tela Portugal\" \/>\n<meta property=\"og:description\" content=\"O Neopop Festival celebra o seu vig\u00e9simo anivers\u00e1rio com uma edi\u00e7\u00e3o especial que passa a chamar-se Antipop. O evento realiza-se de 6 a 8 de agosto, no Forte de Santiago da Barra, em Viana do Castelo. O cartaz inclui nomes hist\u00f3ricos e de vanguarda da m\u00fasica eletr\u00f3nica. A edi\u00e7\u00e3o visa revisitar as origens da cultura eletr\u00f3nica e posicionar o festival como espa\u00e7o de vanguarda.\" \/>\n<meta property=\"og:url\" content=\"https:\/\/portaltela.pt\/noticias\/2026\/04\/27\/festival-neopop-muda-de-nome-para-antipop-aos-20-anos\/\" \/>\n<meta property=\"og:site_name\" content=\"Portal Tela Portugal\" \/>\n<meta property=\"article:published_time\" content=\"2026-04-27T20:32:54+00:00\" \/>\n<meta name=\"author\" content=\"Telinha\" \/>\n<meta name=\"twitter:card\" content=\"summary_large_image\" \/>\n<meta name=\"twitter:label1\" content=\"Escrito por\" \/>\n\t<meta name=\"twitter:data1\" content=\"Telinha\" \/>\n\t<meta name=\"twitter:label2\" content=\"Tempo estimado de leitura\" \/>\n\t<meta name=\"twitter:data2\" content=\"1 minuto\" \/>\n<script type=\"application\/ld+json\" class=\"yoast-schema-graph\">{\"@context\":\"https:\/\/schema.org\",\"@graph\":[{\"@type\":\"Article\",\"@id\":\"https:\/\/portaltela.pt\/noticias\/2026\/04\/27\/festival-neopop-muda-de-nome-para-antipop-aos-20-anos\/#article\",\"isPartOf\":{\"@id\":\"https:\/\/portaltela.pt\/noticias\/2026\/04\/27\/festival-neopop-muda-de-nome-para-antipop-aos-20-anos\/\"},\"author\":{\"name\":\"Telinha\",\"@id\":\"https:\/\/portaltela.pt\/#\/schema\/person\/c4278d4a6028830caff9ee44b42d32ed\"},\"headline\":\"Festival Neopop muda de nome para Antipop aos 20 anos\",\"datePublished\":\"2026-04-27T20:32:54+00:00\",\"mainEntityOfPage\":{\"@id\":\"https:\/\/portaltela.pt\/noticias\/2026\/04\/27\/festival-neopop-muda-de-nome-para-antipop-aos-20-anos\/\"},\"wordCount\":162,\"image\":{\"@id\":\"https:\/\/portaltela.pt\/noticias\/2026\/04\/27\/festival-neopop-muda-de-nome-para-antipop-aos-20-anos\/#primaryimage\"},\"thumbnailUrl\":\"https:\/\/portaltela.pt\/s.01k8rhncp4jt1\/2026\/04\/image-1561.jpg\",\"keywords\":[\"_Viana do Castelo\",\"cultura\",\"eletr\u00f3nica\",\"eventos\",\"festival\",\"Portugal\"],\"articleSection\":[\"M\u00fasica\"],\"inLanguage\":\"pt-PT\"},{\"@type\":\"WebPage\",\"@id\":\"https:\/\/portaltela.pt\/noticias\/2026\/04\/27\/festival-neopop-muda-de-nome-para-antipop-aos-20-anos\/\",\"url\":\"https:\/\/portaltela.pt\/noticias\/2026\/04\/27\/festival-neopop-muda-de-nome-para-antipop-aos-20-anos\/\",\"name\":\"Festival Neopop muda de nome para Antipop aos 20 anos - Portal Tela Portugal\",\"isPartOf\":{\"@id\":\"https:\/\/portaltela.pt\/#website\"},\"primaryImageOfPage\":{\"@id\":\"https:\/\/portaltela.pt\/noticias\/2026\/04\/27\/festival-neopop-muda-de-nome-para-antipop-aos-20-anos\/#primaryimage\"},\"image\":{\"@id\":\"https:\/\/portaltela.pt\/noticias\/2026\/04\/27\/festival-neopop-muda-de-nome-para-antipop-aos-20-anos\/#primaryimage\"},\"thumbnailUrl\":\"https:\/\/portaltela.pt\/s.01k8rhncp4jt1\/2026\/04\/image-1561.jpg\",\"datePublished\":\"2026-04-27T20:32:54+00:00\",\"author\":{\"@id\":\"https:\/\/portaltela.pt\/#\/schema\/person\/c4278d4a6028830caff9ee44b42d32ed\"},\"breadcrumb\":{\"@id\":\"https:\/\/portaltela.pt\/noticias\/2026\/04\/27\/festival-neopop-muda-de-nome-para-antipop-aos-20-anos\/#breadcrumb\"},\"inLanguage\":\"pt-PT\",\"potentialAction\":[{\"@type\":\"ReadAction\",\"target\":[\"https:\/\/portaltela.pt\/noticias\/2026\/04\/27\/festival-neopop-muda-de-nome-para-antipop-aos-20-anos\/\"]}]},{\"@type\":\"ImageObject\",\"inLanguage\":\"pt-PT\",\"@id\":\"https:\/\/portaltela.pt\/noticias\/2026\/04\/27\/festival-neopop-muda-de-nome-para-antipop-aos-20-anos\/#primaryimage\",\"url\":\"https:\/\/portaltela.pt\/s.01k8rhncp4jt1\/2026\/04\/image-1561.jpg\",\"contentUrl\":\"https:\/\/portaltela.pt\/s.01k8rhncp4jt1\/2026\/04\/image-1561.jpg\",\"width\":796,\"height\":448,\"caption\":\"Rita Cortes\u00e3o \u00e9 a artista da campanha de lan\u00e7amento do festival\"},{\"@type\":\"BreadcrumbList\",\"@id\":\"https:\/\/portaltela.pt\/noticias\/2026\/04\/27\/festival-neopop-muda-de-nome-para-antipop-aos-20-anos\/#breadcrumb\",\"itemListElement\":[{\"@type\":\"ListItem\",\"position\":1,\"name\":\"In\u00edcio\",\"item\":\"https:\/\/portaltela.pt\/\"},{\"@type\":\"ListItem\",\"position\":2,\"name\":\"Festival Neopop muda de nome para Antipop aos 20 anos\"}]},{\"@type\":\"WebSite\",\"@id\":\"https:\/\/portaltela.pt\/#website\",\"url\":\"https:\/\/portaltela.pt\/\",\"name\":\"Portal Tela Portugal\",\"description\":\"\",\"potentialAction\":[{\"@type\":\"SearchAction\",\"target\":{\"@type\":\"EntryPoint\",\"urlTemplate\":\"https:\/\/portaltela.pt\/?s={search_term_string}\"},\"query-input\":{\"@type\":\"PropertyValueSpecification\",\"valueRequired\":true,\"valueName\":\"search_term_string\"}}],\"inLanguage\":\"pt-PT\"},{\"@type\":\"Person\",\"@id\":\"https:\/\/portaltela.pt\/#\/schema\/person\/c4278d4a6028830caff9ee44b42d32ed\",\"name\":\"Telinha\",\"image\":{\"@type\":\"ImageObject\",\"inLanguage\":\"pt-PT\",\"@id\":\"https:\/\/portaltela.pt\/s.01k8rhncp4jt1\/2025\/11\/talking-bot-125x125.png\",\"url\":\"https:\/\/portaltela.pt\/s.01k8rhncp4jt1\/2025\/11\/talking-bot-125x125.png\",\"contentUrl\":\"https:\/\/portaltela.pt\/s.01k8rhncp4jt1\/2025\/11\/talking-bot-125x125.png\",\"caption\":\"Telinha\"},\"sameAs\":[\"https:\/\/portaltela.pt\/\"],\"url\":\"https:\/\/portaltela.pt\/por\/367410592786\/\"}]}<\/script>\n<!-- \/ Yoast SEO plugin. -->","yoast_head_json":{"title":"Festival Neopop muda de nome para Antipop aos 20 anos - Portal Tela Portugal","robots":{"index":"index","follow":"follow","max-snippet":"max-snippet:-1","max-image-preview":"max-image-preview:large","max-video-preview":"max-video-preview:-1"},"og_locale":"pt_PT","og_type":"article","og_title":"Festival Neopop muda de nome para Antipop aos 20 anos - Portal Tela Portugal","og_description":"O Neopop Festival celebra o seu vig\u00e9simo anivers\u00e1rio com uma edi\u00e7\u00e3o especial que passa a chamar-se Antipop. O evento realiza-se de 6 a 8 de agosto, no Forte de Santiago da Barra, em Viana do Castelo. O cartaz inclui nomes hist\u00f3ricos e de vanguarda da m\u00fasica eletr\u00f3nica. A edi\u00e7\u00e3o visa revisitar as origens da cultura eletr\u00f3nica e posicionar o festival como espa\u00e7o de vanguarda.","og_url":"https:\/\/portaltela.pt\/noticias\/2026\/04\/27\/festival-neopop-muda-de-nome-para-antipop-aos-20-anos\/","og_site_name":"Portal Tela Portugal","article_published_time":"2026-04-27T20:32:54+00:00","author":"Telinha","twitter_card":"summary_large_image","twitter_misc":{"Escrito por":"Telinha","Tempo estimado de leitura":"1 minuto"},"schema":{"@context":"https:\/\/schema.org","@graph":[{"@type":"Article","@id":"https:\/\/portaltela.pt\/noticias\/2026\/04\/27\/festival-neopop-muda-de-nome-para-antipop-aos-20-anos\/#article","isPartOf":{"@id":"https:\/\/portaltela.pt\/noticias\/2026\/04\/27\/festival-neopop-muda-de-nome-para-antipop-aos-20-anos\/"},"author":{"name":"Telinha","@id":"https:\/\/portaltela.pt\/#\/schema\/person\/c4278d4a6028830caff9ee44b42d32ed"},"headline":"Festival Neopop muda de nome para Antipop aos 20 anos","datePublished":"2026-04-27T20:32:54+00:00","mainEntityOfPage":{"@id":"https:\/\/portaltela.pt\/noticias\/2026\/04\/27\/festival-neopop-muda-de-nome-para-antipop-aos-20-anos\/"},"wordCount":162,"image":{"@id":"https:\/\/portaltela.pt\/noticias\/2026\/04\/27\/festival-neopop-muda-de-nome-para-antipop-aos-20-anos\/#primaryimage"},"thumbnailUrl":"https:\/\/portaltela.pt\/s.01k8rhncp4jt1\/2026\/04\/image-1561.jpg","keywords":["_Viana do Castelo","cultura","eletr\u00f3nica","eventos","festival","Portugal"],"articleSection":["M\u00fasica"],"inLanguage":"pt-PT"},{"@type":"WebPage","@id":"https:\/\/portaltela.pt\/noticias\/2026\/04\/27\/festival-neopop-muda-de-nome-para-antipop-aos-20-anos\/","url":"https:\/\/portaltela.pt\/noticias\/2026\/04\/27\/festival-neopop-muda-de-nome-para-antipop-aos-20-anos\/","name":"Festival Neopop muda de nome para Antipop aos 20 anos - Portal Tela Portugal","isPartOf":{"@id":"https:\/\/portaltela.pt\/#website"},"primaryImageOfPage":{"@id":"https:\/\/portaltela.pt\/noticias\/2026\/04\/27\/festival-neopop-muda-de-nome-para-antipop-aos-20-anos\/#primaryimage"},"image":{"@id":"https:\/\/portaltela.pt\/noticias\/2026\/04\/27\/festival-neopop-muda-de-nome-para-antipop-aos-20-anos\/#primaryimage"},"thumbnailUrl":"https:\/\/portaltela.pt\/s.01k8rhncp4jt1\/2026\/04\/image-1561.jpg","datePublished":"2026-04-27T20:32:54+00:00","author":{"@id":"https:\/\/portaltela.pt\/#\/schema\/person\/c4278d4a6028830caff9ee44b42d32ed"},"breadcrumb":{"@id":"https:\/\/portaltela.pt\/noticias\/2026\/04\/27\/festival-neopop-muda-de-nome-para-antipop-aos-20-anos\/#breadcrumb"},"inLanguage":"pt-PT","potentialAction":[{"@type":"ReadAction","target":["https:\/\/portaltela.pt\/noticias\/2026\/04\/27\/festival-neopop-muda-de-nome-para-antipop-aos-20-anos\/"]}]},{"@type":"ImageObject","inLanguage":"pt-PT","@id":"https:\/\/portaltela.pt\/noticias\/2026\/04\/27\/festival-neopop-muda-de-nome-para-antipop-aos-20-anos\/#primaryimage","url":"https:\/\/portaltela.pt\/s.01k8rhncp4jt1\/2026\/04\/image-1561.jpg","contentUrl":"https:\/\/portaltela.pt\/s.01k8rhncp4jt1\/2026\/04\/image-1561.jpg","width":796,"height":448,"caption":"Rita Cortes\u00e3o \u00e9 a artista da campanha de lan\u00e7amento do festival"},{"@type":"BreadcrumbList","@id":"https:\/\/portaltela.pt\/noticias\/2026\/04\/27\/festival-neopop-muda-de-nome-para-antipop-aos-20-anos\/#breadcrumb","itemListElement":[{"@type":"ListItem","position":1,"name":"In\u00edcio","item":"https:\/\/portaltela.pt\/"},{"@type":"ListItem","position":2,"name":"Festival Neopop muda de nome para Antipop aos 20 anos"}]},{"@type":"WebSite","@id":"https:\/\/portaltela.pt\/#website","url":"https:\/\/portaltela.pt\/","name":"Portal Tela Portugal","description":"","potentialAction":[{"@type":"SearchAction","target":{"@type":"EntryPoint","urlTemplate":"https:\/\/portaltela.pt\/?s={search_term_string}"},"query-input":{"@type":"PropertyValueSpecification","valueRequired":true,"valueName":"search_term_string"}}],"inLanguage":"pt-PT"},{"@type":"Person","@id":"https:\/\/portaltela.pt\/#\/schema\/person\/c4278d4a6028830caff9ee44b42d32ed","name":"Telinha","image":{"@type":"ImageObject","inLanguage":"pt-PT","@id":"https:\/\/portaltela.pt\/s.01k8rhncp4jt1\/2025\/11\/talking-bot-125x125.png","url":"https:\/\/portaltela.pt\/s.01k8rhncp4jt1\/2025\/11\/talking-bot-125x125.png","contentUrl":"https:\/\/portaltela.pt\/s.01k8rhncp4jt1\/2025\/11\/talking-bot-125x125.png","caption":"Telinha"},"sameAs":["https:\/\/portaltela.pt\/"],"url":"https:\/\/portaltela.pt\/por\/367410592786\/"}]}},"_links":{"self":[{"href":"https:\/\/portaltela.pt\/api\/wp\/v2\/posts\/458930","targetHints":{"allow":["GET"]}}],"collection":[{"href":"https:\/\/portaltela.pt\/api\/wp\/v2\/posts"}],"about":[{"href":"https:\/\/portaltela.pt\/api\/wp\/v2\/types\/post"}],"author":[{"embeddable":true,"href":"https:\/\/portaltela.pt\/api\/wp\/v2\/users\/2"}],"replies":[{"embeddable":true,"href":"https:\/\/portaltela.pt\/api\/wp\/v2\/comments?post=458930"}],"version-history":[{"count":0,"href":"https:\/\/portaltela.pt\/api\/wp\/v2\/posts\/458930\/revisions"}],"wp:featuredmedia":[{"embeddable":true,"href":"https:\/\/portaltela.pt\/api\/wp\/v2\/media\/458931"}],"wp:attachment":[{"href":"https:\/\/portaltela.pt\/api\/wp\/v2\/media?parent=458930"}],"wp:term":[{"taxonomy":"category","embeddable":true,"href":"https:\/\/portaltela.pt\/api\/wp\/v2\/categories?post=458930"},{"taxonomy":"post_tag","embeddable":true,"href":"https:\/\/portaltela.pt\/api\/wp\/v2\/tags?post=458930"}],"curies":[{"name":"wp","href":"https:\/\/api.w.org\/{rel}","templated":true}]}}