{"id":458923,"date":"2026-04-27T17:17:39","date_gmt":"2026-04-27T20:17:39","guid":{"rendered":"https:\/\/portaltela.pt\/noticias\/2026\/04\/27\/rei-dos-frangos-vende-participacao-na-benfica-sad-a-fundo-norte-americano\/"},"modified":"2026-04-27T17:17:39","modified_gmt":"2026-04-27T20:17:39","slug":"rei-dos-frangos-vende-participacao-na-benfica-sad-a-fundo-norte-americano","status":"publish","type":"post","link":"https:\/\/portaltela.pt\/desporto\/futebol\/2026\/04\/27\/rei-dos-frangos-vende-participacao-na-benfica-sad-a-fundo-norte-americano\/","title":{"rendered":"Rei dos Frangos vende participa\u00e7\u00e3o na Benfica SAD a fundo norte-americano"},"content":{"rendered":"<p>A Benfica SAD informou \u00e0 CMVM que Jos\u00e9 Ant\u00f3nio dos Santos, conhecido como \u201cRei dos Frangos\u201d, chegou a acordo para vender 16,38% do capital social ao fundo norte-americano Entrepreneur Equity Partners. A opera\u00e7\u00e3o depende de aprova\u00e7\u00e3o pr\u00e9via da transmiss\u00e3o de a\u00e7\u00f5es e de demais condi\u00e7\u00f5es contratuais usuais.<\/p>\n<p>A transa\u00e7\u00e3o envolve a venda de 3.767.400 a\u00e7\u00f5es da Benfica SAD. O valor da opera\u00e7\u00e3o n\u00e3o foi divulgado. A conclus\u00e3o est\u00e1 prevista para o final de julho de 2026, conforme comunicado de Jos\u00e9 Ant\u00f3nio dos Santos e do Grupo Valouro.<\/p>\n<p>Com a venda, o empres\u00e1rio fica como segundo maior acionista da Benfica SAD, atr\u00e1s do SL Benfica. O an\u00fancio detalha que a participa\u00e7\u00e3o inclui a\u00e7\u00f5es detidas individualmente e por parte do Grupo Valouro, que det\u00e9m parte do lote.<\/p>\n<h3>Detalhes da opera\u00e7\u00e3o<\/h3>\n<p>O Entrepreneur Equity Partners, com sede no Delaware, est\u00e1 ligado a Francesca Bodie, ex-dirigente da Oak View Group, e a Gregory L. Williams, CEO da Acrisure. O fundo j\u00e1 esteve envolvido em negocia\u00e7\u00f5es anteriores com investidores norte-americanos.<\/p>\n<p>A Lenore Sports Partners, outro fundo dos EUA, j\u00e1 adquiriu 5,24% da Benfica SAD, maioritariamente composta por a\u00e7\u00f5es herdadas de Lu\u00eds Filipe Vieira, e tamb\u00e9m manifestou interesse na participa\u00e7\u00e3o de Jos\u00e9 Ant\u00f3nio dos Santos.<\/p>\n<p>A transa\u00e7\u00e3o \u00e9 tratada como uma continuidade da influ\u00eancia de investidores norte-americanos no capital da Benfica SAD, sem confirma\u00e7\u00e3o de outros compradores ou valores. A Benfica SAD mant\u00e9m o processo sujeito \u00e0s condi\u00e7\u00f5es contratuais e estatut\u00e1rias.<\/p>\n","protected":false},"excerpt":{"rendered":"<ul>\n<li>Jos\u00e9 Ant\u00f3nio dos Santos, conhecido como &#8220;Rei dos Frangos&#8221;, vende 16,38% da Benfica SAD ao fundo norte-americano Entrepreneur Equity Partners, conforme comunicado \u00e0 CMVM.<\/li>\n<li>A opera\u00e7\u00e3o depende de aprova\u00e7\u00e3o pr\u00e9via da transmiss\u00e3o das a\u00e7\u00f5es e de outras condi\u00e7\u00f5es contratuais usuais em opera\u00e7\u00f5es desta natureza.<\/li>\n<li>A transmiss\u00e3o de a\u00e7\u00f5es est\u00e1 prevista para o final de julho de 2026, num neg\u00f3cio que envolve 3.767.400 a\u00e7\u00f5es; o valor da transa\u00e7\u00e3o n\u00e3o foi divulgado.<\/li>\n<li>Com a venda, o empres\u00e1rio fica com participa\u00e7\u00e3o ligeiramente abaixo de 17% e passa a ser o segundo maior acionista da Benfica SAD, atr\u00e1s do SL Benfica.<\/li>\n<li>O Entrepreneur Equity Partners \u00e9 um fundo sediado no Delaware, ligado a Francesca Bodie e a Gregory L. Williams, com liga\u00e7\u00f5es ao desporto e tecnologia financeira.<\/li>\n<\/ul>\n","protected":false},"author":2,"featured_media":458927,"comment_status":"closed","ping_status":"closed","sticky":false,"template":"","format":"standard","meta":{"footnotes":""},"categories":[21,24],"tags":[9763,8566,8613,7986,8114,4255],"class_list":["post-458923","post","type-post","status-publish","format-standard","has-post-thumbnail","hentry","category-desporto","category-futebol","tag-_acoes","tag-_benfica","tag-_benfica-sad","tag-_estados-unidos","tag-_investimento","tag-investimento-internacional"],"yoast_head":"<!-- This site is optimized with the Yoast SEO plugin v27.2 - https:\/\/yoast.com\/product\/yoast-seo-wordpress\/ -->\n<title>Rei dos Frangos vende participa\u00e7\u00e3o na Benfica SAD a fundo norte-americano - Portal Tela Portugal<\/title>\n<meta name=\"robots\" content=\"index, follow, max-snippet:-1, max-image-preview:large, max-video-preview:-1\" \/>\n<meta property=\"og:locale\" content=\"pt_PT\" \/>\n<meta property=\"og:type\" content=\"article\" \/>\n<meta property=\"og:title\" content=\"Rei dos Frangos vende participa\u00e7\u00e3o na Benfica SAD a fundo norte-americano - Portal Tela Portugal\" \/>\n<meta property=\"og:description\" content=\"Jos\u00e9 Ant\u00f3nio dos Santos, conhecido como &quot;Rei dos Frangos&quot;, vende 16,38% da Benfica SAD ao fundo norte-americano Entrepreneur Equity Partners, conforme comunicado \u00e0 CMVM. A opera\u00e7\u00e3o depende de aprova\u00e7\u00e3o pr\u00e9via da transmiss\u00e3o das a\u00e7\u00f5es e de outras condi\u00e7\u00f5es contratuais usuais em opera\u00e7\u00f5es desta natureza. A transmiss\u00e3o de a\u00e7\u00f5es est\u00e1 prevista para o final de julho de 2026, num neg\u00f3cio que envolve 3.767.400 a\u00e7\u00f5es; o valor da transa\u00e7\u00e3o n\u00e3o foi divulgado. Com a venda, o empres\u00e1rio fica com participa\u00e7\u00e3o ligeiramente abaixo de 17% e passa a ser o segundo maior acionista da Benfica SAD, atr\u00e1s do SL Benfica. O Entrepreneur Equity Partners \u00e9 um fundo sediado no Delaware, ligado a Francesca Bodie e a Gregory L. Williams, com liga\u00e7\u00f5es ao desporto e tecnologia financeira.\" \/>\n<meta property=\"og:url\" content=\"https:\/\/portaltela.pt\/noticias\/2026\/04\/27\/rei-dos-frangos-vende-participacao-na-benfica-sad-a-fundo-norte-americano\/\" \/>\n<meta property=\"og:site_name\" content=\"Portal Tela Portugal\" \/>\n<meta property=\"article:published_time\" content=\"2026-04-27T20:17:39+00:00\" \/>\n<meta name=\"author\" content=\"Telinha\" \/>\n<meta name=\"twitter:card\" content=\"summary_large_image\" \/>\n<meta name=\"twitter:label1\" content=\"Escrito por\" \/>\n\t<meta name=\"twitter:data1\" content=\"Telinha\" \/>\n\t<meta name=\"twitter:label2\" content=\"Tempo estimado de leitura\" \/>\n\t<meta name=\"twitter:data2\" content=\"1 minuto\" \/>\n<script type=\"application\/ld+json\" class=\"yoast-schema-graph\">{\"@context\":\"https:\/\/schema.org\",\"@graph\":[{\"@type\":\"Article\",\"@id\":\"https:\/\/portaltela.pt\/noticias\/2026\/04\/27\/rei-dos-frangos-vende-participacao-na-benfica-sad-a-fundo-norte-americano\/#article\",\"isPartOf\":{\"@id\":\"https:\/\/portaltela.pt\/noticias\/2026\/04\/27\/rei-dos-frangos-vende-participacao-na-benfica-sad-a-fundo-norte-americano\/\"},\"author\":{\"name\":\"Telinha\",\"@id\":\"https:\/\/portaltela.pt\/#\/schema\/person\/c4278d4a6028830caff9ee44b42d32ed\"},\"headline\":\"Rei dos Frangos vende participa\u00e7\u00e3o na Benfica SAD a fundo norte-americano\",\"datePublished\":\"2026-04-27T20:17:39+00:00\",\"mainEntityOfPage\":{\"@id\":\"https:\/\/portaltela.pt\/noticias\/2026\/04\/27\/rei-dos-frangos-vende-participacao-na-benfica-sad-a-fundo-norte-americano\/\"},\"wordCount\":273,\"image\":{\"@id\":\"https:\/\/portaltela.pt\/noticias\/2026\/04\/27\/rei-dos-frangos-vende-participacao-na-benfica-sad-a-fundo-norte-americano\/#primaryimage\"},\"thumbnailUrl\":\"https:\/\/portaltela.pt\/s.01k8rhncp4jt1\/2026\/04\/img_920x518uu2026-04-27-21-00-57-2435641.jpg\",\"keywords\":[\"_a\u00e7\u00f5es\",\"_Benfica\",\"_Benfica SAD\",\"_Estados Unidos\",\"_investimento\",\"investimento internacional\"],\"articleSection\":[\"Desporto\",\"Futebol\"],\"inLanguage\":\"pt-PT\"},{\"@type\":\"WebPage\",\"@id\":\"https:\/\/portaltela.pt\/noticias\/2026\/04\/27\/rei-dos-frangos-vende-participacao-na-benfica-sad-a-fundo-norte-americano\/\",\"url\":\"https:\/\/portaltela.pt\/noticias\/2026\/04\/27\/rei-dos-frangos-vende-participacao-na-benfica-sad-a-fundo-norte-americano\/\",\"name\":\"Rei dos Frangos vende participa\u00e7\u00e3o na Benfica SAD a fundo norte-americano - Portal Tela Portugal\",\"isPartOf\":{\"@id\":\"https:\/\/portaltela.pt\/#website\"},\"primaryImageOfPage\":{\"@id\":\"https:\/\/portaltela.pt\/noticias\/2026\/04\/27\/rei-dos-frangos-vende-participacao-na-benfica-sad-a-fundo-norte-americano\/#primaryimage\"},\"image\":{\"@id\":\"https:\/\/portaltela.pt\/noticias\/2026\/04\/27\/rei-dos-frangos-vende-participacao-na-benfica-sad-a-fundo-norte-americano\/#primaryimage\"},\"thumbnailUrl\":\"https:\/\/portaltela.pt\/s.01k8rhncp4jt1\/2026\/04\/img_920x518uu2026-04-27-21-00-57-2435641.jpg\",\"datePublished\":\"2026-04-27T20:17:39+00:00\",\"author\":{\"@id\":\"https:\/\/portaltela.pt\/#\/schema\/person\/c4278d4a6028830caff9ee44b42d32ed\"},\"breadcrumb\":{\"@id\":\"https:\/\/portaltela.pt\/noticias\/2026\/04\/27\/rei-dos-frangos-vende-participacao-na-benfica-sad-a-fundo-norte-americano\/#breadcrumb\"},\"inLanguage\":\"pt-PT\",\"potentialAction\":[{\"@type\":\"ReadAction\",\"target\":[\"https:\/\/portaltela.pt\/noticias\/2026\/04\/27\/rei-dos-frangos-vende-participacao-na-benfica-sad-a-fundo-norte-americano\/\"]}]},{\"@type\":\"ImageObject\",\"inLanguage\":\"pt-PT\",\"@id\":\"https:\/\/portaltela.pt\/noticias\/2026\/04\/27\/rei-dos-frangos-vende-participacao-na-benfica-sad-a-fundo-norte-americano\/#primaryimage\",\"url\":\"https:\/\/portaltela.pt\/s.01k8rhncp4jt1\/2026\/04\/img_920x518uu2026-04-27-21-00-57-2435641.jpg\",\"contentUrl\":\"https:\/\/portaltela.pt\/s.01k8rhncp4jt1\/2026\/04\/img_920x518uu2026-04-27-21-00-57-2435641.jpg\",\"width\":796,\"height\":448,\"caption\":\"Rei dos Frangos, Ant\u00f3nio Jos\u00e9 dos Santos, Valouro\"},{\"@type\":\"BreadcrumbList\",\"@id\":\"https:\/\/portaltela.pt\/noticias\/2026\/04\/27\/rei-dos-frangos-vende-participacao-na-benfica-sad-a-fundo-norte-americano\/#breadcrumb\",\"itemListElement\":[{\"@type\":\"ListItem\",\"position\":1,\"name\":\"In\u00edcio\",\"item\":\"https:\/\/portaltela.pt\/\"},{\"@type\":\"ListItem\",\"position\":2,\"name\":\"Rei dos Frangos vende participa\u00e7\u00e3o na Benfica SAD a fundo norte-americano\"}]},{\"@type\":\"WebSite\",\"@id\":\"https:\/\/portaltela.pt\/#website\",\"url\":\"https:\/\/portaltela.pt\/\",\"name\":\"Portal Tela Portugal\",\"description\":\"\",\"potentialAction\":[{\"@type\":\"SearchAction\",\"target\":{\"@type\":\"EntryPoint\",\"urlTemplate\":\"https:\/\/portaltela.pt\/?s={search_term_string}\"},\"query-input\":{\"@type\":\"PropertyValueSpecification\",\"valueRequired\":true,\"valueName\":\"search_term_string\"}}],\"inLanguage\":\"pt-PT\"},{\"@type\":\"Person\",\"@id\":\"https:\/\/portaltela.pt\/#\/schema\/person\/c4278d4a6028830caff9ee44b42d32ed\",\"name\":\"Telinha\",\"image\":{\"@type\":\"ImageObject\",\"inLanguage\":\"pt-PT\",\"@id\":\"https:\/\/portaltela.pt\/s.01k8rhncp4jt1\/2025\/11\/talking-bot-125x125.png\",\"url\":\"https:\/\/portaltela.pt\/s.01k8rhncp4jt1\/2025\/11\/talking-bot-125x125.png\",\"contentUrl\":\"https:\/\/portaltela.pt\/s.01k8rhncp4jt1\/2025\/11\/talking-bot-125x125.png\",\"caption\":\"Telinha\"},\"sameAs\":[\"https:\/\/portaltela.pt\/\"],\"url\":\"https:\/\/portaltela.pt\/por\/367410592786\/\"}]}<\/script>\n<!-- \/ Yoast SEO plugin. -->","yoast_head_json":{"title":"Rei dos Frangos vende participa\u00e7\u00e3o na Benfica SAD a fundo norte-americano - Portal Tela Portugal","robots":{"index":"index","follow":"follow","max-snippet":"max-snippet:-1","max-image-preview":"max-image-preview:large","max-video-preview":"max-video-preview:-1"},"og_locale":"pt_PT","og_type":"article","og_title":"Rei dos Frangos vende participa\u00e7\u00e3o na Benfica SAD a fundo norte-americano - Portal Tela Portugal","og_description":"Jos\u00e9 Ant\u00f3nio dos Santos, conhecido como \"Rei dos Frangos\", vende 16,38% da Benfica SAD ao fundo norte-americano Entrepreneur Equity Partners, conforme comunicado \u00e0 CMVM. A opera\u00e7\u00e3o depende de aprova\u00e7\u00e3o pr\u00e9via da transmiss\u00e3o das a\u00e7\u00f5es e de outras condi\u00e7\u00f5es contratuais usuais em opera\u00e7\u00f5es desta natureza. A transmiss\u00e3o de a\u00e7\u00f5es est\u00e1 prevista para o final de julho de 2026, num neg\u00f3cio que envolve 3.767.400 a\u00e7\u00f5es; o valor da transa\u00e7\u00e3o n\u00e3o foi divulgado. Com a venda, o empres\u00e1rio fica com participa\u00e7\u00e3o ligeiramente abaixo de 17% e passa a ser o segundo maior acionista da Benfica SAD, atr\u00e1s do SL Benfica. O Entrepreneur Equity Partners \u00e9 um fundo sediado no Delaware, ligado a Francesca Bodie e a Gregory L. Williams, com liga\u00e7\u00f5es ao desporto e tecnologia financeira.","og_url":"https:\/\/portaltela.pt\/noticias\/2026\/04\/27\/rei-dos-frangos-vende-participacao-na-benfica-sad-a-fundo-norte-americano\/","og_site_name":"Portal Tela Portugal","article_published_time":"2026-04-27T20:17:39+00:00","author":"Telinha","twitter_card":"summary_large_image","twitter_misc":{"Escrito por":"Telinha","Tempo estimado de leitura":"1 minuto"},"schema":{"@context":"https:\/\/schema.org","@graph":[{"@type":"Article","@id":"https:\/\/portaltela.pt\/noticias\/2026\/04\/27\/rei-dos-frangos-vende-participacao-na-benfica-sad-a-fundo-norte-americano\/#article","isPartOf":{"@id":"https:\/\/portaltela.pt\/noticias\/2026\/04\/27\/rei-dos-frangos-vende-participacao-na-benfica-sad-a-fundo-norte-americano\/"},"author":{"name":"Telinha","@id":"https:\/\/portaltela.pt\/#\/schema\/person\/c4278d4a6028830caff9ee44b42d32ed"},"headline":"Rei dos Frangos vende participa\u00e7\u00e3o na Benfica SAD a fundo norte-americano","datePublished":"2026-04-27T20:17:39+00:00","mainEntityOfPage":{"@id":"https:\/\/portaltela.pt\/noticias\/2026\/04\/27\/rei-dos-frangos-vende-participacao-na-benfica-sad-a-fundo-norte-americano\/"},"wordCount":273,"image":{"@id":"https:\/\/portaltela.pt\/noticias\/2026\/04\/27\/rei-dos-frangos-vende-participacao-na-benfica-sad-a-fundo-norte-americano\/#primaryimage"},"thumbnailUrl":"https:\/\/portaltela.pt\/s.01k8rhncp4jt1\/2026\/04\/img_920x518uu2026-04-27-21-00-57-2435641.jpg","keywords":["_a\u00e7\u00f5es","_Benfica","_Benfica SAD","_Estados Unidos","_investimento","investimento internacional"],"articleSection":["Desporto","Futebol"],"inLanguage":"pt-PT"},{"@type":"WebPage","@id":"https:\/\/portaltela.pt\/noticias\/2026\/04\/27\/rei-dos-frangos-vende-participacao-na-benfica-sad-a-fundo-norte-americano\/","url":"https:\/\/portaltela.pt\/noticias\/2026\/04\/27\/rei-dos-frangos-vende-participacao-na-benfica-sad-a-fundo-norte-americano\/","name":"Rei dos Frangos vende participa\u00e7\u00e3o na Benfica SAD a fundo norte-americano - Portal Tela Portugal","isPartOf":{"@id":"https:\/\/portaltela.pt\/#website"},"primaryImageOfPage":{"@id":"https:\/\/portaltela.pt\/noticias\/2026\/04\/27\/rei-dos-frangos-vende-participacao-na-benfica-sad-a-fundo-norte-americano\/#primaryimage"},"image":{"@id":"https:\/\/portaltela.pt\/noticias\/2026\/04\/27\/rei-dos-frangos-vende-participacao-na-benfica-sad-a-fundo-norte-americano\/#primaryimage"},"thumbnailUrl":"https:\/\/portaltela.pt\/s.01k8rhncp4jt1\/2026\/04\/img_920x518uu2026-04-27-21-00-57-2435641.jpg","datePublished":"2026-04-27T20:17:39+00:00","author":{"@id":"https:\/\/portaltela.pt\/#\/schema\/person\/c4278d4a6028830caff9ee44b42d32ed"},"breadcrumb":{"@id":"https:\/\/portaltela.pt\/noticias\/2026\/04\/27\/rei-dos-frangos-vende-participacao-na-benfica-sad-a-fundo-norte-americano\/#breadcrumb"},"inLanguage":"pt-PT","potentialAction":[{"@type":"ReadAction","target":["https:\/\/portaltela.pt\/noticias\/2026\/04\/27\/rei-dos-frangos-vende-participacao-na-benfica-sad-a-fundo-norte-americano\/"]}]},{"@type":"ImageObject","inLanguage":"pt-PT","@id":"https:\/\/portaltela.pt\/noticias\/2026\/04\/27\/rei-dos-frangos-vende-participacao-na-benfica-sad-a-fundo-norte-americano\/#primaryimage","url":"https:\/\/portaltela.pt\/s.01k8rhncp4jt1\/2026\/04\/img_920x518uu2026-04-27-21-00-57-2435641.jpg","contentUrl":"https:\/\/portaltela.pt\/s.01k8rhncp4jt1\/2026\/04\/img_920x518uu2026-04-27-21-00-57-2435641.jpg","width":796,"height":448,"caption":"Rei dos Frangos, Ant\u00f3nio Jos\u00e9 dos Santos, Valouro"},{"@type":"BreadcrumbList","@id":"https:\/\/portaltela.pt\/noticias\/2026\/04\/27\/rei-dos-frangos-vende-participacao-na-benfica-sad-a-fundo-norte-americano\/#breadcrumb","itemListElement":[{"@type":"ListItem","position":1,"name":"In\u00edcio","item":"https:\/\/portaltela.pt\/"},{"@type":"ListItem","position":2,"name":"Rei dos Frangos vende participa\u00e7\u00e3o na Benfica SAD a fundo norte-americano"}]},{"@type":"WebSite","@id":"https:\/\/portaltela.pt\/#website","url":"https:\/\/portaltela.pt\/","name":"Portal Tela Portugal","description":"","potentialAction":[{"@type":"SearchAction","target":{"@type":"EntryPoint","urlTemplate":"https:\/\/portaltela.pt\/?s={search_term_string}"},"query-input":{"@type":"PropertyValueSpecification","valueRequired":true,"valueName":"search_term_string"}}],"inLanguage":"pt-PT"},{"@type":"Person","@id":"https:\/\/portaltela.pt\/#\/schema\/person\/c4278d4a6028830caff9ee44b42d32ed","name":"Telinha","image":{"@type":"ImageObject","inLanguage":"pt-PT","@id":"https:\/\/portaltela.pt\/s.01k8rhncp4jt1\/2025\/11\/talking-bot-125x125.png","url":"https:\/\/portaltela.pt\/s.01k8rhncp4jt1\/2025\/11\/talking-bot-125x125.png","contentUrl":"https:\/\/portaltela.pt\/s.01k8rhncp4jt1\/2025\/11\/talking-bot-125x125.png","caption":"Telinha"},"sameAs":["https:\/\/portaltela.pt\/"],"url":"https:\/\/portaltela.pt\/por\/367410592786\/"}]}},"_links":{"self":[{"href":"https:\/\/portaltela.pt\/api\/wp\/v2\/posts\/458923","targetHints":{"allow":["GET"]}}],"collection":[{"href":"https:\/\/portaltela.pt\/api\/wp\/v2\/posts"}],"about":[{"href":"https:\/\/portaltela.pt\/api\/wp\/v2\/types\/post"}],"author":[{"embeddable":true,"href":"https:\/\/portaltela.pt\/api\/wp\/v2\/users\/2"}],"replies":[{"embeddable":true,"href":"https:\/\/portaltela.pt\/api\/wp\/v2\/comments?post=458923"}],"version-history":[{"count":0,"href":"https:\/\/portaltela.pt\/api\/wp\/v2\/posts\/458923\/revisions"}],"wp:featuredmedia":[{"embeddable":true,"href":"https:\/\/portaltela.pt\/api\/wp\/v2\/media\/458927"}],"wp:attachment":[{"href":"https:\/\/portaltela.pt\/api\/wp\/v2\/media?parent=458923"}],"wp:term":[{"taxonomy":"category","embeddable":true,"href":"https:\/\/portaltela.pt\/api\/wp\/v2\/categories?post=458923"},{"taxonomy":"post_tag","embeddable":true,"href":"https:\/\/portaltela.pt\/api\/wp\/v2\/tags?post=458923"}],"curies":[{"name":"wp","href":"https:\/\/api.w.org\/{rel}","templated":true}]}}