{"id":458921,"date":"2026-04-26T21:00:00","date_gmt":"2026-04-27T00:00:00","guid":{"rendered":"https:\/\/portaltela.pt\/noticias\/2026\/04\/26\/benfica-sad-capta-65-milhoes-em-obrigacoes-2026-2031-com-subscricao-136x-na-euronext-lisboa\/"},"modified":"2026-04-26T21:00:00","modified_gmt":"2026-04-27T00:00:00","slug":"benfica-sad-capta-65-milhoes-em-obrigacoes-2026-2031-com-subscricao-136x-na-euronext-lisboa","status":"publish","type":"post","link":"https:\/\/portaltela.pt\/negocios\/2026\/04\/26\/benfica-sad-capta-65-milhoes-em-obrigacoes-2026-2031-com-subscricao-136x-na-euronext-lisboa\/","title":{"rendered":"Benfica SAD capta 65 milh\u00f5es em obriga\u00e7\u00f5es 2026-2031 com subscri\u00e7\u00e3o 1,36x na Euronext Lisboa"},"content":{"rendered":"<p>A SAD do Benfica captou 65 milh\u00f5es de euros em obriga\u00e7\u00f5es, com resultados publicados hoje e procura 1,36 vezes superior \u00e0 oferta na Euronext Lisboa. A emiss\u00e3o atraiu investidores, segundo o clube.<\/p>\n<p>O empr\u00e9stimo obriga-tionista tem maturidade de cinco anos, com vencimento em 2026, e taxa de juro fixa de 2,75% ao ano. Foi emitido em duas tranches, de 50 milh\u00f5es e 15 milh\u00f5es, com o mesmo prazo e juro.<\/p>\n<p>A capta\u00e7\u00e3o l\u00edquida \u00e9 de cerca de 63 milh\u00f5es de euros, depois de despesas associadas \u00e0 opera\u00e7\u00e3o. Banks Santander, BPI e Novo Banco coordenaram a emiss\u00e3o.<\/p>\n<h3>Condi\u00e7\u00f5es da emiss\u00e3o<\/h3>\n<p>A opera\u00e7\u00e3o destina-se a refor\u00e7ar a estrutura financeira do clube e a financiar projetos de investimento e refor\u00e7o do plantel, segundo o comunicado. A emiss\u00e3o refor\u00e7a a diversifica\u00e7\u00e3o de fontes de financiamento do clube.<\/p>\n<p>A divulga\u00e7\u00e3o sublinha ainda a elevada procura, que demonstra confian\u00e7a na solvabilidade do Benfica e na capacidade de cumprir obriga\u00e7\u00f5es. A opera\u00e7\u00e3o \u00e9 apresentada como uma das maiores feitas por um clube em Portugal.<\/p>\n","protected":false},"excerpt":{"rendered":"<ul>\n<li>Benfica SAD captou 65 milh\u00f5es de euros com um empr\u00e9stimo obrigacionista na Euronext Lisboa, com maturidade de cinco anos (vencimento em 2026) e taxa fixa de 2,75% ao ano, com procura 1,36 vezes superior \u00e0 oferta.<\/li>\n<li>A emiss\u00e3o foi realizada em duas tranches: 50 milh\u00f5es de euros e 15 milh\u00f5es de euros, mantendo o mesmo prazo e taxa de juro.<\/li>\n<li>A capta\u00e7\u00e3o l\u00edquida foi de cerca de 63 milh\u00f5es de euros, ap\u00f3s dedu\u00e7\u00e3o de despesas da opera\u00e7\u00e3o.<\/li>\n<li>Santander, BPI e Novo Banco coordenaram a emiss\u00e3o.<\/li>\n<li>O dinheiro destina-se a refor\u00e7ar a estrutura financeira do clube e a financiar projetos de investimento e refor\u00e7o do plantel.<\/li>\n<\/ul>\n","protected":false},"author":2,"featured_media":458925,"comment_status":"closed","ping_status":"closed","sticky":false,"template":"","format":"standard","meta":{"footnotes":""},"categories":[6850,6735],"tags":[9762,1946,3972,2457,5063,2417],"class_list":["post-458921","post","type-post","status-publish","format-standard","has-post-thumbnail","hentry","category-financas","category-negocios","tag-bancos-internacionais","tag-benfica","tag-benfica-sad","tag-emprestimos","tag-financas-internacionais","tag-financiamento"],"yoast_head":"<!-- This site is optimized with the Yoast SEO plugin v27.2 - https:\/\/yoast.com\/product\/yoast-seo-wordpress\/ -->\n<title>Benfica SAD capta 65 milh\u00f5es em obriga\u00e7\u00f5es 2026-2031 com subscri\u00e7\u00e3o 1,36x na Euronext Lisboa - Portal Tela Portugal<\/title>\n<meta name=\"robots\" content=\"index, follow, max-snippet:-1, max-image-preview:large, max-video-preview:-1\" \/>\n<meta property=\"og:locale\" content=\"pt_PT\" \/>\n<meta property=\"og:type\" content=\"article\" \/>\n<meta property=\"og:title\" content=\"Benfica SAD capta 65 milh\u00f5es em obriga\u00e7\u00f5es 2026-2031 com subscri\u00e7\u00e3o 1,36x na Euronext Lisboa - Portal Tela Portugal\" \/>\n<meta property=\"og:description\" content=\"Benfica SAD captou 65 milh\u00f5es de euros com um empr\u00e9stimo obrigacionista na Euronext Lisboa, com maturidade de cinco anos (vencimento em 2026) e taxa fixa de 2,75% ao ano, com procura 1,36 vezes superior \u00e0 oferta. A emiss\u00e3o foi realizada em duas tranches: 50 milh\u00f5es de euros e 15 milh\u00f5es de euros, mantendo o mesmo prazo e taxa de juro. A capta\u00e7\u00e3o l\u00edquida foi de cerca de 63 milh\u00f5es de euros, ap\u00f3s dedu\u00e7\u00e3o de despesas da opera\u00e7\u00e3o. Santander, BPI e Novo Banco coordenaram a emiss\u00e3o. O dinheiro destina-se a refor\u00e7ar a estrutura financeira do clube e a financiar projetos de investimento e refor\u00e7o do plantel.\" \/>\n<meta property=\"og:url\" content=\"https:\/\/portaltela.pt\/noticias\/2026\/04\/26\/benfica-sad-capta-65-milhoes-em-obrigacoes-2026-2031-com-subscricao-136x-na-euronext-lisboa\/\" \/>\n<meta property=\"og:site_name\" content=\"Portal Tela Portugal\" \/>\n<meta property=\"article:published_time\" content=\"2026-04-27T00:00:00+00:00\" \/>\n<meta name=\"author\" content=\"Telinha\" \/>\n<meta name=\"twitter:card\" content=\"summary_large_image\" \/>\n<meta name=\"twitter:label1\" content=\"Escrito por\" \/>\n\t<meta name=\"twitter:data1\" content=\"Telinha\" \/>\n\t<meta name=\"twitter:label2\" content=\"Tempo estimado de leitura\" \/>\n\t<meta name=\"twitter:data2\" content=\"1 minuto\" \/>\n<script type=\"application\/ld+json\" class=\"yoast-schema-graph\">{\"@context\":\"https:\/\/schema.org\",\"@graph\":[{\"@type\":\"Article\",\"@id\":\"https:\/\/portaltela.pt\/noticias\/2026\/04\/26\/benfica-sad-capta-65-milhoes-em-obrigacoes-2026-2031-com-subscricao-136x-na-euronext-lisboa\/#article\",\"isPartOf\":{\"@id\":\"https:\/\/portaltela.pt\/noticias\/2026\/04\/26\/benfica-sad-capta-65-milhoes-em-obrigacoes-2026-2031-com-subscricao-136x-na-euronext-lisboa\/\"},\"author\":{\"name\":\"Telinha\",\"@id\":\"https:\/\/portaltela.pt\/#\/schema\/person\/c4278d4a6028830caff9ee44b42d32ed\"},\"headline\":\"Benfica SAD capta 65 milh\u00f5es em obriga\u00e7\u00f5es 2026-2031 com subscri\u00e7\u00e3o 1,36x na Euronext Lisboa\",\"datePublished\":\"2026-04-27T00:00:00+00:00\",\"mainEntityOfPage\":{\"@id\":\"https:\/\/portaltela.pt\/noticias\/2026\/04\/26\/benfica-sad-capta-65-milhoes-em-obrigacoes-2026-2031-com-subscricao-136x-na-euronext-lisboa\/\"},\"wordCount\":195,\"image\":{\"@id\":\"https:\/\/portaltela.pt\/noticias\/2026\/04\/26\/benfica-sad-capta-65-milhoes-em-obrigacoes-2026-2031-com-subscricao-136x-na-euronext-lisboa\/#primaryimage\"},\"thumbnailUrl\":\"https:\/\/portaltela.pt\/s.01k8rhncp4jt1\/2026\/04\/dn2Fimport2Fdncxpgxxypnfpero2Ftknfwgexctbm.jpg\",\"keywords\":[\"bancos internacionais\",\"Benfica\",\"Benfica SAD\",\"empr\u00e9stimos\",\"finan\u00e7as internacionais\",\"financiamento\"],\"articleSection\":[\"Finan\u00e7as\",\"Neg\u00f3cios\"],\"inLanguage\":\"pt-PT\"},{\"@type\":\"WebPage\",\"@id\":\"https:\/\/portaltela.pt\/noticias\/2026\/04\/26\/benfica-sad-capta-65-milhoes-em-obrigacoes-2026-2031-com-subscricao-136x-na-euronext-lisboa\/\",\"url\":\"https:\/\/portaltela.pt\/noticias\/2026\/04\/26\/benfica-sad-capta-65-milhoes-em-obrigacoes-2026-2031-com-subscricao-136x-na-euronext-lisboa\/\",\"name\":\"Benfica SAD capta 65 milh\u00f5es em obriga\u00e7\u00f5es 2026-2031 com subscri\u00e7\u00e3o 1,36x na Euronext Lisboa - Portal Tela Portugal\",\"isPartOf\":{\"@id\":\"https:\/\/portaltela.pt\/#website\"},\"primaryImageOfPage\":{\"@id\":\"https:\/\/portaltela.pt\/noticias\/2026\/04\/26\/benfica-sad-capta-65-milhoes-em-obrigacoes-2026-2031-com-subscricao-136x-na-euronext-lisboa\/#primaryimage\"},\"image\":{\"@id\":\"https:\/\/portaltela.pt\/noticias\/2026\/04\/26\/benfica-sad-capta-65-milhoes-em-obrigacoes-2026-2031-com-subscricao-136x-na-euronext-lisboa\/#primaryimage\"},\"thumbnailUrl\":\"https:\/\/portaltela.pt\/s.01k8rhncp4jt1\/2026\/04\/dn2Fimport2Fdncxpgxxypnfpero2Ftknfwgexctbm.jpg\",\"datePublished\":\"2026-04-27T00:00:00+00:00\",\"author\":{\"@id\":\"https:\/\/portaltela.pt\/#\/schema\/person\/c4278d4a6028830caff9ee44b42d32ed\"},\"breadcrumb\":{\"@id\":\"https:\/\/portaltela.pt\/noticias\/2026\/04\/26\/benfica-sad-capta-65-milhoes-em-obrigacoes-2026-2031-com-subscricao-136x-na-euronext-lisboa\/#breadcrumb\"},\"inLanguage\":\"pt-PT\",\"potentialAction\":[{\"@type\":\"ReadAction\",\"target\":[\"https:\/\/portaltela.pt\/noticias\/2026\/04\/26\/benfica-sad-capta-65-milhoes-em-obrigacoes-2026-2031-com-subscricao-136x-na-euronext-lisboa\/\"]}]},{\"@type\":\"ImageObject\",\"inLanguage\":\"pt-PT\",\"@id\":\"https:\/\/portaltela.pt\/noticias\/2026\/04\/26\/benfica-sad-capta-65-milhoes-em-obrigacoes-2026-2031-com-subscricao-136x-na-euronext-lisboa\/#primaryimage\",\"url\":\"https:\/\/portaltela.pt\/s.01k8rhncp4jt1\/2026\/04\/dn2Fimport2Fdncxpgxxypnfpero2Ftknfwgexctbm.jpg\",\"contentUrl\":\"https:\/\/portaltela.pt\/s.01k8rhncp4jt1\/2026\/04\/dn2Fimport2Fdncxpgxxypnfpero2Ftknfwgexctbm.jpg\",\"width\":1200,\"height\":629,\"caption\":\"Benfica SAD encaixa 65 milh\u00f5es de euros em obriga\u00e7\u00f5es com procura 1,36 vezes superior \u00e0 oferta\"},{\"@type\":\"BreadcrumbList\",\"@id\":\"https:\/\/portaltela.pt\/noticias\/2026\/04\/26\/benfica-sad-capta-65-milhoes-em-obrigacoes-2026-2031-com-subscricao-136x-na-euronext-lisboa\/#breadcrumb\",\"itemListElement\":[{\"@type\":\"ListItem\",\"position\":1,\"name\":\"In\u00edcio\",\"item\":\"https:\/\/portaltela.pt\/\"},{\"@type\":\"ListItem\",\"position\":2,\"name\":\"Benfica SAD capta 65 milh\u00f5es em obriga\u00e7\u00f5es 2026-2031 com subscri\u00e7\u00e3o 1,36x na Euronext Lisboa\"}]},{\"@type\":\"WebSite\",\"@id\":\"https:\/\/portaltela.pt\/#website\",\"url\":\"https:\/\/portaltela.pt\/\",\"name\":\"Portal Tela Portugal\",\"description\":\"\",\"potentialAction\":[{\"@type\":\"SearchAction\",\"target\":{\"@type\":\"EntryPoint\",\"urlTemplate\":\"https:\/\/portaltela.pt\/?s={search_term_string}\"},\"query-input\":{\"@type\":\"PropertyValueSpecification\",\"valueRequired\":true,\"valueName\":\"search_term_string\"}}],\"inLanguage\":\"pt-PT\"},{\"@type\":\"Person\",\"@id\":\"https:\/\/portaltela.pt\/#\/schema\/person\/c4278d4a6028830caff9ee44b42d32ed\",\"name\":\"Telinha\",\"image\":{\"@type\":\"ImageObject\",\"inLanguage\":\"pt-PT\",\"@id\":\"https:\/\/portaltela.pt\/s.01k8rhncp4jt1\/2025\/11\/talking-bot-125x125.png\",\"url\":\"https:\/\/portaltela.pt\/s.01k8rhncp4jt1\/2025\/11\/talking-bot-125x125.png\",\"contentUrl\":\"https:\/\/portaltela.pt\/s.01k8rhncp4jt1\/2025\/11\/talking-bot-125x125.png\",\"caption\":\"Telinha\"},\"sameAs\":[\"https:\/\/portaltela.pt\/\"],\"url\":\"https:\/\/portaltela.pt\/por\/367410592786\/\"}]}<\/script>\n<!-- \/ Yoast SEO plugin. -->","yoast_head_json":{"title":"Benfica SAD capta 65 milh\u00f5es em obriga\u00e7\u00f5es 2026-2031 com subscri\u00e7\u00e3o 1,36x na Euronext Lisboa - Portal Tela Portugal","robots":{"index":"index","follow":"follow","max-snippet":"max-snippet:-1","max-image-preview":"max-image-preview:large","max-video-preview":"max-video-preview:-1"},"og_locale":"pt_PT","og_type":"article","og_title":"Benfica SAD capta 65 milh\u00f5es em obriga\u00e7\u00f5es 2026-2031 com subscri\u00e7\u00e3o 1,36x na Euronext Lisboa - Portal Tela Portugal","og_description":"Benfica SAD captou 65 milh\u00f5es de euros com um empr\u00e9stimo obrigacionista na Euronext Lisboa, com maturidade de cinco anos (vencimento em 2026) e taxa fixa de 2,75% ao ano, com procura 1,36 vezes superior \u00e0 oferta. A emiss\u00e3o foi realizada em duas tranches: 50 milh\u00f5es de euros e 15 milh\u00f5es de euros, mantendo o mesmo prazo e taxa de juro. A capta\u00e7\u00e3o l\u00edquida foi de cerca de 63 milh\u00f5es de euros, ap\u00f3s dedu\u00e7\u00e3o de despesas da opera\u00e7\u00e3o. Santander, BPI e Novo Banco coordenaram a emiss\u00e3o. O dinheiro destina-se a refor\u00e7ar a estrutura financeira do clube e a financiar projetos de investimento e refor\u00e7o do plantel.","og_url":"https:\/\/portaltela.pt\/noticias\/2026\/04\/26\/benfica-sad-capta-65-milhoes-em-obrigacoes-2026-2031-com-subscricao-136x-na-euronext-lisboa\/","og_site_name":"Portal Tela Portugal","article_published_time":"2026-04-27T00:00:00+00:00","author":"Telinha","twitter_card":"summary_large_image","twitter_misc":{"Escrito por":"Telinha","Tempo estimado de leitura":"1 minuto"},"schema":{"@context":"https:\/\/schema.org","@graph":[{"@type":"Article","@id":"https:\/\/portaltela.pt\/noticias\/2026\/04\/26\/benfica-sad-capta-65-milhoes-em-obrigacoes-2026-2031-com-subscricao-136x-na-euronext-lisboa\/#article","isPartOf":{"@id":"https:\/\/portaltela.pt\/noticias\/2026\/04\/26\/benfica-sad-capta-65-milhoes-em-obrigacoes-2026-2031-com-subscricao-136x-na-euronext-lisboa\/"},"author":{"name":"Telinha","@id":"https:\/\/portaltela.pt\/#\/schema\/person\/c4278d4a6028830caff9ee44b42d32ed"},"headline":"Benfica SAD capta 65 milh\u00f5es em obriga\u00e7\u00f5es 2026-2031 com subscri\u00e7\u00e3o 1,36x na Euronext Lisboa","datePublished":"2026-04-27T00:00:00+00:00","mainEntityOfPage":{"@id":"https:\/\/portaltela.pt\/noticias\/2026\/04\/26\/benfica-sad-capta-65-milhoes-em-obrigacoes-2026-2031-com-subscricao-136x-na-euronext-lisboa\/"},"wordCount":195,"image":{"@id":"https:\/\/portaltela.pt\/noticias\/2026\/04\/26\/benfica-sad-capta-65-milhoes-em-obrigacoes-2026-2031-com-subscricao-136x-na-euronext-lisboa\/#primaryimage"},"thumbnailUrl":"https:\/\/portaltela.pt\/s.01k8rhncp4jt1\/2026\/04\/dn2Fimport2Fdncxpgxxypnfpero2Ftknfwgexctbm.jpg","keywords":["bancos internacionais","Benfica","Benfica SAD","empr\u00e9stimos","finan\u00e7as internacionais","financiamento"],"articleSection":["Finan\u00e7as","Neg\u00f3cios"],"inLanguage":"pt-PT"},{"@type":"WebPage","@id":"https:\/\/portaltela.pt\/noticias\/2026\/04\/26\/benfica-sad-capta-65-milhoes-em-obrigacoes-2026-2031-com-subscricao-136x-na-euronext-lisboa\/","url":"https:\/\/portaltela.pt\/noticias\/2026\/04\/26\/benfica-sad-capta-65-milhoes-em-obrigacoes-2026-2031-com-subscricao-136x-na-euronext-lisboa\/","name":"Benfica SAD capta 65 milh\u00f5es em obriga\u00e7\u00f5es 2026-2031 com subscri\u00e7\u00e3o 1,36x na Euronext Lisboa - Portal Tela Portugal","isPartOf":{"@id":"https:\/\/portaltela.pt\/#website"},"primaryImageOfPage":{"@id":"https:\/\/portaltela.pt\/noticias\/2026\/04\/26\/benfica-sad-capta-65-milhoes-em-obrigacoes-2026-2031-com-subscricao-136x-na-euronext-lisboa\/#primaryimage"},"image":{"@id":"https:\/\/portaltela.pt\/noticias\/2026\/04\/26\/benfica-sad-capta-65-milhoes-em-obrigacoes-2026-2031-com-subscricao-136x-na-euronext-lisboa\/#primaryimage"},"thumbnailUrl":"https:\/\/portaltela.pt\/s.01k8rhncp4jt1\/2026\/04\/dn2Fimport2Fdncxpgxxypnfpero2Ftknfwgexctbm.jpg","datePublished":"2026-04-27T00:00:00+00:00","author":{"@id":"https:\/\/portaltela.pt\/#\/schema\/person\/c4278d4a6028830caff9ee44b42d32ed"},"breadcrumb":{"@id":"https:\/\/portaltela.pt\/noticias\/2026\/04\/26\/benfica-sad-capta-65-milhoes-em-obrigacoes-2026-2031-com-subscricao-136x-na-euronext-lisboa\/#breadcrumb"},"inLanguage":"pt-PT","potentialAction":[{"@type":"ReadAction","target":["https:\/\/portaltela.pt\/noticias\/2026\/04\/26\/benfica-sad-capta-65-milhoes-em-obrigacoes-2026-2031-com-subscricao-136x-na-euronext-lisboa\/"]}]},{"@type":"ImageObject","inLanguage":"pt-PT","@id":"https:\/\/portaltela.pt\/noticias\/2026\/04\/26\/benfica-sad-capta-65-milhoes-em-obrigacoes-2026-2031-com-subscricao-136x-na-euronext-lisboa\/#primaryimage","url":"https:\/\/portaltela.pt\/s.01k8rhncp4jt1\/2026\/04\/dn2Fimport2Fdncxpgxxypnfpero2Ftknfwgexctbm.jpg","contentUrl":"https:\/\/portaltela.pt\/s.01k8rhncp4jt1\/2026\/04\/dn2Fimport2Fdncxpgxxypnfpero2Ftknfwgexctbm.jpg","width":1200,"height":629,"caption":"Benfica SAD encaixa 65 milh\u00f5es de euros em obriga\u00e7\u00f5es com procura 1,36 vezes superior \u00e0 oferta"},{"@type":"BreadcrumbList","@id":"https:\/\/portaltela.pt\/noticias\/2026\/04\/26\/benfica-sad-capta-65-milhoes-em-obrigacoes-2026-2031-com-subscricao-136x-na-euronext-lisboa\/#breadcrumb","itemListElement":[{"@type":"ListItem","position":1,"name":"In\u00edcio","item":"https:\/\/portaltela.pt\/"},{"@type":"ListItem","position":2,"name":"Benfica SAD capta 65 milh\u00f5es em obriga\u00e7\u00f5es 2026-2031 com subscri\u00e7\u00e3o 1,36x na Euronext Lisboa"}]},{"@type":"WebSite","@id":"https:\/\/portaltela.pt\/#website","url":"https:\/\/portaltela.pt\/","name":"Portal Tela Portugal","description":"","potentialAction":[{"@type":"SearchAction","target":{"@type":"EntryPoint","urlTemplate":"https:\/\/portaltela.pt\/?s={search_term_string}"},"query-input":{"@type":"PropertyValueSpecification","valueRequired":true,"valueName":"search_term_string"}}],"inLanguage":"pt-PT"},{"@type":"Person","@id":"https:\/\/portaltela.pt\/#\/schema\/person\/c4278d4a6028830caff9ee44b42d32ed","name":"Telinha","image":{"@type":"ImageObject","inLanguage":"pt-PT","@id":"https:\/\/portaltela.pt\/s.01k8rhncp4jt1\/2025\/11\/talking-bot-125x125.png","url":"https:\/\/portaltela.pt\/s.01k8rhncp4jt1\/2025\/11\/talking-bot-125x125.png","contentUrl":"https:\/\/portaltela.pt\/s.01k8rhncp4jt1\/2025\/11\/talking-bot-125x125.png","caption":"Telinha"},"sameAs":["https:\/\/portaltela.pt\/"],"url":"https:\/\/portaltela.pt\/por\/367410592786\/"}]}},"_links":{"self":[{"href":"https:\/\/portaltela.pt\/api\/wp\/v2\/posts\/458921","targetHints":{"allow":["GET"]}}],"collection":[{"href":"https:\/\/portaltela.pt\/api\/wp\/v2\/posts"}],"about":[{"href":"https:\/\/portaltela.pt\/api\/wp\/v2\/types\/post"}],"author":[{"embeddable":true,"href":"https:\/\/portaltela.pt\/api\/wp\/v2\/users\/2"}],"replies":[{"embeddable":true,"href":"https:\/\/portaltela.pt\/api\/wp\/v2\/comments?post=458921"}],"version-history":[{"count":0,"href":"https:\/\/portaltela.pt\/api\/wp\/v2\/posts\/458921\/revisions"}],"wp:featuredmedia":[{"embeddable":true,"href":"https:\/\/portaltela.pt\/api\/wp\/v2\/media\/458925"}],"wp:attachment":[{"href":"https:\/\/portaltela.pt\/api\/wp\/v2\/media?parent=458921"}],"wp:term":[{"taxonomy":"category","embeddable":true,"href":"https:\/\/portaltela.pt\/api\/wp\/v2\/categories?post=458921"},{"taxonomy":"post_tag","embeddable":true,"href":"https:\/\/portaltela.pt\/api\/wp\/v2\/tags?post=458921"}],"curies":[{"name":"wp","href":"https:\/\/api.w.org\/{rel}","templated":true}]}}