{"id":458920,"date":"2026-04-27T17:17:45","date_gmt":"2026-04-27T20:17:45","guid":{"rendered":"https:\/\/portaltela.pt\/noticias\/2026\/04\/27\/homem-e-acusado-de-tentativa-de-homicidio-contra-trump-apos-tiroteio-no-jantar\/"},"modified":"2026-04-27T17:17:45","modified_gmt":"2026-04-27T20:17:45","slug":"homem-e-acusado-de-tentativa-de-homicidio-contra-trump-apos-tiroteio-no-jantar","status":"publish","type":"post","link":"https:\/\/portaltela.pt\/justica\/2026\/04\/27\/homem-e-acusado-de-tentativa-de-homicidio-contra-trump-apos-tiroteio-no-jantar\/","title":{"rendered":"Homem \u00e9 acusado de tentativa de homic\u00eddio contra Trump ap\u00f3s tiroteio no jantar"},"content":{"rendered":"<p>Um homem foi detido ap\u00f3s um tiroteio no jantar da Associa\u00e7\u00e3o de Correspondentes da Casa Branca, realizado no s\u00e1bado \u00e0 noite em Washington. O suspeito, Cole Tomas Allen, de 31 anos, \u00e9 acusado de tentativa de homic\u00eddio de um antigo presidente dos EUA, Donald Trump, e enfrenta ainda acusa\u00e7\u00f5es de transporte interestadual de arma de fogo e muni\u00e7\u00f5es, bem como disparo de arma durante um crime de viol\u00eancia. A defesa responde em nome de Allen.<\/p>\n<p>Segundo as autoridades, Allen tentou invadir o evento com armas brancas e de fogo. Um v\u00eddeo divulgado por Trump mostra o momento em que o alegado suspeito contorna uma barreira de seguran\u00e7a, com agentes do Servi\u00e7o Secreto a intervir. A promotoria indicou que a a\u00e7\u00e3o ocorreu no hotel Hilton, onde decorreu o jantar sob forte dispositivo de seguran\u00e7a.<\/p>\n<p>Os promotores n\u00e3o revelaram, de imediato, o motivo do ataque. Contudo, uma mensagem enviada minutos antes ao grupo familiar, cuja autenticidade est\u00e1 a ser analisada, descreve Allen como um \u201cAssassino Federal Amig\u00e1vel\u201d e faz refer\u00eancias indirectas a Trump e a pol\u00edticas da Administra\u00e7\u00e3o anterior. As autoridades examinam tamb\u00e9m publica\u00e7\u00f5es em redes sociais e depoimentos de familiares para iluminar a mentalidade do suspeito.<\/p>\n<h3>Contexto e investiga\u00e7\u00e3o<\/h3>\n<p>Allen viajou de comboio desde a Calif\u00f3rnia at\u00e9 Chicago, seguindo depois para Washington, onde ficou alojado no hotel Hilton, conforme informa\u00e7\u00f5es do procurador-geral interino Todd Blanche. As investiga\u00e7\u00f5es concentram-se na poss\u00edvel liga\u00e7\u00e3o entre as mensagens, historial online e entrevistas com familiares para melhor compreender os motivadores do ataque.<\/p>\n<h3>Perfil do suspeito<\/h3>\n<p>Registos oficiais indicam que Allen \u00e9 tutor certificado e tamb\u00e9m criador amador de videojogos. Um perfil com o mesmo nome, associado a uma fotografia semelhante \u00e0 do suspeito, indica que ele trabalhou, nos \u00faltimos seis anos, numa empresa de aconselhamento sobre admiss\u00f5es universit\u00e1rias e prepara\u00e7\u00e3o para exames de acesso. As autoridades n\u00e3o divulgaram mais detalhes sobre o estado de sa\u00fade do suspeito nem sobre a eventual motiva\u00e7\u00e3o pessoal.<\/p>\n","protected":false},"excerpt":{"rendered":"<ul>\n<li>Cole Tomas Allen, 31 anos, foi detido e est\u00e1 acusado de tentativa de homic\u00eddio de Donald Trump, ap\u00f3s o tiroteio no jantar dos correspondentes da Casa Branca; est\u00e1 representado por advogados do gabinete de defesa federal.<\/li>\n<li>O suspeito \u00e9 acusado de tentar invadir o jantar com armas e facas, al\u00e9m de transporte de arma de fogo e muni\u00e7\u00f5es no com\u00e9rcio interestadual e de disparar uma arma durante um crime de viol\u00eancia.<\/li>\n<li>A investiga\u00e7\u00e3o utiliza mensagens analisadas pela Associated Press, publica\u00e7\u00f5es nas redes sociais e depoimentos de familiares para entender motiva\u00e7\u00e3o e mentalidade do suspeito; Allen referiu-se a si mesmo como \u201cAssassino Federal Amig\u00e1vel\u201d.<\/li>\n<li>Allen viajou de comboio da Calif\u00f3rnia at\u00e9 Chicago e depois para Washington, onde ficou hospedado no hotel Hilton, local do jantar, segundo o procurador-geral interino Todd Blanche.<\/li>\n<li>Registos e perfis p\u00fablicos indicam que Allen \u00e9 tutor qualificado e criador amador de videojogos; uma empresa onde alegadamente trabalhou a tempo parcial oferece servi\u00e7os de aconselhamento para admiss\u00f5es e prepara\u00e7\u00e3o para testes universit\u00e1rios.<\/li>\n<\/ul>\n","protected":false},"author":2,"featured_media":458924,"comment_status":"closed","ping_status":"closed","sticky":false,"template":"","format":"standard","meta":{"footnotes":""},"categories":[6907,6815],"tags":[147,4953,1600,215,2832,5445],"class_list":["post-458920","post","type-post","status-publish","format-standard","has-post-thumbnail","hentry","category-crime","category-justica","tag-crime","tag-donald-trump","tag-estados-unidos","tag-investigacao","tag-politica","tag-tentativa-de-homicidio"],"yoast_head":"<!-- This site is optimized with the Yoast SEO plugin v27.2 - https:\/\/yoast.com\/product\/yoast-seo-wordpress\/ -->\n<title>Homem \u00e9 acusado de tentativa de homic\u00eddio contra Trump ap\u00f3s tiroteio no jantar - Portal Tela Portugal<\/title>\n<meta name=\"robots\" content=\"index, follow, max-snippet:-1, max-image-preview:large, max-video-preview:-1\" \/>\n<meta property=\"og:locale\" content=\"pt_PT\" \/>\n<meta property=\"og:type\" content=\"article\" \/>\n<meta property=\"og:title\" content=\"Homem \u00e9 acusado de tentativa de homic\u00eddio contra Trump ap\u00f3s tiroteio no jantar - Portal Tela Portugal\" \/>\n<meta property=\"og:description\" content=\"Cole Tomas Allen, 31 anos, foi detido e est\u00e1 acusado de tentativa de homic\u00eddio de Donald Trump, ap\u00f3s o tiroteio no jantar dos correspondentes da Casa Branca; est\u00e1 representado por advogados do gabinete de defesa federal. O suspeito \u00e9 acusado de tentar invadir o jantar com armas e facas, al\u00e9m de transporte de arma de fogo e muni\u00e7\u00f5es no com\u00e9rcio interestadual e de disparar uma arma durante um crime de viol\u00eancia. A investiga\u00e7\u00e3o utiliza mensagens analisadas pela Associated Press, publica\u00e7\u00f5es nas redes sociais e depoimentos de familiares para entender motiva\u00e7\u00e3o e mentalidade do suspeito; Allen referiu-se a si mesmo como \u201cAssassino Federal Amig\u00e1vel\u201d. Allen viajou de comboio da Calif\u00f3rnia at\u00e9 Chicago e depois para Washington, onde ficou hospedado no hotel Hilton, local do jantar, segundo o procurador-geral interino Todd Blanche. Registos e perfis p\u00fablicos indicam que Allen \u00e9 tutor qualificado e criador amador de videojogos; uma empresa onde alegadamente trabalhou a tempo parcial oferece servi\u00e7os de aconselhamento para admiss\u00f5es e prepara\u00e7\u00e3o para testes universit\u00e1rios.\" \/>\n<meta property=\"og:url\" content=\"https:\/\/portaltela.pt\/noticias\/2026\/04\/27\/homem-e-acusado-de-tentativa-de-homicidio-contra-trump-apos-tiroteio-no-jantar\/\" \/>\n<meta property=\"og:site_name\" content=\"Portal Tela Portugal\" \/>\n<meta property=\"article:published_time\" content=\"2026-04-27T20:17:45+00:00\" \/>\n<meta name=\"author\" content=\"Telinha\" \/>\n<meta name=\"twitter:card\" content=\"summary_large_image\" \/>\n<meta name=\"twitter:label1\" content=\"Escrito por\" \/>\n\t<meta name=\"twitter:data1\" content=\"Telinha\" \/>\n\t<meta name=\"twitter:label2\" content=\"Tempo estimado de leitura\" \/>\n\t<meta name=\"twitter:data2\" content=\"2 minutos\" \/>\n<script type=\"application\/ld+json\" class=\"yoast-schema-graph\">{\"@context\":\"https:\/\/schema.org\",\"@graph\":[{\"@type\":\"Article\",\"@id\":\"https:\/\/portaltela.pt\/noticias\/2026\/04\/27\/homem-e-acusado-de-tentativa-de-homicidio-contra-trump-apos-tiroteio-no-jantar\/#article\",\"isPartOf\":{\"@id\":\"https:\/\/portaltela.pt\/noticias\/2026\/04\/27\/homem-e-acusado-de-tentativa-de-homicidio-contra-trump-apos-tiroteio-no-jantar\/\"},\"author\":{\"name\":\"Telinha\",\"@id\":\"https:\/\/portaltela.pt\/#\/schema\/person\/c4278d4a6028830caff9ee44b42d32ed\"},\"headline\":\"Homem \u00e9 acusado de tentativa de homic\u00eddio contra Trump ap\u00f3s tiroteio no jantar\",\"datePublished\":\"2026-04-27T20:17:45+00:00\",\"mainEntityOfPage\":{\"@id\":\"https:\/\/portaltela.pt\/noticias\/2026\/04\/27\/homem-e-acusado-de-tentativa-de-homicidio-contra-trump-apos-tiroteio-no-jantar\/\"},\"wordCount\":358,\"image\":{\"@id\":\"https:\/\/portaltela.pt\/noticias\/2026\/04\/27\/homem-e-acusado-de-tentativa-de-homicidio-contra-trump-apos-tiroteio-no-jantar\/#primaryimage\"},\"thumbnailUrl\":\"https:\/\/portaltela.pt\/s.01k8rhncp4jt1\/2026\/04\/1536x864_cmsv2_ee18c583-472f-52f4-9961-5a0174721b43-9738209.jpg\",\"keywords\":[\"crime\",\"Donald Trump\",\"Estados Unidos\",\"investiga\u00e7\u00e3o\",\"pol\u00edtica\",\"tentativa de homic\u00eddio\"],\"articleSection\":[\"Crime\",\"Justi\u00e7a\"],\"inLanguage\":\"pt-PT\"},{\"@type\":\"WebPage\",\"@id\":\"https:\/\/portaltela.pt\/noticias\/2026\/04\/27\/homem-e-acusado-de-tentativa-de-homicidio-contra-trump-apos-tiroteio-no-jantar\/\",\"url\":\"https:\/\/portaltela.pt\/noticias\/2026\/04\/27\/homem-e-acusado-de-tentativa-de-homicidio-contra-trump-apos-tiroteio-no-jantar\/\",\"name\":\"Homem \u00e9 acusado de tentativa de homic\u00eddio contra Trump ap\u00f3s tiroteio no jantar - Portal Tela Portugal\",\"isPartOf\":{\"@id\":\"https:\/\/portaltela.pt\/#website\"},\"primaryImageOfPage\":{\"@id\":\"https:\/\/portaltela.pt\/noticias\/2026\/04\/27\/homem-e-acusado-de-tentativa-de-homicidio-contra-trump-apos-tiroteio-no-jantar\/#primaryimage\"},\"image\":{\"@id\":\"https:\/\/portaltela.pt\/noticias\/2026\/04\/27\/homem-e-acusado-de-tentativa-de-homicidio-contra-trump-apos-tiroteio-no-jantar\/#primaryimage\"},\"thumbnailUrl\":\"https:\/\/portaltela.pt\/s.01k8rhncp4jt1\/2026\/04\/1536x864_cmsv2_ee18c583-472f-52f4-9961-5a0174721b43-9738209.jpg\",\"datePublished\":\"2026-04-27T20:17:45+00:00\",\"author\":{\"@id\":\"https:\/\/portaltela.pt\/#\/schema\/person\/c4278d4a6028830caff9ee44b42d32ed\"},\"breadcrumb\":{\"@id\":\"https:\/\/portaltela.pt\/noticias\/2026\/04\/27\/homem-e-acusado-de-tentativa-de-homicidio-contra-trump-apos-tiroteio-no-jantar\/#breadcrumb\"},\"inLanguage\":\"pt-PT\",\"potentialAction\":[{\"@type\":\"ReadAction\",\"target\":[\"https:\/\/portaltela.pt\/noticias\/2026\/04\/27\/homem-e-acusado-de-tentativa-de-homicidio-contra-trump-apos-tiroteio-no-jantar\/\"]}]},{\"@type\":\"ImageObject\",\"inLanguage\":\"pt-PT\",\"@id\":\"https:\/\/portaltela.pt\/noticias\/2026\/04\/27\/homem-e-acusado-de-tentativa-de-homicidio-contra-trump-apos-tiroteio-no-jantar\/#primaryimage\",\"url\":\"https:\/\/portaltela.pt\/s.01k8rhncp4jt1\/2026\/04\/1536x864_cmsv2_ee18c583-472f-52f4-9961-5a0174721b43-9738209.jpg\",\"contentUrl\":\"https:\/\/portaltela.pt\/s.01k8rhncp4jt1\/2026\/04\/1536x864_cmsv2_ee18c583-472f-52f4-9961-5a0174721b43-9738209.jpg\",\"width\":1536,\"height\":864,\"caption\":\"Uma fotografia partilhada pelo Presidente dos EUA, Donald Trump, que pretende mostrar o suspeito do tiroteio Cole Allen, 26 de abril de 2026\"},{\"@type\":\"BreadcrumbList\",\"@id\":\"https:\/\/portaltela.pt\/noticias\/2026\/04\/27\/homem-e-acusado-de-tentativa-de-homicidio-contra-trump-apos-tiroteio-no-jantar\/#breadcrumb\",\"itemListElement\":[{\"@type\":\"ListItem\",\"position\":1,\"name\":\"In\u00edcio\",\"item\":\"https:\/\/portaltela.pt\/\"},{\"@type\":\"ListItem\",\"position\":2,\"name\":\"Homem \u00e9 acusado de tentativa de homic\u00eddio contra Trump ap\u00f3s tiroteio no jantar\"}]},{\"@type\":\"WebSite\",\"@id\":\"https:\/\/portaltela.pt\/#website\",\"url\":\"https:\/\/portaltela.pt\/\",\"name\":\"Portal Tela Portugal\",\"description\":\"\",\"potentialAction\":[{\"@type\":\"SearchAction\",\"target\":{\"@type\":\"EntryPoint\",\"urlTemplate\":\"https:\/\/portaltela.pt\/?s={search_term_string}\"},\"query-input\":{\"@type\":\"PropertyValueSpecification\",\"valueRequired\":true,\"valueName\":\"search_term_string\"}}],\"inLanguage\":\"pt-PT\"},{\"@type\":\"Person\",\"@id\":\"https:\/\/portaltela.pt\/#\/schema\/person\/c4278d4a6028830caff9ee44b42d32ed\",\"name\":\"Telinha\",\"image\":{\"@type\":\"ImageObject\",\"inLanguage\":\"pt-PT\",\"@id\":\"https:\/\/portaltela.pt\/s.01k8rhncp4jt1\/2025\/11\/talking-bot-125x125.png\",\"url\":\"https:\/\/portaltela.pt\/s.01k8rhncp4jt1\/2025\/11\/talking-bot-125x125.png\",\"contentUrl\":\"https:\/\/portaltela.pt\/s.01k8rhncp4jt1\/2025\/11\/talking-bot-125x125.png\",\"caption\":\"Telinha\"},\"sameAs\":[\"https:\/\/portaltela.pt\/\"],\"url\":\"https:\/\/portaltela.pt\/por\/367410592786\/\"}]}<\/script>\n<!-- \/ Yoast SEO plugin. -->","yoast_head_json":{"title":"Homem \u00e9 acusado de tentativa de homic\u00eddio contra Trump ap\u00f3s tiroteio no jantar - Portal Tela Portugal","robots":{"index":"index","follow":"follow","max-snippet":"max-snippet:-1","max-image-preview":"max-image-preview:large","max-video-preview":"max-video-preview:-1"},"og_locale":"pt_PT","og_type":"article","og_title":"Homem \u00e9 acusado de tentativa de homic\u00eddio contra Trump ap\u00f3s tiroteio no jantar - Portal Tela Portugal","og_description":"Cole Tomas Allen, 31 anos, foi detido e est\u00e1 acusado de tentativa de homic\u00eddio de Donald Trump, ap\u00f3s o tiroteio no jantar dos correspondentes da Casa Branca; est\u00e1 representado por advogados do gabinete de defesa federal. O suspeito \u00e9 acusado de tentar invadir o jantar com armas e facas, al\u00e9m de transporte de arma de fogo e muni\u00e7\u00f5es no com\u00e9rcio interestadual e de disparar uma arma durante um crime de viol\u00eancia. A investiga\u00e7\u00e3o utiliza mensagens analisadas pela Associated Press, publica\u00e7\u00f5es nas redes sociais e depoimentos de familiares para entender motiva\u00e7\u00e3o e mentalidade do suspeito; Allen referiu-se a si mesmo como \u201cAssassino Federal Amig\u00e1vel\u201d. Allen viajou de comboio da Calif\u00f3rnia at\u00e9 Chicago e depois para Washington, onde ficou hospedado no hotel Hilton, local do jantar, segundo o procurador-geral interino Todd Blanche. Registos e perfis p\u00fablicos indicam que Allen \u00e9 tutor qualificado e criador amador de videojogos; uma empresa onde alegadamente trabalhou a tempo parcial oferece servi\u00e7os de aconselhamento para admiss\u00f5es e prepara\u00e7\u00e3o para testes universit\u00e1rios.","og_url":"https:\/\/portaltela.pt\/noticias\/2026\/04\/27\/homem-e-acusado-de-tentativa-de-homicidio-contra-trump-apos-tiroteio-no-jantar\/","og_site_name":"Portal Tela Portugal","article_published_time":"2026-04-27T20:17:45+00:00","author":"Telinha","twitter_card":"summary_large_image","twitter_misc":{"Escrito por":"Telinha","Tempo estimado de leitura":"2 minutos"},"schema":{"@context":"https:\/\/schema.org","@graph":[{"@type":"Article","@id":"https:\/\/portaltela.pt\/noticias\/2026\/04\/27\/homem-e-acusado-de-tentativa-de-homicidio-contra-trump-apos-tiroteio-no-jantar\/#article","isPartOf":{"@id":"https:\/\/portaltela.pt\/noticias\/2026\/04\/27\/homem-e-acusado-de-tentativa-de-homicidio-contra-trump-apos-tiroteio-no-jantar\/"},"author":{"name":"Telinha","@id":"https:\/\/portaltela.pt\/#\/schema\/person\/c4278d4a6028830caff9ee44b42d32ed"},"headline":"Homem \u00e9 acusado de tentativa de homic\u00eddio contra Trump ap\u00f3s tiroteio no jantar","datePublished":"2026-04-27T20:17:45+00:00","mainEntityOfPage":{"@id":"https:\/\/portaltela.pt\/noticias\/2026\/04\/27\/homem-e-acusado-de-tentativa-de-homicidio-contra-trump-apos-tiroteio-no-jantar\/"},"wordCount":358,"image":{"@id":"https:\/\/portaltela.pt\/noticias\/2026\/04\/27\/homem-e-acusado-de-tentativa-de-homicidio-contra-trump-apos-tiroteio-no-jantar\/#primaryimage"},"thumbnailUrl":"https:\/\/portaltela.pt\/s.01k8rhncp4jt1\/2026\/04\/1536x864_cmsv2_ee18c583-472f-52f4-9961-5a0174721b43-9738209.jpg","keywords":["crime","Donald Trump","Estados Unidos","investiga\u00e7\u00e3o","pol\u00edtica","tentativa de homic\u00eddio"],"articleSection":["Crime","Justi\u00e7a"],"inLanguage":"pt-PT"},{"@type":"WebPage","@id":"https:\/\/portaltela.pt\/noticias\/2026\/04\/27\/homem-e-acusado-de-tentativa-de-homicidio-contra-trump-apos-tiroteio-no-jantar\/","url":"https:\/\/portaltela.pt\/noticias\/2026\/04\/27\/homem-e-acusado-de-tentativa-de-homicidio-contra-trump-apos-tiroteio-no-jantar\/","name":"Homem \u00e9 acusado de tentativa de homic\u00eddio contra Trump ap\u00f3s tiroteio no jantar - Portal Tela Portugal","isPartOf":{"@id":"https:\/\/portaltela.pt\/#website"},"primaryImageOfPage":{"@id":"https:\/\/portaltela.pt\/noticias\/2026\/04\/27\/homem-e-acusado-de-tentativa-de-homicidio-contra-trump-apos-tiroteio-no-jantar\/#primaryimage"},"image":{"@id":"https:\/\/portaltela.pt\/noticias\/2026\/04\/27\/homem-e-acusado-de-tentativa-de-homicidio-contra-trump-apos-tiroteio-no-jantar\/#primaryimage"},"thumbnailUrl":"https:\/\/portaltela.pt\/s.01k8rhncp4jt1\/2026\/04\/1536x864_cmsv2_ee18c583-472f-52f4-9961-5a0174721b43-9738209.jpg","datePublished":"2026-04-27T20:17:45+00:00","author":{"@id":"https:\/\/portaltela.pt\/#\/schema\/person\/c4278d4a6028830caff9ee44b42d32ed"},"breadcrumb":{"@id":"https:\/\/portaltela.pt\/noticias\/2026\/04\/27\/homem-e-acusado-de-tentativa-de-homicidio-contra-trump-apos-tiroteio-no-jantar\/#breadcrumb"},"inLanguage":"pt-PT","potentialAction":[{"@type":"ReadAction","target":["https:\/\/portaltela.pt\/noticias\/2026\/04\/27\/homem-e-acusado-de-tentativa-de-homicidio-contra-trump-apos-tiroteio-no-jantar\/"]}]},{"@type":"ImageObject","inLanguage":"pt-PT","@id":"https:\/\/portaltela.pt\/noticias\/2026\/04\/27\/homem-e-acusado-de-tentativa-de-homicidio-contra-trump-apos-tiroteio-no-jantar\/#primaryimage","url":"https:\/\/portaltela.pt\/s.01k8rhncp4jt1\/2026\/04\/1536x864_cmsv2_ee18c583-472f-52f4-9961-5a0174721b43-9738209.jpg","contentUrl":"https:\/\/portaltela.pt\/s.01k8rhncp4jt1\/2026\/04\/1536x864_cmsv2_ee18c583-472f-52f4-9961-5a0174721b43-9738209.jpg","width":1536,"height":864,"caption":"Uma fotografia partilhada pelo Presidente dos EUA, Donald Trump, que pretende mostrar o suspeito do tiroteio Cole Allen, 26 de abril de 2026"},{"@type":"BreadcrumbList","@id":"https:\/\/portaltela.pt\/noticias\/2026\/04\/27\/homem-e-acusado-de-tentativa-de-homicidio-contra-trump-apos-tiroteio-no-jantar\/#breadcrumb","itemListElement":[{"@type":"ListItem","position":1,"name":"In\u00edcio","item":"https:\/\/portaltela.pt\/"},{"@type":"ListItem","position":2,"name":"Homem \u00e9 acusado de tentativa de homic\u00eddio contra Trump ap\u00f3s tiroteio no jantar"}]},{"@type":"WebSite","@id":"https:\/\/portaltela.pt\/#website","url":"https:\/\/portaltela.pt\/","name":"Portal Tela Portugal","description":"","potentialAction":[{"@type":"SearchAction","target":{"@type":"EntryPoint","urlTemplate":"https:\/\/portaltela.pt\/?s={search_term_string}"},"query-input":{"@type":"PropertyValueSpecification","valueRequired":true,"valueName":"search_term_string"}}],"inLanguage":"pt-PT"},{"@type":"Person","@id":"https:\/\/portaltela.pt\/#\/schema\/person\/c4278d4a6028830caff9ee44b42d32ed","name":"Telinha","image":{"@type":"ImageObject","inLanguage":"pt-PT","@id":"https:\/\/portaltela.pt\/s.01k8rhncp4jt1\/2025\/11\/talking-bot-125x125.png","url":"https:\/\/portaltela.pt\/s.01k8rhncp4jt1\/2025\/11\/talking-bot-125x125.png","contentUrl":"https:\/\/portaltela.pt\/s.01k8rhncp4jt1\/2025\/11\/talking-bot-125x125.png","caption":"Telinha"},"sameAs":["https:\/\/portaltela.pt\/"],"url":"https:\/\/portaltela.pt\/por\/367410592786\/"}]}},"_links":{"self":[{"href":"https:\/\/portaltela.pt\/api\/wp\/v2\/posts\/458920","targetHints":{"allow":["GET"]}}],"collection":[{"href":"https:\/\/portaltela.pt\/api\/wp\/v2\/posts"}],"about":[{"href":"https:\/\/portaltela.pt\/api\/wp\/v2\/types\/post"}],"author":[{"embeddable":true,"href":"https:\/\/portaltela.pt\/api\/wp\/v2\/users\/2"}],"replies":[{"embeddable":true,"href":"https:\/\/portaltela.pt\/api\/wp\/v2\/comments?post=458920"}],"version-history":[{"count":0,"href":"https:\/\/portaltela.pt\/api\/wp\/v2\/posts\/458920\/revisions"}],"wp:featuredmedia":[{"embeddable":true,"href":"https:\/\/portaltela.pt\/api\/wp\/v2\/media\/458924"}],"wp:attachment":[{"href":"https:\/\/portaltela.pt\/api\/wp\/v2\/media?parent=458920"}],"wp:term":[{"taxonomy":"category","embeddable":true,"href":"https:\/\/portaltela.pt\/api\/wp\/v2\/categories?post=458920"},{"taxonomy":"post_tag","embeddable":true,"href":"https:\/\/portaltela.pt\/api\/wp\/v2\/tags?post=458920"}],"curies":[{"name":"wp","href":"https:\/\/api.w.org\/{rel}","templated":true}]}}