{"id":458907,"date":"2026-04-27T17:03:31","date_gmt":"2026-04-27T20:03:31","guid":{"rendered":"https:\/\/portaltela.pt\/noticias\/2026\/04\/27\/craiova-de-filipe-coelho-lidera-na-romenia\/"},"modified":"2026-04-27T17:03:31","modified_gmt":"2026-04-27T20:03:31","slug":"craiova-de-filipe-coelho-lidera-na-romenia","status":"publish","type":"post","link":"https:\/\/portaltela.pt\/desporto\/futebol\/2026\/04\/27\/craiova-de-filipe-coelho-lidera-na-romenia\/","title":{"rendered":"Craiova de Filipe Coelho lidera na Rom\u00e9nia"},"content":{"rendered":"<p>O Craiova, treinado por Filipe Coelho, venceu o Arges por 1-0, aos 10 minutos, na sexta jornada da fase de campe\u00e3o da liga romena. O golo foi marcado pelo m\u00e9dio Teles.<\/p>\n<p>O resultado garante ao Craiova a lideran\u00e7a isolada da competi\u00e7\u00e3o, com tr\u00eas pontos de avan\u00e7o sobre o Universitatea Cluj, que falhou nesta jornada.<\/p>\n<p>A vit\u00f3ria surge em pleno confronto pela lideran\u00e7a, mantendo a equipa no topo da classifica\u00e7\u00e3o. O Arges posiciona-se um pouco abaixo.<\/p>\n<p>Faltam quatro jornadas para chegar ao desfecho da fase de campe\u00e3o, altura em que a luta pela qualifica\u00e7\u00e3o para as fases seguintes se intensifica.<\/p>\n","protected":false},"excerpt":{"rendered":"<ul>\n<li>O Craiova, orientado pelo t\u00e9cnico Filipe Coelho, venceu o Arges por 1-0 na 6.\u00aa jornada da fase de campe\u00e3o da Rom\u00e9nia, com golo de Teles aos 10 minutos.<\/li>\n<li>A vit\u00f3ria colocou a equipa na lideran\u00e7a isolada do campeonato.<\/li>\n<li>O Craiova chega a tr\u00eas pontos de vantagem sobre o Universitatea Cluj, que perdeu nesta ronda.<\/li>\n<li>Restam quatro jornadas para terminar a fase de campe\u00e3o.<\/li>\n<li>Filipe Coelho continua a comandar a equipa romena na luta pelo t\u00edtulo.<\/li>\n<\/ul>\n","protected":false},"author":2,"featured_media":458915,"comment_status":"closed","ping_status":"closed","sticky":false,"template":"","format":"standard","meta":{"footnotes":""},"categories":[21,24],"tags":[2681,32,3338,1786,1486,2477],"class_list":["post-458907","post","type-post","status-publish","format-standard","has-post-thumbnail","hentry","category-desporto","category-futebol","tag-desporto-internacional","tag-futebol","tag-futebol-internacional","tag-liga","tag-romenia","tag-treinadores"],"yoast_head":"<!-- This site is optimized with the Yoast SEO plugin v27.2 - https:\/\/yoast.com\/product\/yoast-seo-wordpress\/ -->\n<title>Craiova de Filipe Coelho lidera na Rom\u00e9nia - Portal Tela Portugal<\/title>\n<meta name=\"robots\" content=\"index, follow, max-snippet:-1, max-image-preview:large, max-video-preview:-1\" \/>\n<meta property=\"og:locale\" content=\"pt_PT\" \/>\n<meta property=\"og:type\" content=\"article\" \/>\n<meta property=\"og:title\" content=\"Craiova de Filipe Coelho lidera na Rom\u00e9nia - Portal Tela Portugal\" \/>\n<meta property=\"og:description\" content=\"O Craiova, orientado pelo t\u00e9cnico Filipe Coelho, venceu o Arges por 1-0 na 6.\u00aa jornada da fase de campe\u00e3o da Rom\u00e9nia, com golo de Teles aos 10 minutos. A vit\u00f3ria colocou a equipa na lideran\u00e7a isolada do campeonato. O Craiova chega a tr\u00eas pontos de vantagem sobre o Universitatea Cluj, que perdeu nesta ronda. Restam quatro jornadas para terminar a fase de campe\u00e3o. Filipe Coelho continua a comandar a equipa romena na luta pelo t\u00edtulo.\" \/>\n<meta property=\"og:url\" content=\"https:\/\/portaltela.pt\/noticias\/2026\/04\/27\/craiova-de-filipe-coelho-lidera-na-romenia\/\" \/>\n<meta property=\"og:site_name\" content=\"Portal Tela Portugal\" \/>\n<meta property=\"article:published_time\" content=\"2026-04-27T20:03:31+00:00\" \/>\n<meta name=\"author\" content=\"Telinha\" \/>\n<meta name=\"twitter:card\" content=\"summary_large_image\" \/>\n<meta name=\"twitter:label1\" content=\"Escrito por\" \/>\n\t<meta name=\"twitter:data1\" content=\"Telinha\" \/>\n\t<meta name=\"twitter:label2\" content=\"Tempo estimado de leitura\" \/>\n\t<meta name=\"twitter:data2\" content=\"1 minuto\" \/>\n<script type=\"application\/ld+json\" class=\"yoast-schema-graph\">{\"@context\":\"https:\/\/schema.org\",\"@graph\":[{\"@type\":\"Article\",\"@id\":\"https:\/\/portaltela.pt\/noticias\/2026\/04\/27\/craiova-de-filipe-coelho-lidera-na-romenia\/#article\",\"isPartOf\":{\"@id\":\"https:\/\/portaltela.pt\/noticias\/2026\/04\/27\/craiova-de-filipe-coelho-lidera-na-romenia\/\"},\"author\":{\"name\":\"Telinha\",\"@id\":\"https:\/\/portaltela.pt\/#\/schema\/person\/c4278d4a6028830caff9ee44b42d32ed\"},\"headline\":\"Craiova de Filipe Coelho lidera na Rom\u00e9nia\",\"datePublished\":\"2026-04-27T20:03:31+00:00\",\"mainEntityOfPage\":{\"@id\":\"https:\/\/portaltela.pt\/noticias\/2026\/04\/27\/craiova-de-filipe-coelho-lidera-na-romenia\/\"},\"wordCount\":117,\"image\":{\"@id\":\"https:\/\/portaltela.pt\/noticias\/2026\/04\/27\/craiova-de-filipe-coelho-lidera-na-romenia\/#primaryimage\"},\"thumbnailUrl\":\"https:\/\/portaltela.pt\/s.01k8rhncp4jt1\/2026\/04\/img_920x518uu2026-02-10-23-50-26-2420887-3.jpg\",\"keywords\":[\"desporto internacional\",\"futebol\",\"futebol internacional\",\"Liga\",\"Rom\u00e9nia\",\"treinadores\"],\"articleSection\":[\"Desporto\",\"Futebol\"],\"inLanguage\":\"pt-PT\"},{\"@type\":\"WebPage\",\"@id\":\"https:\/\/portaltela.pt\/noticias\/2026\/04\/27\/craiova-de-filipe-coelho-lidera-na-romenia\/\",\"url\":\"https:\/\/portaltela.pt\/noticias\/2026\/04\/27\/craiova-de-filipe-coelho-lidera-na-romenia\/\",\"name\":\"Craiova de Filipe Coelho lidera na Rom\u00e9nia - Portal Tela Portugal\",\"isPartOf\":{\"@id\":\"https:\/\/portaltela.pt\/#website\"},\"primaryImageOfPage\":{\"@id\":\"https:\/\/portaltela.pt\/noticias\/2026\/04\/27\/craiova-de-filipe-coelho-lidera-na-romenia\/#primaryimage\"},\"image\":{\"@id\":\"https:\/\/portaltela.pt\/noticias\/2026\/04\/27\/craiova-de-filipe-coelho-lidera-na-romenia\/#primaryimage\"},\"thumbnailUrl\":\"https:\/\/portaltela.pt\/s.01k8rhncp4jt1\/2026\/04\/img_920x518uu2026-02-10-23-50-26-2420887-3.jpg\",\"datePublished\":\"2026-04-27T20:03:31+00:00\",\"author\":{\"@id\":\"https:\/\/portaltela.pt\/#\/schema\/person\/c4278d4a6028830caff9ee44b42d32ed\"},\"breadcrumb\":{\"@id\":\"https:\/\/portaltela.pt\/noticias\/2026\/04\/27\/craiova-de-filipe-coelho-lidera-na-romenia\/#breadcrumb\"},\"inLanguage\":\"pt-PT\",\"potentialAction\":[{\"@type\":\"ReadAction\",\"target\":[\"https:\/\/portaltela.pt\/noticias\/2026\/04\/27\/craiova-de-filipe-coelho-lidera-na-romenia\/\"]}]},{\"@type\":\"ImageObject\",\"inLanguage\":\"pt-PT\",\"@id\":\"https:\/\/portaltela.pt\/noticias\/2026\/04\/27\/craiova-de-filipe-coelho-lidera-na-romenia\/#primaryimage\",\"url\":\"https:\/\/portaltela.pt\/s.01k8rhncp4jt1\/2026\/04\/img_920x518uu2026-02-10-23-50-26-2420887-3.jpg\",\"contentUrl\":\"https:\/\/portaltela.pt\/s.01k8rhncp4jt1\/2026\/04\/img_920x518uu2026-02-10-23-50-26-2420887-3.jpg\",\"width\":796,\"height\":448,\"caption\":\"Filipe Coelho\"},{\"@type\":\"BreadcrumbList\",\"@id\":\"https:\/\/portaltela.pt\/noticias\/2026\/04\/27\/craiova-de-filipe-coelho-lidera-na-romenia\/#breadcrumb\",\"itemListElement\":[{\"@type\":\"ListItem\",\"position\":1,\"name\":\"In\u00edcio\",\"item\":\"https:\/\/portaltela.pt\/\"},{\"@type\":\"ListItem\",\"position\":2,\"name\":\"Craiova de Filipe Coelho lidera na Rom\u00e9nia\"}]},{\"@type\":\"WebSite\",\"@id\":\"https:\/\/portaltela.pt\/#website\",\"url\":\"https:\/\/portaltela.pt\/\",\"name\":\"Portal Tela Portugal\",\"description\":\"\",\"potentialAction\":[{\"@type\":\"SearchAction\",\"target\":{\"@type\":\"EntryPoint\",\"urlTemplate\":\"https:\/\/portaltela.pt\/?s={search_term_string}\"},\"query-input\":{\"@type\":\"PropertyValueSpecification\",\"valueRequired\":true,\"valueName\":\"search_term_string\"}}],\"inLanguage\":\"pt-PT\"},{\"@type\":\"Person\",\"@id\":\"https:\/\/portaltela.pt\/#\/schema\/person\/c4278d4a6028830caff9ee44b42d32ed\",\"name\":\"Telinha\",\"image\":{\"@type\":\"ImageObject\",\"inLanguage\":\"pt-PT\",\"@id\":\"https:\/\/portaltela.pt\/s.01k8rhncp4jt1\/2025\/11\/talking-bot-125x125.png\",\"url\":\"https:\/\/portaltela.pt\/s.01k8rhncp4jt1\/2025\/11\/talking-bot-125x125.png\",\"contentUrl\":\"https:\/\/portaltela.pt\/s.01k8rhncp4jt1\/2025\/11\/talking-bot-125x125.png\",\"caption\":\"Telinha\"},\"sameAs\":[\"https:\/\/portaltela.pt\/\"],\"url\":\"https:\/\/portaltela.pt\/por\/367410592786\/\"}]}<\/script>\n<!-- \/ Yoast SEO plugin. -->","yoast_head_json":{"title":"Craiova de Filipe Coelho lidera na Rom\u00e9nia - Portal Tela Portugal","robots":{"index":"index","follow":"follow","max-snippet":"max-snippet:-1","max-image-preview":"max-image-preview:large","max-video-preview":"max-video-preview:-1"},"og_locale":"pt_PT","og_type":"article","og_title":"Craiova de Filipe Coelho lidera na Rom\u00e9nia - Portal Tela Portugal","og_description":"O Craiova, orientado pelo t\u00e9cnico Filipe Coelho, venceu o Arges por 1-0 na 6.\u00aa jornada da fase de campe\u00e3o da Rom\u00e9nia, com golo de Teles aos 10 minutos. A vit\u00f3ria colocou a equipa na lideran\u00e7a isolada do campeonato. O Craiova chega a tr\u00eas pontos de vantagem sobre o Universitatea Cluj, que perdeu nesta ronda. Restam quatro jornadas para terminar a fase de campe\u00e3o. Filipe Coelho continua a comandar a equipa romena na luta pelo t\u00edtulo.","og_url":"https:\/\/portaltela.pt\/noticias\/2026\/04\/27\/craiova-de-filipe-coelho-lidera-na-romenia\/","og_site_name":"Portal Tela Portugal","article_published_time":"2026-04-27T20:03:31+00:00","author":"Telinha","twitter_card":"summary_large_image","twitter_misc":{"Escrito por":"Telinha","Tempo estimado de leitura":"1 minuto"},"schema":{"@context":"https:\/\/schema.org","@graph":[{"@type":"Article","@id":"https:\/\/portaltela.pt\/noticias\/2026\/04\/27\/craiova-de-filipe-coelho-lidera-na-romenia\/#article","isPartOf":{"@id":"https:\/\/portaltela.pt\/noticias\/2026\/04\/27\/craiova-de-filipe-coelho-lidera-na-romenia\/"},"author":{"name":"Telinha","@id":"https:\/\/portaltela.pt\/#\/schema\/person\/c4278d4a6028830caff9ee44b42d32ed"},"headline":"Craiova de Filipe Coelho lidera na Rom\u00e9nia","datePublished":"2026-04-27T20:03:31+00:00","mainEntityOfPage":{"@id":"https:\/\/portaltela.pt\/noticias\/2026\/04\/27\/craiova-de-filipe-coelho-lidera-na-romenia\/"},"wordCount":117,"image":{"@id":"https:\/\/portaltela.pt\/noticias\/2026\/04\/27\/craiova-de-filipe-coelho-lidera-na-romenia\/#primaryimage"},"thumbnailUrl":"https:\/\/portaltela.pt\/s.01k8rhncp4jt1\/2026\/04\/img_920x518uu2026-02-10-23-50-26-2420887-3.jpg","keywords":["desporto internacional","futebol","futebol internacional","Liga","Rom\u00e9nia","treinadores"],"articleSection":["Desporto","Futebol"],"inLanguage":"pt-PT"},{"@type":"WebPage","@id":"https:\/\/portaltela.pt\/noticias\/2026\/04\/27\/craiova-de-filipe-coelho-lidera-na-romenia\/","url":"https:\/\/portaltela.pt\/noticias\/2026\/04\/27\/craiova-de-filipe-coelho-lidera-na-romenia\/","name":"Craiova de Filipe Coelho lidera na Rom\u00e9nia - Portal Tela Portugal","isPartOf":{"@id":"https:\/\/portaltela.pt\/#website"},"primaryImageOfPage":{"@id":"https:\/\/portaltela.pt\/noticias\/2026\/04\/27\/craiova-de-filipe-coelho-lidera-na-romenia\/#primaryimage"},"image":{"@id":"https:\/\/portaltela.pt\/noticias\/2026\/04\/27\/craiova-de-filipe-coelho-lidera-na-romenia\/#primaryimage"},"thumbnailUrl":"https:\/\/portaltela.pt\/s.01k8rhncp4jt1\/2026\/04\/img_920x518uu2026-02-10-23-50-26-2420887-3.jpg","datePublished":"2026-04-27T20:03:31+00:00","author":{"@id":"https:\/\/portaltela.pt\/#\/schema\/person\/c4278d4a6028830caff9ee44b42d32ed"},"breadcrumb":{"@id":"https:\/\/portaltela.pt\/noticias\/2026\/04\/27\/craiova-de-filipe-coelho-lidera-na-romenia\/#breadcrumb"},"inLanguage":"pt-PT","potentialAction":[{"@type":"ReadAction","target":["https:\/\/portaltela.pt\/noticias\/2026\/04\/27\/craiova-de-filipe-coelho-lidera-na-romenia\/"]}]},{"@type":"ImageObject","inLanguage":"pt-PT","@id":"https:\/\/portaltela.pt\/noticias\/2026\/04\/27\/craiova-de-filipe-coelho-lidera-na-romenia\/#primaryimage","url":"https:\/\/portaltela.pt\/s.01k8rhncp4jt1\/2026\/04\/img_920x518uu2026-02-10-23-50-26-2420887-3.jpg","contentUrl":"https:\/\/portaltela.pt\/s.01k8rhncp4jt1\/2026\/04\/img_920x518uu2026-02-10-23-50-26-2420887-3.jpg","width":796,"height":448,"caption":"Filipe Coelho"},{"@type":"BreadcrumbList","@id":"https:\/\/portaltela.pt\/noticias\/2026\/04\/27\/craiova-de-filipe-coelho-lidera-na-romenia\/#breadcrumb","itemListElement":[{"@type":"ListItem","position":1,"name":"In\u00edcio","item":"https:\/\/portaltela.pt\/"},{"@type":"ListItem","position":2,"name":"Craiova de Filipe Coelho lidera na Rom\u00e9nia"}]},{"@type":"WebSite","@id":"https:\/\/portaltela.pt\/#website","url":"https:\/\/portaltela.pt\/","name":"Portal Tela Portugal","description":"","potentialAction":[{"@type":"SearchAction","target":{"@type":"EntryPoint","urlTemplate":"https:\/\/portaltela.pt\/?s={search_term_string}"},"query-input":{"@type":"PropertyValueSpecification","valueRequired":true,"valueName":"search_term_string"}}],"inLanguage":"pt-PT"},{"@type":"Person","@id":"https:\/\/portaltela.pt\/#\/schema\/person\/c4278d4a6028830caff9ee44b42d32ed","name":"Telinha","image":{"@type":"ImageObject","inLanguage":"pt-PT","@id":"https:\/\/portaltela.pt\/s.01k8rhncp4jt1\/2025\/11\/talking-bot-125x125.png","url":"https:\/\/portaltela.pt\/s.01k8rhncp4jt1\/2025\/11\/talking-bot-125x125.png","contentUrl":"https:\/\/portaltela.pt\/s.01k8rhncp4jt1\/2025\/11\/talking-bot-125x125.png","caption":"Telinha"},"sameAs":["https:\/\/portaltela.pt\/"],"url":"https:\/\/portaltela.pt\/por\/367410592786\/"}]}},"_links":{"self":[{"href":"https:\/\/portaltela.pt\/api\/wp\/v2\/posts\/458907","targetHints":{"allow":["GET"]}}],"collection":[{"href":"https:\/\/portaltela.pt\/api\/wp\/v2\/posts"}],"about":[{"href":"https:\/\/portaltela.pt\/api\/wp\/v2\/types\/post"}],"author":[{"embeddable":true,"href":"https:\/\/portaltela.pt\/api\/wp\/v2\/users\/2"}],"replies":[{"embeddable":true,"href":"https:\/\/portaltela.pt\/api\/wp\/v2\/comments?post=458907"}],"version-history":[{"count":0,"href":"https:\/\/portaltela.pt\/api\/wp\/v2\/posts\/458907\/revisions"}],"wp:featuredmedia":[{"embeddable":true,"href":"https:\/\/portaltela.pt\/api\/wp\/v2\/media\/458915"}],"wp:attachment":[{"href":"https:\/\/portaltela.pt\/api\/wp\/v2\/media?parent=458907"}],"wp:term":[{"taxonomy":"category","embeddable":true,"href":"https:\/\/portaltela.pt\/api\/wp\/v2\/categories?post=458907"},{"taxonomy":"post_tag","embeddable":true,"href":"https:\/\/portaltela.pt\/api\/wp\/v2\/tags?post=458907"}],"curies":[{"name":"wp","href":"https:\/\/api.w.org\/{rel}","templated":true}]}}