{"id":458904,"date":"2026-04-27T17:03:28","date_gmt":"2026-04-27T20:03:28","guid":{"rendered":"https:\/\/portaltela.pt\/noticias\/2026\/04\/27\/rei-carlos-iii-chega-aos-eua-para-visita-de-estado\/"},"modified":"2026-04-27T17:03:28","modified_gmt":"2026-04-27T20:03:28","slug":"rei-carlos-iii-chega-aos-eua-para-visita-de-estado","status":"publish","type":"post","link":"https:\/\/portaltela.pt\/noticias\/2026\/04\/27\/rei-carlos-iii-chega-aos-eua-para-visita-de-estado\/","title":{"rendered":"Rei Carlos III chega aos EUA para visita de Estado"},"content":{"rendered":"<p>O rei Charles III e a rainha Camilla chegaram aos Estados Unidos para iniciar uma visita de Estado de quatro dias, com encontros oficiais e eventos institucionais na agenda.<\/p>\n<p>Segundo fontes oficiais, a viagem foca a rela\u00e7\u00e3o entre o Reino Unido e os EUA, com reuni\u00f5es diplom\u00e1ticas e atividades de representa\u00e7\u00e3o acompanhadas pela comitiva real.<\/p>\n<p>A visita tem como objetivo fortalecer la\u00e7os bilaterais e debater quest\u00f5es de interesse comum, em contexto de coopera\u00e7\u00e3o entre as duas pot\u00eancias, sem indicar mudan\u00e7as pol\u00edticas.<\/p>\n<h3>Agenda em foco<\/h3>\n<p>O programa inclui encontros com autoridades americanas e participa\u00e7\u00f5es em cerim\u00f3nias institucionais que representam o protocolo de Estado.<\/p>\n<p>A desloca\u00e7\u00e3o destaca ainda visitas a institui\u00e7\u00f5es p\u00fablicas e eventos na capital, com agenda distribu\u00edda ao longo de quatro dias.<\/p>\n","protected":false},"excerpt":{"rendered":"<ul>\n<li>O rei Carlos III e a rainha Camilla iniciaram uma visita oficial de quatro dias aos Estados Unidos.<\/li>\n<li>A agenda prev\u00ea encontros diplom\u00e1ticos e eventos institucionais.<\/li>\n<li>A visita tem car\u00e1ter de Estado.<\/li>\n<li>A atua\u00e7\u00e3o inclui encontros com representantes de institui\u00e7\u00f5es e autoridades dos EUA.<\/li>\n<\/ul>\n","protected":false},"author":2,"featured_media":458913,"comment_status":"closed","ping_status":"closed","sticky":false,"template":"","format":"standard","meta":{"footnotes":""},"categories":[6912,1],"tags":[256,29,1600,7439,2111,27],"class_list":["post-458904","post","type-post","status-publish","format-standard","has-post-thumbnail","hentry","category-internacionais","category-noticias","tag-cooperacao-internacional","tag-diplomacia","tag-estados-unidos","tag-politica-externa","tag-reino-unido","tag-relacoes-internacionais"],"yoast_head":"<!-- This site is optimized with the Yoast SEO plugin v27.2 - https:\/\/yoast.com\/product\/yoast-seo-wordpress\/ -->\n<title>Rei Carlos III chega aos EUA para visita de Estado - Portal Tela Portugal<\/title>\n<meta name=\"robots\" content=\"index, follow, max-snippet:-1, max-image-preview:large, max-video-preview:-1\" \/>\n<meta property=\"og:locale\" content=\"pt_PT\" \/>\n<meta property=\"og:type\" content=\"article\" \/>\n<meta property=\"og:title\" content=\"Rei Carlos III chega aos EUA para visita de Estado - Portal Tela Portugal\" \/>\n<meta property=\"og:description\" content=\"O rei Carlos III e a rainha Camilla iniciaram uma visita oficial de quatro dias aos Estados Unidos. A agenda prev\u00ea encontros diplom\u00e1ticos e eventos institucionais. A visita tem car\u00e1ter de Estado. A atua\u00e7\u00e3o inclui encontros com representantes de institui\u00e7\u00f5es e autoridades dos EUA.\" \/>\n<meta property=\"og:url\" content=\"https:\/\/portaltela.pt\/noticias\/2026\/04\/27\/rei-carlos-iii-chega-aos-eua-para-visita-de-estado\/\" \/>\n<meta property=\"og:site_name\" content=\"Portal Tela Portugal\" \/>\n<meta property=\"article:published_time\" content=\"2026-04-27T20:03:28+00:00\" \/>\n<meta name=\"author\" content=\"Telinha\" \/>\n<meta name=\"twitter:card\" content=\"summary_large_image\" \/>\n<meta name=\"twitter:label1\" content=\"Escrito por\" \/>\n\t<meta name=\"twitter:data1\" content=\"Telinha\" \/>\n\t<meta name=\"twitter:label2\" content=\"Tempo estimado de leitura\" \/>\n\t<meta name=\"twitter:data2\" content=\"1 minuto\" \/>\n<script type=\"application\/ld+json\" class=\"yoast-schema-graph\">{\"@context\":\"https:\/\/schema.org\",\"@graph\":[{\"@type\":\"Article\",\"@id\":\"https:\/\/portaltela.pt\/noticias\/2026\/04\/27\/rei-carlos-iii-chega-aos-eua-para-visita-de-estado\/#article\",\"isPartOf\":{\"@id\":\"https:\/\/portaltela.pt\/noticias\/2026\/04\/27\/rei-carlos-iii-chega-aos-eua-para-visita-de-estado\/\"},\"author\":{\"name\":\"Telinha\",\"@id\":\"https:\/\/portaltela.pt\/#\/schema\/person\/c4278d4a6028830caff9ee44b42d32ed\"},\"headline\":\"Rei Carlos III chega aos EUA para visita de Estado\",\"datePublished\":\"2026-04-27T20:03:28+00:00\",\"mainEntityOfPage\":{\"@id\":\"https:\/\/portaltela.pt\/noticias\/2026\/04\/27\/rei-carlos-iii-chega-aos-eua-para-visita-de-estado\/\"},\"wordCount\":148,\"image\":{\"@id\":\"https:\/\/portaltela.pt\/noticias\/2026\/04\/27\/rei-carlos-iii-chega-aos-eua-para-visita-de-estado\/#primaryimage\"},\"thumbnailUrl\":\"https:\/\/portaltela.pt\/s.01k8rhncp4jt1\/2026\/04\/img_1280x722uu2026-04-27-20-50-40-2281459.jpg\",\"keywords\":[\"coopera\u00e7\u00e3o internacional\",\"diplomacia\",\"Estados Unidos\",\"pol\u00edtica externa\",\"Reino Unido\",\"rela\u00e7\u00f5es internacionais\"],\"articleSection\":[\"Internacionais\",\"Not\u00edcias\"],\"inLanguage\":\"pt-PT\"},{\"@type\":\"WebPage\",\"@id\":\"https:\/\/portaltela.pt\/noticias\/2026\/04\/27\/rei-carlos-iii-chega-aos-eua-para-visita-de-estado\/\",\"url\":\"https:\/\/portaltela.pt\/noticias\/2026\/04\/27\/rei-carlos-iii-chega-aos-eua-para-visita-de-estado\/\",\"name\":\"Rei Carlos III chega aos EUA para visita de Estado - Portal Tela Portugal\",\"isPartOf\":{\"@id\":\"https:\/\/portaltela.pt\/#website\"},\"primaryImageOfPage\":{\"@id\":\"https:\/\/portaltela.pt\/noticias\/2026\/04\/27\/rei-carlos-iii-chega-aos-eua-para-visita-de-estado\/#primaryimage\"},\"image\":{\"@id\":\"https:\/\/portaltela.pt\/noticias\/2026\/04\/27\/rei-carlos-iii-chega-aos-eua-para-visita-de-estado\/#primaryimage\"},\"thumbnailUrl\":\"https:\/\/portaltela.pt\/s.01k8rhncp4jt1\/2026\/04\/img_1280x722uu2026-04-27-20-50-40-2281459.jpg\",\"datePublished\":\"2026-04-27T20:03:28+00:00\",\"author\":{\"@id\":\"https:\/\/portaltela.pt\/#\/schema\/person\/c4278d4a6028830caff9ee44b42d32ed\"},\"breadcrumb\":{\"@id\":\"https:\/\/portaltela.pt\/noticias\/2026\/04\/27\/rei-carlos-iii-chega-aos-eua-para-visita-de-estado\/#breadcrumb\"},\"inLanguage\":\"pt-PT\",\"potentialAction\":[{\"@type\":\"ReadAction\",\"target\":[\"https:\/\/portaltela.pt\/noticias\/2026\/04\/27\/rei-carlos-iii-chega-aos-eua-para-visita-de-estado\/\"]}]},{\"@type\":\"ImageObject\",\"inLanguage\":\"pt-PT\",\"@id\":\"https:\/\/portaltela.pt\/noticias\/2026\/04\/27\/rei-carlos-iii-chega-aos-eua-para-visita-de-estado\/#primaryimage\",\"url\":\"https:\/\/portaltela.pt\/s.01k8rhncp4jt1\/2026\/04\/img_1280x722uu2026-04-27-20-50-40-2281459.jpg\",\"contentUrl\":\"https:\/\/portaltela.pt\/s.01k8rhncp4jt1\/2026\/04\/img_1280x722uu2026-04-27-20-50-40-2281459.jpg\",\"width\":796,\"height\":448,\"caption\":\"Rei Carlos III chega aos EUA para visita de Estado\"},{\"@type\":\"BreadcrumbList\",\"@id\":\"https:\/\/portaltela.pt\/noticias\/2026\/04\/27\/rei-carlos-iii-chega-aos-eua-para-visita-de-estado\/#breadcrumb\",\"itemListElement\":[{\"@type\":\"ListItem\",\"position\":1,\"name\":\"In\u00edcio\",\"item\":\"https:\/\/portaltela.pt\/\"},{\"@type\":\"ListItem\",\"position\":2,\"name\":\"Rei Carlos III chega aos EUA para visita de Estado\"}]},{\"@type\":\"WebSite\",\"@id\":\"https:\/\/portaltela.pt\/#website\",\"url\":\"https:\/\/portaltela.pt\/\",\"name\":\"Portal Tela Portugal\",\"description\":\"\",\"potentialAction\":[{\"@type\":\"SearchAction\",\"target\":{\"@type\":\"EntryPoint\",\"urlTemplate\":\"https:\/\/portaltela.pt\/?s={search_term_string}\"},\"query-input\":{\"@type\":\"PropertyValueSpecification\",\"valueRequired\":true,\"valueName\":\"search_term_string\"}}],\"inLanguage\":\"pt-PT\"},{\"@type\":\"Person\",\"@id\":\"https:\/\/portaltela.pt\/#\/schema\/person\/c4278d4a6028830caff9ee44b42d32ed\",\"name\":\"Telinha\",\"image\":{\"@type\":\"ImageObject\",\"inLanguage\":\"pt-PT\",\"@id\":\"https:\/\/portaltela.pt\/s.01k8rhncp4jt1\/2025\/11\/talking-bot-125x125.png\",\"url\":\"https:\/\/portaltela.pt\/s.01k8rhncp4jt1\/2025\/11\/talking-bot-125x125.png\",\"contentUrl\":\"https:\/\/portaltela.pt\/s.01k8rhncp4jt1\/2025\/11\/talking-bot-125x125.png\",\"caption\":\"Telinha\"},\"sameAs\":[\"https:\/\/portaltela.pt\/\"],\"url\":\"https:\/\/portaltela.pt\/por\/367410592786\/\"}]}<\/script>\n<!-- \/ Yoast SEO plugin. -->","yoast_head_json":{"title":"Rei Carlos III chega aos EUA para visita de Estado - Portal Tela Portugal","robots":{"index":"index","follow":"follow","max-snippet":"max-snippet:-1","max-image-preview":"max-image-preview:large","max-video-preview":"max-video-preview:-1"},"og_locale":"pt_PT","og_type":"article","og_title":"Rei Carlos III chega aos EUA para visita de Estado - Portal Tela Portugal","og_description":"O rei Carlos III e a rainha Camilla iniciaram uma visita oficial de quatro dias aos Estados Unidos. A agenda prev\u00ea encontros diplom\u00e1ticos e eventos institucionais. A visita tem car\u00e1ter de Estado. A atua\u00e7\u00e3o inclui encontros com representantes de institui\u00e7\u00f5es e autoridades dos EUA.","og_url":"https:\/\/portaltela.pt\/noticias\/2026\/04\/27\/rei-carlos-iii-chega-aos-eua-para-visita-de-estado\/","og_site_name":"Portal Tela Portugal","article_published_time":"2026-04-27T20:03:28+00:00","author":"Telinha","twitter_card":"summary_large_image","twitter_misc":{"Escrito por":"Telinha","Tempo estimado de leitura":"1 minuto"},"schema":{"@context":"https:\/\/schema.org","@graph":[{"@type":"Article","@id":"https:\/\/portaltela.pt\/noticias\/2026\/04\/27\/rei-carlos-iii-chega-aos-eua-para-visita-de-estado\/#article","isPartOf":{"@id":"https:\/\/portaltela.pt\/noticias\/2026\/04\/27\/rei-carlos-iii-chega-aos-eua-para-visita-de-estado\/"},"author":{"name":"Telinha","@id":"https:\/\/portaltela.pt\/#\/schema\/person\/c4278d4a6028830caff9ee44b42d32ed"},"headline":"Rei Carlos III chega aos EUA para visita de Estado","datePublished":"2026-04-27T20:03:28+00:00","mainEntityOfPage":{"@id":"https:\/\/portaltela.pt\/noticias\/2026\/04\/27\/rei-carlos-iii-chega-aos-eua-para-visita-de-estado\/"},"wordCount":148,"image":{"@id":"https:\/\/portaltela.pt\/noticias\/2026\/04\/27\/rei-carlos-iii-chega-aos-eua-para-visita-de-estado\/#primaryimage"},"thumbnailUrl":"https:\/\/portaltela.pt\/s.01k8rhncp4jt1\/2026\/04\/img_1280x722uu2026-04-27-20-50-40-2281459.jpg","keywords":["coopera\u00e7\u00e3o internacional","diplomacia","Estados Unidos","pol\u00edtica externa","Reino Unido","rela\u00e7\u00f5es internacionais"],"articleSection":["Internacionais","Not\u00edcias"],"inLanguage":"pt-PT"},{"@type":"WebPage","@id":"https:\/\/portaltela.pt\/noticias\/2026\/04\/27\/rei-carlos-iii-chega-aos-eua-para-visita-de-estado\/","url":"https:\/\/portaltela.pt\/noticias\/2026\/04\/27\/rei-carlos-iii-chega-aos-eua-para-visita-de-estado\/","name":"Rei Carlos III chega aos EUA para visita de Estado - Portal Tela Portugal","isPartOf":{"@id":"https:\/\/portaltela.pt\/#website"},"primaryImageOfPage":{"@id":"https:\/\/portaltela.pt\/noticias\/2026\/04\/27\/rei-carlos-iii-chega-aos-eua-para-visita-de-estado\/#primaryimage"},"image":{"@id":"https:\/\/portaltela.pt\/noticias\/2026\/04\/27\/rei-carlos-iii-chega-aos-eua-para-visita-de-estado\/#primaryimage"},"thumbnailUrl":"https:\/\/portaltela.pt\/s.01k8rhncp4jt1\/2026\/04\/img_1280x722uu2026-04-27-20-50-40-2281459.jpg","datePublished":"2026-04-27T20:03:28+00:00","author":{"@id":"https:\/\/portaltela.pt\/#\/schema\/person\/c4278d4a6028830caff9ee44b42d32ed"},"breadcrumb":{"@id":"https:\/\/portaltela.pt\/noticias\/2026\/04\/27\/rei-carlos-iii-chega-aos-eua-para-visita-de-estado\/#breadcrumb"},"inLanguage":"pt-PT","potentialAction":[{"@type":"ReadAction","target":["https:\/\/portaltela.pt\/noticias\/2026\/04\/27\/rei-carlos-iii-chega-aos-eua-para-visita-de-estado\/"]}]},{"@type":"ImageObject","inLanguage":"pt-PT","@id":"https:\/\/portaltela.pt\/noticias\/2026\/04\/27\/rei-carlos-iii-chega-aos-eua-para-visita-de-estado\/#primaryimage","url":"https:\/\/portaltela.pt\/s.01k8rhncp4jt1\/2026\/04\/img_1280x722uu2026-04-27-20-50-40-2281459.jpg","contentUrl":"https:\/\/portaltela.pt\/s.01k8rhncp4jt1\/2026\/04\/img_1280x722uu2026-04-27-20-50-40-2281459.jpg","width":796,"height":448,"caption":"Rei Carlos III chega aos EUA para visita de Estado"},{"@type":"BreadcrumbList","@id":"https:\/\/portaltela.pt\/noticias\/2026\/04\/27\/rei-carlos-iii-chega-aos-eua-para-visita-de-estado\/#breadcrumb","itemListElement":[{"@type":"ListItem","position":1,"name":"In\u00edcio","item":"https:\/\/portaltela.pt\/"},{"@type":"ListItem","position":2,"name":"Rei Carlos III chega aos EUA para visita de Estado"}]},{"@type":"WebSite","@id":"https:\/\/portaltela.pt\/#website","url":"https:\/\/portaltela.pt\/","name":"Portal Tela Portugal","description":"","potentialAction":[{"@type":"SearchAction","target":{"@type":"EntryPoint","urlTemplate":"https:\/\/portaltela.pt\/?s={search_term_string}"},"query-input":{"@type":"PropertyValueSpecification","valueRequired":true,"valueName":"search_term_string"}}],"inLanguage":"pt-PT"},{"@type":"Person","@id":"https:\/\/portaltela.pt\/#\/schema\/person\/c4278d4a6028830caff9ee44b42d32ed","name":"Telinha","image":{"@type":"ImageObject","inLanguage":"pt-PT","@id":"https:\/\/portaltela.pt\/s.01k8rhncp4jt1\/2025\/11\/talking-bot-125x125.png","url":"https:\/\/portaltela.pt\/s.01k8rhncp4jt1\/2025\/11\/talking-bot-125x125.png","contentUrl":"https:\/\/portaltela.pt\/s.01k8rhncp4jt1\/2025\/11\/talking-bot-125x125.png","caption":"Telinha"},"sameAs":["https:\/\/portaltela.pt\/"],"url":"https:\/\/portaltela.pt\/por\/367410592786\/"}]}},"_links":{"self":[{"href":"https:\/\/portaltela.pt\/api\/wp\/v2\/posts\/458904","targetHints":{"allow":["GET"]}}],"collection":[{"href":"https:\/\/portaltela.pt\/api\/wp\/v2\/posts"}],"about":[{"href":"https:\/\/portaltela.pt\/api\/wp\/v2\/types\/post"}],"author":[{"embeddable":true,"href":"https:\/\/portaltela.pt\/api\/wp\/v2\/users\/2"}],"replies":[{"embeddable":true,"href":"https:\/\/portaltela.pt\/api\/wp\/v2\/comments?post=458904"}],"version-history":[{"count":0,"href":"https:\/\/portaltela.pt\/api\/wp\/v2\/posts\/458904\/revisions"}],"wp:featuredmedia":[{"embeddable":true,"href":"https:\/\/portaltela.pt\/api\/wp\/v2\/media\/458913"}],"wp:attachment":[{"href":"https:\/\/portaltela.pt\/api\/wp\/v2\/media?parent=458904"}],"wp:term":[{"taxonomy":"category","embeddable":true,"href":"https:\/\/portaltela.pt\/api\/wp\/v2\/categories?post=458904"},{"taxonomy":"post_tag","embeddable":true,"href":"https:\/\/portaltela.pt\/api\/wp\/v2\/tags?post=458904"}],"curies":[{"name":"wp","href":"https:\/\/api.w.org\/{rel}","templated":true}]}}