{"id":458903,"date":"2026-04-27T17:03:28","date_gmt":"2026-04-27T20:03:28","guid":{"rendered":"https:\/\/portaltela.pt\/noticias\/2026\/04\/27\/sucessor-de-mourinho-tambem-e-despedido-pelo-fenerbahce\/"},"modified":"2026-04-27T17:03:28","modified_gmt":"2026-04-27T20:03:28","slug":"sucessor-de-mourinho-tambem-e-despedido-pelo-fenerbahce","status":"publish","type":"post","link":"https:\/\/portaltela.pt\/desporto\/futebol\/2026\/04\/27\/sucessor-de-mourinho-tambem-e-despedido-pelo-fenerbahce\/","title":{"rendered":"Sucessor de Mourinho tamb\u00e9m \u00e9 despedido pelo Fenerbah\u00e7e"},"content":{"rendered":"<p>O Fenerbah\u00e7e anunciou hoje a sa\u00edda de Domenico Tedesco da equipa t\u00e9cnica, ap\u00f3s a derrota pesada frente ao Galatasaray. A decis\u00e3o encerra o ciclo do treinador alem\u00e3o, contratado em setembro para suceder Jos\u00e9 Mourinho.<\/p>\n<p>O desfecho do campeonato ficou comprometido: o Fenerbah\u00e7e caiu para sete pontos do l\u00edder, com apenas tr\u00eas jornadas por disputar. A derrota de 3-0 diante do Galatasaray foi determinante para a decis\u00e3o.<\/p>\n<p>Dias antes, o clube j\u00e1 tinha sido eliminado da Ta\u00e7a da Turquia, ao perder com o Konyaspor por 1-0, agravando a crise desportiva.<\/p>\n<h3>Mudan\u00e7as no staff t\u00e9cnico<\/h3>\n<p>Al\u00e9m de Tedesco, o Fenerbah\u00e7e comunicou a sa\u00edda de Devin Ozek, diretor desportivo, e de Berke \u00c7elebi, coordenador do futebol, como parte da reformula\u00e7\u00e3o.<\/p>\n<p>O plantel conta com o defesa Nelson Semedo e refor\u00e7os recentes, nomeadamente Akturkoglu, Ederson Moraes e N\u2019Golo Kant\u00e9, cuja adapta\u00e7\u00e3o continua a dominar as not\u00edcias do clube.<\/p>\n","protected":false},"excerpt":{"rendered":"<ul>\n<li>O Fenerbah\u00e7e anunciou a sa\u00edda de Domenico Tedesco do comando t\u00e9cnico, ap\u00f3s a derrota pesada frente ao Galatasaray.<\/li>\n<li>A derrota por 3-0 deixou o clube a sete pontos do l\u00edder, com tr\u00eas jornadas pela frente.<\/li>\n<li>Dias antes, o Fenerbah\u00e7e tinha sido eliminado da Ta\u00e7a da Turquia pelo Konyaspor.<\/li>\n<li>Al\u00e9m de Tedesco, sa\u00edram Devin Ozek (diretor desportivo) e Berke \u00c7elebi (coordenador do futebol).<\/li>\n<li>O plantel inclui o portugu\u00eas N\u00e9lson Semedo, com refor\u00e7os como Akturkoglou, Ederson Moraes e N\u2019Golo Kant\u00e9.<\/li>\n<\/ul>\n","protected":false},"author":2,"featured_media":458919,"comment_status":"closed","ping_status":"closed","sticky":false,"template":"","format":"standard","meta":{"footnotes":""},"categories":[21,24],"tags":[32,2138,9761,9760,2477,2126],"class_list":["post-458903","post","type-post","status-publish","format-standard","has-post-thumbnail","hentry","category-desporto","category-futebol","tag-futebol","tag-jose-mourinho","tag-ngolo-kante","tag-nelson-semedo","tag-treinadores","tag-turquia"],"yoast_head":"<!-- This site is optimized with the Yoast SEO plugin v27.2 - https:\/\/yoast.com\/product\/yoast-seo-wordpress\/ -->\n<title>Sucessor de Mourinho tamb\u00e9m \u00e9 despedido pelo Fenerbah\u00e7e - Portal Tela Portugal<\/title>\n<meta name=\"robots\" content=\"index, follow, max-snippet:-1, max-image-preview:large, max-video-preview:-1\" \/>\n<meta property=\"og:locale\" content=\"pt_PT\" \/>\n<meta property=\"og:type\" content=\"article\" \/>\n<meta property=\"og:title\" content=\"Sucessor de Mourinho tamb\u00e9m \u00e9 despedido pelo Fenerbah\u00e7e - Portal Tela Portugal\" \/>\n<meta property=\"og:description\" content=\"O Fenerbah\u00e7e anunciou a sa\u00edda de Domenico Tedesco do comando t\u00e9cnico, ap\u00f3s a derrota pesada frente ao Galatasaray. A derrota por 3-0 deixou o clube a sete pontos do l\u00edder, com tr\u00eas jornadas pela frente. Dias antes, o Fenerbah\u00e7e tinha sido eliminado da Ta\u00e7a da Turquia pelo Konyaspor. Al\u00e9m de Tedesco, sa\u00edram Devin Ozek (diretor desportivo) e Berke \u00c7elebi (coordenador do futebol). O plantel inclui o portugu\u00eas N\u00e9lson Semedo, com refor\u00e7os como Akturkoglou, Ederson Moraes e N\u2019Golo Kant\u00e9.\" \/>\n<meta property=\"og:url\" content=\"https:\/\/portaltela.pt\/noticias\/2026\/04\/27\/sucessor-de-mourinho-tambem-e-despedido-pelo-fenerbahce\/\" \/>\n<meta property=\"og:site_name\" content=\"Portal Tela Portugal\" \/>\n<meta property=\"article:published_time\" content=\"2026-04-27T20:03:28+00:00\" \/>\n<meta name=\"author\" content=\"Telinha\" \/>\n<meta name=\"twitter:card\" content=\"summary_large_image\" \/>\n<meta name=\"twitter:label1\" content=\"Escrito por\" \/>\n\t<meta name=\"twitter:data1\" content=\"Telinha\" \/>\n\t<meta name=\"twitter:label2\" content=\"Tempo estimado de leitura\" \/>\n\t<meta name=\"twitter:data2\" content=\"1 minuto\" \/>\n<script type=\"application\/ld+json\" class=\"yoast-schema-graph\">{\"@context\":\"https:\/\/schema.org\",\"@graph\":[{\"@type\":\"Article\",\"@id\":\"https:\/\/portaltela.pt\/noticias\/2026\/04\/27\/sucessor-de-mourinho-tambem-e-despedido-pelo-fenerbahce\/#article\",\"isPartOf\":{\"@id\":\"https:\/\/portaltela.pt\/noticias\/2026\/04\/27\/sucessor-de-mourinho-tambem-e-despedido-pelo-fenerbahce\/\"},\"author\":{\"name\":\"Telinha\",\"@id\":\"https:\/\/portaltela.pt\/#\/schema\/person\/c4278d4a6028830caff9ee44b42d32ed\"},\"headline\":\"Sucessor de Mourinho tamb\u00e9m \u00e9 despedido pelo Fenerbah\u00e7e\",\"datePublished\":\"2026-04-27T20:03:28+00:00\",\"mainEntityOfPage\":{\"@id\":\"https:\/\/portaltela.pt\/noticias\/2026\/04\/27\/sucessor-de-mourinho-tambem-e-despedido-pelo-fenerbahce\/\"},\"wordCount\":174,\"image\":{\"@id\":\"https:\/\/portaltela.pt\/noticias\/2026\/04\/27\/sucessor-de-mourinho-tambem-e-despedido-pelo-fenerbahce\/#primaryimage\"},\"thumbnailUrl\":\"https:\/\/portaltela.pt\/s.01k8rhncp4jt1\/2026\/04\/image-1559.jpg\",\"keywords\":[\"futebol\",\"Jos\u00e9 Mourinho\",\"N\u2019Golo Kant\u00e9\",\"Nelson Semedo\",\"treinadores\",\"Turquia\"],\"articleSection\":[\"Desporto\",\"Futebol\"],\"inLanguage\":\"pt-PT\"},{\"@type\":\"WebPage\",\"@id\":\"https:\/\/portaltela.pt\/noticias\/2026\/04\/27\/sucessor-de-mourinho-tambem-e-despedido-pelo-fenerbahce\/\",\"url\":\"https:\/\/portaltela.pt\/noticias\/2026\/04\/27\/sucessor-de-mourinho-tambem-e-despedido-pelo-fenerbahce\/\",\"name\":\"Sucessor de Mourinho tamb\u00e9m \u00e9 despedido pelo Fenerbah\u00e7e - Portal Tela Portugal\",\"isPartOf\":{\"@id\":\"https:\/\/portaltela.pt\/#website\"},\"primaryImageOfPage\":{\"@id\":\"https:\/\/portaltela.pt\/noticias\/2026\/04\/27\/sucessor-de-mourinho-tambem-e-despedido-pelo-fenerbahce\/#primaryimage\"},\"image\":{\"@id\":\"https:\/\/portaltela.pt\/noticias\/2026\/04\/27\/sucessor-de-mourinho-tambem-e-despedido-pelo-fenerbahce\/#primaryimage\"},\"thumbnailUrl\":\"https:\/\/portaltela.pt\/s.01k8rhncp4jt1\/2026\/04\/image-1559.jpg\",\"datePublished\":\"2026-04-27T20:03:28+00:00\",\"author\":{\"@id\":\"https:\/\/portaltela.pt\/#\/schema\/person\/c4278d4a6028830caff9ee44b42d32ed\"},\"breadcrumb\":{\"@id\":\"https:\/\/portaltela.pt\/noticias\/2026\/04\/27\/sucessor-de-mourinho-tambem-e-despedido-pelo-fenerbahce\/#breadcrumb\"},\"inLanguage\":\"pt-PT\",\"potentialAction\":[{\"@type\":\"ReadAction\",\"target\":[\"https:\/\/portaltela.pt\/noticias\/2026\/04\/27\/sucessor-de-mourinho-tambem-e-despedido-pelo-fenerbahce\/\"]}]},{\"@type\":\"ImageObject\",\"inLanguage\":\"pt-PT\",\"@id\":\"https:\/\/portaltela.pt\/noticias\/2026\/04\/27\/sucessor-de-mourinho-tambem-e-despedido-pelo-fenerbahce\/#primaryimage\",\"url\":\"https:\/\/portaltela.pt\/s.01k8rhncp4jt1\/2026\/04\/image-1559.jpg\",\"contentUrl\":\"https:\/\/portaltela.pt\/s.01k8rhncp4jt1\/2026\/04\/image-1559.jpg\",\"width\":796,\"height\":448,\"caption\":\"Domenico Tedesco sucedeu a Jos\u00e9 Mourinho no comando do Fenerbah\u00e7e\"},{\"@type\":\"BreadcrumbList\",\"@id\":\"https:\/\/portaltela.pt\/noticias\/2026\/04\/27\/sucessor-de-mourinho-tambem-e-despedido-pelo-fenerbahce\/#breadcrumb\",\"itemListElement\":[{\"@type\":\"ListItem\",\"position\":1,\"name\":\"In\u00edcio\",\"item\":\"https:\/\/portaltela.pt\/\"},{\"@type\":\"ListItem\",\"position\":2,\"name\":\"Sucessor de Mourinho tamb\u00e9m \u00e9 despedido pelo Fenerbah\u00e7e\"}]},{\"@type\":\"WebSite\",\"@id\":\"https:\/\/portaltela.pt\/#website\",\"url\":\"https:\/\/portaltela.pt\/\",\"name\":\"Portal Tela Portugal\",\"description\":\"\",\"potentialAction\":[{\"@type\":\"SearchAction\",\"target\":{\"@type\":\"EntryPoint\",\"urlTemplate\":\"https:\/\/portaltela.pt\/?s={search_term_string}\"},\"query-input\":{\"@type\":\"PropertyValueSpecification\",\"valueRequired\":true,\"valueName\":\"search_term_string\"}}],\"inLanguage\":\"pt-PT\"},{\"@type\":\"Person\",\"@id\":\"https:\/\/portaltela.pt\/#\/schema\/person\/c4278d4a6028830caff9ee44b42d32ed\",\"name\":\"Telinha\",\"image\":{\"@type\":\"ImageObject\",\"inLanguage\":\"pt-PT\",\"@id\":\"https:\/\/portaltela.pt\/s.01k8rhncp4jt1\/2025\/11\/talking-bot-125x125.png\",\"url\":\"https:\/\/portaltela.pt\/s.01k8rhncp4jt1\/2025\/11\/talking-bot-125x125.png\",\"contentUrl\":\"https:\/\/portaltela.pt\/s.01k8rhncp4jt1\/2025\/11\/talking-bot-125x125.png\",\"caption\":\"Telinha\"},\"sameAs\":[\"https:\/\/portaltela.pt\/\"],\"url\":\"https:\/\/portaltela.pt\/por\/367410592786\/\"}]}<\/script>\n<!-- \/ Yoast SEO plugin. -->","yoast_head_json":{"title":"Sucessor de Mourinho tamb\u00e9m \u00e9 despedido pelo Fenerbah\u00e7e - Portal Tela Portugal","robots":{"index":"index","follow":"follow","max-snippet":"max-snippet:-1","max-image-preview":"max-image-preview:large","max-video-preview":"max-video-preview:-1"},"og_locale":"pt_PT","og_type":"article","og_title":"Sucessor de Mourinho tamb\u00e9m \u00e9 despedido pelo Fenerbah\u00e7e - Portal Tela Portugal","og_description":"O Fenerbah\u00e7e anunciou a sa\u00edda de Domenico Tedesco do comando t\u00e9cnico, ap\u00f3s a derrota pesada frente ao Galatasaray. A derrota por 3-0 deixou o clube a sete pontos do l\u00edder, com tr\u00eas jornadas pela frente. Dias antes, o Fenerbah\u00e7e tinha sido eliminado da Ta\u00e7a da Turquia pelo Konyaspor. Al\u00e9m de Tedesco, sa\u00edram Devin Ozek (diretor desportivo) e Berke \u00c7elebi (coordenador do futebol). O plantel inclui o portugu\u00eas N\u00e9lson Semedo, com refor\u00e7os como Akturkoglou, Ederson Moraes e N\u2019Golo Kant\u00e9.","og_url":"https:\/\/portaltela.pt\/noticias\/2026\/04\/27\/sucessor-de-mourinho-tambem-e-despedido-pelo-fenerbahce\/","og_site_name":"Portal Tela Portugal","article_published_time":"2026-04-27T20:03:28+00:00","author":"Telinha","twitter_card":"summary_large_image","twitter_misc":{"Escrito por":"Telinha","Tempo estimado de leitura":"1 minuto"},"schema":{"@context":"https:\/\/schema.org","@graph":[{"@type":"Article","@id":"https:\/\/portaltela.pt\/noticias\/2026\/04\/27\/sucessor-de-mourinho-tambem-e-despedido-pelo-fenerbahce\/#article","isPartOf":{"@id":"https:\/\/portaltela.pt\/noticias\/2026\/04\/27\/sucessor-de-mourinho-tambem-e-despedido-pelo-fenerbahce\/"},"author":{"name":"Telinha","@id":"https:\/\/portaltela.pt\/#\/schema\/person\/c4278d4a6028830caff9ee44b42d32ed"},"headline":"Sucessor de Mourinho tamb\u00e9m \u00e9 despedido pelo Fenerbah\u00e7e","datePublished":"2026-04-27T20:03:28+00:00","mainEntityOfPage":{"@id":"https:\/\/portaltela.pt\/noticias\/2026\/04\/27\/sucessor-de-mourinho-tambem-e-despedido-pelo-fenerbahce\/"},"wordCount":174,"image":{"@id":"https:\/\/portaltela.pt\/noticias\/2026\/04\/27\/sucessor-de-mourinho-tambem-e-despedido-pelo-fenerbahce\/#primaryimage"},"thumbnailUrl":"https:\/\/portaltela.pt\/s.01k8rhncp4jt1\/2026\/04\/image-1559.jpg","keywords":["futebol","Jos\u00e9 Mourinho","N\u2019Golo Kant\u00e9","Nelson Semedo","treinadores","Turquia"],"articleSection":["Desporto","Futebol"],"inLanguage":"pt-PT"},{"@type":"WebPage","@id":"https:\/\/portaltela.pt\/noticias\/2026\/04\/27\/sucessor-de-mourinho-tambem-e-despedido-pelo-fenerbahce\/","url":"https:\/\/portaltela.pt\/noticias\/2026\/04\/27\/sucessor-de-mourinho-tambem-e-despedido-pelo-fenerbahce\/","name":"Sucessor de Mourinho tamb\u00e9m \u00e9 despedido pelo Fenerbah\u00e7e - Portal Tela Portugal","isPartOf":{"@id":"https:\/\/portaltela.pt\/#website"},"primaryImageOfPage":{"@id":"https:\/\/portaltela.pt\/noticias\/2026\/04\/27\/sucessor-de-mourinho-tambem-e-despedido-pelo-fenerbahce\/#primaryimage"},"image":{"@id":"https:\/\/portaltela.pt\/noticias\/2026\/04\/27\/sucessor-de-mourinho-tambem-e-despedido-pelo-fenerbahce\/#primaryimage"},"thumbnailUrl":"https:\/\/portaltela.pt\/s.01k8rhncp4jt1\/2026\/04\/image-1559.jpg","datePublished":"2026-04-27T20:03:28+00:00","author":{"@id":"https:\/\/portaltela.pt\/#\/schema\/person\/c4278d4a6028830caff9ee44b42d32ed"},"breadcrumb":{"@id":"https:\/\/portaltela.pt\/noticias\/2026\/04\/27\/sucessor-de-mourinho-tambem-e-despedido-pelo-fenerbahce\/#breadcrumb"},"inLanguage":"pt-PT","potentialAction":[{"@type":"ReadAction","target":["https:\/\/portaltela.pt\/noticias\/2026\/04\/27\/sucessor-de-mourinho-tambem-e-despedido-pelo-fenerbahce\/"]}]},{"@type":"ImageObject","inLanguage":"pt-PT","@id":"https:\/\/portaltela.pt\/noticias\/2026\/04\/27\/sucessor-de-mourinho-tambem-e-despedido-pelo-fenerbahce\/#primaryimage","url":"https:\/\/portaltela.pt\/s.01k8rhncp4jt1\/2026\/04\/image-1559.jpg","contentUrl":"https:\/\/portaltela.pt\/s.01k8rhncp4jt1\/2026\/04\/image-1559.jpg","width":796,"height":448,"caption":"Domenico Tedesco sucedeu a Jos\u00e9 Mourinho no comando do Fenerbah\u00e7e"},{"@type":"BreadcrumbList","@id":"https:\/\/portaltela.pt\/noticias\/2026\/04\/27\/sucessor-de-mourinho-tambem-e-despedido-pelo-fenerbahce\/#breadcrumb","itemListElement":[{"@type":"ListItem","position":1,"name":"In\u00edcio","item":"https:\/\/portaltela.pt\/"},{"@type":"ListItem","position":2,"name":"Sucessor de Mourinho tamb\u00e9m \u00e9 despedido pelo Fenerbah\u00e7e"}]},{"@type":"WebSite","@id":"https:\/\/portaltela.pt\/#website","url":"https:\/\/portaltela.pt\/","name":"Portal Tela Portugal","description":"","potentialAction":[{"@type":"SearchAction","target":{"@type":"EntryPoint","urlTemplate":"https:\/\/portaltela.pt\/?s={search_term_string}"},"query-input":{"@type":"PropertyValueSpecification","valueRequired":true,"valueName":"search_term_string"}}],"inLanguage":"pt-PT"},{"@type":"Person","@id":"https:\/\/portaltela.pt\/#\/schema\/person\/c4278d4a6028830caff9ee44b42d32ed","name":"Telinha","image":{"@type":"ImageObject","inLanguage":"pt-PT","@id":"https:\/\/portaltela.pt\/s.01k8rhncp4jt1\/2025\/11\/talking-bot-125x125.png","url":"https:\/\/portaltela.pt\/s.01k8rhncp4jt1\/2025\/11\/talking-bot-125x125.png","contentUrl":"https:\/\/portaltela.pt\/s.01k8rhncp4jt1\/2025\/11\/talking-bot-125x125.png","caption":"Telinha"},"sameAs":["https:\/\/portaltela.pt\/"],"url":"https:\/\/portaltela.pt\/por\/367410592786\/"}]}},"_links":{"self":[{"href":"https:\/\/portaltela.pt\/api\/wp\/v2\/posts\/458903","targetHints":{"allow":["GET"]}}],"collection":[{"href":"https:\/\/portaltela.pt\/api\/wp\/v2\/posts"}],"about":[{"href":"https:\/\/portaltela.pt\/api\/wp\/v2\/types\/post"}],"author":[{"embeddable":true,"href":"https:\/\/portaltela.pt\/api\/wp\/v2\/users\/2"}],"replies":[{"embeddable":true,"href":"https:\/\/portaltela.pt\/api\/wp\/v2\/comments?post=458903"}],"version-history":[{"count":0,"href":"https:\/\/portaltela.pt\/api\/wp\/v2\/posts\/458903\/revisions"}],"wp:featuredmedia":[{"embeddable":true,"href":"https:\/\/portaltela.pt\/api\/wp\/v2\/media\/458919"}],"wp:attachment":[{"href":"https:\/\/portaltela.pt\/api\/wp\/v2\/media?parent=458903"}],"wp:term":[{"taxonomy":"category","embeddable":true,"href":"https:\/\/portaltela.pt\/api\/wp\/v2\/categories?post=458903"},{"taxonomy":"post_tag","embeddable":true,"href":"https:\/\/portaltela.pt\/api\/wp\/v2\/tags?post=458903"}],"curies":[{"name":"wp","href":"https:\/\/api.w.org\/{rel}","templated":true}]}}