{"id":458864,"date":"2026-04-27T16:33:13","date_gmt":"2026-04-27T19:33:13","guid":{"rendered":"https:\/\/portaltela.pt\/noticias\/2026\/04\/27\/suspeito-de-tiroteio-em-jantar-da-casa-branca-acusado-de-homicidio-contra-o-presidente\/"},"modified":"2026-04-27T16:33:13","modified_gmt":"2026-04-27T19:33:13","slug":"suspeito-de-tiroteio-em-jantar-da-casa-branca-acusado-de-homicidio-contra-o-presidente","status":"publish","type":"post","link":"https:\/\/portaltela.pt\/justica\/2026\/04\/27\/suspeito-de-tiroteio-em-jantar-da-casa-branca-acusado-de-homicidio-contra-o-presidente\/","title":{"rendered":"Suspeito de tiroteio em jantar da Casa Branca acusado de homic\u00eddio contra o presidente"},"content":{"rendered":"<p>O suspeito de ter efetuado o tiroteio num jantar da Casa Branca, no s\u00e1bado, foi acusado nesta segunda-feira de tentativa de homic\u00eddio contra o presidente Donald Trump.<\/p>\n<p>Cole Allen compareceu em tribunal para o primeiro interrogat\u00f3rio; o juiz determinou que o suspeito permanecesse detido. Chegou algemado e manteve express\u00e3o neutra durante a audi\u00eancia.<\/p>\n<p>O incidente ocorreu no Hilton Washington, onde estavam presentes v\u00e1rios funcion\u00e1rios da Casa Branca, o presidente, a esposa e o vice-presidente. Todos foram retirados da sala de forma r\u00e1pida.<\/p>\n","protected":false},"excerpt":{"rendered":"<ul>\n<li>O suspeito de ter atirado num jantar da Casa Branca foi acusado, nesta segunda-feira, de tentativa de homic\u00eddio contra o presidente dos EUA, Donald Trump.<\/li>\n<li>O suspeito, Cole Allen, foi levado a tribunal para o primeiro interrogat\u00f3rio, que decorreu sob cust\u00f3dia.<\/li>\n<li>O juiz determinou que ele permanecesse detido durante o processo.<\/li>\n<li>A sess\u00e3o ocorreu com o suspeito algemado e a manter express\u00e3o neutra.<\/li>\n<li>O incidente aconteceu no s\u00e1bado, num jantar no Hilton Washington, onde estavam presentes v\u00e1rios funcion\u00e1rios da Casa Branca, o presidente, a mulher e o vice-presidente, que foram rapidamente retirados da sala.<\/li>\n<\/ul>\n","protected":false},"author":2,"featured_media":458865,"comment_status":"closed","ping_status":"closed","sticky":false,"template":"","format":"standard","meta":{"footnotes":""},"categories":[6907,6815],"tags":[147,4953,1600,1345,30,5445],"class_list":["post-458864","post","type-post","status-publish","format-standard","has-post-thumbnail","hentry","category-crime","category-justica","tag-crime","tag-donald-trump","tag-estados-unidos","tag-homicidio","tag-presidente","tag-tentativa-de-homicidio"],"yoast_head":"<!-- This site is optimized with the Yoast SEO plugin v27.2 - https:\/\/yoast.com\/product\/yoast-seo-wordpress\/ -->\n<title>Suspeito de tiroteio em jantar da Casa Branca acusado de homic\u00eddio contra o presidente - Portal Tela Portugal<\/title>\n<meta name=\"robots\" content=\"index, follow, max-snippet:-1, max-image-preview:large, max-video-preview:-1\" \/>\n<meta property=\"og:locale\" content=\"pt_PT\" \/>\n<meta property=\"og:type\" content=\"article\" \/>\n<meta property=\"og:title\" content=\"Suspeito de tiroteio em jantar da Casa Branca acusado de homic\u00eddio contra o presidente - Portal Tela Portugal\" \/>\n<meta property=\"og:description\" content=\"O suspeito de ter atirado num jantar da Casa Branca foi acusado, nesta segunda-feira, de tentativa de homic\u00eddio contra o presidente dos EUA, Donald Trump. O suspeito, Cole Allen, foi levado a tribunal para o primeiro interrogat\u00f3rio, que decorreu sob cust\u00f3dia. O juiz determinou que ele permanecesse detido durante o processo. A sess\u00e3o ocorreu com o suspeito algemado e a manter express\u00e3o neutra. O incidente aconteceu no s\u00e1bado, num jantar no Hilton Washington, onde estavam presentes v\u00e1rios funcion\u00e1rios da Casa Branca, o presidente, a mulher e o vice-presidente, que foram rapidamente retirados da sala.\" \/>\n<meta property=\"og:url\" content=\"https:\/\/portaltela.pt\/noticias\/2026\/04\/27\/suspeito-de-tiroteio-em-jantar-da-casa-branca-acusado-de-homicidio-contra-o-presidente\/\" \/>\n<meta property=\"og:site_name\" content=\"Portal Tela Portugal\" \/>\n<meta property=\"article:published_time\" content=\"2026-04-27T19:33:13+00:00\" \/>\n<meta name=\"author\" content=\"Telinha\" \/>\n<meta name=\"twitter:card\" content=\"summary_large_image\" \/>\n<meta name=\"twitter:label1\" content=\"Escrito por\" \/>\n\t<meta name=\"twitter:data1\" content=\"Telinha\" \/>\n<script type=\"application\/ld+json\" class=\"yoast-schema-graph\">{\"@context\":\"https:\/\/schema.org\",\"@graph\":[{\"@type\":\"Article\",\"@id\":\"https:\/\/portaltela.pt\/noticias\/2026\/04\/27\/suspeito-de-tiroteio-em-jantar-da-casa-branca-acusado-de-homicidio-contra-o-presidente\/#article\",\"isPartOf\":{\"@id\":\"https:\/\/portaltela.pt\/noticias\/2026\/04\/27\/suspeito-de-tiroteio-em-jantar-da-casa-branca-acusado-de-homicidio-contra-o-presidente\/\"},\"author\":{\"name\":\"Telinha\",\"@id\":\"https:\/\/portaltela.pt\/#\/schema\/person\/c4278d4a6028830caff9ee44b42d32ed\"},\"headline\":\"Suspeito de tiroteio em jantar da Casa Branca acusado de homic\u00eddio contra o presidente\",\"datePublished\":\"2026-04-27T19:33:13+00:00\",\"mainEntityOfPage\":{\"@id\":\"https:\/\/portaltela.pt\/noticias\/2026\/04\/27\/suspeito-de-tiroteio-em-jantar-da-casa-branca-acusado-de-homicidio-contra-o-presidente\/\"},\"wordCount\":105,\"image\":{\"@id\":\"https:\/\/portaltela.pt\/noticias\/2026\/04\/27\/suspeito-de-tiroteio-em-jantar-da-casa-branca-acusado-de-homicidio-contra-o-presidente\/#primaryimage\"},\"thumbnailUrl\":\"https:\/\/portaltela.pt\/s.01k8rhncp4jt1\/2026\/04\/img_293x165uu2026-04-26-03-00-10-2435319.jpg\",\"keywords\":[\"crime\",\"Donald Trump\",\"Estados Unidos\",\"homic\u00eddio\",\"presidente\",\"tentativa de homic\u00eddio\"],\"articleSection\":[\"Crime\",\"Justi\u00e7a\"],\"inLanguage\":\"pt-PT\"},{\"@type\":\"WebPage\",\"@id\":\"https:\/\/portaltela.pt\/noticias\/2026\/04\/27\/suspeito-de-tiroteio-em-jantar-da-casa-branca-acusado-de-homicidio-contra-o-presidente\/\",\"url\":\"https:\/\/portaltela.pt\/noticias\/2026\/04\/27\/suspeito-de-tiroteio-em-jantar-da-casa-branca-acusado-de-homicidio-contra-o-presidente\/\",\"name\":\"Suspeito de tiroteio em jantar da Casa Branca acusado de homic\u00eddio contra o presidente - Portal Tela Portugal\",\"isPartOf\":{\"@id\":\"https:\/\/portaltela.pt\/#website\"},\"primaryImageOfPage\":{\"@id\":\"https:\/\/portaltela.pt\/noticias\/2026\/04\/27\/suspeito-de-tiroteio-em-jantar-da-casa-branca-acusado-de-homicidio-contra-o-presidente\/#primaryimage\"},\"image\":{\"@id\":\"https:\/\/portaltela.pt\/noticias\/2026\/04\/27\/suspeito-de-tiroteio-em-jantar-da-casa-branca-acusado-de-homicidio-contra-o-presidente\/#primaryimage\"},\"thumbnailUrl\":\"https:\/\/portaltela.pt\/s.01k8rhncp4jt1\/2026\/04\/img_293x165uu2026-04-26-03-00-10-2435319.jpg\",\"datePublished\":\"2026-04-27T19:33:13+00:00\",\"author\":{\"@id\":\"https:\/\/portaltela.pt\/#\/schema\/person\/c4278d4a6028830caff9ee44b42d32ed\"},\"breadcrumb\":{\"@id\":\"https:\/\/portaltela.pt\/noticias\/2026\/04\/27\/suspeito-de-tiroteio-em-jantar-da-casa-branca-acusado-de-homicidio-contra-o-presidente\/#breadcrumb\"},\"inLanguage\":\"pt-PT\",\"potentialAction\":[{\"@type\":\"ReadAction\",\"target\":[\"https:\/\/portaltela.pt\/noticias\/2026\/04\/27\/suspeito-de-tiroteio-em-jantar-da-casa-branca-acusado-de-homicidio-contra-o-presidente\/\"]}]},{\"@type\":\"ImageObject\",\"inLanguage\":\"pt-PT\",\"@id\":\"https:\/\/portaltela.pt\/noticias\/2026\/04\/27\/suspeito-de-tiroteio-em-jantar-da-casa-branca-acusado-de-homicidio-contra-o-presidente\/#primaryimage\",\"url\":\"https:\/\/portaltela.pt\/s.01k8rhncp4jt1\/2026\/04\/img_293x165uu2026-04-26-03-00-10-2435319.jpg\",\"contentUrl\":\"https:\/\/portaltela.pt\/s.01k8rhncp4jt1\/2026\/04\/img_293x165uu2026-04-26-03-00-10-2435319.jpg\",\"width\":796,\"height\":448,\"caption\":\"Suspeito de tiroteio em jantar da Casa Branca acusado de tentativa de homic\u00eddio contra o presidente dos EUA\"},{\"@type\":\"BreadcrumbList\",\"@id\":\"https:\/\/portaltela.pt\/noticias\/2026\/04\/27\/suspeito-de-tiroteio-em-jantar-da-casa-branca-acusado-de-homicidio-contra-o-presidente\/#breadcrumb\",\"itemListElement\":[{\"@type\":\"ListItem\",\"position\":1,\"name\":\"In\u00edcio\",\"item\":\"https:\/\/portaltela.pt\/\"},{\"@type\":\"ListItem\",\"position\":2,\"name\":\"Suspeito de tiroteio em jantar da Casa Branca acusado de homic\u00eddio contra o presidente\"}]},{\"@type\":\"WebSite\",\"@id\":\"https:\/\/portaltela.pt\/#website\",\"url\":\"https:\/\/portaltela.pt\/\",\"name\":\"Portal Tela Portugal\",\"description\":\"\",\"potentialAction\":[{\"@type\":\"SearchAction\",\"target\":{\"@type\":\"EntryPoint\",\"urlTemplate\":\"https:\/\/portaltela.pt\/?s={search_term_string}\"},\"query-input\":{\"@type\":\"PropertyValueSpecification\",\"valueRequired\":true,\"valueName\":\"search_term_string\"}}],\"inLanguage\":\"pt-PT\"},{\"@type\":\"Person\",\"@id\":\"https:\/\/portaltela.pt\/#\/schema\/person\/c4278d4a6028830caff9ee44b42d32ed\",\"name\":\"Telinha\",\"image\":{\"@type\":\"ImageObject\",\"inLanguage\":\"pt-PT\",\"@id\":\"https:\/\/portaltela.pt\/s.01k8rhncp4jt1\/2025\/11\/talking-bot-125x125.png\",\"url\":\"https:\/\/portaltela.pt\/s.01k8rhncp4jt1\/2025\/11\/talking-bot-125x125.png\",\"contentUrl\":\"https:\/\/portaltela.pt\/s.01k8rhncp4jt1\/2025\/11\/talking-bot-125x125.png\",\"caption\":\"Telinha\"},\"sameAs\":[\"https:\/\/portaltela.pt\/\"],\"url\":\"https:\/\/portaltela.pt\/por\/367410592786\/\"}]}<\/script>\n<!-- \/ Yoast SEO plugin. -->","yoast_head_json":{"title":"Suspeito de tiroteio em jantar da Casa Branca acusado de homic\u00eddio contra o presidente - Portal Tela Portugal","robots":{"index":"index","follow":"follow","max-snippet":"max-snippet:-1","max-image-preview":"max-image-preview:large","max-video-preview":"max-video-preview:-1"},"og_locale":"pt_PT","og_type":"article","og_title":"Suspeito de tiroteio em jantar da Casa Branca acusado de homic\u00eddio contra o presidente - Portal Tela Portugal","og_description":"O suspeito de ter atirado num jantar da Casa Branca foi acusado, nesta segunda-feira, de tentativa de homic\u00eddio contra o presidente dos EUA, Donald Trump. O suspeito, Cole Allen, foi levado a tribunal para o primeiro interrogat\u00f3rio, que decorreu sob cust\u00f3dia. O juiz determinou que ele permanecesse detido durante o processo. A sess\u00e3o ocorreu com o suspeito algemado e a manter express\u00e3o neutra. O incidente aconteceu no s\u00e1bado, num jantar no Hilton Washington, onde estavam presentes v\u00e1rios funcion\u00e1rios da Casa Branca, o presidente, a mulher e o vice-presidente, que foram rapidamente retirados da sala.","og_url":"https:\/\/portaltela.pt\/noticias\/2026\/04\/27\/suspeito-de-tiroteio-em-jantar-da-casa-branca-acusado-de-homicidio-contra-o-presidente\/","og_site_name":"Portal Tela Portugal","article_published_time":"2026-04-27T19:33:13+00:00","author":"Telinha","twitter_card":"summary_large_image","twitter_misc":{"Escrito por":"Telinha"},"schema":{"@context":"https:\/\/schema.org","@graph":[{"@type":"Article","@id":"https:\/\/portaltela.pt\/noticias\/2026\/04\/27\/suspeito-de-tiroteio-em-jantar-da-casa-branca-acusado-de-homicidio-contra-o-presidente\/#article","isPartOf":{"@id":"https:\/\/portaltela.pt\/noticias\/2026\/04\/27\/suspeito-de-tiroteio-em-jantar-da-casa-branca-acusado-de-homicidio-contra-o-presidente\/"},"author":{"name":"Telinha","@id":"https:\/\/portaltela.pt\/#\/schema\/person\/c4278d4a6028830caff9ee44b42d32ed"},"headline":"Suspeito de tiroteio em jantar da Casa Branca acusado de homic\u00eddio contra o presidente","datePublished":"2026-04-27T19:33:13+00:00","mainEntityOfPage":{"@id":"https:\/\/portaltela.pt\/noticias\/2026\/04\/27\/suspeito-de-tiroteio-em-jantar-da-casa-branca-acusado-de-homicidio-contra-o-presidente\/"},"wordCount":105,"image":{"@id":"https:\/\/portaltela.pt\/noticias\/2026\/04\/27\/suspeito-de-tiroteio-em-jantar-da-casa-branca-acusado-de-homicidio-contra-o-presidente\/#primaryimage"},"thumbnailUrl":"https:\/\/portaltela.pt\/s.01k8rhncp4jt1\/2026\/04\/img_293x165uu2026-04-26-03-00-10-2435319.jpg","keywords":["crime","Donald Trump","Estados Unidos","homic\u00eddio","presidente","tentativa de homic\u00eddio"],"articleSection":["Crime","Justi\u00e7a"],"inLanguage":"pt-PT"},{"@type":"WebPage","@id":"https:\/\/portaltela.pt\/noticias\/2026\/04\/27\/suspeito-de-tiroteio-em-jantar-da-casa-branca-acusado-de-homicidio-contra-o-presidente\/","url":"https:\/\/portaltela.pt\/noticias\/2026\/04\/27\/suspeito-de-tiroteio-em-jantar-da-casa-branca-acusado-de-homicidio-contra-o-presidente\/","name":"Suspeito de tiroteio em jantar da Casa Branca acusado de homic\u00eddio contra o presidente - Portal Tela Portugal","isPartOf":{"@id":"https:\/\/portaltela.pt\/#website"},"primaryImageOfPage":{"@id":"https:\/\/portaltela.pt\/noticias\/2026\/04\/27\/suspeito-de-tiroteio-em-jantar-da-casa-branca-acusado-de-homicidio-contra-o-presidente\/#primaryimage"},"image":{"@id":"https:\/\/portaltela.pt\/noticias\/2026\/04\/27\/suspeito-de-tiroteio-em-jantar-da-casa-branca-acusado-de-homicidio-contra-o-presidente\/#primaryimage"},"thumbnailUrl":"https:\/\/portaltela.pt\/s.01k8rhncp4jt1\/2026\/04\/img_293x165uu2026-04-26-03-00-10-2435319.jpg","datePublished":"2026-04-27T19:33:13+00:00","author":{"@id":"https:\/\/portaltela.pt\/#\/schema\/person\/c4278d4a6028830caff9ee44b42d32ed"},"breadcrumb":{"@id":"https:\/\/portaltela.pt\/noticias\/2026\/04\/27\/suspeito-de-tiroteio-em-jantar-da-casa-branca-acusado-de-homicidio-contra-o-presidente\/#breadcrumb"},"inLanguage":"pt-PT","potentialAction":[{"@type":"ReadAction","target":["https:\/\/portaltela.pt\/noticias\/2026\/04\/27\/suspeito-de-tiroteio-em-jantar-da-casa-branca-acusado-de-homicidio-contra-o-presidente\/"]}]},{"@type":"ImageObject","inLanguage":"pt-PT","@id":"https:\/\/portaltela.pt\/noticias\/2026\/04\/27\/suspeito-de-tiroteio-em-jantar-da-casa-branca-acusado-de-homicidio-contra-o-presidente\/#primaryimage","url":"https:\/\/portaltela.pt\/s.01k8rhncp4jt1\/2026\/04\/img_293x165uu2026-04-26-03-00-10-2435319.jpg","contentUrl":"https:\/\/portaltela.pt\/s.01k8rhncp4jt1\/2026\/04\/img_293x165uu2026-04-26-03-00-10-2435319.jpg","width":796,"height":448,"caption":"Suspeito de tiroteio em jantar da Casa Branca acusado de tentativa de homic\u00eddio contra o presidente dos EUA"},{"@type":"BreadcrumbList","@id":"https:\/\/portaltela.pt\/noticias\/2026\/04\/27\/suspeito-de-tiroteio-em-jantar-da-casa-branca-acusado-de-homicidio-contra-o-presidente\/#breadcrumb","itemListElement":[{"@type":"ListItem","position":1,"name":"In\u00edcio","item":"https:\/\/portaltela.pt\/"},{"@type":"ListItem","position":2,"name":"Suspeito de tiroteio em jantar da Casa Branca acusado de homic\u00eddio contra o presidente"}]},{"@type":"WebSite","@id":"https:\/\/portaltela.pt\/#website","url":"https:\/\/portaltela.pt\/","name":"Portal Tela Portugal","description":"","potentialAction":[{"@type":"SearchAction","target":{"@type":"EntryPoint","urlTemplate":"https:\/\/portaltela.pt\/?s={search_term_string}"},"query-input":{"@type":"PropertyValueSpecification","valueRequired":true,"valueName":"search_term_string"}}],"inLanguage":"pt-PT"},{"@type":"Person","@id":"https:\/\/portaltela.pt\/#\/schema\/person\/c4278d4a6028830caff9ee44b42d32ed","name":"Telinha","image":{"@type":"ImageObject","inLanguage":"pt-PT","@id":"https:\/\/portaltela.pt\/s.01k8rhncp4jt1\/2025\/11\/talking-bot-125x125.png","url":"https:\/\/portaltela.pt\/s.01k8rhncp4jt1\/2025\/11\/talking-bot-125x125.png","contentUrl":"https:\/\/portaltela.pt\/s.01k8rhncp4jt1\/2025\/11\/talking-bot-125x125.png","caption":"Telinha"},"sameAs":["https:\/\/portaltela.pt\/"],"url":"https:\/\/portaltela.pt\/por\/367410592786\/"}]}},"_links":{"self":[{"href":"https:\/\/portaltela.pt\/api\/wp\/v2\/posts\/458864","targetHints":{"allow":["GET"]}}],"collection":[{"href":"https:\/\/portaltela.pt\/api\/wp\/v2\/posts"}],"about":[{"href":"https:\/\/portaltela.pt\/api\/wp\/v2\/types\/post"}],"author":[{"embeddable":true,"href":"https:\/\/portaltela.pt\/api\/wp\/v2\/users\/2"}],"replies":[{"embeddable":true,"href":"https:\/\/portaltela.pt\/api\/wp\/v2\/comments?post=458864"}],"version-history":[{"count":0,"href":"https:\/\/portaltela.pt\/api\/wp\/v2\/posts\/458864\/revisions"}],"wp:featuredmedia":[{"embeddable":true,"href":"https:\/\/portaltela.pt\/api\/wp\/v2\/media\/458865"}],"wp:attachment":[{"href":"https:\/\/portaltela.pt\/api\/wp\/v2\/media?parent=458864"}],"wp:term":[{"taxonomy":"category","embeddable":true,"href":"https:\/\/portaltela.pt\/api\/wp\/v2\/categories?post=458864"},{"taxonomy":"post_tag","embeddable":true,"href":"https:\/\/portaltela.pt\/api\/wp\/v2\/tags?post=458864"}],"curies":[{"name":"wp","href":"https:\/\/api.w.org\/{rel}","templated":true}]}}