{"id":458862,"date":"2026-04-27T16:33:03","date_gmt":"2026-04-27T19:33:03","guid":{"rendered":"https:\/\/portaltela.pt\/noticias\/2026\/04\/27\/coimbra-menos-sem-abrigo-mas-maior-falta-de-apoio-social\/"},"modified":"2026-04-27T16:33:03","modified_gmt":"2026-04-27T19:33:03","slug":"coimbra-menos-sem-abrigo-mas-maior-falta-de-apoio-social","status":"publish","type":"post","link":"https:\/\/portaltela.pt\/sociedade\/2026\/04\/27\/coimbra-menos-sem-abrigo-mas-maior-falta-de-apoio-social\/","title":{"rendered":"Coimbra: menos sem-abrigo, mas maior falta de apoio social"},"content":{"rendered":"<p>Coimbra registou nos \u00faltimos tr\u00eas anos uma redu\u00e7\u00e3o de 31% no n\u00famero de pessoas em situa\u00e7\u00e3o de sem-abrigo, segundo o relat\u00f3rio do N\u00facleo de Planeamento e Interven\u00e7\u00e3o em Sem-Abrigo (NPISA) local. A an\u00e1lise aponta uma tend\u00eancia de diminui\u00e7\u00e3o no acolhimento de rua na cidade.<\/p>\n<p>O estudo aponta ainda que a maioria dos sem-abrigo s\u00e3o homens, com idade entre 45 e 64 anos, evidenciando um envelhecimento progressivo deste grupo. Os dados refletem mudan\u00e7as no perfil demogr\u00e1fico da popula\u00e7\u00e3o em situa\u00e7\u00e3o de sem-abrigo.<\/p>\n<p>Aumento de processos de idosos sozinhos ou mal-tratados<\/p>\n<p>O relat\u00f3rio aponta um crescimento nos processos envolvendo idosos que vivem s\u00f3s ou que sofrem situa\u00e7\u00f5es de maus-tratos, indicador que merece acompanhamento social e institucional. O NPISA aborda as situa\u00e7\u00f5es com foco na prote\u00e7\u00e3o e interven\u00e7\u00e3o.<\/p>\n<p>Quem est\u00e1 envolvido e onde ocorre<\/p>\n<p>O levantamento \u00e9 elaborado pelo NPISA de Coimbra e abrange a realidade local, com dados recolhidos junto de servi\u00e7os sociais, institucionais e entidades de apoio. A institui\u00e7\u00e3o destaca a necessidade de respostas estruturais para os casos de vulnerabilidade de idosos.<\/p>\n<p>Quando aconteceu<\/p>\n<p>O relat\u00f3rio analisa o per\u00edodo dos \u00faltimos tr\u00eas anos, fornecendo um retrato recente da evolu\u00e7\u00e3o social na cidade. As autoridades municipais utilizam os dados para ajustar planos de a\u00e7\u00e3o e recursos.<\/p>\n<p>Porqu\u00ea<\/p>\n<p>A diminui\u00e7\u00e3o do sem-abrigo n\u00e3o dispensa a aten\u00e7\u00e3o: aumenta a demanda por apoio social e prote\u00e7\u00e3o de idosos isolados. O objetivo \u00e9 manter a melhoria, assegurando redes de suporte adequadas para quem est\u00e1 mais vulner\u00e1vel.<\/p>\n<p>Fontes: NPISA Coimbra, entidades sociais locais.<\/p>\n","protected":false},"excerpt":{"rendered":"<ul>\n<li>Coimbra registou uma diminui\u00e7\u00e3o de 31% de pessoas em situa\u00e7\u00e3o de sem-abrigo nos \u00faltimos tr\u00eas anos, segundo o N\u00facleo de Planeamento e Interven\u00e7\u00e3o em Sem-Abrigo (NPISA) local.<\/li>\n<li>Ao mesmo tempo, aumentam os processos relacionados com idosos que vivem s\u00f3s ou s\u00e3o maltratados.<\/li>\n<li>O relat\u00f3rio foi revelado pelo NPISA de Coimbra.<\/li>\n<li>A maioria dos sem-abrigo s\u00e3o homens, sobretudo entre os 45 e os 64 anos, apontando para um envelhecimento desta popula\u00e7\u00e3o.<\/li>\n<\/ul>\n","protected":false},"author":2,"featured_media":458863,"comment_status":"closed","ping_status":"closed","sticky":false,"template":"","format":"standard","meta":{"footnotes":""},"categories":[6745,6871],"tags":[4583,1211,1070,2736,5869,173],"class_list":["post-458862","post","type-post","status-publish","format-standard","has-post-thumbnail","hentry","category-saude","category-sociedade","tag-acolhimentos","tag-apoio-social","tag-coimbra","tag-idosos","tag-maus-tratos","tag-protecao-social"],"yoast_head":"<!-- This site is optimized with the Yoast SEO plugin v27.2 - https:\/\/yoast.com\/product\/yoast-seo-wordpress\/ -->\n<title>Coimbra: menos sem-abrigo, mas maior falta de apoio social - Portal Tela Portugal<\/title>\n<meta name=\"robots\" content=\"index, follow, max-snippet:-1, max-image-preview:large, max-video-preview:-1\" \/>\n<meta property=\"og:locale\" content=\"pt_PT\" \/>\n<meta property=\"og:type\" content=\"article\" \/>\n<meta property=\"og:title\" content=\"Coimbra: menos sem-abrigo, mas maior falta de apoio social - Portal Tela Portugal\" \/>\n<meta property=\"og:description\" content=\"Coimbra registou uma diminui\u00e7\u00e3o de 31% de pessoas em situa\u00e7\u00e3o de sem-abrigo nos \u00faltimos tr\u00eas anos, segundo o N\u00facleo de Planeamento e Interven\u00e7\u00e3o em Sem-Abrigo (NPISA) local. Ao mesmo tempo, aumentam os processos relacionados com idosos que vivem s\u00f3s ou s\u00e3o maltratados. O relat\u00f3rio foi revelado pelo NPISA de Coimbra. A maioria dos sem-abrigo s\u00e3o homens, sobretudo entre os 45 e os 64 anos, apontando para um envelhecimento desta popula\u00e7\u00e3o.\" \/>\n<meta property=\"og:url\" content=\"https:\/\/portaltela.pt\/noticias\/2026\/04\/27\/coimbra-menos-sem-abrigo-mas-maior-falta-de-apoio-social\/\" \/>\n<meta property=\"og:site_name\" content=\"Portal Tela Portugal\" \/>\n<meta property=\"article:published_time\" content=\"2026-04-27T19:33:03+00:00\" \/>\n<meta name=\"author\" content=\"Telinha\" \/>\n<meta name=\"twitter:card\" content=\"summary_large_image\" \/>\n<meta name=\"twitter:label1\" content=\"Escrito por\" \/>\n\t<meta name=\"twitter:data1\" content=\"Telinha\" \/>\n\t<meta name=\"twitter:label2\" content=\"Tempo estimado de leitura\" \/>\n\t<meta name=\"twitter:data2\" content=\"1 minuto\" \/>\n<script type=\"application\/ld+json\" class=\"yoast-schema-graph\">{\"@context\":\"https:\/\/schema.org\",\"@graph\":[{\"@type\":\"Article\",\"@id\":\"https:\/\/portaltela.pt\/noticias\/2026\/04\/27\/coimbra-menos-sem-abrigo-mas-maior-falta-de-apoio-social\/#article\",\"isPartOf\":{\"@id\":\"https:\/\/portaltela.pt\/noticias\/2026\/04\/27\/coimbra-menos-sem-abrigo-mas-maior-falta-de-apoio-social\/\"},\"author\":{\"name\":\"Telinha\",\"@id\":\"https:\/\/portaltela.pt\/#\/schema\/person\/c4278d4a6028830caff9ee44b42d32ed\"},\"headline\":\"Coimbra: menos sem-abrigo, mas maior falta de apoio social\",\"datePublished\":\"2026-04-27T19:33:03+00:00\",\"mainEntityOfPage\":{\"@id\":\"https:\/\/portaltela.pt\/noticias\/2026\/04\/27\/coimbra-menos-sem-abrigo-mas-maior-falta-de-apoio-social\/\"},\"wordCount\":283,\"image\":{\"@id\":\"https:\/\/portaltela.pt\/noticias\/2026\/04\/27\/coimbra-menos-sem-abrigo-mas-maior-falta-de-apoio-social\/#primaryimage\"},\"thumbnailUrl\":\"https:\/\/portaltela.pt\/s.01k8rhncp4jt1\/2026\/04\/2084447.jpg\",\"keywords\":[\"acolhimentos\",\"Apoio Social\",\"Coimbra\",\"idosos\",\"maus-tratos\",\"prote\u00e7\u00e3o social\"],\"articleSection\":[\"Sa\u00fade\",\"Sociedade\"],\"inLanguage\":\"pt-PT\"},{\"@type\":\"WebPage\",\"@id\":\"https:\/\/portaltela.pt\/noticias\/2026\/04\/27\/coimbra-menos-sem-abrigo-mas-maior-falta-de-apoio-social\/\",\"url\":\"https:\/\/portaltela.pt\/noticias\/2026\/04\/27\/coimbra-menos-sem-abrigo-mas-maior-falta-de-apoio-social\/\",\"name\":\"Coimbra: menos sem-abrigo, mas maior falta de apoio social - Portal Tela Portugal\",\"isPartOf\":{\"@id\":\"https:\/\/portaltela.pt\/#website\"},\"primaryImageOfPage\":{\"@id\":\"https:\/\/portaltela.pt\/noticias\/2026\/04\/27\/coimbra-menos-sem-abrigo-mas-maior-falta-de-apoio-social\/#primaryimage\"},\"image\":{\"@id\":\"https:\/\/portaltela.pt\/noticias\/2026\/04\/27\/coimbra-menos-sem-abrigo-mas-maior-falta-de-apoio-social\/#primaryimage\"},\"thumbnailUrl\":\"https:\/\/portaltela.pt\/s.01k8rhncp4jt1\/2026\/04\/2084447.jpg\",\"datePublished\":\"2026-04-27T19:33:03+00:00\",\"author\":{\"@id\":\"https:\/\/portaltela.pt\/#\/schema\/person\/c4278d4a6028830caff9ee44b42d32ed\"},\"breadcrumb\":{\"@id\":\"https:\/\/portaltela.pt\/noticias\/2026\/04\/27\/coimbra-menos-sem-abrigo-mas-maior-falta-de-apoio-social\/#breadcrumb\"},\"inLanguage\":\"pt-PT\",\"potentialAction\":[{\"@type\":\"ReadAction\",\"target\":[\"https:\/\/portaltela.pt\/noticias\/2026\/04\/27\/coimbra-menos-sem-abrigo-mas-maior-falta-de-apoio-social\/\"]}]},{\"@type\":\"ImageObject\",\"inLanguage\":\"pt-PT\",\"@id\":\"https:\/\/portaltela.pt\/noticias\/2026\/04\/27\/coimbra-menos-sem-abrigo-mas-maior-falta-de-apoio-social\/#primaryimage\",\"url\":\"https:\/\/portaltela.pt\/s.01k8rhncp4jt1\/2026\/04\/2084447.jpg\",\"contentUrl\":\"https:\/\/portaltela.pt\/s.01k8rhncp4jt1\/2026\/04\/2084447.jpg\",\"width\":796,\"height\":448,\"caption\":\"A maioria dos sem-abrigo s\u00e3o homens, sobretudo concentrados entre os 45 e os 64 anos, o que evidencia \u201cum progressivo envelhecimento desta popula\u00e7\u00e3o\u201d\"},{\"@type\":\"BreadcrumbList\",\"@id\":\"https:\/\/portaltela.pt\/noticias\/2026\/04\/27\/coimbra-menos-sem-abrigo-mas-maior-falta-de-apoio-social\/#breadcrumb\",\"itemListElement\":[{\"@type\":\"ListItem\",\"position\":1,\"name\":\"In\u00edcio\",\"item\":\"https:\/\/portaltela.pt\/\"},{\"@type\":\"ListItem\",\"position\":2,\"name\":\"Coimbra: menos sem-abrigo, mas maior falta de apoio social\"}]},{\"@type\":\"WebSite\",\"@id\":\"https:\/\/portaltela.pt\/#website\",\"url\":\"https:\/\/portaltela.pt\/\",\"name\":\"Portal Tela Portugal\",\"description\":\"\",\"potentialAction\":[{\"@type\":\"SearchAction\",\"target\":{\"@type\":\"EntryPoint\",\"urlTemplate\":\"https:\/\/portaltela.pt\/?s={search_term_string}\"},\"query-input\":{\"@type\":\"PropertyValueSpecification\",\"valueRequired\":true,\"valueName\":\"search_term_string\"}}],\"inLanguage\":\"pt-PT\"},{\"@type\":\"Person\",\"@id\":\"https:\/\/portaltela.pt\/#\/schema\/person\/c4278d4a6028830caff9ee44b42d32ed\",\"name\":\"Telinha\",\"image\":{\"@type\":\"ImageObject\",\"inLanguage\":\"pt-PT\",\"@id\":\"https:\/\/portaltela.pt\/s.01k8rhncp4jt1\/2025\/11\/talking-bot-125x125.png\",\"url\":\"https:\/\/portaltela.pt\/s.01k8rhncp4jt1\/2025\/11\/talking-bot-125x125.png\",\"contentUrl\":\"https:\/\/portaltela.pt\/s.01k8rhncp4jt1\/2025\/11\/talking-bot-125x125.png\",\"caption\":\"Telinha\"},\"sameAs\":[\"https:\/\/portaltela.pt\/\"],\"url\":\"https:\/\/portaltela.pt\/por\/367410592786\/\"}]}<\/script>\n<!-- \/ Yoast SEO plugin. -->","yoast_head_json":{"title":"Coimbra: menos sem-abrigo, mas maior falta de apoio social - Portal Tela Portugal","robots":{"index":"index","follow":"follow","max-snippet":"max-snippet:-1","max-image-preview":"max-image-preview:large","max-video-preview":"max-video-preview:-1"},"og_locale":"pt_PT","og_type":"article","og_title":"Coimbra: menos sem-abrigo, mas maior falta de apoio social - Portal Tela Portugal","og_description":"Coimbra registou uma diminui\u00e7\u00e3o de 31% de pessoas em situa\u00e7\u00e3o de sem-abrigo nos \u00faltimos tr\u00eas anos, segundo o N\u00facleo de Planeamento e Interven\u00e7\u00e3o em Sem-Abrigo (NPISA) local. Ao mesmo tempo, aumentam os processos relacionados com idosos que vivem s\u00f3s ou s\u00e3o maltratados. O relat\u00f3rio foi revelado pelo NPISA de Coimbra. A maioria dos sem-abrigo s\u00e3o homens, sobretudo entre os 45 e os 64 anos, apontando para um envelhecimento desta popula\u00e7\u00e3o.","og_url":"https:\/\/portaltela.pt\/noticias\/2026\/04\/27\/coimbra-menos-sem-abrigo-mas-maior-falta-de-apoio-social\/","og_site_name":"Portal Tela Portugal","article_published_time":"2026-04-27T19:33:03+00:00","author":"Telinha","twitter_card":"summary_large_image","twitter_misc":{"Escrito por":"Telinha","Tempo estimado de leitura":"1 minuto"},"schema":{"@context":"https:\/\/schema.org","@graph":[{"@type":"Article","@id":"https:\/\/portaltela.pt\/noticias\/2026\/04\/27\/coimbra-menos-sem-abrigo-mas-maior-falta-de-apoio-social\/#article","isPartOf":{"@id":"https:\/\/portaltela.pt\/noticias\/2026\/04\/27\/coimbra-menos-sem-abrigo-mas-maior-falta-de-apoio-social\/"},"author":{"name":"Telinha","@id":"https:\/\/portaltela.pt\/#\/schema\/person\/c4278d4a6028830caff9ee44b42d32ed"},"headline":"Coimbra: menos sem-abrigo, mas maior falta de apoio social","datePublished":"2026-04-27T19:33:03+00:00","mainEntityOfPage":{"@id":"https:\/\/portaltela.pt\/noticias\/2026\/04\/27\/coimbra-menos-sem-abrigo-mas-maior-falta-de-apoio-social\/"},"wordCount":283,"image":{"@id":"https:\/\/portaltela.pt\/noticias\/2026\/04\/27\/coimbra-menos-sem-abrigo-mas-maior-falta-de-apoio-social\/#primaryimage"},"thumbnailUrl":"https:\/\/portaltela.pt\/s.01k8rhncp4jt1\/2026\/04\/2084447.jpg","keywords":["acolhimentos","Apoio Social","Coimbra","idosos","maus-tratos","prote\u00e7\u00e3o social"],"articleSection":["Sa\u00fade","Sociedade"],"inLanguage":"pt-PT"},{"@type":"WebPage","@id":"https:\/\/portaltela.pt\/noticias\/2026\/04\/27\/coimbra-menos-sem-abrigo-mas-maior-falta-de-apoio-social\/","url":"https:\/\/portaltela.pt\/noticias\/2026\/04\/27\/coimbra-menos-sem-abrigo-mas-maior-falta-de-apoio-social\/","name":"Coimbra: menos sem-abrigo, mas maior falta de apoio social - Portal Tela Portugal","isPartOf":{"@id":"https:\/\/portaltela.pt\/#website"},"primaryImageOfPage":{"@id":"https:\/\/portaltela.pt\/noticias\/2026\/04\/27\/coimbra-menos-sem-abrigo-mas-maior-falta-de-apoio-social\/#primaryimage"},"image":{"@id":"https:\/\/portaltela.pt\/noticias\/2026\/04\/27\/coimbra-menos-sem-abrigo-mas-maior-falta-de-apoio-social\/#primaryimage"},"thumbnailUrl":"https:\/\/portaltela.pt\/s.01k8rhncp4jt1\/2026\/04\/2084447.jpg","datePublished":"2026-04-27T19:33:03+00:00","author":{"@id":"https:\/\/portaltela.pt\/#\/schema\/person\/c4278d4a6028830caff9ee44b42d32ed"},"breadcrumb":{"@id":"https:\/\/portaltela.pt\/noticias\/2026\/04\/27\/coimbra-menos-sem-abrigo-mas-maior-falta-de-apoio-social\/#breadcrumb"},"inLanguage":"pt-PT","potentialAction":[{"@type":"ReadAction","target":["https:\/\/portaltela.pt\/noticias\/2026\/04\/27\/coimbra-menos-sem-abrigo-mas-maior-falta-de-apoio-social\/"]}]},{"@type":"ImageObject","inLanguage":"pt-PT","@id":"https:\/\/portaltela.pt\/noticias\/2026\/04\/27\/coimbra-menos-sem-abrigo-mas-maior-falta-de-apoio-social\/#primaryimage","url":"https:\/\/portaltela.pt\/s.01k8rhncp4jt1\/2026\/04\/2084447.jpg","contentUrl":"https:\/\/portaltela.pt\/s.01k8rhncp4jt1\/2026\/04\/2084447.jpg","width":796,"height":448,"caption":"A maioria dos sem-abrigo s\u00e3o homens, sobretudo concentrados entre os 45 e os 64 anos, o que evidencia \u201cum progressivo envelhecimento desta popula\u00e7\u00e3o\u201d"},{"@type":"BreadcrumbList","@id":"https:\/\/portaltela.pt\/noticias\/2026\/04\/27\/coimbra-menos-sem-abrigo-mas-maior-falta-de-apoio-social\/#breadcrumb","itemListElement":[{"@type":"ListItem","position":1,"name":"In\u00edcio","item":"https:\/\/portaltela.pt\/"},{"@type":"ListItem","position":2,"name":"Coimbra: menos sem-abrigo, mas maior falta de apoio social"}]},{"@type":"WebSite","@id":"https:\/\/portaltela.pt\/#website","url":"https:\/\/portaltela.pt\/","name":"Portal Tela Portugal","description":"","potentialAction":[{"@type":"SearchAction","target":{"@type":"EntryPoint","urlTemplate":"https:\/\/portaltela.pt\/?s={search_term_string}"},"query-input":{"@type":"PropertyValueSpecification","valueRequired":true,"valueName":"search_term_string"}}],"inLanguage":"pt-PT"},{"@type":"Person","@id":"https:\/\/portaltela.pt\/#\/schema\/person\/c4278d4a6028830caff9ee44b42d32ed","name":"Telinha","image":{"@type":"ImageObject","inLanguage":"pt-PT","@id":"https:\/\/portaltela.pt\/s.01k8rhncp4jt1\/2025\/11\/talking-bot-125x125.png","url":"https:\/\/portaltela.pt\/s.01k8rhncp4jt1\/2025\/11\/talking-bot-125x125.png","contentUrl":"https:\/\/portaltela.pt\/s.01k8rhncp4jt1\/2025\/11\/talking-bot-125x125.png","caption":"Telinha"},"sameAs":["https:\/\/portaltela.pt\/"],"url":"https:\/\/portaltela.pt\/por\/367410592786\/"}]}},"_links":{"self":[{"href":"https:\/\/portaltela.pt\/api\/wp\/v2\/posts\/458862","targetHints":{"allow":["GET"]}}],"collection":[{"href":"https:\/\/portaltela.pt\/api\/wp\/v2\/posts"}],"about":[{"href":"https:\/\/portaltela.pt\/api\/wp\/v2\/types\/post"}],"author":[{"embeddable":true,"href":"https:\/\/portaltela.pt\/api\/wp\/v2\/users\/2"}],"replies":[{"embeddable":true,"href":"https:\/\/portaltela.pt\/api\/wp\/v2\/comments?post=458862"}],"version-history":[{"count":0,"href":"https:\/\/portaltela.pt\/api\/wp\/v2\/posts\/458862\/revisions"}],"wp:featuredmedia":[{"embeddable":true,"href":"https:\/\/portaltela.pt\/api\/wp\/v2\/media\/458863"}],"wp:attachment":[{"href":"https:\/\/portaltela.pt\/api\/wp\/v2\/media?parent=458862"}],"wp:term":[{"taxonomy":"category","embeddable":true,"href":"https:\/\/portaltela.pt\/api\/wp\/v2\/categories?post=458862"},{"taxonomy":"post_tag","embeddable":true,"href":"https:\/\/portaltela.pt\/api\/wp\/v2\/tags?post=458862"}],"curies":[{"name":"wp","href":"https:\/\/api.w.org\/{rel}","templated":true}]}}