{"id":458857,"date":"2026-04-27T16:18:58","date_gmt":"2026-04-27T19:18:58","guid":{"rendered":"https:\/\/portaltela.pt\/noticias\/2026\/04\/27\/kompany-nao-imita-mourinho-mede-192-m-e-nao-cabe-num-cesto-de-roupa\/"},"modified":"2026-04-27T16:18:58","modified_gmt":"2026-04-27T19:18:58","slug":"kompany-nao-imita-mourinho-mede-192-m-e-nao-cabe-num-cesto-de-roupa","status":"publish","type":"post","link":"https:\/\/portaltela.pt\/desporto\/futebol\/2026\/04\/27\/kompany-nao-imita-mourinho-mede-192-m-e-nao-cabe-num-cesto-de-roupa\/","title":{"rendered":"Kompany n\u00e3o imita Mourinho: mede 1,92 m e n\u00e3o cabe num cesto de roupa"},"content":{"rendered":"<p>Vincent Kompany, treinador do Bayern, n\u00e3o vai dirigir o treino no banco nesta ter\u00e7a-feira, frente ao PSG no Parc des Princes, devido a suspens\u00e3o. A sess\u00e3o de hoje acontece antes do encontro entre Bayern e PSG pela Liga dos Campe\u00f5es.<\/p>\n<p>O treinador belga justificou a aus\u00eancia com uma nota de humor, dizendo que mede 1,92 m e que n\u00e3o cabe num cesto de roupa, uma compara\u00e7\u00e3o bem-humorada sobre a situa\u00e7\u00e3o. A sa\u00edda do banco foi confirmada pela equipa t\u00e9cnica.<\/p>\n<h3>Substitui\u00e7\u00e3o no banco<\/h3>\n<p>Aaron Danks assumir\u00e1 o papel de treinador suplente nas bancadas, com experi\u00eancia como adjunto na Inglaterra, entre outros clubes. Kompany acrescentou que confia plenamente na sua equipa t\u00e9cnica e que dever\u00e1 sentar-se numa posi\u00e7\u00e3o perto da imprensa durante o jogo.<\/p>\n","protected":false},"excerpt":{"rendered":"<ul>\n<li>Vincent Kompany n\u00e3o dirigir\u00e1 a equipa a partir do banco esta ter\u00e7a-feira frente ao Paris Saint\u2011Germain no Parque dos Pr\u00edncipes, por se encontrar suspenso.<\/li>\n<li>Aaron Danks substitui-o no banco, com experi\u00eancia junto \u00e0 linha lateral em Inglaterra e um papel mais vocal nos treinos e nos jogos.<\/li>\n<li>Kompany disse que vai sentar-se no est\u00e1dio, talvez pr\u00f3ximo dos jornalistas, sem entrar em campo.<\/li>\n<li>O treinador brincou sobre imitar Mourinho, dizendo que mede 1,92 metros e que n\u00e3o cabe num cesto de roupa.<\/li>\n<li>O Bayern confia 100 por cento na equipa de apoio e no staff durante o jogo.<\/li>\n<\/ul>\n","protected":false},"author":2,"featured_media":458859,"comment_status":"closed","ping_status":"closed","sticky":false,"template":"","format":"standard","meta":{"footnotes":""},"categories":[21,24],"tags":[1603,3577,32,3338,2477],"class_list":["post-458857","post","type-post","status-publish","format-standard","has-post-thumbnail","hentry","category-desporto","category-futebol","tag-alemanha","tag-champions-league","tag-futebol","tag-futebol-internacional","tag-treinadores"],"yoast_head":"<!-- This site is optimized with the Yoast SEO plugin v27.2 - https:\/\/yoast.com\/product\/yoast-seo-wordpress\/ -->\n<title>Kompany n\u00e3o imita Mourinho: mede 1,92 m e n\u00e3o cabe num cesto de roupa - Portal Tela Portugal<\/title>\n<meta name=\"robots\" content=\"index, follow, max-snippet:-1, max-image-preview:large, max-video-preview:-1\" \/>\n<meta property=\"og:locale\" content=\"pt_PT\" \/>\n<meta property=\"og:type\" content=\"article\" \/>\n<meta property=\"og:title\" content=\"Kompany n\u00e3o imita Mourinho: mede 1,92 m e n\u00e3o cabe num cesto de roupa - Portal Tela Portugal\" \/>\n<meta property=\"og:description\" content=\"Vincent Kompany n\u00e3o dirigir\u00e1 a equipa a partir do banco esta ter\u00e7a-feira frente ao Paris Saint\u2011Germain no Parque dos Pr\u00edncipes, por se encontrar suspenso. Aaron Danks substitui-o no banco, com experi\u00eancia junto \u00e0 linha lateral em Inglaterra e um papel mais vocal nos treinos e nos jogos. Kompany disse que vai sentar-se no est\u00e1dio, talvez pr\u00f3ximo dos jornalistas, sem entrar em campo. O treinador brincou sobre imitar Mourinho, dizendo que mede 1,92 metros e que n\u00e3o cabe num cesto de roupa. O Bayern confia 100 por cento na equipa de apoio e no staff durante o jogo.\" \/>\n<meta property=\"og:url\" content=\"https:\/\/portaltela.pt\/noticias\/2026\/04\/27\/kompany-nao-imita-mourinho-mede-192-m-e-nao-cabe-num-cesto-de-roupa\/\" \/>\n<meta property=\"og:site_name\" content=\"Portal Tela Portugal\" \/>\n<meta property=\"article:published_time\" content=\"2026-04-27T19:18:58+00:00\" \/>\n<meta name=\"author\" content=\"Telinha\" \/>\n<meta name=\"twitter:card\" content=\"summary_large_image\" \/>\n<meta name=\"twitter:label1\" content=\"Escrito por\" \/>\n\t<meta name=\"twitter:data1\" content=\"Telinha\" \/>\n\t<meta name=\"twitter:label2\" content=\"Tempo estimado de leitura\" \/>\n\t<meta name=\"twitter:data2\" content=\"1 minuto\" \/>\n<script type=\"application\/ld+json\" class=\"yoast-schema-graph\">{\"@context\":\"https:\/\/schema.org\",\"@graph\":[{\"@type\":\"Article\",\"@id\":\"https:\/\/portaltela.pt\/noticias\/2026\/04\/27\/kompany-nao-imita-mourinho-mede-192-m-e-nao-cabe-num-cesto-de-roupa\/#article\",\"isPartOf\":{\"@id\":\"https:\/\/portaltela.pt\/noticias\/2026\/04\/27\/kompany-nao-imita-mourinho-mede-192-m-e-nao-cabe-num-cesto-de-roupa\/\"},\"author\":{\"name\":\"Telinha\",\"@id\":\"https:\/\/portaltela.pt\/#\/schema\/person\/c4278d4a6028830caff9ee44b42d32ed\"},\"headline\":\"Kompany n\u00e3o imita Mourinho: mede 1,92 m e n\u00e3o cabe num cesto de roupa\",\"datePublished\":\"2026-04-27T19:18:58+00:00\",\"mainEntityOfPage\":{\"@id\":\"https:\/\/portaltela.pt\/noticias\/2026\/04\/27\/kompany-nao-imita-mourinho-mede-192-m-e-nao-cabe-num-cesto-de-roupa\/\"},\"wordCount\":151,\"image\":{\"@id\":\"https:\/\/portaltela.pt\/noticias\/2026\/04\/27\/kompany-nao-imita-mourinho-mede-192-m-e-nao-cabe-num-cesto-de-roupa\/#primaryimage\"},\"thumbnailUrl\":\"https:\/\/portaltela.pt\/s.01k8rhncp4jt1\/2026\/04\/img_920x518uu2026-04-27-20-14-26-2435632.jpg\",\"keywords\":[\"Alemanha\",\"Champions League\",\"futebol\",\"futebol internacional\",\"treinadores\"],\"articleSection\":[\"Desporto\",\"Futebol\"],\"inLanguage\":\"pt-PT\"},{\"@type\":\"WebPage\",\"@id\":\"https:\/\/portaltela.pt\/noticias\/2026\/04\/27\/kompany-nao-imita-mourinho-mede-192-m-e-nao-cabe-num-cesto-de-roupa\/\",\"url\":\"https:\/\/portaltela.pt\/noticias\/2026\/04\/27\/kompany-nao-imita-mourinho-mede-192-m-e-nao-cabe-num-cesto-de-roupa\/\",\"name\":\"Kompany n\u00e3o imita Mourinho: mede 1,92 m e n\u00e3o cabe num cesto de roupa - Portal Tela Portugal\",\"isPartOf\":{\"@id\":\"https:\/\/portaltela.pt\/#website\"},\"primaryImageOfPage\":{\"@id\":\"https:\/\/portaltela.pt\/noticias\/2026\/04\/27\/kompany-nao-imita-mourinho-mede-192-m-e-nao-cabe-num-cesto-de-roupa\/#primaryimage\"},\"image\":{\"@id\":\"https:\/\/portaltela.pt\/noticias\/2026\/04\/27\/kompany-nao-imita-mourinho-mede-192-m-e-nao-cabe-num-cesto-de-roupa\/#primaryimage\"},\"thumbnailUrl\":\"https:\/\/portaltela.pt\/s.01k8rhncp4jt1\/2026\/04\/img_920x518uu2026-04-27-20-14-26-2435632.jpg\",\"datePublished\":\"2026-04-27T19:18:58+00:00\",\"author\":{\"@id\":\"https:\/\/portaltela.pt\/#\/schema\/person\/c4278d4a6028830caff9ee44b42d32ed\"},\"breadcrumb\":{\"@id\":\"https:\/\/portaltela.pt\/noticias\/2026\/04\/27\/kompany-nao-imita-mourinho-mede-192-m-e-nao-cabe-num-cesto-de-roupa\/#breadcrumb\"},\"inLanguage\":\"pt-PT\",\"potentialAction\":[{\"@type\":\"ReadAction\",\"target\":[\"https:\/\/portaltela.pt\/noticias\/2026\/04\/27\/kompany-nao-imita-mourinho-mede-192-m-e-nao-cabe-num-cesto-de-roupa\/\"]}]},{\"@type\":\"ImageObject\",\"inLanguage\":\"pt-PT\",\"@id\":\"https:\/\/portaltela.pt\/noticias\/2026\/04\/27\/kompany-nao-imita-mourinho-mede-192-m-e-nao-cabe-num-cesto-de-roupa\/#primaryimage\",\"url\":\"https:\/\/portaltela.pt\/s.01k8rhncp4jt1\/2026\/04\/img_920x518uu2026-04-27-20-14-26-2435632.jpg\",\"contentUrl\":\"https:\/\/portaltela.pt\/s.01k8rhncp4jt1\/2026\/04\/img_920x518uu2026-04-27-20-14-26-2435632.jpg\",\"width\":796,\"height\":448,\"caption\":\"Vincent Kompany cumpre castigo na 1.\u00aa m\u00e3o das semifinais\"},{\"@type\":\"BreadcrumbList\",\"@id\":\"https:\/\/portaltela.pt\/noticias\/2026\/04\/27\/kompany-nao-imita-mourinho-mede-192-m-e-nao-cabe-num-cesto-de-roupa\/#breadcrumb\",\"itemListElement\":[{\"@type\":\"ListItem\",\"position\":1,\"name\":\"In\u00edcio\",\"item\":\"https:\/\/portaltela.pt\/\"},{\"@type\":\"ListItem\",\"position\":2,\"name\":\"Kompany n\u00e3o imita Mourinho: mede 1,92 m e n\u00e3o cabe num cesto de roupa\"}]},{\"@type\":\"WebSite\",\"@id\":\"https:\/\/portaltela.pt\/#website\",\"url\":\"https:\/\/portaltela.pt\/\",\"name\":\"Portal Tela Portugal\",\"description\":\"\",\"potentialAction\":[{\"@type\":\"SearchAction\",\"target\":{\"@type\":\"EntryPoint\",\"urlTemplate\":\"https:\/\/portaltela.pt\/?s={search_term_string}\"},\"query-input\":{\"@type\":\"PropertyValueSpecification\",\"valueRequired\":true,\"valueName\":\"search_term_string\"}}],\"inLanguage\":\"pt-PT\"},{\"@type\":\"Person\",\"@id\":\"https:\/\/portaltela.pt\/#\/schema\/person\/c4278d4a6028830caff9ee44b42d32ed\",\"name\":\"Telinha\",\"image\":{\"@type\":\"ImageObject\",\"inLanguage\":\"pt-PT\",\"@id\":\"https:\/\/portaltela.pt\/s.01k8rhncp4jt1\/2025\/11\/talking-bot-125x125.png\",\"url\":\"https:\/\/portaltela.pt\/s.01k8rhncp4jt1\/2025\/11\/talking-bot-125x125.png\",\"contentUrl\":\"https:\/\/portaltela.pt\/s.01k8rhncp4jt1\/2025\/11\/talking-bot-125x125.png\",\"caption\":\"Telinha\"},\"sameAs\":[\"https:\/\/portaltela.pt\/\"],\"url\":\"https:\/\/portaltela.pt\/por\/367410592786\/\"}]}<\/script>\n<!-- \/ Yoast SEO plugin. -->","yoast_head_json":{"title":"Kompany n\u00e3o imita Mourinho: mede 1,92 m e n\u00e3o cabe num cesto de roupa - Portal Tela Portugal","robots":{"index":"index","follow":"follow","max-snippet":"max-snippet:-1","max-image-preview":"max-image-preview:large","max-video-preview":"max-video-preview:-1"},"og_locale":"pt_PT","og_type":"article","og_title":"Kompany n\u00e3o imita Mourinho: mede 1,92 m e n\u00e3o cabe num cesto de roupa - Portal Tela Portugal","og_description":"Vincent Kompany n\u00e3o dirigir\u00e1 a equipa a partir do banco esta ter\u00e7a-feira frente ao Paris Saint\u2011Germain no Parque dos Pr\u00edncipes, por se encontrar suspenso. Aaron Danks substitui-o no banco, com experi\u00eancia junto \u00e0 linha lateral em Inglaterra e um papel mais vocal nos treinos e nos jogos. Kompany disse que vai sentar-se no est\u00e1dio, talvez pr\u00f3ximo dos jornalistas, sem entrar em campo. O treinador brincou sobre imitar Mourinho, dizendo que mede 1,92 metros e que n\u00e3o cabe num cesto de roupa. O Bayern confia 100 por cento na equipa de apoio e no staff durante o jogo.","og_url":"https:\/\/portaltela.pt\/noticias\/2026\/04\/27\/kompany-nao-imita-mourinho-mede-192-m-e-nao-cabe-num-cesto-de-roupa\/","og_site_name":"Portal Tela Portugal","article_published_time":"2026-04-27T19:18:58+00:00","author":"Telinha","twitter_card":"summary_large_image","twitter_misc":{"Escrito por":"Telinha","Tempo estimado de leitura":"1 minuto"},"schema":{"@context":"https:\/\/schema.org","@graph":[{"@type":"Article","@id":"https:\/\/portaltela.pt\/noticias\/2026\/04\/27\/kompany-nao-imita-mourinho-mede-192-m-e-nao-cabe-num-cesto-de-roupa\/#article","isPartOf":{"@id":"https:\/\/portaltela.pt\/noticias\/2026\/04\/27\/kompany-nao-imita-mourinho-mede-192-m-e-nao-cabe-num-cesto-de-roupa\/"},"author":{"name":"Telinha","@id":"https:\/\/portaltela.pt\/#\/schema\/person\/c4278d4a6028830caff9ee44b42d32ed"},"headline":"Kompany n\u00e3o imita Mourinho: mede 1,92 m e n\u00e3o cabe num cesto de roupa","datePublished":"2026-04-27T19:18:58+00:00","mainEntityOfPage":{"@id":"https:\/\/portaltela.pt\/noticias\/2026\/04\/27\/kompany-nao-imita-mourinho-mede-192-m-e-nao-cabe-num-cesto-de-roupa\/"},"wordCount":151,"image":{"@id":"https:\/\/portaltela.pt\/noticias\/2026\/04\/27\/kompany-nao-imita-mourinho-mede-192-m-e-nao-cabe-num-cesto-de-roupa\/#primaryimage"},"thumbnailUrl":"https:\/\/portaltela.pt\/s.01k8rhncp4jt1\/2026\/04\/img_920x518uu2026-04-27-20-14-26-2435632.jpg","keywords":["Alemanha","Champions League","futebol","futebol internacional","treinadores"],"articleSection":["Desporto","Futebol"],"inLanguage":"pt-PT"},{"@type":"WebPage","@id":"https:\/\/portaltela.pt\/noticias\/2026\/04\/27\/kompany-nao-imita-mourinho-mede-192-m-e-nao-cabe-num-cesto-de-roupa\/","url":"https:\/\/portaltela.pt\/noticias\/2026\/04\/27\/kompany-nao-imita-mourinho-mede-192-m-e-nao-cabe-num-cesto-de-roupa\/","name":"Kompany n\u00e3o imita Mourinho: mede 1,92 m e n\u00e3o cabe num cesto de roupa - Portal Tela Portugal","isPartOf":{"@id":"https:\/\/portaltela.pt\/#website"},"primaryImageOfPage":{"@id":"https:\/\/portaltela.pt\/noticias\/2026\/04\/27\/kompany-nao-imita-mourinho-mede-192-m-e-nao-cabe-num-cesto-de-roupa\/#primaryimage"},"image":{"@id":"https:\/\/portaltela.pt\/noticias\/2026\/04\/27\/kompany-nao-imita-mourinho-mede-192-m-e-nao-cabe-num-cesto-de-roupa\/#primaryimage"},"thumbnailUrl":"https:\/\/portaltela.pt\/s.01k8rhncp4jt1\/2026\/04\/img_920x518uu2026-04-27-20-14-26-2435632.jpg","datePublished":"2026-04-27T19:18:58+00:00","author":{"@id":"https:\/\/portaltela.pt\/#\/schema\/person\/c4278d4a6028830caff9ee44b42d32ed"},"breadcrumb":{"@id":"https:\/\/portaltela.pt\/noticias\/2026\/04\/27\/kompany-nao-imita-mourinho-mede-192-m-e-nao-cabe-num-cesto-de-roupa\/#breadcrumb"},"inLanguage":"pt-PT","potentialAction":[{"@type":"ReadAction","target":["https:\/\/portaltela.pt\/noticias\/2026\/04\/27\/kompany-nao-imita-mourinho-mede-192-m-e-nao-cabe-num-cesto-de-roupa\/"]}]},{"@type":"ImageObject","inLanguage":"pt-PT","@id":"https:\/\/portaltela.pt\/noticias\/2026\/04\/27\/kompany-nao-imita-mourinho-mede-192-m-e-nao-cabe-num-cesto-de-roupa\/#primaryimage","url":"https:\/\/portaltela.pt\/s.01k8rhncp4jt1\/2026\/04\/img_920x518uu2026-04-27-20-14-26-2435632.jpg","contentUrl":"https:\/\/portaltela.pt\/s.01k8rhncp4jt1\/2026\/04\/img_920x518uu2026-04-27-20-14-26-2435632.jpg","width":796,"height":448,"caption":"Vincent Kompany cumpre castigo na 1.\u00aa m\u00e3o das semifinais"},{"@type":"BreadcrumbList","@id":"https:\/\/portaltela.pt\/noticias\/2026\/04\/27\/kompany-nao-imita-mourinho-mede-192-m-e-nao-cabe-num-cesto-de-roupa\/#breadcrumb","itemListElement":[{"@type":"ListItem","position":1,"name":"In\u00edcio","item":"https:\/\/portaltela.pt\/"},{"@type":"ListItem","position":2,"name":"Kompany n\u00e3o imita Mourinho: mede 1,92 m e n\u00e3o cabe num cesto de roupa"}]},{"@type":"WebSite","@id":"https:\/\/portaltela.pt\/#website","url":"https:\/\/portaltela.pt\/","name":"Portal Tela Portugal","description":"","potentialAction":[{"@type":"SearchAction","target":{"@type":"EntryPoint","urlTemplate":"https:\/\/portaltela.pt\/?s={search_term_string}"},"query-input":{"@type":"PropertyValueSpecification","valueRequired":true,"valueName":"search_term_string"}}],"inLanguage":"pt-PT"},{"@type":"Person","@id":"https:\/\/portaltela.pt\/#\/schema\/person\/c4278d4a6028830caff9ee44b42d32ed","name":"Telinha","image":{"@type":"ImageObject","inLanguage":"pt-PT","@id":"https:\/\/portaltela.pt\/s.01k8rhncp4jt1\/2025\/11\/talking-bot-125x125.png","url":"https:\/\/portaltela.pt\/s.01k8rhncp4jt1\/2025\/11\/talking-bot-125x125.png","contentUrl":"https:\/\/portaltela.pt\/s.01k8rhncp4jt1\/2025\/11\/talking-bot-125x125.png","caption":"Telinha"},"sameAs":["https:\/\/portaltela.pt\/"],"url":"https:\/\/portaltela.pt\/por\/367410592786\/"}]}},"_links":{"self":[{"href":"https:\/\/portaltela.pt\/api\/wp\/v2\/posts\/458857","targetHints":{"allow":["GET"]}}],"collection":[{"href":"https:\/\/portaltela.pt\/api\/wp\/v2\/posts"}],"about":[{"href":"https:\/\/portaltela.pt\/api\/wp\/v2\/types\/post"}],"author":[{"embeddable":true,"href":"https:\/\/portaltela.pt\/api\/wp\/v2\/users\/2"}],"replies":[{"embeddable":true,"href":"https:\/\/portaltela.pt\/api\/wp\/v2\/comments?post=458857"}],"version-history":[{"count":0,"href":"https:\/\/portaltela.pt\/api\/wp\/v2\/posts\/458857\/revisions"}],"wp:featuredmedia":[{"embeddable":true,"href":"https:\/\/portaltela.pt\/api\/wp\/v2\/media\/458859"}],"wp:attachment":[{"href":"https:\/\/portaltela.pt\/api\/wp\/v2\/media?parent=458857"}],"wp:term":[{"taxonomy":"category","embeddable":true,"href":"https:\/\/portaltela.pt\/api\/wp\/v2\/categories?post=458857"},{"taxonomy":"post_tag","embeddable":true,"href":"https:\/\/portaltela.pt\/api\/wp\/v2\/tags?post=458857"}],"curies":[{"name":"wp","href":"https:\/\/api.w.org\/{rel}","templated":true}]}}