{"id":458852,"date":"2026-04-27T16:18:40","date_gmt":"2026-04-27T19:18:40","guid":{"rendered":"https:\/\/portaltela.pt\/noticias\/2026\/04\/27\/peritos-propoem-reforma-do-sistema-eletrico-para-seguranca-e-flexibilidade\/"},"modified":"2026-04-27T16:18:40","modified_gmt":"2026-04-27T19:18:40","slug":"peritos-propoem-reforma-do-sistema-eletrico-para-seguranca-e-flexibilidade","status":"publish","type":"post","link":"https:\/\/portaltela.pt\/noticias\/economia\/2026\/04\/27\/peritos-propoem-reforma-do-sistema-eletrico-para-seguranca-e-flexibilidade\/","title":{"rendered":"Peritos prop\u00f5em reforma do sistema el\u00e9trico para seguran\u00e7a e flexibilidade"},"content":{"rendered":"<p>O Grupo de Aconselhamento T\u00e9cnico (GAT) apresentou, nesta segunda-feira, o relat\u00f3rio final \u00e0 ministra do Ambiente e Energia, Maria da Gra\u00e7a Carvalho. O documento prop\u00f5e reformas estruturais para o Sistema El\u00e9ctrico Nacional (SEN) visando maior seguran\u00e7a e flexibilidade, num contexto de transforma\u00e7\u00e3o do sector.<\/p>\n<p>O GAT, criado em maio de 2025 ap\u00f3s o apag\u00e3o de 28 de abril, n\u00e3o investiga as causas do evento, mas aponta vulnerabilidades da arquitetura atual, sobretudo a redu\u00e7\u00e3o da in\u00e9rcia s\u00edncrona com a subida das renov\u00e1veis. O estudo recomenda investimento em compensadores s\u00edncronos e em armazenamento de energia.<\/p>\n<p>O relat\u00f3rio sustenta ainda a necessidade de uma reforma profunda no modelo de planeamento das redes. Em termos europeus, refor\u00e7a que h\u00e1 lacunas num sistema de mercado que precisa de reforma, citando declara\u00e7\u00f5es da Comiss\u00e3o Europeia sobre uma mudan\u00e7a de paradigma.<\/p>\n<h3>Relat\u00f3rio e recomenda\u00e7\u00f5es<\/h3>\n<p>O documento descreve limita\u00e7\u00f5es do SEN: complexidade e opacidade regulat\u00f3ria, falta de lideran\u00e7a na integra\u00e7\u00e3o multissectorial, sobreposi\u00e7\u00e3o de consultas p\u00fablicas e papel amb\u00edguo da ERSE entre planeamento e ato regulat\u00f3rio. Informe aponta necessidade de maior coordena\u00e7\u00e3o entre redes, recursos e sectores.<\/p>\n<p>A elevada penetra\u00e7\u00e3o de renov\u00e1veis intensifica a variabilidade de frequ\u00eancia, complicando o controlo de tens\u00e3o e pot\u00eancia reactiva. O SEN tamb\u00e9m enfrenta desafios com redes de distribui\u00e7\u00e3o perante a gera\u00e7\u00e3o distribu\u00edda crescente, segundo o GAT.<\/p>\n<p>O GAT prop\u00f5e refor\u00e7ar o investimento em desenvolvimento e inova\u00e7\u00e3o para um sector cada vez mais descentralizado. Defende simplificar o planeamento das redes e remover a interven\u00e7\u00e3o da Assembleia da Rep\u00fablica no processo de aprova\u00e7\u00e3o t\u00e9cnica.<\/p>\n<h3>Perspectivas e pr\u00f3ximos passos<\/h3>\n<p>O relat\u00f3rio enfatiza que a maior celeridade na execu\u00e7\u00e3o de projetos depende de uma reforma de governa\u00e7\u00e3o. O objetivo \u00e9 facilitar investimentos sem comprometer a qualidade t\u00e9cnica do planeamento.<\/p>\n<p>O estudo aponta ainda uma colabora\u00e7\u00e3o ib\u00e9rica e europeia como essencial para a efic\u00e1cia das recomenda\u00e7\u00f5es. Prop\u00f5e a cria\u00e7\u00e3o de um digital twin do sistema el\u00e9ctrico ib\u00e9rico para modela\u00e7\u00e3o din\u00e2mica da seguran\u00e7a.<\/p>\n<p>Al\u00e9m disso, recomenda investimentos urgentes em compensadores s\u00edncronos e em armazenamento de energia para emular a in\u00e9rcia necess\u00e1ria, numa conjuntura de maior integra\u00e7\u00e3o de energias renov\u00e1veis.<\/p>\n<p>Na ter\u00e7a-feira, o GTA, grupo ligado \u00e0 Assembleia da Rep\u00fablica, apresentar\u00e1 ao Parlamento um relat\u00f3rio sobre falhas e degrada\u00e7\u00e3o das comunica\u00e7\u00f5es durante o apag\u00e3o. O GTA sugere um mecanismo de alertas \u00e0 popula\u00e7\u00e3o n\u00e3o dependente das operadoras comerciais.<\/p>\n","protected":false},"excerpt":{"rendered":"<ul>\n<li>O Grupo de Aconselhamento T\u00e9cnico (GAT) apresentou o relat\u00f3rio final \u00e0 ministra do Ambiente e Energia, Maria da Gra\u00e7a Carvalho, propondo reformas estruturais ao Sistema El\u00e9trico Nacional (SEN ap\u00f3s o apag\u00e3o de 28 de abril.<\/li>\n<li>O documento n\u00e3o investiga as causas do apag\u00e3o, mas aponta necessidades de maior seguran\u00e7a e flexibilidade e refor\u00e7a que o SEN continua a manter elevados n\u00edveis de seguran\u00e7a na recupera\u00e7\u00e3o do servi\u00e7o.<\/li>\n<li>Entre as propostas est\u00e3o investimentos em compensadores s\u00edncronos, armazenamento de energia e uma reforma profunda no modelo de planeamento das redes, com maior robustez frente \u00e0 elevada penetra\u00e7\u00e3o de renov\u00e1veis.<\/li>\n<li>O GAT recomenda simplificar o planeamento das redes e retirar a interven\u00e7\u00e3o da Assembleia da Rep\u00fablica no processo t\u00e9cnico de aprova\u00e7\u00e3o, para acelerar investimentos essenciais.<\/li>\n<li>O relat\u00f3rio destaca a import\u00e2ncia de uma parceria ib\u00e9rica e europeia, incluindo a cria\u00e7\u00e3o de um digital twin do sistema el\u00e9ctrico ib\u00e9rico, e adianta que o Grupo de Trabalho do Apag\u00e3o, que se ir\u00e1 apresentar ao parlamento na ter\u00e7a-feira, descreve falhas de comunica\u00e7\u00f5es durante o evento.<\/li>\n<\/ul>\n","protected":false},"author":2,"featured_media":458854,"comment_status":"closed","ping_status":"closed","sticky":false,"template":"","format":"standard","meta":{"footnotes":""},"categories":[2,6806],"tags":[8557,8925,8532,7775,8051,9642],"class_list":["post-458852","post","type-post","status-publish","format-standard","has-post-thumbnail","hentry","category-economia","category-energia","tag-_abastecimento-de-energia","tag-_apagao","tag-_armazenamento-de-energia","tag-_energia","tag-_energias-renovaveis","tag-_erse"],"yoast_head":"<!-- This site is optimized with the Yoast SEO plugin v27.2 - https:\/\/yoast.com\/product\/yoast-seo-wordpress\/ -->\n<title>Peritos prop\u00f5em reforma do sistema el\u00e9trico para seguran\u00e7a e flexibilidade - Portal Tela Portugal<\/title>\n<meta name=\"robots\" content=\"index, follow, max-snippet:-1, max-image-preview:large, max-video-preview:-1\" \/>\n<meta property=\"og:locale\" content=\"pt_PT\" \/>\n<meta property=\"og:type\" content=\"article\" \/>\n<meta property=\"og:title\" content=\"Peritos prop\u00f5em reforma do sistema el\u00e9trico para seguran\u00e7a e flexibilidade - Portal Tela Portugal\" \/>\n<meta property=\"og:description\" content=\"O Grupo de Aconselhamento T\u00e9cnico (GAT) apresentou o relat\u00f3rio final \u00e0 ministra do Ambiente e Energia, Maria da Gra\u00e7a Carvalho, propondo reformas estruturais ao Sistema El\u00e9trico Nacional (SEN ap\u00f3s o apag\u00e3o de 28 de abril. O documento n\u00e3o investiga as causas do apag\u00e3o, mas aponta necessidades de maior seguran\u00e7a e flexibilidade e refor\u00e7a que o SEN continua a manter elevados n\u00edveis de seguran\u00e7a na recupera\u00e7\u00e3o do servi\u00e7o. Entre as propostas est\u00e3o investimentos em compensadores s\u00edncronos, armazenamento de energia e uma reforma profunda no modelo de planeamento das redes, com maior robustez frente \u00e0 elevada penetra\u00e7\u00e3o de renov\u00e1veis. O GAT recomenda simplificar o planeamento das redes e retirar a interven\u00e7\u00e3o da Assembleia da Rep\u00fablica no processo t\u00e9cnico de aprova\u00e7\u00e3o, para acelerar investimentos essenciais. O relat\u00f3rio destaca a import\u00e2ncia de uma parceria ib\u00e9rica e europeia, incluindo a cria\u00e7\u00e3o de um digital twin do sistema el\u00e9ctrico ib\u00e9rico, e adianta que o Grupo de Trabalho do Apag\u00e3o, que se ir\u00e1 apresentar ao parlamento na ter\u00e7a-feira, descreve falhas de comunica\u00e7\u00f5es durante o evento.\" \/>\n<meta property=\"og:url\" content=\"https:\/\/portaltela.pt\/noticias\/2026\/04\/27\/peritos-propoem-reforma-do-sistema-eletrico-para-seguranca-e-flexibilidade\/\" \/>\n<meta property=\"og:site_name\" content=\"Portal Tela Portugal\" \/>\n<meta property=\"article:published_time\" content=\"2026-04-27T19:18:40+00:00\" \/>\n<meta name=\"author\" content=\"Telinha\" \/>\n<meta name=\"twitter:card\" content=\"summary_large_image\" \/>\n<meta name=\"twitter:label1\" content=\"Escrito por\" \/>\n\t<meta name=\"twitter:data1\" content=\"Telinha\" \/>\n\t<meta name=\"twitter:label2\" content=\"Tempo estimado de leitura\" \/>\n\t<meta name=\"twitter:data2\" content=\"2 minutos\" \/>\n<script type=\"application\/ld+json\" class=\"yoast-schema-graph\">{\"@context\":\"https:\/\/schema.org\",\"@graph\":[{\"@type\":\"Article\",\"@id\":\"https:\/\/portaltela.pt\/noticias\/2026\/04\/27\/peritos-propoem-reforma-do-sistema-eletrico-para-seguranca-e-flexibilidade\/#article\",\"isPartOf\":{\"@id\":\"https:\/\/portaltela.pt\/noticias\/2026\/04\/27\/peritos-propoem-reforma-do-sistema-eletrico-para-seguranca-e-flexibilidade\/\"},\"author\":{\"name\":\"Telinha\",\"@id\":\"https:\/\/portaltela.pt\/#\/schema\/person\/c4278d4a6028830caff9ee44b42d32ed\"},\"headline\":\"Peritos prop\u00f5em reforma do sistema el\u00e9trico para seguran\u00e7a e flexibilidade\",\"datePublished\":\"2026-04-27T19:18:40+00:00\",\"mainEntityOfPage\":{\"@id\":\"https:\/\/portaltela.pt\/noticias\/2026\/04\/27\/peritos-propoem-reforma-do-sistema-eletrico-para-seguranca-e-flexibilidade\/\"},\"wordCount\":462,\"image\":{\"@id\":\"https:\/\/portaltela.pt\/noticias\/2026\/04\/27\/peritos-propoem-reforma-do-sistema-eletrico-para-seguranca-e-flexibilidade\/#primaryimage\"},\"thumbnailUrl\":\"https:\/\/portaltela.pt\/s.01k8rhncp4jt1\/2026\/04\/2084441.jpg\",\"keywords\":[\"_abastecimento de energia\",\"_apag\u00e3o\",\"_armazenamento de energia\",\"_energia\",\"_energias renov\u00e1veis\",\"_ERSE\"],\"articleSection\":[\"Economia\",\"Energia\"],\"inLanguage\":\"pt-PT\"},{\"@type\":\"WebPage\",\"@id\":\"https:\/\/portaltela.pt\/noticias\/2026\/04\/27\/peritos-propoem-reforma-do-sistema-eletrico-para-seguranca-e-flexibilidade\/\",\"url\":\"https:\/\/portaltela.pt\/noticias\/2026\/04\/27\/peritos-propoem-reforma-do-sistema-eletrico-para-seguranca-e-flexibilidade\/\",\"name\":\"Peritos prop\u00f5em reforma do sistema el\u00e9trico para seguran\u00e7a e flexibilidade - Portal Tela Portugal\",\"isPartOf\":{\"@id\":\"https:\/\/portaltela.pt\/#website\"},\"primaryImageOfPage\":{\"@id\":\"https:\/\/portaltela.pt\/noticias\/2026\/04\/27\/peritos-propoem-reforma-do-sistema-eletrico-para-seguranca-e-flexibilidade\/#primaryimage\"},\"image\":{\"@id\":\"https:\/\/portaltela.pt\/noticias\/2026\/04\/27\/peritos-propoem-reforma-do-sistema-eletrico-para-seguranca-e-flexibilidade\/#primaryimage\"},\"thumbnailUrl\":\"https:\/\/portaltela.pt\/s.01k8rhncp4jt1\/2026\/04\/2084441.jpg\",\"datePublished\":\"2026-04-27T19:18:40+00:00\",\"author\":{\"@id\":\"https:\/\/portaltela.pt\/#\/schema\/person\/c4278d4a6028830caff9ee44b42d32ed\"},\"breadcrumb\":{\"@id\":\"https:\/\/portaltela.pt\/noticias\/2026\/04\/27\/peritos-propoem-reforma-do-sistema-eletrico-para-seguranca-e-flexibilidade\/#breadcrumb\"},\"inLanguage\":\"pt-PT\",\"potentialAction\":[{\"@type\":\"ReadAction\",\"target\":[\"https:\/\/portaltela.pt\/noticias\/2026\/04\/27\/peritos-propoem-reforma-do-sistema-eletrico-para-seguranca-e-flexibilidade\/\"]}]},{\"@type\":\"ImageObject\",\"inLanguage\":\"pt-PT\",\"@id\":\"https:\/\/portaltela.pt\/noticias\/2026\/04\/27\/peritos-propoem-reforma-do-sistema-eletrico-para-seguranca-e-flexibilidade\/#primaryimage\",\"url\":\"https:\/\/portaltela.pt\/s.01k8rhncp4jt1\/2026\/04\/2084441.jpg\",\"contentUrl\":\"https:\/\/portaltela.pt\/s.01k8rhncp4jt1\/2026\/04\/2084441.jpg\",\"width\":796,\"height\":448,\"caption\":\"Apag\u00e3o el\u00e9ctrico aconteceu a 28 de Abril de 2025\"},{\"@type\":\"BreadcrumbList\",\"@id\":\"https:\/\/portaltela.pt\/noticias\/2026\/04\/27\/peritos-propoem-reforma-do-sistema-eletrico-para-seguranca-e-flexibilidade\/#breadcrumb\",\"itemListElement\":[{\"@type\":\"ListItem\",\"position\":1,\"name\":\"In\u00edcio\",\"item\":\"https:\/\/portaltela.pt\/\"},{\"@type\":\"ListItem\",\"position\":2,\"name\":\"Peritos prop\u00f5em reforma do sistema el\u00e9trico para seguran\u00e7a e flexibilidade\"}]},{\"@type\":\"WebSite\",\"@id\":\"https:\/\/portaltela.pt\/#website\",\"url\":\"https:\/\/portaltela.pt\/\",\"name\":\"Portal Tela Portugal\",\"description\":\"\",\"potentialAction\":[{\"@type\":\"SearchAction\",\"target\":{\"@type\":\"EntryPoint\",\"urlTemplate\":\"https:\/\/portaltela.pt\/?s={search_term_string}\"},\"query-input\":{\"@type\":\"PropertyValueSpecification\",\"valueRequired\":true,\"valueName\":\"search_term_string\"}}],\"inLanguage\":\"pt-PT\"},{\"@type\":\"Person\",\"@id\":\"https:\/\/portaltela.pt\/#\/schema\/person\/c4278d4a6028830caff9ee44b42d32ed\",\"name\":\"Telinha\",\"image\":{\"@type\":\"ImageObject\",\"inLanguage\":\"pt-PT\",\"@id\":\"https:\/\/portaltela.pt\/s.01k8rhncp4jt1\/2025\/11\/talking-bot-125x125.png\",\"url\":\"https:\/\/portaltela.pt\/s.01k8rhncp4jt1\/2025\/11\/talking-bot-125x125.png\",\"contentUrl\":\"https:\/\/portaltela.pt\/s.01k8rhncp4jt1\/2025\/11\/talking-bot-125x125.png\",\"caption\":\"Telinha\"},\"sameAs\":[\"https:\/\/portaltela.pt\/\"],\"url\":\"https:\/\/portaltela.pt\/por\/367410592786\/\"}]}<\/script>\n<!-- \/ Yoast SEO plugin. -->","yoast_head_json":{"title":"Peritos prop\u00f5em reforma do sistema el\u00e9trico para seguran\u00e7a e flexibilidade - Portal Tela Portugal","robots":{"index":"index","follow":"follow","max-snippet":"max-snippet:-1","max-image-preview":"max-image-preview:large","max-video-preview":"max-video-preview:-1"},"og_locale":"pt_PT","og_type":"article","og_title":"Peritos prop\u00f5em reforma do sistema el\u00e9trico para seguran\u00e7a e flexibilidade - Portal Tela Portugal","og_description":"O Grupo de Aconselhamento T\u00e9cnico (GAT) apresentou o relat\u00f3rio final \u00e0 ministra do Ambiente e Energia, Maria da Gra\u00e7a Carvalho, propondo reformas estruturais ao Sistema El\u00e9trico Nacional (SEN ap\u00f3s o apag\u00e3o de 28 de abril. O documento n\u00e3o investiga as causas do apag\u00e3o, mas aponta necessidades de maior seguran\u00e7a e flexibilidade e refor\u00e7a que o SEN continua a manter elevados n\u00edveis de seguran\u00e7a na recupera\u00e7\u00e3o do servi\u00e7o. Entre as propostas est\u00e3o investimentos em compensadores s\u00edncronos, armazenamento de energia e uma reforma profunda no modelo de planeamento das redes, com maior robustez frente \u00e0 elevada penetra\u00e7\u00e3o de renov\u00e1veis. O GAT recomenda simplificar o planeamento das redes e retirar a interven\u00e7\u00e3o da Assembleia da Rep\u00fablica no processo t\u00e9cnico de aprova\u00e7\u00e3o, para acelerar investimentos essenciais. O relat\u00f3rio destaca a import\u00e2ncia de uma parceria ib\u00e9rica e europeia, incluindo a cria\u00e7\u00e3o de um digital twin do sistema el\u00e9ctrico ib\u00e9rico, e adianta que o Grupo de Trabalho do Apag\u00e3o, que se ir\u00e1 apresentar ao parlamento na ter\u00e7a-feira, descreve falhas de comunica\u00e7\u00f5es durante o evento.","og_url":"https:\/\/portaltela.pt\/noticias\/2026\/04\/27\/peritos-propoem-reforma-do-sistema-eletrico-para-seguranca-e-flexibilidade\/","og_site_name":"Portal Tela Portugal","article_published_time":"2026-04-27T19:18:40+00:00","author":"Telinha","twitter_card":"summary_large_image","twitter_misc":{"Escrito por":"Telinha","Tempo estimado de leitura":"2 minutos"},"schema":{"@context":"https:\/\/schema.org","@graph":[{"@type":"Article","@id":"https:\/\/portaltela.pt\/noticias\/2026\/04\/27\/peritos-propoem-reforma-do-sistema-eletrico-para-seguranca-e-flexibilidade\/#article","isPartOf":{"@id":"https:\/\/portaltela.pt\/noticias\/2026\/04\/27\/peritos-propoem-reforma-do-sistema-eletrico-para-seguranca-e-flexibilidade\/"},"author":{"name":"Telinha","@id":"https:\/\/portaltela.pt\/#\/schema\/person\/c4278d4a6028830caff9ee44b42d32ed"},"headline":"Peritos prop\u00f5em reforma do sistema el\u00e9trico para seguran\u00e7a e flexibilidade","datePublished":"2026-04-27T19:18:40+00:00","mainEntityOfPage":{"@id":"https:\/\/portaltela.pt\/noticias\/2026\/04\/27\/peritos-propoem-reforma-do-sistema-eletrico-para-seguranca-e-flexibilidade\/"},"wordCount":462,"image":{"@id":"https:\/\/portaltela.pt\/noticias\/2026\/04\/27\/peritos-propoem-reforma-do-sistema-eletrico-para-seguranca-e-flexibilidade\/#primaryimage"},"thumbnailUrl":"https:\/\/portaltela.pt\/s.01k8rhncp4jt1\/2026\/04\/2084441.jpg","keywords":["_abastecimento de energia","_apag\u00e3o","_armazenamento de energia","_energia","_energias renov\u00e1veis","_ERSE"],"articleSection":["Economia","Energia"],"inLanguage":"pt-PT"},{"@type":"WebPage","@id":"https:\/\/portaltela.pt\/noticias\/2026\/04\/27\/peritos-propoem-reforma-do-sistema-eletrico-para-seguranca-e-flexibilidade\/","url":"https:\/\/portaltela.pt\/noticias\/2026\/04\/27\/peritos-propoem-reforma-do-sistema-eletrico-para-seguranca-e-flexibilidade\/","name":"Peritos prop\u00f5em reforma do sistema el\u00e9trico para seguran\u00e7a e flexibilidade - Portal Tela Portugal","isPartOf":{"@id":"https:\/\/portaltela.pt\/#website"},"primaryImageOfPage":{"@id":"https:\/\/portaltela.pt\/noticias\/2026\/04\/27\/peritos-propoem-reforma-do-sistema-eletrico-para-seguranca-e-flexibilidade\/#primaryimage"},"image":{"@id":"https:\/\/portaltela.pt\/noticias\/2026\/04\/27\/peritos-propoem-reforma-do-sistema-eletrico-para-seguranca-e-flexibilidade\/#primaryimage"},"thumbnailUrl":"https:\/\/portaltela.pt\/s.01k8rhncp4jt1\/2026\/04\/2084441.jpg","datePublished":"2026-04-27T19:18:40+00:00","author":{"@id":"https:\/\/portaltela.pt\/#\/schema\/person\/c4278d4a6028830caff9ee44b42d32ed"},"breadcrumb":{"@id":"https:\/\/portaltela.pt\/noticias\/2026\/04\/27\/peritos-propoem-reforma-do-sistema-eletrico-para-seguranca-e-flexibilidade\/#breadcrumb"},"inLanguage":"pt-PT","potentialAction":[{"@type":"ReadAction","target":["https:\/\/portaltela.pt\/noticias\/2026\/04\/27\/peritos-propoem-reforma-do-sistema-eletrico-para-seguranca-e-flexibilidade\/"]}]},{"@type":"ImageObject","inLanguage":"pt-PT","@id":"https:\/\/portaltela.pt\/noticias\/2026\/04\/27\/peritos-propoem-reforma-do-sistema-eletrico-para-seguranca-e-flexibilidade\/#primaryimage","url":"https:\/\/portaltela.pt\/s.01k8rhncp4jt1\/2026\/04\/2084441.jpg","contentUrl":"https:\/\/portaltela.pt\/s.01k8rhncp4jt1\/2026\/04\/2084441.jpg","width":796,"height":448,"caption":"Apag\u00e3o el\u00e9ctrico aconteceu a 28 de Abril de 2025"},{"@type":"BreadcrumbList","@id":"https:\/\/portaltela.pt\/noticias\/2026\/04\/27\/peritos-propoem-reforma-do-sistema-eletrico-para-seguranca-e-flexibilidade\/#breadcrumb","itemListElement":[{"@type":"ListItem","position":1,"name":"In\u00edcio","item":"https:\/\/portaltela.pt\/"},{"@type":"ListItem","position":2,"name":"Peritos prop\u00f5em reforma do sistema el\u00e9trico para seguran\u00e7a e flexibilidade"}]},{"@type":"WebSite","@id":"https:\/\/portaltela.pt\/#website","url":"https:\/\/portaltela.pt\/","name":"Portal Tela Portugal","description":"","potentialAction":[{"@type":"SearchAction","target":{"@type":"EntryPoint","urlTemplate":"https:\/\/portaltela.pt\/?s={search_term_string}"},"query-input":{"@type":"PropertyValueSpecification","valueRequired":true,"valueName":"search_term_string"}}],"inLanguage":"pt-PT"},{"@type":"Person","@id":"https:\/\/portaltela.pt\/#\/schema\/person\/c4278d4a6028830caff9ee44b42d32ed","name":"Telinha","image":{"@type":"ImageObject","inLanguage":"pt-PT","@id":"https:\/\/portaltela.pt\/s.01k8rhncp4jt1\/2025\/11\/talking-bot-125x125.png","url":"https:\/\/portaltela.pt\/s.01k8rhncp4jt1\/2025\/11\/talking-bot-125x125.png","contentUrl":"https:\/\/portaltela.pt\/s.01k8rhncp4jt1\/2025\/11\/talking-bot-125x125.png","caption":"Telinha"},"sameAs":["https:\/\/portaltela.pt\/"],"url":"https:\/\/portaltela.pt\/por\/367410592786\/"}]}},"_links":{"self":[{"href":"https:\/\/portaltela.pt\/api\/wp\/v2\/posts\/458852","targetHints":{"allow":["GET"]}}],"collection":[{"href":"https:\/\/portaltela.pt\/api\/wp\/v2\/posts"}],"about":[{"href":"https:\/\/portaltela.pt\/api\/wp\/v2\/types\/post"}],"author":[{"embeddable":true,"href":"https:\/\/portaltela.pt\/api\/wp\/v2\/users\/2"}],"replies":[{"embeddable":true,"href":"https:\/\/portaltela.pt\/api\/wp\/v2\/comments?post=458852"}],"version-history":[{"count":0,"href":"https:\/\/portaltela.pt\/api\/wp\/v2\/posts\/458852\/revisions"}],"wp:featuredmedia":[{"embeddable":true,"href":"https:\/\/portaltela.pt\/api\/wp\/v2\/media\/458854"}],"wp:attachment":[{"href":"https:\/\/portaltela.pt\/api\/wp\/v2\/media?parent=458852"}],"wp:term":[{"taxonomy":"category","embeddable":true,"href":"https:\/\/portaltela.pt\/api\/wp\/v2\/categories?post=458852"},{"taxonomy":"post_tag","embeddable":true,"href":"https:\/\/portaltela.pt\/api\/wp\/v2\/tags?post=458852"}],"curies":[{"name":"wp","href":"https:\/\/api.w.org\/{rel}","templated":true}]}}