{"id":458845,"date":"2026-04-27T16:03:30","date_gmt":"2026-04-27T19:03:30","guid":{"rendered":"https:\/\/portaltela.pt\/noticias\/2026\/04\/27\/joao-nuno-deixa-o-comando-tecnico-da-estrela-da-amadora-cristiano-bacci-assume\/"},"modified":"2026-04-27T16:03:30","modified_gmt":"2026-04-27T19:03:30","slug":"joao-nuno-deixa-o-comando-tecnico-da-estrela-da-amadora-cristiano-bacci-assume","status":"publish","type":"post","link":"https:\/\/portaltela.pt\/desporto\/futebol\/2026\/04\/27\/joao-nuno-deixa-o-comando-tecnico-da-estrela-da-amadora-cristiano-bacci-assume\/","title":{"rendered":"Jo\u00e3o Nuno deixa o comando t\u00e9cnico da Estrela da Amadora; Cristiano Bacci assume"},"content":{"rendered":"<p>Jo\u00e3o Nuno deixou o comando t\u00e9cnico do E. Amadora, anunciou o Record. Cristiano Bacci ser\u00e1 o seu sucessor, com a mudan\u00e7a j\u00e1 a caminho. O treinador italiano ex-Tondela vai orientar o treino desta ter\u00e7a-feira, ap\u00f3s a derrota com o FC Porto (1-2), a quarta consecutiva na Liga. A equipa segue em 15.\u00ba lugar, com dois pontos acima do 16.\u00ba, o Casa Pia, que tem menos um jogo.<\/p>\n<p>Bacci ser\u00e1 oficializado j\u00e1 amanh\u00e3 e dever\u00e1 orientar o arranque da prepara\u00e7\u00e3o para a visita ao Moreirense. O t\u00e9cnico de 50 anos deixou o Tondela a 22 de mar\u00e7o, ap\u00f3s desentendimentos com o presidente Gilberto Coimbra. No Beira, comandou o clube beir\u00e3o em 15 jornadas (3 vit\u00f3rias, 5 empates, 7 derrotas) e chega com o objetivo de evitar a despromo\u00e7\u00e3o.<\/p>\n<p>Jo\u00e3o Nuno chegou ao E. Amadora proveniente do Belenenses, num neg\u00f3cio avaliado em 500 mil euros. O t\u00e9cnico de 40 anos estreou-se a 10 de outubro, substituindo Jos\u00e9 Faria. Em 24 jogos da Liga, registou 5 vit\u00f3rias, 6 empates e 13 derrotas.<\/p>\n<h3>Perfil de Cristiano Bacci<\/h3>\n<p>O italiano assume o papel de t\u00e9cnico principal do E. Amadora com a miss\u00e3o de inverter a din\u00e2mica da equipa na fase final da \u00e9poca.<\/p>\n<p>No Tondela, Bacci dirigiu o conjunto beir\u00e3o em 15 jogos, com 3 vit\u00f3rias, 5 empates e 7 derrotas. A sa\u00edda ocorreu ap\u00f3s contactos considerados pol\u00e9micos com a dire\u00e7\u00e3o do clube. A transfer\u00eancia para o Estrela da Amadora representa a primeira experi\u00eancia dele no futebol portugu\u00eas desde o regresso ao pa\u00eds.<\/p>\n","protected":false},"excerpt":{"rendered":"<ul>\n<li>Jo\u00e3o Nuno deixou o comando t\u00e9cnico do Estrela da Amadora ap\u00f3s a derrota frente ao FC Porto (1-2), a quarta consecutiva na Liga.<\/li>\n<li>Cristiano Bacci, treinador italiano, \u00e9 o sucessor e ser\u00e1 oficializado esta ter\u00e7a-feira; vai orientar o treino de arranque da prepara\u00e7\u00e3o para a visita ao Moreirense.<\/li>\n<li>A mudan\u00e7a \u00e9 apresentada como um aban\u00e3o para as \u00faltimas tr\u00eas jornadas, com a equipa em 15.\u00ba lugar e dois pontos acima do 16.\u00ba, o Casa Pia, que tem menos um jogo.<\/li>\n<li>Bacci chegou ao Estrela da Amadora depois de deixar o Tondela a 22 de mar\u00e7o, com a miss\u00e3o de assegurar a perman\u00eancia na liga.<\/li>\n<li>Jo\u00e3o Nuno, 40 anos, tinha sido contratado ao Belenenses (Liga 3) por 500 mil euros; estreou-se a 10 de outubro e, em 24 jogos, teve 5 vit\u00f3rias, 6 empates e 13 derrotas.<\/li>\n<\/ul>\n","protected":false},"author":2,"featured_media":458850,"comment_status":"closed","ping_status":"closed","sticky":false,"template":"","format":"standard","meta":{"footnotes":""},"categories":[21,24],"tags":[4059,5176,1589,32,5579,1005],"class_list":["post-458845","post","type-post","status-publish","format-standard","has-post-thumbnail","hentry","category-desporto","category-futebol","tag-1-a-liga","tag-casa-pia","tag-estrela","tag-futebol","tag-moreirense","tag-tondela"],"yoast_head":"<!-- This site is optimized with the Yoast SEO plugin v27.2 - https:\/\/yoast.com\/product\/yoast-seo-wordpress\/ -->\n<title>Jo\u00e3o Nuno deixa o comando t\u00e9cnico da Estrela da Amadora; Cristiano Bacci assume - Portal Tela Portugal<\/title>\n<meta name=\"robots\" content=\"index, follow, max-snippet:-1, max-image-preview:large, max-video-preview:-1\" \/>\n<meta property=\"og:locale\" content=\"pt_PT\" \/>\n<meta property=\"og:type\" content=\"article\" \/>\n<meta property=\"og:title\" content=\"Jo\u00e3o Nuno deixa o comando t\u00e9cnico da Estrela da Amadora; Cristiano Bacci assume - Portal Tela Portugal\" \/>\n<meta property=\"og:description\" content=\"Jo\u00e3o Nuno deixou o comando t\u00e9cnico do Estrela da Amadora ap\u00f3s a derrota frente ao FC Porto (1-2), a quarta consecutiva na Liga. Cristiano Bacci, treinador italiano, \u00e9 o sucessor e ser\u00e1 oficializado esta ter\u00e7a-feira; vai orientar o treino de arranque da prepara\u00e7\u00e3o para a visita ao Moreirense. A mudan\u00e7a \u00e9 apresentada como um aban\u00e3o para as \u00faltimas tr\u00eas jornadas, com a equipa em 15.\u00ba lugar e dois pontos acima do 16.\u00ba, o Casa Pia, que tem menos um jogo. Bacci chegou ao Estrela da Amadora depois de deixar o Tondela a 22 de mar\u00e7o, com a miss\u00e3o de assegurar a perman\u00eancia na liga. Jo\u00e3o Nuno, 40 anos, tinha sido contratado ao Belenenses (Liga 3) por 500 mil euros; estreou-se a 10 de outubro e, em 24 jogos, teve 5 vit\u00f3rias, 6 empates e 13 derrotas.\" \/>\n<meta property=\"og:url\" content=\"https:\/\/portaltela.pt\/noticias\/2026\/04\/27\/joao-nuno-deixa-o-comando-tecnico-da-estrela-da-amadora-cristiano-bacci-assume\/\" \/>\n<meta property=\"og:site_name\" content=\"Portal Tela Portugal\" \/>\n<meta property=\"article:published_time\" content=\"2026-04-27T19:03:30+00:00\" \/>\n<meta name=\"author\" content=\"Telinha\" \/>\n<meta name=\"twitter:card\" content=\"summary_large_image\" \/>\n<meta name=\"twitter:label1\" content=\"Escrito por\" \/>\n\t<meta name=\"twitter:data1\" content=\"Telinha\" \/>\n\t<meta name=\"twitter:label2\" content=\"Tempo estimado de leitura\" \/>\n\t<meta name=\"twitter:data2\" content=\"1 minuto\" \/>\n<script type=\"application\/ld+json\" class=\"yoast-schema-graph\">{\"@context\":\"https:\/\/schema.org\",\"@graph\":[{\"@type\":\"Article\",\"@id\":\"https:\/\/portaltela.pt\/noticias\/2026\/04\/27\/joao-nuno-deixa-o-comando-tecnico-da-estrela-da-amadora-cristiano-bacci-assume\/#article\",\"isPartOf\":{\"@id\":\"https:\/\/portaltela.pt\/noticias\/2026\/04\/27\/joao-nuno-deixa-o-comando-tecnico-da-estrela-da-amadora-cristiano-bacci-assume\/\"},\"author\":{\"name\":\"Telinha\",\"@id\":\"https:\/\/portaltela.pt\/#\/schema\/person\/c4278d4a6028830caff9ee44b42d32ed\"},\"headline\":\"Jo\u00e3o Nuno deixa o comando t\u00e9cnico da Estrela da Amadora; Cristiano Bacci assume\",\"datePublished\":\"2026-04-27T19:03:30+00:00\",\"mainEntityOfPage\":{\"@id\":\"https:\/\/portaltela.pt\/noticias\/2026\/04\/27\/joao-nuno-deixa-o-comando-tecnico-da-estrela-da-amadora-cristiano-bacci-assume\/\"},\"wordCount\":273,\"image\":{\"@id\":\"https:\/\/portaltela.pt\/noticias\/2026\/04\/27\/joao-nuno-deixa-o-comando-tecnico-da-estrela-da-amadora-cristiano-bacci-assume\/#primaryimage\"},\"thumbnailUrl\":\"https:\/\/portaltela.pt\/s.01k8rhncp4jt1\/2026\/04\/img_1280x721uu2026-04-27-19-57-51-2281448.jpg\",\"keywords\":[\"1.\u00aa Liga\",\"Casa Pia\",\"Estrela\",\"futebol\",\"Moreirense\",\"Tondela\"],\"articleSection\":[\"Desporto\",\"Futebol\"],\"inLanguage\":\"pt-PT\"},{\"@type\":\"WebPage\",\"@id\":\"https:\/\/portaltela.pt\/noticias\/2026\/04\/27\/joao-nuno-deixa-o-comando-tecnico-da-estrela-da-amadora-cristiano-bacci-assume\/\",\"url\":\"https:\/\/portaltela.pt\/noticias\/2026\/04\/27\/joao-nuno-deixa-o-comando-tecnico-da-estrela-da-amadora-cristiano-bacci-assume\/\",\"name\":\"Jo\u00e3o Nuno deixa o comando t\u00e9cnico da Estrela da Amadora; Cristiano Bacci assume - Portal Tela Portugal\",\"isPartOf\":{\"@id\":\"https:\/\/portaltela.pt\/#website\"},\"primaryImageOfPage\":{\"@id\":\"https:\/\/portaltela.pt\/noticias\/2026\/04\/27\/joao-nuno-deixa-o-comando-tecnico-da-estrela-da-amadora-cristiano-bacci-assume\/#primaryimage\"},\"image\":{\"@id\":\"https:\/\/portaltela.pt\/noticias\/2026\/04\/27\/joao-nuno-deixa-o-comando-tecnico-da-estrela-da-amadora-cristiano-bacci-assume\/#primaryimage\"},\"thumbnailUrl\":\"https:\/\/portaltela.pt\/s.01k8rhncp4jt1\/2026\/04\/img_1280x721uu2026-04-27-19-57-51-2281448.jpg\",\"datePublished\":\"2026-04-27T19:03:30+00:00\",\"author\":{\"@id\":\"https:\/\/portaltela.pt\/#\/schema\/person\/c4278d4a6028830caff9ee44b42d32ed\"},\"breadcrumb\":{\"@id\":\"https:\/\/portaltela.pt\/noticias\/2026\/04\/27\/joao-nuno-deixa-o-comando-tecnico-da-estrela-da-amadora-cristiano-bacci-assume\/#breadcrumb\"},\"inLanguage\":\"pt-PT\",\"potentialAction\":[{\"@type\":\"ReadAction\",\"target\":[\"https:\/\/portaltela.pt\/noticias\/2026\/04\/27\/joao-nuno-deixa-o-comando-tecnico-da-estrela-da-amadora-cristiano-bacci-assume\/\"]}]},{\"@type\":\"ImageObject\",\"inLanguage\":\"pt-PT\",\"@id\":\"https:\/\/portaltela.pt\/noticias\/2026\/04\/27\/joao-nuno-deixa-o-comando-tecnico-da-estrela-da-amadora-cristiano-bacci-assume\/#primaryimage\",\"url\":\"https:\/\/portaltela.pt\/s.01k8rhncp4jt1\/2026\/04\/img_1280x721uu2026-04-27-19-57-51-2281448.jpg\",\"contentUrl\":\"https:\/\/portaltela.pt\/s.01k8rhncp4jt1\/2026\/04\/img_1280x721uu2026-04-27-19-57-51-2281448.jpg\",\"width\":796,\"height\":448,\"caption\":\"Cristiano Bacci admite gest\u00e3o frente ao Rio Ave\"},{\"@type\":\"BreadcrumbList\",\"@id\":\"https:\/\/portaltela.pt\/noticias\/2026\/04\/27\/joao-nuno-deixa-o-comando-tecnico-da-estrela-da-amadora-cristiano-bacci-assume\/#breadcrumb\",\"itemListElement\":[{\"@type\":\"ListItem\",\"position\":1,\"name\":\"In\u00edcio\",\"item\":\"https:\/\/portaltela.pt\/\"},{\"@type\":\"ListItem\",\"position\":2,\"name\":\"Jo\u00e3o Nuno deixa o comando t\u00e9cnico da Estrela da Amadora; Cristiano Bacci assume\"}]},{\"@type\":\"WebSite\",\"@id\":\"https:\/\/portaltela.pt\/#website\",\"url\":\"https:\/\/portaltela.pt\/\",\"name\":\"Portal Tela Portugal\",\"description\":\"\",\"potentialAction\":[{\"@type\":\"SearchAction\",\"target\":{\"@type\":\"EntryPoint\",\"urlTemplate\":\"https:\/\/portaltela.pt\/?s={search_term_string}\"},\"query-input\":{\"@type\":\"PropertyValueSpecification\",\"valueRequired\":true,\"valueName\":\"search_term_string\"}}],\"inLanguage\":\"pt-PT\"},{\"@type\":\"Person\",\"@id\":\"https:\/\/portaltela.pt\/#\/schema\/person\/c4278d4a6028830caff9ee44b42d32ed\",\"name\":\"Telinha\",\"image\":{\"@type\":\"ImageObject\",\"inLanguage\":\"pt-PT\",\"@id\":\"https:\/\/portaltela.pt\/s.01k8rhncp4jt1\/2025\/11\/talking-bot-125x125.png\",\"url\":\"https:\/\/portaltela.pt\/s.01k8rhncp4jt1\/2025\/11\/talking-bot-125x125.png\",\"contentUrl\":\"https:\/\/portaltela.pt\/s.01k8rhncp4jt1\/2025\/11\/talking-bot-125x125.png\",\"caption\":\"Telinha\"},\"sameAs\":[\"https:\/\/portaltela.pt\/\"],\"url\":\"https:\/\/portaltela.pt\/por\/367410592786\/\"}]}<\/script>\n<!-- \/ Yoast SEO plugin. -->","yoast_head_json":{"title":"Jo\u00e3o Nuno deixa o comando t\u00e9cnico da Estrela da Amadora; Cristiano Bacci assume - Portal Tela Portugal","robots":{"index":"index","follow":"follow","max-snippet":"max-snippet:-1","max-image-preview":"max-image-preview:large","max-video-preview":"max-video-preview:-1"},"og_locale":"pt_PT","og_type":"article","og_title":"Jo\u00e3o Nuno deixa o comando t\u00e9cnico da Estrela da Amadora; Cristiano Bacci assume - Portal Tela Portugal","og_description":"Jo\u00e3o Nuno deixou o comando t\u00e9cnico do Estrela da Amadora ap\u00f3s a derrota frente ao FC Porto (1-2), a quarta consecutiva na Liga. Cristiano Bacci, treinador italiano, \u00e9 o sucessor e ser\u00e1 oficializado esta ter\u00e7a-feira; vai orientar o treino de arranque da prepara\u00e7\u00e3o para a visita ao Moreirense. A mudan\u00e7a \u00e9 apresentada como um aban\u00e3o para as \u00faltimas tr\u00eas jornadas, com a equipa em 15.\u00ba lugar e dois pontos acima do 16.\u00ba, o Casa Pia, que tem menos um jogo. Bacci chegou ao Estrela da Amadora depois de deixar o Tondela a 22 de mar\u00e7o, com a miss\u00e3o de assegurar a perman\u00eancia na liga. Jo\u00e3o Nuno, 40 anos, tinha sido contratado ao Belenenses (Liga 3) por 500 mil euros; estreou-se a 10 de outubro e, em 24 jogos, teve 5 vit\u00f3rias, 6 empates e 13 derrotas.","og_url":"https:\/\/portaltela.pt\/noticias\/2026\/04\/27\/joao-nuno-deixa-o-comando-tecnico-da-estrela-da-amadora-cristiano-bacci-assume\/","og_site_name":"Portal Tela Portugal","article_published_time":"2026-04-27T19:03:30+00:00","author":"Telinha","twitter_card":"summary_large_image","twitter_misc":{"Escrito por":"Telinha","Tempo estimado de leitura":"1 minuto"},"schema":{"@context":"https:\/\/schema.org","@graph":[{"@type":"Article","@id":"https:\/\/portaltela.pt\/noticias\/2026\/04\/27\/joao-nuno-deixa-o-comando-tecnico-da-estrela-da-amadora-cristiano-bacci-assume\/#article","isPartOf":{"@id":"https:\/\/portaltela.pt\/noticias\/2026\/04\/27\/joao-nuno-deixa-o-comando-tecnico-da-estrela-da-amadora-cristiano-bacci-assume\/"},"author":{"name":"Telinha","@id":"https:\/\/portaltela.pt\/#\/schema\/person\/c4278d4a6028830caff9ee44b42d32ed"},"headline":"Jo\u00e3o Nuno deixa o comando t\u00e9cnico da Estrela da Amadora; Cristiano Bacci assume","datePublished":"2026-04-27T19:03:30+00:00","mainEntityOfPage":{"@id":"https:\/\/portaltela.pt\/noticias\/2026\/04\/27\/joao-nuno-deixa-o-comando-tecnico-da-estrela-da-amadora-cristiano-bacci-assume\/"},"wordCount":273,"image":{"@id":"https:\/\/portaltela.pt\/noticias\/2026\/04\/27\/joao-nuno-deixa-o-comando-tecnico-da-estrela-da-amadora-cristiano-bacci-assume\/#primaryimage"},"thumbnailUrl":"https:\/\/portaltela.pt\/s.01k8rhncp4jt1\/2026\/04\/img_1280x721uu2026-04-27-19-57-51-2281448.jpg","keywords":["1.\u00aa Liga","Casa Pia","Estrela","futebol","Moreirense","Tondela"],"articleSection":["Desporto","Futebol"],"inLanguage":"pt-PT"},{"@type":"WebPage","@id":"https:\/\/portaltela.pt\/noticias\/2026\/04\/27\/joao-nuno-deixa-o-comando-tecnico-da-estrela-da-amadora-cristiano-bacci-assume\/","url":"https:\/\/portaltela.pt\/noticias\/2026\/04\/27\/joao-nuno-deixa-o-comando-tecnico-da-estrela-da-amadora-cristiano-bacci-assume\/","name":"Jo\u00e3o Nuno deixa o comando t\u00e9cnico da Estrela da Amadora; Cristiano Bacci assume - Portal Tela Portugal","isPartOf":{"@id":"https:\/\/portaltela.pt\/#website"},"primaryImageOfPage":{"@id":"https:\/\/portaltela.pt\/noticias\/2026\/04\/27\/joao-nuno-deixa-o-comando-tecnico-da-estrela-da-amadora-cristiano-bacci-assume\/#primaryimage"},"image":{"@id":"https:\/\/portaltela.pt\/noticias\/2026\/04\/27\/joao-nuno-deixa-o-comando-tecnico-da-estrela-da-amadora-cristiano-bacci-assume\/#primaryimage"},"thumbnailUrl":"https:\/\/portaltela.pt\/s.01k8rhncp4jt1\/2026\/04\/img_1280x721uu2026-04-27-19-57-51-2281448.jpg","datePublished":"2026-04-27T19:03:30+00:00","author":{"@id":"https:\/\/portaltela.pt\/#\/schema\/person\/c4278d4a6028830caff9ee44b42d32ed"},"breadcrumb":{"@id":"https:\/\/portaltela.pt\/noticias\/2026\/04\/27\/joao-nuno-deixa-o-comando-tecnico-da-estrela-da-amadora-cristiano-bacci-assume\/#breadcrumb"},"inLanguage":"pt-PT","potentialAction":[{"@type":"ReadAction","target":["https:\/\/portaltela.pt\/noticias\/2026\/04\/27\/joao-nuno-deixa-o-comando-tecnico-da-estrela-da-amadora-cristiano-bacci-assume\/"]}]},{"@type":"ImageObject","inLanguage":"pt-PT","@id":"https:\/\/portaltela.pt\/noticias\/2026\/04\/27\/joao-nuno-deixa-o-comando-tecnico-da-estrela-da-amadora-cristiano-bacci-assume\/#primaryimage","url":"https:\/\/portaltela.pt\/s.01k8rhncp4jt1\/2026\/04\/img_1280x721uu2026-04-27-19-57-51-2281448.jpg","contentUrl":"https:\/\/portaltela.pt\/s.01k8rhncp4jt1\/2026\/04\/img_1280x721uu2026-04-27-19-57-51-2281448.jpg","width":796,"height":448,"caption":"Cristiano Bacci admite gest\u00e3o frente ao Rio Ave"},{"@type":"BreadcrumbList","@id":"https:\/\/portaltela.pt\/noticias\/2026\/04\/27\/joao-nuno-deixa-o-comando-tecnico-da-estrela-da-amadora-cristiano-bacci-assume\/#breadcrumb","itemListElement":[{"@type":"ListItem","position":1,"name":"In\u00edcio","item":"https:\/\/portaltela.pt\/"},{"@type":"ListItem","position":2,"name":"Jo\u00e3o Nuno deixa o comando t\u00e9cnico da Estrela da Amadora; Cristiano Bacci assume"}]},{"@type":"WebSite","@id":"https:\/\/portaltela.pt\/#website","url":"https:\/\/portaltela.pt\/","name":"Portal Tela Portugal","description":"","potentialAction":[{"@type":"SearchAction","target":{"@type":"EntryPoint","urlTemplate":"https:\/\/portaltela.pt\/?s={search_term_string}"},"query-input":{"@type":"PropertyValueSpecification","valueRequired":true,"valueName":"search_term_string"}}],"inLanguage":"pt-PT"},{"@type":"Person","@id":"https:\/\/portaltela.pt\/#\/schema\/person\/c4278d4a6028830caff9ee44b42d32ed","name":"Telinha","image":{"@type":"ImageObject","inLanguage":"pt-PT","@id":"https:\/\/portaltela.pt\/s.01k8rhncp4jt1\/2025\/11\/talking-bot-125x125.png","url":"https:\/\/portaltela.pt\/s.01k8rhncp4jt1\/2025\/11\/talking-bot-125x125.png","contentUrl":"https:\/\/portaltela.pt\/s.01k8rhncp4jt1\/2025\/11\/talking-bot-125x125.png","caption":"Telinha"},"sameAs":["https:\/\/portaltela.pt\/"],"url":"https:\/\/portaltela.pt\/por\/367410592786\/"}]}},"_links":{"self":[{"href":"https:\/\/portaltela.pt\/api\/wp\/v2\/posts\/458845","targetHints":{"allow":["GET"]}}],"collection":[{"href":"https:\/\/portaltela.pt\/api\/wp\/v2\/posts"}],"about":[{"href":"https:\/\/portaltela.pt\/api\/wp\/v2\/types\/post"}],"author":[{"embeddable":true,"href":"https:\/\/portaltela.pt\/api\/wp\/v2\/users\/2"}],"replies":[{"embeddable":true,"href":"https:\/\/portaltela.pt\/api\/wp\/v2\/comments?post=458845"}],"version-history":[{"count":0,"href":"https:\/\/portaltela.pt\/api\/wp\/v2\/posts\/458845\/revisions"}],"wp:featuredmedia":[{"embeddable":true,"href":"https:\/\/portaltela.pt\/api\/wp\/v2\/media\/458850"}],"wp:attachment":[{"href":"https:\/\/portaltela.pt\/api\/wp\/v2\/media?parent=458845"}],"wp:term":[{"taxonomy":"category","embeddable":true,"href":"https:\/\/portaltela.pt\/api\/wp\/v2\/categories?post=458845"},{"taxonomy":"post_tag","embeddable":true,"href":"https:\/\/portaltela.pt\/api\/wp\/v2\/tags?post=458845"}],"curies":[{"name":"wp","href":"https:\/\/api.w.org\/{rel}","templated":true}]}}