{"id":458835,"date":"2026-04-27T16:03:11","date_gmt":"2026-04-27T19:03:11","guid":{"rendered":"https:\/\/portaltela.pt\/noticias\/2026\/04\/27\/arbitro-ja-definido-para-o-sporting-tondela\/"},"modified":"2026-04-27T16:03:11","modified_gmt":"2026-04-27T19:03:11","slug":"arbitro-ja-definido-para-o-sporting-tondela","status":"publish","type":"post","link":"https:\/\/portaltela.pt\/desporto\/futebol\/2026\/04\/27\/arbitro-ja-definido-para-o-sporting-tondela\/","title":{"rendered":"\u00c1rbitro j\u00e1 definido para o Sporting-Tondela"},"content":{"rendered":"<p>O Conselho de Arbitragem da Federa\u00e7\u00e3o Portuguesa de Futebol confirmou o \u00e1rbitro designado para o jogo entre Sporting e Tondela, em atraso da 26.\u00aa jornada da Liga Betclic. A partida est\u00e1 marcada para quarta-feira, \u00e0s 20h15, no Est\u00e1dio Jos\u00e9 Alvalade. O juiz escolhido \u00e9 F\u00e1bio Ver\u00edssimo, da Associa\u00e7\u00e3o de Futebol de Leiria.<\/p>\n<p>A decis\u00e3o foi comunicada pela Federa\u00e7\u00e3o, com o objetivo de assegurar a arbitragem do encontro desta jornada atrasada. Ver\u00edssimo assume o papel de \u00e1rbitro principal, dirigindo o confronto conforme o calend\u00e1rio da competi\u00e7\u00e3o.<\/p>\n<h3>Equipa de arbitragem<\/h3>\n<ul>\n<li>\u00c1rbitro: F\u00e1bio Ver\u00edssimo<\/li>\n<li>Assistentes: Hugo Marques e Vasco Marques<\/li>\n<li>Quarto \u00c1rbitro: Lu\u00eds Filipe<\/li>\n<li>VAR: Bruno Esteves<\/li>\n<li>AVAR: Catarina Campos<\/li>\n<\/ul>\n","protected":false},"excerpt":{"rendered":"<ul>\n<li>F\u00e1bio Ver\u00edssimo vai apitar o Sporting-Tondela, em atraso da 26.\u00aa jornada da Liga Betclic.<\/li>\n<li>O jogo realiza-se quarta-feira, \u00e0s 20h15, no Est\u00e1dio Jos\u00e9 Alvalade.<\/li>\n<li>Assistentes: Hugo Marques e Vasco Marques.<\/li>\n<li>Quarto \u00e1rbitro: Lu\u00eds Filipe.<\/li>\n<li>VAR: Bruno Esteves; AVAR: Catarina Campos.<\/li>\n<\/ul>\n","protected":false},"author":2,"featured_media":458843,"comment_status":"closed","ping_status":"closed","sticky":false,"template":"","format":"standard","meta":{"footnotes":""},"categories":[21,24],"tags":[4143,1588,1336,1786,1652,1005],"class_list":["post-458835","post","type-post","status-publish","format-standard","has-post-thumbnail","hentry","category-desporto","category-futebol","tag-1-liga","tag-alvalade","tag-arbitro","tag-liga","tag-sporting","tag-tondela"],"yoast_head":"<!-- This site is optimized with the Yoast SEO plugin v27.2 - https:\/\/yoast.com\/product\/yoast-seo-wordpress\/ -->\n<title>\u00c1rbitro j\u00e1 definido para o Sporting-Tondela - Portal Tela Portugal<\/title>\n<meta name=\"robots\" content=\"index, follow, max-snippet:-1, max-image-preview:large, max-video-preview:-1\" \/>\n<meta property=\"og:locale\" content=\"pt_PT\" \/>\n<meta property=\"og:type\" content=\"article\" \/>\n<meta property=\"og:title\" content=\"\u00c1rbitro j\u00e1 definido para o Sporting-Tondela - Portal Tela Portugal\" \/>\n<meta property=\"og:description\" content=\"F\u00e1bio Ver\u00edssimo vai apitar o Sporting-Tondela, em atraso da 26.\u00aa jornada da Liga Betclic. O jogo realiza-se quarta-feira, \u00e0s 20h15, no Est\u00e1dio Jos\u00e9 Alvalade. Assistentes: Hugo Marques e Vasco Marques. Quarto \u00e1rbitro: Lu\u00eds Filipe. VAR: Bruno Esteves; AVAR: Catarina Campos.\" \/>\n<meta property=\"og:url\" content=\"https:\/\/portaltela.pt\/noticias\/2026\/04\/27\/arbitro-ja-definido-para-o-sporting-tondela\/\" \/>\n<meta property=\"og:site_name\" content=\"Portal Tela Portugal\" \/>\n<meta property=\"article:published_time\" content=\"2026-04-27T19:03:11+00:00\" \/>\n<meta name=\"author\" content=\"Telinha\" \/>\n<meta name=\"twitter:card\" content=\"summary_large_image\" \/>\n<meta name=\"twitter:label1\" content=\"Escrito por\" \/>\n\t<meta name=\"twitter:data1\" content=\"Telinha\" \/>\n\t<meta name=\"twitter:label2\" content=\"Tempo estimado de leitura\" \/>\n\t<meta name=\"twitter:data2\" content=\"1 minuto\" \/>\n<script type=\"application\/ld+json\" class=\"yoast-schema-graph\">{\"@context\":\"https:\/\/schema.org\",\"@graph\":[{\"@type\":\"Article\",\"@id\":\"https:\/\/portaltela.pt\/noticias\/2026\/04\/27\/arbitro-ja-definido-para-o-sporting-tondela\/#article\",\"isPartOf\":{\"@id\":\"https:\/\/portaltela.pt\/noticias\/2026\/04\/27\/arbitro-ja-definido-para-o-sporting-tondela\/\"},\"author\":{\"name\":\"Telinha\",\"@id\":\"https:\/\/portaltela.pt\/#\/schema\/person\/c4278d4a6028830caff9ee44b42d32ed\"},\"headline\":\"\u00c1rbitro j\u00e1 definido para o Sporting-Tondela\",\"datePublished\":\"2026-04-27T19:03:11+00:00\",\"mainEntityOfPage\":{\"@id\":\"https:\/\/portaltela.pt\/noticias\/2026\/04\/27\/arbitro-ja-definido-para-o-sporting-tondela\/\"},\"wordCount\":124,\"image\":{\"@id\":\"https:\/\/portaltela.pt\/noticias\/2026\/04\/27\/arbitro-ja-definido-para-o-sporting-tondela\/#primaryimage\"},\"thumbnailUrl\":\"https:\/\/portaltela.pt\/s.01k8rhncp4jt1\/2026\/04\/img_1500x1000uu2026-04-27-19-57-50-2281447.jpg\",\"keywords\":[\"1. Liga\",\"Alvalade\",\"\u00e1rbitro\",\"Liga\",\"Sporting\",\"Tondela\"],\"articleSection\":[\"Desporto\",\"Futebol\"],\"inLanguage\":\"pt-PT\"},{\"@type\":\"WebPage\",\"@id\":\"https:\/\/portaltela.pt\/noticias\/2026\/04\/27\/arbitro-ja-definido-para-o-sporting-tondela\/\",\"url\":\"https:\/\/portaltela.pt\/noticias\/2026\/04\/27\/arbitro-ja-definido-para-o-sporting-tondela\/\",\"name\":\"\u00c1rbitro j\u00e1 definido para o Sporting-Tondela - Portal Tela Portugal\",\"isPartOf\":{\"@id\":\"https:\/\/portaltela.pt\/#website\"},\"primaryImageOfPage\":{\"@id\":\"https:\/\/portaltela.pt\/noticias\/2026\/04\/27\/arbitro-ja-definido-para-o-sporting-tondela\/#primaryimage\"},\"image\":{\"@id\":\"https:\/\/portaltela.pt\/noticias\/2026\/04\/27\/arbitro-ja-definido-para-o-sporting-tondela\/#primaryimage\"},\"thumbnailUrl\":\"https:\/\/portaltela.pt\/s.01k8rhncp4jt1\/2026\/04\/img_1500x1000uu2026-04-27-19-57-50-2281447.jpg\",\"datePublished\":\"2026-04-27T19:03:11+00:00\",\"author\":{\"@id\":\"https:\/\/portaltela.pt\/#\/schema\/person\/c4278d4a6028830caff9ee44b42d32ed\"},\"breadcrumb\":{\"@id\":\"https:\/\/portaltela.pt\/noticias\/2026\/04\/27\/arbitro-ja-definido-para-o-sporting-tondela\/#breadcrumb\"},\"inLanguage\":\"pt-PT\",\"potentialAction\":[{\"@type\":\"ReadAction\",\"target\":[\"https:\/\/portaltela.pt\/noticias\/2026\/04\/27\/arbitro-ja-definido-para-o-sporting-tondela\/\"]}]},{\"@type\":\"ImageObject\",\"inLanguage\":\"pt-PT\",\"@id\":\"https:\/\/portaltela.pt\/noticias\/2026\/04\/27\/arbitro-ja-definido-para-o-sporting-tondela\/#primaryimage\",\"url\":\"https:\/\/portaltela.pt\/s.01k8rhncp4jt1\/2026\/04\/img_1500x1000uu2026-04-27-19-57-50-2281447.jpg\",\"contentUrl\":\"https:\/\/portaltela.pt\/s.01k8rhncp4jt1\/2026\/04\/img_1500x1000uu2026-04-27-19-57-50-2281447.jpg\",\"width\":796,\"height\":448,\"caption\":\"\u00c1rbitro da Liga Portugal pode usar c\u00e2maras da Sport TV\"},{\"@type\":\"BreadcrumbList\",\"@id\":\"https:\/\/portaltela.pt\/noticias\/2026\/04\/27\/arbitro-ja-definido-para-o-sporting-tondela\/#breadcrumb\",\"itemListElement\":[{\"@type\":\"ListItem\",\"position\":1,\"name\":\"In\u00edcio\",\"item\":\"https:\/\/portaltela.pt\/\"},{\"@type\":\"ListItem\",\"position\":2,\"name\":\"\u00c1rbitro j\u00e1 definido para o Sporting-Tondela\"}]},{\"@type\":\"WebSite\",\"@id\":\"https:\/\/portaltela.pt\/#website\",\"url\":\"https:\/\/portaltela.pt\/\",\"name\":\"Portal Tela Portugal\",\"description\":\"\",\"potentialAction\":[{\"@type\":\"SearchAction\",\"target\":{\"@type\":\"EntryPoint\",\"urlTemplate\":\"https:\/\/portaltela.pt\/?s={search_term_string}\"},\"query-input\":{\"@type\":\"PropertyValueSpecification\",\"valueRequired\":true,\"valueName\":\"search_term_string\"}}],\"inLanguage\":\"pt-PT\"},{\"@type\":\"Person\",\"@id\":\"https:\/\/portaltela.pt\/#\/schema\/person\/c4278d4a6028830caff9ee44b42d32ed\",\"name\":\"Telinha\",\"image\":{\"@type\":\"ImageObject\",\"inLanguage\":\"pt-PT\",\"@id\":\"https:\/\/portaltela.pt\/s.01k8rhncp4jt1\/2025\/11\/talking-bot-125x125.png\",\"url\":\"https:\/\/portaltela.pt\/s.01k8rhncp4jt1\/2025\/11\/talking-bot-125x125.png\",\"contentUrl\":\"https:\/\/portaltela.pt\/s.01k8rhncp4jt1\/2025\/11\/talking-bot-125x125.png\",\"caption\":\"Telinha\"},\"sameAs\":[\"https:\/\/portaltela.pt\/\"],\"url\":\"https:\/\/portaltela.pt\/por\/367410592786\/\"}]}<\/script>\n<!-- \/ Yoast SEO plugin. -->","yoast_head_json":{"title":"\u00c1rbitro j\u00e1 definido para o Sporting-Tondela - Portal Tela Portugal","robots":{"index":"index","follow":"follow","max-snippet":"max-snippet:-1","max-image-preview":"max-image-preview:large","max-video-preview":"max-video-preview:-1"},"og_locale":"pt_PT","og_type":"article","og_title":"\u00c1rbitro j\u00e1 definido para o Sporting-Tondela - Portal Tela Portugal","og_description":"F\u00e1bio Ver\u00edssimo vai apitar o Sporting-Tondela, em atraso da 26.\u00aa jornada da Liga Betclic. O jogo realiza-se quarta-feira, \u00e0s 20h15, no Est\u00e1dio Jos\u00e9 Alvalade. Assistentes: Hugo Marques e Vasco Marques. Quarto \u00e1rbitro: Lu\u00eds Filipe. VAR: Bruno Esteves; AVAR: Catarina Campos.","og_url":"https:\/\/portaltela.pt\/noticias\/2026\/04\/27\/arbitro-ja-definido-para-o-sporting-tondela\/","og_site_name":"Portal Tela Portugal","article_published_time":"2026-04-27T19:03:11+00:00","author":"Telinha","twitter_card":"summary_large_image","twitter_misc":{"Escrito por":"Telinha","Tempo estimado de leitura":"1 minuto"},"schema":{"@context":"https:\/\/schema.org","@graph":[{"@type":"Article","@id":"https:\/\/portaltela.pt\/noticias\/2026\/04\/27\/arbitro-ja-definido-para-o-sporting-tondela\/#article","isPartOf":{"@id":"https:\/\/portaltela.pt\/noticias\/2026\/04\/27\/arbitro-ja-definido-para-o-sporting-tondela\/"},"author":{"name":"Telinha","@id":"https:\/\/portaltela.pt\/#\/schema\/person\/c4278d4a6028830caff9ee44b42d32ed"},"headline":"\u00c1rbitro j\u00e1 definido para o Sporting-Tondela","datePublished":"2026-04-27T19:03:11+00:00","mainEntityOfPage":{"@id":"https:\/\/portaltela.pt\/noticias\/2026\/04\/27\/arbitro-ja-definido-para-o-sporting-tondela\/"},"wordCount":124,"image":{"@id":"https:\/\/portaltela.pt\/noticias\/2026\/04\/27\/arbitro-ja-definido-para-o-sporting-tondela\/#primaryimage"},"thumbnailUrl":"https:\/\/portaltela.pt\/s.01k8rhncp4jt1\/2026\/04\/img_1500x1000uu2026-04-27-19-57-50-2281447.jpg","keywords":["1. Liga","Alvalade","\u00e1rbitro","Liga","Sporting","Tondela"],"articleSection":["Desporto","Futebol"],"inLanguage":"pt-PT"},{"@type":"WebPage","@id":"https:\/\/portaltela.pt\/noticias\/2026\/04\/27\/arbitro-ja-definido-para-o-sporting-tondela\/","url":"https:\/\/portaltela.pt\/noticias\/2026\/04\/27\/arbitro-ja-definido-para-o-sporting-tondela\/","name":"\u00c1rbitro j\u00e1 definido para o Sporting-Tondela - Portal Tela Portugal","isPartOf":{"@id":"https:\/\/portaltela.pt\/#website"},"primaryImageOfPage":{"@id":"https:\/\/portaltela.pt\/noticias\/2026\/04\/27\/arbitro-ja-definido-para-o-sporting-tondela\/#primaryimage"},"image":{"@id":"https:\/\/portaltela.pt\/noticias\/2026\/04\/27\/arbitro-ja-definido-para-o-sporting-tondela\/#primaryimage"},"thumbnailUrl":"https:\/\/portaltela.pt\/s.01k8rhncp4jt1\/2026\/04\/img_1500x1000uu2026-04-27-19-57-50-2281447.jpg","datePublished":"2026-04-27T19:03:11+00:00","author":{"@id":"https:\/\/portaltela.pt\/#\/schema\/person\/c4278d4a6028830caff9ee44b42d32ed"},"breadcrumb":{"@id":"https:\/\/portaltela.pt\/noticias\/2026\/04\/27\/arbitro-ja-definido-para-o-sporting-tondela\/#breadcrumb"},"inLanguage":"pt-PT","potentialAction":[{"@type":"ReadAction","target":["https:\/\/portaltela.pt\/noticias\/2026\/04\/27\/arbitro-ja-definido-para-o-sporting-tondela\/"]}]},{"@type":"ImageObject","inLanguage":"pt-PT","@id":"https:\/\/portaltela.pt\/noticias\/2026\/04\/27\/arbitro-ja-definido-para-o-sporting-tondela\/#primaryimage","url":"https:\/\/portaltela.pt\/s.01k8rhncp4jt1\/2026\/04\/img_1500x1000uu2026-04-27-19-57-50-2281447.jpg","contentUrl":"https:\/\/portaltela.pt\/s.01k8rhncp4jt1\/2026\/04\/img_1500x1000uu2026-04-27-19-57-50-2281447.jpg","width":796,"height":448,"caption":"\u00c1rbitro da Liga Portugal pode usar c\u00e2maras da Sport TV"},{"@type":"BreadcrumbList","@id":"https:\/\/portaltela.pt\/noticias\/2026\/04\/27\/arbitro-ja-definido-para-o-sporting-tondela\/#breadcrumb","itemListElement":[{"@type":"ListItem","position":1,"name":"In\u00edcio","item":"https:\/\/portaltela.pt\/"},{"@type":"ListItem","position":2,"name":"\u00c1rbitro j\u00e1 definido para o Sporting-Tondela"}]},{"@type":"WebSite","@id":"https:\/\/portaltela.pt\/#website","url":"https:\/\/portaltela.pt\/","name":"Portal Tela Portugal","description":"","potentialAction":[{"@type":"SearchAction","target":{"@type":"EntryPoint","urlTemplate":"https:\/\/portaltela.pt\/?s={search_term_string}"},"query-input":{"@type":"PropertyValueSpecification","valueRequired":true,"valueName":"search_term_string"}}],"inLanguage":"pt-PT"},{"@type":"Person","@id":"https:\/\/portaltela.pt\/#\/schema\/person\/c4278d4a6028830caff9ee44b42d32ed","name":"Telinha","image":{"@type":"ImageObject","inLanguage":"pt-PT","@id":"https:\/\/portaltela.pt\/s.01k8rhncp4jt1\/2025\/11\/talking-bot-125x125.png","url":"https:\/\/portaltela.pt\/s.01k8rhncp4jt1\/2025\/11\/talking-bot-125x125.png","contentUrl":"https:\/\/portaltela.pt\/s.01k8rhncp4jt1\/2025\/11\/talking-bot-125x125.png","caption":"Telinha"},"sameAs":["https:\/\/portaltela.pt\/"],"url":"https:\/\/portaltela.pt\/por\/367410592786\/"}]}},"_links":{"self":[{"href":"https:\/\/portaltela.pt\/api\/wp\/v2\/posts\/458835","targetHints":{"allow":["GET"]}}],"collection":[{"href":"https:\/\/portaltela.pt\/api\/wp\/v2\/posts"}],"about":[{"href":"https:\/\/portaltela.pt\/api\/wp\/v2\/types\/post"}],"author":[{"embeddable":true,"href":"https:\/\/portaltela.pt\/api\/wp\/v2\/users\/2"}],"replies":[{"embeddable":true,"href":"https:\/\/portaltela.pt\/api\/wp\/v2\/comments?post=458835"}],"version-history":[{"count":0,"href":"https:\/\/portaltela.pt\/api\/wp\/v2\/posts\/458835\/revisions"}],"wp:featuredmedia":[{"embeddable":true,"href":"https:\/\/portaltela.pt\/api\/wp\/v2\/media\/458843"}],"wp:attachment":[{"href":"https:\/\/portaltela.pt\/api\/wp\/v2\/media?parent=458835"}],"wp:term":[{"taxonomy":"category","embeddable":true,"href":"https:\/\/portaltela.pt\/api\/wp\/v2\/categories?post=458835"},{"taxonomy":"post_tag","embeddable":true,"href":"https:\/\/portaltela.pt\/api\/wp\/v2\/tags?post=458835"}],"curies":[{"name":"wp","href":"https:\/\/api.w.org\/{rel}","templated":true}]}}