{"id":458830,"date":"2026-04-27T16:03:07","date_gmt":"2026-04-27T19:03:07","guid":{"rendered":"https:\/\/portaltela.pt\/noticias\/2026\/04\/27\/vitinha-afirma-que-o-bayern-e-a-melhor-equipa-da-europa-em-conjunto-connosco\/"},"modified":"2026-04-27T16:03:07","modified_gmt":"2026-04-27T19:03:07","slug":"vitinha-afirma-que-o-bayern-e-a-melhor-equipa-da-europa-em-conjunto-connosco","status":"publish","type":"post","link":"https:\/\/portaltela.pt\/desporto\/futebol\/2026\/04\/27\/vitinha-afirma-que-o-bayern-e-a-melhor-equipa-da-europa-em-conjunto-connosco\/","title":{"rendered":"Vitinha afirma que o Bayern \u00e9 a melhor equipa da Europa, em conjunto connosco"},"content":{"rendered":"<p>Vitinha afirmou que o Bayern de Munique \u00e9 uma das melhores equipa da Europa e, mesmo assim, mant\u00e9m a ambi\u00e7\u00e3o do PSG de seguir em frente na Liga dos Campe\u00f5es. O m\u00e9dio portugu\u00eas comunicou a ideia num artigo publicado pelo clube.<\/p>\n<p>O jogador ressaltou que o Parc des Princes oferece um ambiente \u00fanico em noites de competi\u00e7\u00e3o europeia, descrevendo a atmosfera como m\u00e1gica e acima do habitual nos jogos de casa.<\/p>\n<p>Sobre o desempenho pessoal, Vitinha disse ter evolu\u00eddo desde a chegada ao PSG, tanto a n\u00edvel de rendimento como de maturidade. Considera-se realizado a jogar sob o comando de Luis Enrique, treinador da equipa.<\/p>\n<p>Aos 26 anos, o internacional portugu\u00eas frisou que o objetivo passa pela progress\u00e3o no decorrer da competi\u00e7\u00e3o e, se poss\u00edvel, alcan\u00e7ar a final, mantendo o foco no pr\u00f3ximo desafio.<\/p>\n","protected":false},"excerpt":{"rendered":"<ul>\n<li>Vitinha afirma que o Bayern \u00e9 a melhor equipa da Europa, dizendo que o PSG est\u00e1 junto com eles.<\/li>\n<li>O luso mostra desejo de chegar \u00e0 final da Liga dos Campe\u00f5es, em entrevista ao site do PSG.<\/li>\n<li>Destaca o Parque dos Pr\u00edncipes como ambiente m\u00e1gico em noites de competi\u00e7\u00e3o europeia.<\/li>\n<li>Afirmando evolu\u00e7\u00e3o, Vitinha diz ter evolu\u00eddo como jogador e homem desde a chegada ao PSG.<\/li>\n<li>Revela sentir-se feliz e realizado por jogar sob o comando de Luis Enrique, aos 26 anos.<\/li>\n<\/ul>\n","protected":false},"author":2,"featured_media":458842,"comment_status":"closed","ping_status":"closed","sticky":false,"template":"","format":"standard","meta":{"footnotes":""},"categories":[21,24],"tags":[1720,3577,32,3338,1982,2752],"class_list":["post-458830","post","type-post","status-publish","format-standard","has-post-thumbnail","hentry","category-desporto","category-futebol","tag-bayern-munique","tag-champions-league","tag-futebol","tag-futebol-internacional","tag-paris-saint-germain","tag-vitinha"],"yoast_head":"<!-- This site is optimized with the Yoast SEO plugin v27.2 - https:\/\/yoast.com\/product\/yoast-seo-wordpress\/ -->\n<title>Vitinha afirma que o Bayern \u00e9 a melhor equipa da Europa, em conjunto connosco - Portal Tela Portugal<\/title>\n<meta name=\"robots\" content=\"index, follow, max-snippet:-1, max-image-preview:large, max-video-preview:-1\" \/>\n<meta property=\"og:locale\" content=\"pt_PT\" \/>\n<meta property=\"og:type\" content=\"article\" \/>\n<meta property=\"og:title\" content=\"Vitinha afirma que o Bayern \u00e9 a melhor equipa da Europa, em conjunto connosco - Portal Tela Portugal\" \/>\n<meta property=\"og:description\" content=\"Vitinha afirma que o Bayern \u00e9 a melhor equipa da Europa, dizendo que o PSG est\u00e1 junto com eles. O luso mostra desejo de chegar \u00e0 final da Liga dos Campe\u00f5es, em entrevista ao site do PSG. Destaca o Parque dos Pr\u00edncipes como ambiente m\u00e1gico em noites de competi\u00e7\u00e3o europeia. Afirmando evolu\u00e7\u00e3o, Vitinha diz ter evolu\u00eddo como jogador e homem desde a chegada ao PSG. Revela sentir-se feliz e realizado por jogar sob o comando de Luis Enrique, aos 26 anos.\" \/>\n<meta property=\"og:url\" content=\"https:\/\/portaltela.pt\/noticias\/2026\/04\/27\/vitinha-afirma-que-o-bayern-e-a-melhor-equipa-da-europa-em-conjunto-connosco\/\" \/>\n<meta property=\"og:site_name\" content=\"Portal Tela Portugal\" \/>\n<meta property=\"article:published_time\" content=\"2026-04-27T19:03:07+00:00\" \/>\n<meta name=\"author\" content=\"Telinha\" \/>\n<meta name=\"twitter:card\" content=\"summary_large_image\" \/>\n<meta name=\"twitter:label1\" content=\"Escrito por\" \/>\n\t<meta name=\"twitter:data1\" content=\"Telinha\" \/>\n\t<meta name=\"twitter:label2\" content=\"Tempo estimado de leitura\" \/>\n\t<meta name=\"twitter:data2\" content=\"1 minuto\" \/>\n<script type=\"application\/ld+json\" class=\"yoast-schema-graph\">{\"@context\":\"https:\/\/schema.org\",\"@graph\":[{\"@type\":\"Article\",\"@id\":\"https:\/\/portaltela.pt\/noticias\/2026\/04\/27\/vitinha-afirma-que-o-bayern-e-a-melhor-equipa-da-europa-em-conjunto-connosco\/#article\",\"isPartOf\":{\"@id\":\"https:\/\/portaltela.pt\/noticias\/2026\/04\/27\/vitinha-afirma-que-o-bayern-e-a-melhor-equipa-da-europa-em-conjunto-connosco\/\"},\"author\":{\"name\":\"Telinha\",\"@id\":\"https:\/\/portaltela.pt\/#\/schema\/person\/c4278d4a6028830caff9ee44b42d32ed\"},\"headline\":\"Vitinha afirma que o Bayern \u00e9 a melhor equipa da Europa, em conjunto connosco\",\"datePublished\":\"2026-04-27T19:03:07+00:00\",\"mainEntityOfPage\":{\"@id\":\"https:\/\/portaltela.pt\/noticias\/2026\/04\/27\/vitinha-afirma-que-o-bayern-e-a-melhor-equipa-da-europa-em-conjunto-connosco\/\"},\"wordCount\":160,\"image\":{\"@id\":\"https:\/\/portaltela.pt\/noticias\/2026\/04\/27\/vitinha-afirma-que-o-bayern-e-a-melhor-equipa-da-europa-em-conjunto-connosco\/#primaryimage\"},\"thumbnailUrl\":\"https:\/\/portaltela.pt\/s.01k8rhncp4jt1\/2026\/04\/img_920x518uu2026-04-27-19-48-06-2435625.jpg\",\"keywords\":[\"Bayern Munique\",\"Champions League\",\"futebol\",\"futebol internacional\",\"Paris Saint-Germain\",\"Vitinha\"],\"articleSection\":[\"Desporto\",\"Futebol\"],\"inLanguage\":\"pt-PT\"},{\"@type\":\"WebPage\",\"@id\":\"https:\/\/portaltela.pt\/noticias\/2026\/04\/27\/vitinha-afirma-que-o-bayern-e-a-melhor-equipa-da-europa-em-conjunto-connosco\/\",\"url\":\"https:\/\/portaltela.pt\/noticias\/2026\/04\/27\/vitinha-afirma-que-o-bayern-e-a-melhor-equipa-da-europa-em-conjunto-connosco\/\",\"name\":\"Vitinha afirma que o Bayern \u00e9 a melhor equipa da Europa, em conjunto connosco - Portal Tela Portugal\",\"isPartOf\":{\"@id\":\"https:\/\/portaltela.pt\/#website\"},\"primaryImageOfPage\":{\"@id\":\"https:\/\/portaltela.pt\/noticias\/2026\/04\/27\/vitinha-afirma-que-o-bayern-e-a-melhor-equipa-da-europa-em-conjunto-connosco\/#primaryimage\"},\"image\":{\"@id\":\"https:\/\/portaltela.pt\/noticias\/2026\/04\/27\/vitinha-afirma-que-o-bayern-e-a-melhor-equipa-da-europa-em-conjunto-connosco\/#primaryimage\"},\"thumbnailUrl\":\"https:\/\/portaltela.pt\/s.01k8rhncp4jt1\/2026\/04\/img_920x518uu2026-04-27-19-48-06-2435625.jpg\",\"datePublished\":\"2026-04-27T19:03:07+00:00\",\"author\":{\"@id\":\"https:\/\/portaltela.pt\/#\/schema\/person\/c4278d4a6028830caff9ee44b42d32ed\"},\"breadcrumb\":{\"@id\":\"https:\/\/portaltela.pt\/noticias\/2026\/04\/27\/vitinha-afirma-que-o-bayern-e-a-melhor-equipa-da-europa-em-conjunto-connosco\/#breadcrumb\"},\"inLanguage\":\"pt-PT\",\"potentialAction\":[{\"@type\":\"ReadAction\",\"target\":[\"https:\/\/portaltela.pt\/noticias\/2026\/04\/27\/vitinha-afirma-que-o-bayern-e-a-melhor-equipa-da-europa-em-conjunto-connosco\/\"]}]},{\"@type\":\"ImageObject\",\"inLanguage\":\"pt-PT\",\"@id\":\"https:\/\/portaltela.pt\/noticias\/2026\/04\/27\/vitinha-afirma-que-o-bayern-e-a-melhor-equipa-da-europa-em-conjunto-connosco\/#primaryimage\",\"url\":\"https:\/\/portaltela.pt\/s.01k8rhncp4jt1\/2026\/04\/img_920x518uu2026-04-27-19-48-06-2435625.jpg\",\"contentUrl\":\"https:\/\/portaltela.pt\/s.01k8rhncp4jt1\/2026\/04\/img_920x518uu2026-04-27-19-48-06-2435625.jpg\",\"width\":920,\"height\":518,\"caption\":\"Vitinha espera conseguir eliminar o Bayern\"},{\"@type\":\"BreadcrumbList\",\"@id\":\"https:\/\/portaltela.pt\/noticias\/2026\/04\/27\/vitinha-afirma-que-o-bayern-e-a-melhor-equipa-da-europa-em-conjunto-connosco\/#breadcrumb\",\"itemListElement\":[{\"@type\":\"ListItem\",\"position\":1,\"name\":\"In\u00edcio\",\"item\":\"https:\/\/portaltela.pt\/\"},{\"@type\":\"ListItem\",\"position\":2,\"name\":\"Vitinha afirma que o Bayern \u00e9 a melhor equipa da Europa, em conjunto connosco\"}]},{\"@type\":\"WebSite\",\"@id\":\"https:\/\/portaltela.pt\/#website\",\"url\":\"https:\/\/portaltela.pt\/\",\"name\":\"Portal Tela Portugal\",\"description\":\"\",\"potentialAction\":[{\"@type\":\"SearchAction\",\"target\":{\"@type\":\"EntryPoint\",\"urlTemplate\":\"https:\/\/portaltela.pt\/?s={search_term_string}\"},\"query-input\":{\"@type\":\"PropertyValueSpecification\",\"valueRequired\":true,\"valueName\":\"search_term_string\"}}],\"inLanguage\":\"pt-PT\"},{\"@type\":\"Person\",\"@id\":\"https:\/\/portaltela.pt\/#\/schema\/person\/c4278d4a6028830caff9ee44b42d32ed\",\"name\":\"Telinha\",\"image\":{\"@type\":\"ImageObject\",\"inLanguage\":\"pt-PT\",\"@id\":\"https:\/\/portaltela.pt\/s.01k8rhncp4jt1\/2025\/11\/talking-bot-125x125.png\",\"url\":\"https:\/\/portaltela.pt\/s.01k8rhncp4jt1\/2025\/11\/talking-bot-125x125.png\",\"contentUrl\":\"https:\/\/portaltela.pt\/s.01k8rhncp4jt1\/2025\/11\/talking-bot-125x125.png\",\"caption\":\"Telinha\"},\"sameAs\":[\"https:\/\/portaltela.pt\/\"],\"url\":\"https:\/\/portaltela.pt\/por\/367410592786\/\"}]}<\/script>\n<!-- \/ Yoast SEO plugin. -->","yoast_head_json":{"title":"Vitinha afirma que o Bayern \u00e9 a melhor equipa da Europa, em conjunto connosco - Portal Tela Portugal","robots":{"index":"index","follow":"follow","max-snippet":"max-snippet:-1","max-image-preview":"max-image-preview:large","max-video-preview":"max-video-preview:-1"},"og_locale":"pt_PT","og_type":"article","og_title":"Vitinha afirma que o Bayern \u00e9 a melhor equipa da Europa, em conjunto connosco - Portal Tela Portugal","og_description":"Vitinha afirma que o Bayern \u00e9 a melhor equipa da Europa, dizendo que o PSG est\u00e1 junto com eles. O luso mostra desejo de chegar \u00e0 final da Liga dos Campe\u00f5es, em entrevista ao site do PSG. Destaca o Parque dos Pr\u00edncipes como ambiente m\u00e1gico em noites de competi\u00e7\u00e3o europeia. Afirmando evolu\u00e7\u00e3o, Vitinha diz ter evolu\u00eddo como jogador e homem desde a chegada ao PSG. Revela sentir-se feliz e realizado por jogar sob o comando de Luis Enrique, aos 26 anos.","og_url":"https:\/\/portaltela.pt\/noticias\/2026\/04\/27\/vitinha-afirma-que-o-bayern-e-a-melhor-equipa-da-europa-em-conjunto-connosco\/","og_site_name":"Portal Tela Portugal","article_published_time":"2026-04-27T19:03:07+00:00","author":"Telinha","twitter_card":"summary_large_image","twitter_misc":{"Escrito por":"Telinha","Tempo estimado de leitura":"1 minuto"},"schema":{"@context":"https:\/\/schema.org","@graph":[{"@type":"Article","@id":"https:\/\/portaltela.pt\/noticias\/2026\/04\/27\/vitinha-afirma-que-o-bayern-e-a-melhor-equipa-da-europa-em-conjunto-connosco\/#article","isPartOf":{"@id":"https:\/\/portaltela.pt\/noticias\/2026\/04\/27\/vitinha-afirma-que-o-bayern-e-a-melhor-equipa-da-europa-em-conjunto-connosco\/"},"author":{"name":"Telinha","@id":"https:\/\/portaltela.pt\/#\/schema\/person\/c4278d4a6028830caff9ee44b42d32ed"},"headline":"Vitinha afirma que o Bayern \u00e9 a melhor equipa da Europa, em conjunto connosco","datePublished":"2026-04-27T19:03:07+00:00","mainEntityOfPage":{"@id":"https:\/\/portaltela.pt\/noticias\/2026\/04\/27\/vitinha-afirma-que-o-bayern-e-a-melhor-equipa-da-europa-em-conjunto-connosco\/"},"wordCount":160,"image":{"@id":"https:\/\/portaltela.pt\/noticias\/2026\/04\/27\/vitinha-afirma-que-o-bayern-e-a-melhor-equipa-da-europa-em-conjunto-connosco\/#primaryimage"},"thumbnailUrl":"https:\/\/portaltela.pt\/s.01k8rhncp4jt1\/2026\/04\/img_920x518uu2026-04-27-19-48-06-2435625.jpg","keywords":["Bayern Munique","Champions League","futebol","futebol internacional","Paris Saint-Germain","Vitinha"],"articleSection":["Desporto","Futebol"],"inLanguage":"pt-PT"},{"@type":"WebPage","@id":"https:\/\/portaltela.pt\/noticias\/2026\/04\/27\/vitinha-afirma-que-o-bayern-e-a-melhor-equipa-da-europa-em-conjunto-connosco\/","url":"https:\/\/portaltela.pt\/noticias\/2026\/04\/27\/vitinha-afirma-que-o-bayern-e-a-melhor-equipa-da-europa-em-conjunto-connosco\/","name":"Vitinha afirma que o Bayern \u00e9 a melhor equipa da Europa, em conjunto connosco - Portal Tela Portugal","isPartOf":{"@id":"https:\/\/portaltela.pt\/#website"},"primaryImageOfPage":{"@id":"https:\/\/portaltela.pt\/noticias\/2026\/04\/27\/vitinha-afirma-que-o-bayern-e-a-melhor-equipa-da-europa-em-conjunto-connosco\/#primaryimage"},"image":{"@id":"https:\/\/portaltela.pt\/noticias\/2026\/04\/27\/vitinha-afirma-que-o-bayern-e-a-melhor-equipa-da-europa-em-conjunto-connosco\/#primaryimage"},"thumbnailUrl":"https:\/\/portaltela.pt\/s.01k8rhncp4jt1\/2026\/04\/img_920x518uu2026-04-27-19-48-06-2435625.jpg","datePublished":"2026-04-27T19:03:07+00:00","author":{"@id":"https:\/\/portaltela.pt\/#\/schema\/person\/c4278d4a6028830caff9ee44b42d32ed"},"breadcrumb":{"@id":"https:\/\/portaltela.pt\/noticias\/2026\/04\/27\/vitinha-afirma-que-o-bayern-e-a-melhor-equipa-da-europa-em-conjunto-connosco\/#breadcrumb"},"inLanguage":"pt-PT","potentialAction":[{"@type":"ReadAction","target":["https:\/\/portaltela.pt\/noticias\/2026\/04\/27\/vitinha-afirma-que-o-bayern-e-a-melhor-equipa-da-europa-em-conjunto-connosco\/"]}]},{"@type":"ImageObject","inLanguage":"pt-PT","@id":"https:\/\/portaltela.pt\/noticias\/2026\/04\/27\/vitinha-afirma-que-o-bayern-e-a-melhor-equipa-da-europa-em-conjunto-connosco\/#primaryimage","url":"https:\/\/portaltela.pt\/s.01k8rhncp4jt1\/2026\/04\/img_920x518uu2026-04-27-19-48-06-2435625.jpg","contentUrl":"https:\/\/portaltela.pt\/s.01k8rhncp4jt1\/2026\/04\/img_920x518uu2026-04-27-19-48-06-2435625.jpg","width":920,"height":518,"caption":"Vitinha espera conseguir eliminar o Bayern"},{"@type":"BreadcrumbList","@id":"https:\/\/portaltela.pt\/noticias\/2026\/04\/27\/vitinha-afirma-que-o-bayern-e-a-melhor-equipa-da-europa-em-conjunto-connosco\/#breadcrumb","itemListElement":[{"@type":"ListItem","position":1,"name":"In\u00edcio","item":"https:\/\/portaltela.pt\/"},{"@type":"ListItem","position":2,"name":"Vitinha afirma que o Bayern \u00e9 a melhor equipa da Europa, em conjunto connosco"}]},{"@type":"WebSite","@id":"https:\/\/portaltela.pt\/#website","url":"https:\/\/portaltela.pt\/","name":"Portal Tela Portugal","description":"","potentialAction":[{"@type":"SearchAction","target":{"@type":"EntryPoint","urlTemplate":"https:\/\/portaltela.pt\/?s={search_term_string}"},"query-input":{"@type":"PropertyValueSpecification","valueRequired":true,"valueName":"search_term_string"}}],"inLanguage":"pt-PT"},{"@type":"Person","@id":"https:\/\/portaltela.pt\/#\/schema\/person\/c4278d4a6028830caff9ee44b42d32ed","name":"Telinha","image":{"@type":"ImageObject","inLanguage":"pt-PT","@id":"https:\/\/portaltela.pt\/s.01k8rhncp4jt1\/2025\/11\/talking-bot-125x125.png","url":"https:\/\/portaltela.pt\/s.01k8rhncp4jt1\/2025\/11\/talking-bot-125x125.png","contentUrl":"https:\/\/portaltela.pt\/s.01k8rhncp4jt1\/2025\/11\/talking-bot-125x125.png","caption":"Telinha"},"sameAs":["https:\/\/portaltela.pt\/"],"url":"https:\/\/portaltela.pt\/por\/367410592786\/"}]}},"_links":{"self":[{"href":"https:\/\/portaltela.pt\/api\/wp\/v2\/posts\/458830","targetHints":{"allow":["GET"]}}],"collection":[{"href":"https:\/\/portaltela.pt\/api\/wp\/v2\/posts"}],"about":[{"href":"https:\/\/portaltela.pt\/api\/wp\/v2\/types\/post"}],"author":[{"embeddable":true,"href":"https:\/\/portaltela.pt\/api\/wp\/v2\/users\/2"}],"replies":[{"embeddable":true,"href":"https:\/\/portaltela.pt\/api\/wp\/v2\/comments?post=458830"}],"version-history":[{"count":0,"href":"https:\/\/portaltela.pt\/api\/wp\/v2\/posts\/458830\/revisions"}],"wp:featuredmedia":[{"embeddable":true,"href":"https:\/\/portaltela.pt\/api\/wp\/v2\/media\/458842"}],"wp:attachment":[{"href":"https:\/\/portaltela.pt\/api\/wp\/v2\/media?parent=458830"}],"wp:term":[{"taxonomy":"category","embeddable":true,"href":"https:\/\/portaltela.pt\/api\/wp\/v2\/categories?post=458830"},{"taxonomy":"post_tag","embeddable":true,"href":"https:\/\/portaltela.pt\/api\/wp\/v2\/tags?post=458830"}],"curies":[{"name":"wp","href":"https:\/\/api.w.org\/{rel}","templated":true}]}}