{"id":458829,"date":"2026-04-27T16:03:05","date_gmt":"2026-04-27T19:03:05","guid":{"rendered":"https:\/\/portaltela.pt\/noticias\/2026\/04\/27\/cristiano-bacci-chega-ao-estrela-da-amadora-para-tentar-manter-a-equipa-na-liga\/"},"modified":"2026-04-27T16:03:05","modified_gmt":"2026-04-27T19:03:05","slug":"cristiano-bacci-chega-ao-estrela-da-amadora-para-tentar-manter-a-equipa-na-liga","status":"publish","type":"post","link":"https:\/\/portaltela.pt\/desporto\/futebol\/2026\/04\/27\/cristiano-bacci-chega-ao-estrela-da-amadora-para-tentar-manter-a-equipa-na-liga\/","title":{"rendered":"Cristiano Bacci chega ao Estrela da Amadora para tentar manter a equipa na Liga"},"content":{"rendered":"<p>O Estrela da Amadora sofreu a quarta derrota consecutiva no campeonato ao perder 1-2 frente ao FC Porto no domingo, mantendo-se na luta pela manuten\u00e7\u00e3o. A derrota precipitou a sa\u00edda de Jo\u00e3o Nuno do comando t\u00e9cnico, com a dire\u00e7\u00e3o a confirmar a mudan\u00e7a.<\/p>\n<p>A partir de ter\u00e7a-feira entra Cristiano Bacci, antigo treinador do Tondela, para orientar os treinos da equipa da Reboleira nas tr\u00eas jornadas finais do campeonato. A decis\u00e3o surge num momento de press\u00e3o, ap\u00f3s a s\u00e9rie de resultados negativas.<\/p>\n<p>A mudan\u00e7a de t\u00e9cnico chega para orientar as \u00faltimas tr\u00eas jornadas do campeonato e tentar manter a equipa na Primeira Liga. Segundo Andr\u00e9 Antunes Pereira, jornalista do Record, o clube pretende assim refor\u00e7ar a fase decisiva da \u00e9poca.<\/p>\n<h3>Mudan\u00e7a na lideran\u00e7a t\u00e9cnica<\/h3>\n<p>A equipa t\u00e9cnica passa a ser a partir de agora a responsabilidade de Cristiano Bacci, que j\u00e1 conhece o contexto da Liga e ter\u00e1 pela frente desafios importantes para assegurar a continuidade na divis\u00e3o principal.<\/p>\n","protected":false},"excerpt":{"rendered":"<ul>\n<li>O Esporte Clube de Amadora substituiu Jo\u00e3o Nuno por Cristiano Bacci para orientar as \u00faltimas tr\u00eas jornadas do campeonato.<\/li>\n<li>Cristiano Bacci, antigo treinador do Tondela, assume a partir de ter\u00e7a-feira os treinos da equipa da Reboleira.<\/li>\n<li>A derrota por 1 a 2 frente ao FC Porto marcou a quarta derrota consecutiva do clube no campeonato.<\/li>\n<li>O objetivo \u00e9 assegurar a manuten\u00e7\u00e3o na Primeira Liga.<\/li>\n<li>Andr\u00e9 Antunes Pereira, jornalista do Record, comenta o \u201caban\u00e3o\u201d dos tricolores e o novo ciclo da equipa.<\/li>\n<\/ul>\n","protected":false},"author":2,"featured_media":458839,"comment_status":"closed","ping_status":"closed","sticky":false,"template":"","format":"standard","meta":{"footnotes":""},"categories":[21,24],"tags":[8756,7755,1589,2028,982,2477],"class_list":["post-458829","post","type-post","status-publish","format-standard","has-post-thumbnail","hentry","category-desporto","category-futebol","tag-_1-a-liga","tag-_futebol","tag-estrela","tag-fc-porto","tag-porto","tag-treinadores"],"yoast_head":"<!-- This site is optimized with the Yoast SEO plugin v27.2 - https:\/\/yoast.com\/product\/yoast-seo-wordpress\/ -->\n<title>Cristiano Bacci chega ao Estrela da Amadora para tentar manter a equipa na Liga - Portal Tela Portugal<\/title>\n<meta name=\"robots\" content=\"index, follow, max-snippet:-1, max-image-preview:large, max-video-preview:-1\" \/>\n<meta property=\"og:locale\" content=\"pt_PT\" \/>\n<meta property=\"og:type\" content=\"article\" \/>\n<meta property=\"og:title\" content=\"Cristiano Bacci chega ao Estrela da Amadora para tentar manter a equipa na Liga - Portal Tela Portugal\" \/>\n<meta property=\"og:description\" content=\"O Esporte Clube de Amadora substituiu Jo\u00e3o Nuno por Cristiano Bacci para orientar as \u00faltimas tr\u00eas jornadas do campeonato. Cristiano Bacci, antigo treinador do Tondela, assume a partir de ter\u00e7a-feira os treinos da equipa da Reboleira. A derrota por 1 a 2 frente ao FC Porto marcou a quarta derrota consecutiva do clube no campeonato. O objetivo \u00e9 assegurar a manuten\u00e7\u00e3o na Primeira Liga. Andr\u00e9 Antunes Pereira, jornalista do Record, comenta o \u201caban\u00e3o\u201d dos tricolores e o novo ciclo da equipa.\" \/>\n<meta property=\"og:url\" content=\"https:\/\/portaltela.pt\/noticias\/2026\/04\/27\/cristiano-bacci-chega-ao-estrela-da-amadora-para-tentar-manter-a-equipa-na-liga\/\" \/>\n<meta property=\"og:site_name\" content=\"Portal Tela Portugal\" \/>\n<meta property=\"article:published_time\" content=\"2026-04-27T19:03:05+00:00\" \/>\n<meta name=\"author\" content=\"Telinha\" \/>\n<meta name=\"twitter:card\" content=\"summary_large_image\" \/>\n<meta name=\"twitter:label1\" content=\"Escrito por\" \/>\n\t<meta name=\"twitter:data1\" content=\"Telinha\" \/>\n\t<meta name=\"twitter:label2\" content=\"Tempo estimado de leitura\" \/>\n\t<meta name=\"twitter:data2\" content=\"1 minuto\" \/>\n<script type=\"application\/ld+json\" class=\"yoast-schema-graph\">{\"@context\":\"https:\/\/schema.org\",\"@graph\":[{\"@type\":\"Article\",\"@id\":\"https:\/\/portaltela.pt\/noticias\/2026\/04\/27\/cristiano-bacci-chega-ao-estrela-da-amadora-para-tentar-manter-a-equipa-na-liga\/#article\",\"isPartOf\":{\"@id\":\"https:\/\/portaltela.pt\/noticias\/2026\/04\/27\/cristiano-bacci-chega-ao-estrela-da-amadora-para-tentar-manter-a-equipa-na-liga\/\"},\"author\":{\"name\":\"Telinha\",\"@id\":\"https:\/\/portaltela.pt\/#\/schema\/person\/c4278d4a6028830caff9ee44b42d32ed\"},\"headline\":\"Cristiano Bacci chega ao Estrela da Amadora para tentar manter a equipa na Liga\",\"datePublished\":\"2026-04-27T19:03:05+00:00\",\"mainEntityOfPage\":{\"@id\":\"https:\/\/portaltela.pt\/noticias\/2026\/04\/27\/cristiano-bacci-chega-ao-estrela-da-amadora-para-tentar-manter-a-equipa-na-liga\/\"},\"wordCount\":193,\"image\":{\"@id\":\"https:\/\/portaltela.pt\/noticias\/2026\/04\/27\/cristiano-bacci-chega-ao-estrela-da-amadora-para-tentar-manter-a-equipa-na-liga\/#primaryimage\"},\"thumbnailUrl\":\"https:\/\/portaltela.pt\/s.01k8rhncp4jt1\/2026\/04\/img_1200x721uu2026-04-27-19-53-14-2435627.jpg\",\"keywords\":[\"_1.\u00aa Liga\",\"_futebol\",\"Estrela\",\"FC Porto\",\"Porto\",\"treinadores\"],\"articleSection\":[\"Desporto\",\"Futebol\"],\"inLanguage\":\"pt-PT\"},{\"@type\":\"WebPage\",\"@id\":\"https:\/\/portaltela.pt\/noticias\/2026\/04\/27\/cristiano-bacci-chega-ao-estrela-da-amadora-para-tentar-manter-a-equipa-na-liga\/\",\"url\":\"https:\/\/portaltela.pt\/noticias\/2026\/04\/27\/cristiano-bacci-chega-ao-estrela-da-amadora-para-tentar-manter-a-equipa-na-liga\/\",\"name\":\"Cristiano Bacci chega ao Estrela da Amadora para tentar manter a equipa na Liga - Portal Tela Portugal\",\"isPartOf\":{\"@id\":\"https:\/\/portaltela.pt\/#website\"},\"primaryImageOfPage\":{\"@id\":\"https:\/\/portaltela.pt\/noticias\/2026\/04\/27\/cristiano-bacci-chega-ao-estrela-da-amadora-para-tentar-manter-a-equipa-na-liga\/#primaryimage\"},\"image\":{\"@id\":\"https:\/\/portaltela.pt\/noticias\/2026\/04\/27\/cristiano-bacci-chega-ao-estrela-da-amadora-para-tentar-manter-a-equipa-na-liga\/#primaryimage\"},\"thumbnailUrl\":\"https:\/\/portaltela.pt\/s.01k8rhncp4jt1\/2026\/04\/img_1200x721uu2026-04-27-19-53-14-2435627.jpg\",\"datePublished\":\"2026-04-27T19:03:05+00:00\",\"author\":{\"@id\":\"https:\/\/portaltela.pt\/#\/schema\/person\/c4278d4a6028830caff9ee44b42d32ed\"},\"breadcrumb\":{\"@id\":\"https:\/\/portaltela.pt\/noticias\/2026\/04\/27\/cristiano-bacci-chega-ao-estrela-da-amadora-para-tentar-manter-a-equipa-na-liga\/#breadcrumb\"},\"inLanguage\":\"pt-PT\",\"potentialAction\":[{\"@type\":\"ReadAction\",\"target\":[\"https:\/\/portaltela.pt\/noticias\/2026\/04\/27\/cristiano-bacci-chega-ao-estrela-da-amadora-para-tentar-manter-a-equipa-na-liga\/\"]}]},{\"@type\":\"ImageObject\",\"inLanguage\":\"pt-PT\",\"@id\":\"https:\/\/portaltela.pt\/noticias\/2026\/04\/27\/cristiano-bacci-chega-ao-estrela-da-amadora-para-tentar-manter-a-equipa-na-liga\/#primaryimage\",\"url\":\"https:\/\/portaltela.pt\/s.01k8rhncp4jt1\/2026\/04\/img_1200x721uu2026-04-27-19-53-14-2435627.jpg\",\"contentUrl\":\"https:\/\/portaltela.pt\/s.01k8rhncp4jt1\/2026\/04\/img_1200x721uu2026-04-27-19-53-14-2435627.jpg\",\"width\":796,\"height\":448,\"caption\":\"A derrota com o FC Porto (1-2) no domingo foi a quarta consecutiva do E. Amadora no campeonato. O treinador, Jo\u00e3o Nuno, n\u00e3o resistiu \u00e0 s\u00e9rie de maus resultados. A partir de ter\u00e7a-feira, ser\u00e1 Cristiano Bacci, antigo treinador do Tondela, a orientar o treino estrelista. Andr\u00e9 Antunes Pereira, jornalista de Record, fala sobre \\\"o aban\u00e3o\\\" dos tricolores, que chega para orientar as \u00faltimas tr\u00eas jornadas do campeonato e tentar garantir a manuten\u00e7\u00e3o na Primeira Liga.\"},{\"@type\":\"BreadcrumbList\",\"@id\":\"https:\/\/portaltela.pt\/noticias\/2026\/04\/27\/cristiano-bacci-chega-ao-estrela-da-amadora-para-tentar-manter-a-equipa-na-liga\/#breadcrumb\",\"itemListElement\":[{\"@type\":\"ListItem\",\"position\":1,\"name\":\"In\u00edcio\",\"item\":\"https:\/\/portaltela.pt\/\"},{\"@type\":\"ListItem\",\"position\":2,\"name\":\"Cristiano Bacci chega ao Estrela da Amadora para tentar manter a equipa na Liga\"}]},{\"@type\":\"WebSite\",\"@id\":\"https:\/\/portaltela.pt\/#website\",\"url\":\"https:\/\/portaltela.pt\/\",\"name\":\"Portal Tela Portugal\",\"description\":\"\",\"potentialAction\":[{\"@type\":\"SearchAction\",\"target\":{\"@type\":\"EntryPoint\",\"urlTemplate\":\"https:\/\/portaltela.pt\/?s={search_term_string}\"},\"query-input\":{\"@type\":\"PropertyValueSpecification\",\"valueRequired\":true,\"valueName\":\"search_term_string\"}}],\"inLanguage\":\"pt-PT\"},{\"@type\":\"Person\",\"@id\":\"https:\/\/portaltela.pt\/#\/schema\/person\/c4278d4a6028830caff9ee44b42d32ed\",\"name\":\"Telinha\",\"image\":{\"@type\":\"ImageObject\",\"inLanguage\":\"pt-PT\",\"@id\":\"https:\/\/portaltela.pt\/s.01k8rhncp4jt1\/2025\/11\/talking-bot-125x125.png\",\"url\":\"https:\/\/portaltela.pt\/s.01k8rhncp4jt1\/2025\/11\/talking-bot-125x125.png\",\"contentUrl\":\"https:\/\/portaltela.pt\/s.01k8rhncp4jt1\/2025\/11\/talking-bot-125x125.png\",\"caption\":\"Telinha\"},\"sameAs\":[\"https:\/\/portaltela.pt\/\"],\"url\":\"https:\/\/portaltela.pt\/por\/367410592786\/\"}]}<\/script>\n<!-- \/ Yoast SEO plugin. -->","yoast_head_json":{"title":"Cristiano Bacci chega ao Estrela da Amadora para tentar manter a equipa na Liga - Portal Tela Portugal","robots":{"index":"index","follow":"follow","max-snippet":"max-snippet:-1","max-image-preview":"max-image-preview:large","max-video-preview":"max-video-preview:-1"},"og_locale":"pt_PT","og_type":"article","og_title":"Cristiano Bacci chega ao Estrela da Amadora para tentar manter a equipa na Liga - Portal Tela Portugal","og_description":"O Esporte Clube de Amadora substituiu Jo\u00e3o Nuno por Cristiano Bacci para orientar as \u00faltimas tr\u00eas jornadas do campeonato. Cristiano Bacci, antigo treinador do Tondela, assume a partir de ter\u00e7a-feira os treinos da equipa da Reboleira. A derrota por 1 a 2 frente ao FC Porto marcou a quarta derrota consecutiva do clube no campeonato. O objetivo \u00e9 assegurar a manuten\u00e7\u00e3o na Primeira Liga. Andr\u00e9 Antunes Pereira, jornalista do Record, comenta o \u201caban\u00e3o\u201d dos tricolores e o novo ciclo da equipa.","og_url":"https:\/\/portaltela.pt\/noticias\/2026\/04\/27\/cristiano-bacci-chega-ao-estrela-da-amadora-para-tentar-manter-a-equipa-na-liga\/","og_site_name":"Portal Tela Portugal","article_published_time":"2026-04-27T19:03:05+00:00","author":"Telinha","twitter_card":"summary_large_image","twitter_misc":{"Escrito por":"Telinha","Tempo estimado de leitura":"1 minuto"},"schema":{"@context":"https:\/\/schema.org","@graph":[{"@type":"Article","@id":"https:\/\/portaltela.pt\/noticias\/2026\/04\/27\/cristiano-bacci-chega-ao-estrela-da-amadora-para-tentar-manter-a-equipa-na-liga\/#article","isPartOf":{"@id":"https:\/\/portaltela.pt\/noticias\/2026\/04\/27\/cristiano-bacci-chega-ao-estrela-da-amadora-para-tentar-manter-a-equipa-na-liga\/"},"author":{"name":"Telinha","@id":"https:\/\/portaltela.pt\/#\/schema\/person\/c4278d4a6028830caff9ee44b42d32ed"},"headline":"Cristiano Bacci chega ao Estrela da Amadora para tentar manter a equipa na Liga","datePublished":"2026-04-27T19:03:05+00:00","mainEntityOfPage":{"@id":"https:\/\/portaltela.pt\/noticias\/2026\/04\/27\/cristiano-bacci-chega-ao-estrela-da-amadora-para-tentar-manter-a-equipa-na-liga\/"},"wordCount":193,"image":{"@id":"https:\/\/portaltela.pt\/noticias\/2026\/04\/27\/cristiano-bacci-chega-ao-estrela-da-amadora-para-tentar-manter-a-equipa-na-liga\/#primaryimage"},"thumbnailUrl":"https:\/\/portaltela.pt\/s.01k8rhncp4jt1\/2026\/04\/img_1200x721uu2026-04-27-19-53-14-2435627.jpg","keywords":["_1.\u00aa Liga","_futebol","Estrela","FC Porto","Porto","treinadores"],"articleSection":["Desporto","Futebol"],"inLanguage":"pt-PT"},{"@type":"WebPage","@id":"https:\/\/portaltela.pt\/noticias\/2026\/04\/27\/cristiano-bacci-chega-ao-estrela-da-amadora-para-tentar-manter-a-equipa-na-liga\/","url":"https:\/\/portaltela.pt\/noticias\/2026\/04\/27\/cristiano-bacci-chega-ao-estrela-da-amadora-para-tentar-manter-a-equipa-na-liga\/","name":"Cristiano Bacci chega ao Estrela da Amadora para tentar manter a equipa na Liga - Portal Tela Portugal","isPartOf":{"@id":"https:\/\/portaltela.pt\/#website"},"primaryImageOfPage":{"@id":"https:\/\/portaltela.pt\/noticias\/2026\/04\/27\/cristiano-bacci-chega-ao-estrela-da-amadora-para-tentar-manter-a-equipa-na-liga\/#primaryimage"},"image":{"@id":"https:\/\/portaltela.pt\/noticias\/2026\/04\/27\/cristiano-bacci-chega-ao-estrela-da-amadora-para-tentar-manter-a-equipa-na-liga\/#primaryimage"},"thumbnailUrl":"https:\/\/portaltela.pt\/s.01k8rhncp4jt1\/2026\/04\/img_1200x721uu2026-04-27-19-53-14-2435627.jpg","datePublished":"2026-04-27T19:03:05+00:00","author":{"@id":"https:\/\/portaltela.pt\/#\/schema\/person\/c4278d4a6028830caff9ee44b42d32ed"},"breadcrumb":{"@id":"https:\/\/portaltela.pt\/noticias\/2026\/04\/27\/cristiano-bacci-chega-ao-estrela-da-amadora-para-tentar-manter-a-equipa-na-liga\/#breadcrumb"},"inLanguage":"pt-PT","potentialAction":[{"@type":"ReadAction","target":["https:\/\/portaltela.pt\/noticias\/2026\/04\/27\/cristiano-bacci-chega-ao-estrela-da-amadora-para-tentar-manter-a-equipa-na-liga\/"]}]},{"@type":"ImageObject","inLanguage":"pt-PT","@id":"https:\/\/portaltela.pt\/noticias\/2026\/04\/27\/cristiano-bacci-chega-ao-estrela-da-amadora-para-tentar-manter-a-equipa-na-liga\/#primaryimage","url":"https:\/\/portaltela.pt\/s.01k8rhncp4jt1\/2026\/04\/img_1200x721uu2026-04-27-19-53-14-2435627.jpg","contentUrl":"https:\/\/portaltela.pt\/s.01k8rhncp4jt1\/2026\/04\/img_1200x721uu2026-04-27-19-53-14-2435627.jpg","width":796,"height":448,"caption":"A derrota com o FC Porto (1-2) no domingo foi a quarta consecutiva do E. Amadora no campeonato. O treinador, Jo\u00e3o Nuno, n\u00e3o resistiu \u00e0 s\u00e9rie de maus resultados. A partir de ter\u00e7a-feira, ser\u00e1 Cristiano Bacci, antigo treinador do Tondela, a orientar o treino estrelista. Andr\u00e9 Antunes Pereira, jornalista de Record, fala sobre \"o aban\u00e3o\" dos tricolores, que chega para orientar as \u00faltimas tr\u00eas jornadas do campeonato e tentar garantir a manuten\u00e7\u00e3o na Primeira Liga."},{"@type":"BreadcrumbList","@id":"https:\/\/portaltela.pt\/noticias\/2026\/04\/27\/cristiano-bacci-chega-ao-estrela-da-amadora-para-tentar-manter-a-equipa-na-liga\/#breadcrumb","itemListElement":[{"@type":"ListItem","position":1,"name":"In\u00edcio","item":"https:\/\/portaltela.pt\/"},{"@type":"ListItem","position":2,"name":"Cristiano Bacci chega ao Estrela da Amadora para tentar manter a equipa na Liga"}]},{"@type":"WebSite","@id":"https:\/\/portaltela.pt\/#website","url":"https:\/\/portaltela.pt\/","name":"Portal Tela Portugal","description":"","potentialAction":[{"@type":"SearchAction","target":{"@type":"EntryPoint","urlTemplate":"https:\/\/portaltela.pt\/?s={search_term_string}"},"query-input":{"@type":"PropertyValueSpecification","valueRequired":true,"valueName":"search_term_string"}}],"inLanguage":"pt-PT"},{"@type":"Person","@id":"https:\/\/portaltela.pt\/#\/schema\/person\/c4278d4a6028830caff9ee44b42d32ed","name":"Telinha","image":{"@type":"ImageObject","inLanguage":"pt-PT","@id":"https:\/\/portaltela.pt\/s.01k8rhncp4jt1\/2025\/11\/talking-bot-125x125.png","url":"https:\/\/portaltela.pt\/s.01k8rhncp4jt1\/2025\/11\/talking-bot-125x125.png","contentUrl":"https:\/\/portaltela.pt\/s.01k8rhncp4jt1\/2025\/11\/talking-bot-125x125.png","caption":"Telinha"},"sameAs":["https:\/\/portaltela.pt\/"],"url":"https:\/\/portaltela.pt\/por\/367410592786\/"}]}},"_links":{"self":[{"href":"https:\/\/portaltela.pt\/api\/wp\/v2\/posts\/458829","targetHints":{"allow":["GET"]}}],"collection":[{"href":"https:\/\/portaltela.pt\/api\/wp\/v2\/posts"}],"about":[{"href":"https:\/\/portaltela.pt\/api\/wp\/v2\/types\/post"}],"author":[{"embeddable":true,"href":"https:\/\/portaltela.pt\/api\/wp\/v2\/users\/2"}],"replies":[{"embeddable":true,"href":"https:\/\/portaltela.pt\/api\/wp\/v2\/comments?post=458829"}],"version-history":[{"count":0,"href":"https:\/\/portaltela.pt\/api\/wp\/v2\/posts\/458829\/revisions"}],"wp:featuredmedia":[{"embeddable":true,"href":"https:\/\/portaltela.pt\/api\/wp\/v2\/media\/458839"}],"wp:attachment":[{"href":"https:\/\/portaltela.pt\/api\/wp\/v2\/media?parent=458829"}],"wp:term":[{"taxonomy":"category","embeddable":true,"href":"https:\/\/portaltela.pt\/api\/wp\/v2\/categories?post=458829"},{"taxonomy":"post_tag","embeddable":true,"href":"https:\/\/portaltela.pt\/api\/wp\/v2\/tags?post=458829"}],"curies":[{"name":"wp","href":"https:\/\/api.w.org\/{rel}","templated":true}]}}