{"id":458828,"date":"2026-04-27T16:03:05","date_gmt":"2026-04-27T19:03:05","guid":{"rendered":"https:\/\/portaltela.pt\/noticias\/2026\/04\/27\/rui-silva-falha-penalti-golo-frente-ao-avs-agrava-registo-negativo-na-carreira\/"},"modified":"2026-04-27T16:03:05","modified_gmt":"2026-04-27T19:03:05","slug":"rui-silva-falha-penalti-golo-frente-ao-avs-agrava-registo-negativo-na-carreira","status":"publish","type":"post","link":"https:\/\/portaltela.pt\/desporto\/futebol\/2026\/04\/27\/rui-silva-falha-penalti-golo-frente-ao-avs-agrava-registo-negativo-na-carreira\/","title":{"rendered":"Rui Silva falha pen\u00e1lti; golo frente ao AVS agrava registo negativo na carreira"},"content":{"rendered":"<p>O Sporting empatou 1-1 frente ao AVS SAD neste domingo, com Rui Silva a sofrer o golo de pen\u00e1lti cobrado por Pedro Lima. O guarda-redes falhou a defesa \u00e0 marca dos 11 metros, mantendo o marcador inesperadamente inalterado.<\/p>\n<p>O tema da efic\u00e1cia de Rui Silva em paragens de pen\u00e1ltis aparece novamente a gerar debate entre os adeptos do clube. O guarda-redes, ao servi\u00e7o do Sporting, viu aumentar o registo negativo na sua carreira neste tipo de interven\u00e7\u00f5es.<\/p>\n<p>O pen\u00e1lti foi apontado a favor do AVS SAD e convertido pelo advers\u00e1rio, aos 11 metros. O resultado acabou por persistir, mantendo o empate que decidiu o encontro de forma relativamente equilibrada.<\/p>\n<p>A situa\u00e7\u00e3o volta a colocar em foco o desempenho de Rui Silva em lances de grande penalidade, tema de an\u00e1lise constante entre a estrutura t\u00e9cnica e a torcida Sportinguista. N\u00e3o houve declara\u00e7\u00f5es oficiais publicadas neste resumo.<\/p>\n<p>ATEN\u00c7\u00c3O: n\u00e3o existem informa\u00e7\u00f5es oficiais adicionais sobre n\u00fameros espec\u00edficos depen\u00e1ltis defendidos por Rui Silva neste texto.<\/p>\n","protected":false},"excerpt":{"rendered":"<ul>\n<li>Rui Silva voltou a n\u00e3o travar um pen\u00e1ltis, falhando frente ao AVS SAD num empate 1\u20111, este domingo.<\/li>\n<li>O lance decisivo ocorreu quando Pedro Lima convertou a marca dos 11 metros.<\/li>\n<li>O guarda\u2011redes soma mais um registo negativo na carreira ao sofrer o goal de pen\u00e1lti.<\/li>\n<li>O jogo acabou por manter-se igualado, com o Sporting sem vencer o AVS SAD.<\/li>\n<\/ul>\n","protected":false},"author":2,"featured_media":458837,"comment_status":"closed","ping_status":"closed","sticky":false,"template":"","format":"standard","meta":{"footnotes":""},"categories":[21,24],"tags":[4059,1984,6574,32,1885,1652],"class_list":["post-458828","post","type-post","status-publish","format-standard","has-post-thumbnail","hentry","category-desporto","category-futebol","tag-1-a-liga","tag-avs-sad","tag-defesa","tag-futebol","tag-penalti","tag-sporting"],"yoast_head":"<!-- This site is optimized with the Yoast SEO plugin v27.2 - https:\/\/yoast.com\/product\/yoast-seo-wordpress\/ -->\n<title>Rui Silva falha pen\u00e1lti; golo frente ao AVS agrava registo negativo na carreira - Portal Tela Portugal<\/title>\n<meta name=\"robots\" content=\"index, follow, max-snippet:-1, max-image-preview:large, max-video-preview:-1\" \/>\n<meta property=\"og:locale\" content=\"pt_PT\" \/>\n<meta property=\"og:type\" content=\"article\" \/>\n<meta property=\"og:title\" content=\"Rui Silva falha pen\u00e1lti; golo frente ao AVS agrava registo negativo na carreira - Portal Tela Portugal\" \/>\n<meta property=\"og:description\" content=\"Rui Silva voltou a n\u00e3o travar um pen\u00e1ltis, falhando frente ao AVS SAD num empate 1\u20111, este domingo. O lance decisivo ocorreu quando Pedro Lima convertou a marca dos 11 metros. O guarda\u2011redes soma mais um registo negativo na carreira ao sofrer o goal de pen\u00e1lti. O jogo acabou por manter-se igualado, com o Sporting sem vencer o AVS SAD.\" \/>\n<meta property=\"og:url\" content=\"https:\/\/portaltela.pt\/noticias\/2026\/04\/27\/rui-silva-falha-penalti-golo-frente-ao-avs-agrava-registo-negativo-na-carreira\/\" \/>\n<meta property=\"og:site_name\" content=\"Portal Tela Portugal\" \/>\n<meta property=\"article:published_time\" content=\"2026-04-27T19:03:05+00:00\" \/>\n<meta name=\"author\" content=\"Telinha\" \/>\n<meta name=\"twitter:card\" content=\"summary_large_image\" \/>\n<meta name=\"twitter:label1\" content=\"Escrito por\" \/>\n\t<meta name=\"twitter:data1\" content=\"Telinha\" \/>\n\t<meta name=\"twitter:label2\" content=\"Tempo estimado de leitura\" \/>\n\t<meta name=\"twitter:data2\" content=\"1 minuto\" \/>\n<script type=\"application\/ld+json\" class=\"yoast-schema-graph\">{\"@context\":\"https:\/\/schema.org\",\"@graph\":[{\"@type\":\"Article\",\"@id\":\"https:\/\/portaltela.pt\/noticias\/2026\/04\/27\/rui-silva-falha-penalti-golo-frente-ao-avs-agrava-registo-negativo-na-carreira\/#article\",\"isPartOf\":{\"@id\":\"https:\/\/portaltela.pt\/noticias\/2026\/04\/27\/rui-silva-falha-penalti-golo-frente-ao-avs-agrava-registo-negativo-na-carreira\/\"},\"author\":{\"name\":\"Telinha\",\"@id\":\"https:\/\/portaltela.pt\/#\/schema\/person\/c4278d4a6028830caff9ee44b42d32ed\"},\"headline\":\"Rui Silva falha pen\u00e1lti; golo frente ao AVS agrava registo negativo na carreira\",\"datePublished\":\"2026-04-27T19:03:05+00:00\",\"mainEntityOfPage\":{\"@id\":\"https:\/\/portaltela.pt\/noticias\/2026\/04\/27\/rui-silva-falha-penalti-golo-frente-ao-avs-agrava-registo-negativo-na-carreira\/\"},\"wordCount\":190,\"image\":{\"@id\":\"https:\/\/portaltela.pt\/noticias\/2026\/04\/27\/rui-silva-falha-penalti-golo-frente-ao-avs-agrava-registo-negativo-na-carreira\/#primaryimage\"},\"thumbnailUrl\":\"https:\/\/portaltela.pt\/s.01k8rhncp4jt1\/2026\/04\/img_920x518uu2026-04-27-19-41-46-2435622.jpg\",\"keywords\":[\"1.\u00aa Liga\",\"AVS SAD\",\"defesa\",\"futebol\",\"pen\u00e1lti\",\"Sporting\"],\"articleSection\":[\"Desporto\",\"Futebol\"],\"inLanguage\":\"pt-PT\"},{\"@type\":\"WebPage\",\"@id\":\"https:\/\/portaltela.pt\/noticias\/2026\/04\/27\/rui-silva-falha-penalti-golo-frente-ao-avs-agrava-registo-negativo-na-carreira\/\",\"url\":\"https:\/\/portaltela.pt\/noticias\/2026\/04\/27\/rui-silva-falha-penalti-golo-frente-ao-avs-agrava-registo-negativo-na-carreira\/\",\"name\":\"Rui Silva falha pen\u00e1lti; golo frente ao AVS agrava registo negativo na carreira - Portal Tela Portugal\",\"isPartOf\":{\"@id\":\"https:\/\/portaltela.pt\/#website\"},\"primaryImageOfPage\":{\"@id\":\"https:\/\/portaltela.pt\/noticias\/2026\/04\/27\/rui-silva-falha-penalti-golo-frente-ao-avs-agrava-registo-negativo-na-carreira\/#primaryimage\"},\"image\":{\"@id\":\"https:\/\/portaltela.pt\/noticias\/2026\/04\/27\/rui-silva-falha-penalti-golo-frente-ao-avs-agrava-registo-negativo-na-carreira\/#primaryimage\"},\"thumbnailUrl\":\"https:\/\/portaltela.pt\/s.01k8rhncp4jt1\/2026\/04\/img_920x518uu2026-04-27-19-41-46-2435622.jpg\",\"datePublished\":\"2026-04-27T19:03:05+00:00\",\"author\":{\"@id\":\"https:\/\/portaltela.pt\/#\/schema\/person\/c4278d4a6028830caff9ee44b42d32ed\"},\"breadcrumb\":{\"@id\":\"https:\/\/portaltela.pt\/noticias\/2026\/04\/27\/rui-silva-falha-penalti-golo-frente-ao-avs-agrava-registo-negativo-na-carreira\/#breadcrumb\"},\"inLanguage\":\"pt-PT\",\"potentialAction\":[{\"@type\":\"ReadAction\",\"target\":[\"https:\/\/portaltela.pt\/noticias\/2026\/04\/27\/rui-silva-falha-penalti-golo-frente-ao-avs-agrava-registo-negativo-na-carreira\/\"]}]},{\"@type\":\"ImageObject\",\"inLanguage\":\"pt-PT\",\"@id\":\"https:\/\/portaltela.pt\/noticias\/2026\/04\/27\/rui-silva-falha-penalti-golo-frente-ao-avs-agrava-registo-negativo-na-carreira\/#primaryimage\",\"url\":\"https:\/\/portaltela.pt\/s.01k8rhncp4jt1\/2026\/04\/img_920x518uu2026-04-27-19-41-46-2435622.jpg\",\"contentUrl\":\"https:\/\/portaltela.pt\/s.01k8rhncp4jt1\/2026\/04\/img_920x518uu2026-04-27-19-41-46-2435622.jpg\",\"width\":796,\"height\":448,\"caption\":\"Rui Silva\"},{\"@type\":\"BreadcrumbList\",\"@id\":\"https:\/\/portaltela.pt\/noticias\/2026\/04\/27\/rui-silva-falha-penalti-golo-frente-ao-avs-agrava-registo-negativo-na-carreira\/#breadcrumb\",\"itemListElement\":[{\"@type\":\"ListItem\",\"position\":1,\"name\":\"In\u00edcio\",\"item\":\"https:\/\/portaltela.pt\/\"},{\"@type\":\"ListItem\",\"position\":2,\"name\":\"Rui Silva falha pen\u00e1lti; golo frente ao AVS agrava registo negativo na carreira\"}]},{\"@type\":\"WebSite\",\"@id\":\"https:\/\/portaltela.pt\/#website\",\"url\":\"https:\/\/portaltela.pt\/\",\"name\":\"Portal Tela Portugal\",\"description\":\"\",\"potentialAction\":[{\"@type\":\"SearchAction\",\"target\":{\"@type\":\"EntryPoint\",\"urlTemplate\":\"https:\/\/portaltela.pt\/?s={search_term_string}\"},\"query-input\":{\"@type\":\"PropertyValueSpecification\",\"valueRequired\":true,\"valueName\":\"search_term_string\"}}],\"inLanguage\":\"pt-PT\"},{\"@type\":\"Person\",\"@id\":\"https:\/\/portaltela.pt\/#\/schema\/person\/c4278d4a6028830caff9ee44b42d32ed\",\"name\":\"Telinha\",\"image\":{\"@type\":\"ImageObject\",\"inLanguage\":\"pt-PT\",\"@id\":\"https:\/\/portaltela.pt\/s.01k8rhncp4jt1\/2025\/11\/talking-bot-125x125.png\",\"url\":\"https:\/\/portaltela.pt\/s.01k8rhncp4jt1\/2025\/11\/talking-bot-125x125.png\",\"contentUrl\":\"https:\/\/portaltela.pt\/s.01k8rhncp4jt1\/2025\/11\/talking-bot-125x125.png\",\"caption\":\"Telinha\"},\"sameAs\":[\"https:\/\/portaltela.pt\/\"],\"url\":\"https:\/\/portaltela.pt\/por\/367410592786\/\"}]}<\/script>\n<!-- \/ Yoast SEO plugin. -->","yoast_head_json":{"title":"Rui Silva falha pen\u00e1lti; golo frente ao AVS agrava registo negativo na carreira - Portal Tela Portugal","robots":{"index":"index","follow":"follow","max-snippet":"max-snippet:-1","max-image-preview":"max-image-preview:large","max-video-preview":"max-video-preview:-1"},"og_locale":"pt_PT","og_type":"article","og_title":"Rui Silva falha pen\u00e1lti; golo frente ao AVS agrava registo negativo na carreira - Portal Tela Portugal","og_description":"Rui Silva voltou a n\u00e3o travar um pen\u00e1ltis, falhando frente ao AVS SAD num empate 1\u20111, este domingo. O lance decisivo ocorreu quando Pedro Lima convertou a marca dos 11 metros. O guarda\u2011redes soma mais um registo negativo na carreira ao sofrer o goal de pen\u00e1lti. O jogo acabou por manter-se igualado, com o Sporting sem vencer o AVS SAD.","og_url":"https:\/\/portaltela.pt\/noticias\/2026\/04\/27\/rui-silva-falha-penalti-golo-frente-ao-avs-agrava-registo-negativo-na-carreira\/","og_site_name":"Portal Tela Portugal","article_published_time":"2026-04-27T19:03:05+00:00","author":"Telinha","twitter_card":"summary_large_image","twitter_misc":{"Escrito por":"Telinha","Tempo estimado de leitura":"1 minuto"},"schema":{"@context":"https:\/\/schema.org","@graph":[{"@type":"Article","@id":"https:\/\/portaltela.pt\/noticias\/2026\/04\/27\/rui-silva-falha-penalti-golo-frente-ao-avs-agrava-registo-negativo-na-carreira\/#article","isPartOf":{"@id":"https:\/\/portaltela.pt\/noticias\/2026\/04\/27\/rui-silva-falha-penalti-golo-frente-ao-avs-agrava-registo-negativo-na-carreira\/"},"author":{"name":"Telinha","@id":"https:\/\/portaltela.pt\/#\/schema\/person\/c4278d4a6028830caff9ee44b42d32ed"},"headline":"Rui Silva falha pen\u00e1lti; golo frente ao AVS agrava registo negativo na carreira","datePublished":"2026-04-27T19:03:05+00:00","mainEntityOfPage":{"@id":"https:\/\/portaltela.pt\/noticias\/2026\/04\/27\/rui-silva-falha-penalti-golo-frente-ao-avs-agrava-registo-negativo-na-carreira\/"},"wordCount":190,"image":{"@id":"https:\/\/portaltela.pt\/noticias\/2026\/04\/27\/rui-silva-falha-penalti-golo-frente-ao-avs-agrava-registo-negativo-na-carreira\/#primaryimage"},"thumbnailUrl":"https:\/\/portaltela.pt\/s.01k8rhncp4jt1\/2026\/04\/img_920x518uu2026-04-27-19-41-46-2435622.jpg","keywords":["1.\u00aa Liga","AVS SAD","defesa","futebol","pen\u00e1lti","Sporting"],"articleSection":["Desporto","Futebol"],"inLanguage":"pt-PT"},{"@type":"WebPage","@id":"https:\/\/portaltela.pt\/noticias\/2026\/04\/27\/rui-silva-falha-penalti-golo-frente-ao-avs-agrava-registo-negativo-na-carreira\/","url":"https:\/\/portaltela.pt\/noticias\/2026\/04\/27\/rui-silva-falha-penalti-golo-frente-ao-avs-agrava-registo-negativo-na-carreira\/","name":"Rui Silva falha pen\u00e1lti; golo frente ao AVS agrava registo negativo na carreira - Portal Tela Portugal","isPartOf":{"@id":"https:\/\/portaltela.pt\/#website"},"primaryImageOfPage":{"@id":"https:\/\/portaltela.pt\/noticias\/2026\/04\/27\/rui-silva-falha-penalti-golo-frente-ao-avs-agrava-registo-negativo-na-carreira\/#primaryimage"},"image":{"@id":"https:\/\/portaltela.pt\/noticias\/2026\/04\/27\/rui-silva-falha-penalti-golo-frente-ao-avs-agrava-registo-negativo-na-carreira\/#primaryimage"},"thumbnailUrl":"https:\/\/portaltela.pt\/s.01k8rhncp4jt1\/2026\/04\/img_920x518uu2026-04-27-19-41-46-2435622.jpg","datePublished":"2026-04-27T19:03:05+00:00","author":{"@id":"https:\/\/portaltela.pt\/#\/schema\/person\/c4278d4a6028830caff9ee44b42d32ed"},"breadcrumb":{"@id":"https:\/\/portaltela.pt\/noticias\/2026\/04\/27\/rui-silva-falha-penalti-golo-frente-ao-avs-agrava-registo-negativo-na-carreira\/#breadcrumb"},"inLanguage":"pt-PT","potentialAction":[{"@type":"ReadAction","target":["https:\/\/portaltela.pt\/noticias\/2026\/04\/27\/rui-silva-falha-penalti-golo-frente-ao-avs-agrava-registo-negativo-na-carreira\/"]}]},{"@type":"ImageObject","inLanguage":"pt-PT","@id":"https:\/\/portaltela.pt\/noticias\/2026\/04\/27\/rui-silva-falha-penalti-golo-frente-ao-avs-agrava-registo-negativo-na-carreira\/#primaryimage","url":"https:\/\/portaltela.pt\/s.01k8rhncp4jt1\/2026\/04\/img_920x518uu2026-04-27-19-41-46-2435622.jpg","contentUrl":"https:\/\/portaltela.pt\/s.01k8rhncp4jt1\/2026\/04\/img_920x518uu2026-04-27-19-41-46-2435622.jpg","width":796,"height":448,"caption":"Rui Silva"},{"@type":"BreadcrumbList","@id":"https:\/\/portaltela.pt\/noticias\/2026\/04\/27\/rui-silva-falha-penalti-golo-frente-ao-avs-agrava-registo-negativo-na-carreira\/#breadcrumb","itemListElement":[{"@type":"ListItem","position":1,"name":"In\u00edcio","item":"https:\/\/portaltela.pt\/"},{"@type":"ListItem","position":2,"name":"Rui Silva falha pen\u00e1lti; golo frente ao AVS agrava registo negativo na carreira"}]},{"@type":"WebSite","@id":"https:\/\/portaltela.pt\/#website","url":"https:\/\/portaltela.pt\/","name":"Portal Tela Portugal","description":"","potentialAction":[{"@type":"SearchAction","target":{"@type":"EntryPoint","urlTemplate":"https:\/\/portaltela.pt\/?s={search_term_string}"},"query-input":{"@type":"PropertyValueSpecification","valueRequired":true,"valueName":"search_term_string"}}],"inLanguage":"pt-PT"},{"@type":"Person","@id":"https:\/\/portaltela.pt\/#\/schema\/person\/c4278d4a6028830caff9ee44b42d32ed","name":"Telinha","image":{"@type":"ImageObject","inLanguage":"pt-PT","@id":"https:\/\/portaltela.pt\/s.01k8rhncp4jt1\/2025\/11\/talking-bot-125x125.png","url":"https:\/\/portaltela.pt\/s.01k8rhncp4jt1\/2025\/11\/talking-bot-125x125.png","contentUrl":"https:\/\/portaltela.pt\/s.01k8rhncp4jt1\/2025\/11\/talking-bot-125x125.png","caption":"Telinha"},"sameAs":["https:\/\/portaltela.pt\/"],"url":"https:\/\/portaltela.pt\/por\/367410592786\/"}]}},"_links":{"self":[{"href":"https:\/\/portaltela.pt\/api\/wp\/v2\/posts\/458828","targetHints":{"allow":["GET"]}}],"collection":[{"href":"https:\/\/portaltela.pt\/api\/wp\/v2\/posts"}],"about":[{"href":"https:\/\/portaltela.pt\/api\/wp\/v2\/types\/post"}],"author":[{"embeddable":true,"href":"https:\/\/portaltela.pt\/api\/wp\/v2\/users\/2"}],"replies":[{"embeddable":true,"href":"https:\/\/portaltela.pt\/api\/wp\/v2\/comments?post=458828"}],"version-history":[{"count":0,"href":"https:\/\/portaltela.pt\/api\/wp\/v2\/posts\/458828\/revisions"}],"wp:featuredmedia":[{"embeddable":true,"href":"https:\/\/portaltela.pt\/api\/wp\/v2\/media\/458837"}],"wp:attachment":[{"href":"https:\/\/portaltela.pt\/api\/wp\/v2\/media?parent=458828"}],"wp:term":[{"taxonomy":"category","embeddable":true,"href":"https:\/\/portaltela.pt\/api\/wp\/v2\/categories?post=458828"},{"taxonomy":"post_tag","embeddable":true,"href":"https:\/\/portaltela.pt\/api\/wp\/v2\/tags?post=458828"}],"curies":[{"name":"wp","href":"https:\/\/api.w.org\/{rel}","templated":true}]}}