{"id":458827,"date":"2026-04-27T16:03:02","date_gmt":"2026-04-27T19:03:02","guid":{"rendered":"https:\/\/portaltela.pt\/noticias\/2026\/04\/27\/atirador-do-jantar-dos-correspondentes-acusado-de-tentar-assassinar-trump\/"},"modified":"2026-04-27T16:03:02","modified_gmt":"2026-04-27T19:03:02","slug":"atirador-do-jantar-dos-correspondentes-acusado-de-tentar-assassinar-trump","status":"publish","type":"post","link":"https:\/\/portaltela.pt\/noticias\/2026\/04\/27\/atirador-do-jantar-dos-correspondentes-acusado-de-tentar-assassinar-trump\/","title":{"rendered":"Atirador do jantar dos correspondentes acusado de tentar assassinar Trump"},"content":{"rendered":"<p>O atirador do jantar dos correspondentes da Casa Branca, Cole Allen, 31 anos, foi esta segunda-feira ouvido por um juiz do Tribunal Distrital dos EUA, Distrito de Columbia, e formalmente acusado de tentativa de assassinato do Presidente Donald Trump. O caso ocorreu ap\u00f3s o ataque do fim de semana, num evento social em Washington.<\/p>\n<p>Allen deixou um manifesto no qual se apresenta como um \u201cassassino federal amig\u00e1vel\u201d, segundo informa\u00e7\u00f5es recolhidas pela ag\u00eancia. As autoridades n\u00e3o confirmaram motiva\u00e7\u00f5es oficiais nem se houve liga\u00e7\u00e3o a grupos extremistas, mantendo a investiga\u00e7\u00e3o em curso.<\/p>\n<p>A Casa Branca responsabiliza democratas e jornalistas pelo ataque, conforme comunicado divulgado pela equipa de comunica\u00e7\u00e3o. Fontes oficiais indicam que as autoridades est\u00e3o a trabalhar para esclarecer o contexto, o plano e o eventual objetivo do agressor.<\/p>\n<h3>Investiga\u00e7\u00e3o e pr\u00f3ximos passos<\/h3>\n<p>As autoridades prosseguem com a investiga\u00e7\u00e3o para apurar antecedentes, eventuais liga\u00e7\u00f5es e a origem do manifesto. O processo judicial dever\u00e1 avan\u00e7ar nos pr\u00f3ximos dias, com a defesa a preparar os argumentos legais cab\u00edveis. O Gabinete do Procurador n\u00e3o comentou novas informa\u00e7\u00f5es at\u00e9 ao momento.<\/p>\n","protected":false},"excerpt":{"rendered":"<ul>\n<li>Cole Allen, 31 anos, apresentou-se esta segunda-feira perante um juiz no Tribunal Distrital dos Estados Unidos, no Distrito de Columbia.<\/li>\n<li>Foi formalmente acusado de tentativa de assassinato do Presidente dos EUA, Donald Trump.<\/li>\n<li>O suspeito deixou um manifesto no qual se apresenta como um \u201cassassino federal amig\u00e1vel\u201d.<\/li>\n<li>a Casa Branca responsabiliza os democratas e jornalistas pelo ataque.<\/li>\n<li>O ataque ocorreu no s\u00e1bado, no contexto do jantar dos correspondentes da Casa Branca.<\/li>\n<\/ul>\n","protected":false},"author":2,"featured_media":458832,"comment_status":"closed","ping_status":"closed","sticky":false,"template":"","format":"standard","meta":{"footnotes":""},"categories":[7386,1],"tags":[9756,7921,7986,7995,8421,9083],"class_list":["post-458827","post","type-post","status-publish","format-standard","has-post-thumbnail","hentry","category-crimes-contra-a-pessoa","category-noticias","tag-_assassinatos","tag-_crime","tag-_estados-unidos","tag-_imprensa","tag-_jornalistas","tag-_tentativa-de-homicidio"],"yoast_head":"<!-- This site is optimized with the Yoast SEO plugin v27.2 - https:\/\/yoast.com\/product\/yoast-seo-wordpress\/ -->\n<title>Atirador do jantar dos correspondentes acusado de tentar assassinar Trump - Portal Tela Portugal<\/title>\n<meta name=\"robots\" content=\"index, follow, max-snippet:-1, max-image-preview:large, max-video-preview:-1\" \/>\n<meta property=\"og:locale\" content=\"pt_PT\" \/>\n<meta property=\"og:type\" content=\"article\" \/>\n<meta property=\"og:title\" content=\"Atirador do jantar dos correspondentes acusado de tentar assassinar Trump - Portal Tela Portugal\" \/>\n<meta property=\"og:description\" content=\"Cole Allen, 31 anos, apresentou-se esta segunda-feira perante um juiz no Tribunal Distrital dos Estados Unidos, no Distrito de Columbia. Foi formalmente acusado de tentativa de assassinato do Presidente dos EUA, Donald Trump. O suspeito deixou um manifesto no qual se apresenta como um \u201cassassino federal amig\u00e1vel\u201d. a Casa Branca responsabiliza os democratas e jornalistas pelo ataque. O ataque ocorreu no s\u00e1bado, no contexto do jantar dos correspondentes da Casa Branca.\" \/>\n<meta property=\"og:url\" content=\"https:\/\/portaltela.pt\/noticias\/2026\/04\/27\/atirador-do-jantar-dos-correspondentes-acusado-de-tentar-assassinar-trump\/\" \/>\n<meta property=\"og:site_name\" content=\"Portal Tela Portugal\" \/>\n<meta property=\"article:published_time\" content=\"2026-04-27T19:03:02+00:00\" \/>\n<meta name=\"author\" content=\"Telinha\" \/>\n<meta name=\"twitter:card\" content=\"summary_large_image\" \/>\n<meta name=\"twitter:label1\" content=\"Escrito por\" \/>\n\t<meta name=\"twitter:data1\" content=\"Telinha\" \/>\n\t<meta name=\"twitter:label2\" content=\"Tempo estimado de leitura\" \/>\n\t<meta name=\"twitter:data2\" content=\"1 minuto\" \/>\n<script type=\"application\/ld+json\" class=\"yoast-schema-graph\">{\"@context\":\"https:\/\/schema.org\",\"@graph\":[{\"@type\":\"Article\",\"@id\":\"https:\/\/portaltela.pt\/noticias\/2026\/04\/27\/atirador-do-jantar-dos-correspondentes-acusado-de-tentar-assassinar-trump\/#article\",\"isPartOf\":{\"@id\":\"https:\/\/portaltela.pt\/noticias\/2026\/04\/27\/atirador-do-jantar-dos-correspondentes-acusado-de-tentar-assassinar-trump\/\"},\"author\":{\"name\":\"Telinha\",\"@id\":\"https:\/\/portaltela.pt\/#\/schema\/person\/c4278d4a6028830caff9ee44b42d32ed\"},\"headline\":\"Atirador do jantar dos correspondentes acusado de tentar assassinar Trump\",\"datePublished\":\"2026-04-27T19:03:02+00:00\",\"mainEntityOfPage\":{\"@id\":\"https:\/\/portaltela.pt\/noticias\/2026\/04\/27\/atirador-do-jantar-dos-correspondentes-acusado-de-tentar-assassinar-trump\/\"},\"wordCount\":203,\"image\":{\"@id\":\"https:\/\/portaltela.pt\/noticias\/2026\/04\/27\/atirador-do-jantar-dos-correspondentes-acusado-de-tentar-assassinar-trump\/#primaryimage\"},\"thumbnailUrl\":\"https:\/\/portaltela.pt\/s.01k8rhncp4jt1\/2026\/04\/2084437.jpg\",\"keywords\":[\"_assassinatos\",\"_crime\",\"_Estados Unidos\",\"_imprensa\",\"_jornalistas\",\"_tentativa de homic\u00eddio\"],\"articleSection\":[\"Crimes contra a pessoa\",\"Not\u00edcias\"],\"inLanguage\":\"pt-PT\"},{\"@type\":\"WebPage\",\"@id\":\"https:\/\/portaltela.pt\/noticias\/2026\/04\/27\/atirador-do-jantar-dos-correspondentes-acusado-de-tentar-assassinar-trump\/\",\"url\":\"https:\/\/portaltela.pt\/noticias\/2026\/04\/27\/atirador-do-jantar-dos-correspondentes-acusado-de-tentar-assassinar-trump\/\",\"name\":\"Atirador do jantar dos correspondentes acusado de tentar assassinar Trump - Portal Tela Portugal\",\"isPartOf\":{\"@id\":\"https:\/\/portaltela.pt\/#website\"},\"primaryImageOfPage\":{\"@id\":\"https:\/\/portaltela.pt\/noticias\/2026\/04\/27\/atirador-do-jantar-dos-correspondentes-acusado-de-tentar-assassinar-trump\/#primaryimage\"},\"image\":{\"@id\":\"https:\/\/portaltela.pt\/noticias\/2026\/04\/27\/atirador-do-jantar-dos-correspondentes-acusado-de-tentar-assassinar-trump\/#primaryimage\"},\"thumbnailUrl\":\"https:\/\/portaltela.pt\/s.01k8rhncp4jt1\/2026\/04\/2084437.jpg\",\"datePublished\":\"2026-04-27T19:03:02+00:00\",\"author\":{\"@id\":\"https:\/\/portaltela.pt\/#\/schema\/person\/c4278d4a6028830caff9ee44b42d32ed\"},\"breadcrumb\":{\"@id\":\"https:\/\/portaltela.pt\/noticias\/2026\/04\/27\/atirador-do-jantar-dos-correspondentes-acusado-de-tentar-assassinar-trump\/#breadcrumb\"},\"inLanguage\":\"pt-PT\",\"potentialAction\":[{\"@type\":\"ReadAction\",\"target\":[\"https:\/\/portaltela.pt\/noticias\/2026\/04\/27\/atirador-do-jantar-dos-correspondentes-acusado-de-tentar-assassinar-trump\/\"]}]},{\"@type\":\"ImageObject\",\"inLanguage\":\"pt-PT\",\"@id\":\"https:\/\/portaltela.pt\/noticias\/2026\/04\/27\/atirador-do-jantar-dos-correspondentes-acusado-de-tentar-assassinar-trump\/#primaryimage\",\"url\":\"https:\/\/portaltela.pt\/s.01k8rhncp4jt1\/2026\/04\/2084437.jpg\",\"contentUrl\":\"https:\/\/portaltela.pt\/s.01k8rhncp4jt1\/2026\/04\/2084437.jpg\",\"width\":796,\"height\":448,\"caption\":\"No rescaldo do ataque de s\u00e1bado\"},{\"@type\":\"BreadcrumbList\",\"@id\":\"https:\/\/portaltela.pt\/noticias\/2026\/04\/27\/atirador-do-jantar-dos-correspondentes-acusado-de-tentar-assassinar-trump\/#breadcrumb\",\"itemListElement\":[{\"@type\":\"ListItem\",\"position\":1,\"name\":\"In\u00edcio\",\"item\":\"https:\/\/portaltela.pt\/\"},{\"@type\":\"ListItem\",\"position\":2,\"name\":\"Atirador do jantar dos correspondentes acusado de tentar assassinar Trump\"}]},{\"@type\":\"WebSite\",\"@id\":\"https:\/\/portaltela.pt\/#website\",\"url\":\"https:\/\/portaltela.pt\/\",\"name\":\"Portal Tela Portugal\",\"description\":\"\",\"potentialAction\":[{\"@type\":\"SearchAction\",\"target\":{\"@type\":\"EntryPoint\",\"urlTemplate\":\"https:\/\/portaltela.pt\/?s={search_term_string}\"},\"query-input\":{\"@type\":\"PropertyValueSpecification\",\"valueRequired\":true,\"valueName\":\"search_term_string\"}}],\"inLanguage\":\"pt-PT\"},{\"@type\":\"Person\",\"@id\":\"https:\/\/portaltela.pt\/#\/schema\/person\/c4278d4a6028830caff9ee44b42d32ed\",\"name\":\"Telinha\",\"image\":{\"@type\":\"ImageObject\",\"inLanguage\":\"pt-PT\",\"@id\":\"https:\/\/portaltela.pt\/s.01k8rhncp4jt1\/2025\/11\/talking-bot-125x125.png\",\"url\":\"https:\/\/portaltela.pt\/s.01k8rhncp4jt1\/2025\/11\/talking-bot-125x125.png\",\"contentUrl\":\"https:\/\/portaltela.pt\/s.01k8rhncp4jt1\/2025\/11\/talking-bot-125x125.png\",\"caption\":\"Telinha\"},\"sameAs\":[\"https:\/\/portaltela.pt\/\"],\"url\":\"https:\/\/portaltela.pt\/por\/367410592786\/\"}]}<\/script>\n<!-- \/ Yoast SEO plugin. -->","yoast_head_json":{"title":"Atirador do jantar dos correspondentes acusado de tentar assassinar Trump - Portal Tela Portugal","robots":{"index":"index","follow":"follow","max-snippet":"max-snippet:-1","max-image-preview":"max-image-preview:large","max-video-preview":"max-video-preview:-1"},"og_locale":"pt_PT","og_type":"article","og_title":"Atirador do jantar dos correspondentes acusado de tentar assassinar Trump - Portal Tela Portugal","og_description":"Cole Allen, 31 anos, apresentou-se esta segunda-feira perante um juiz no Tribunal Distrital dos Estados Unidos, no Distrito de Columbia. Foi formalmente acusado de tentativa de assassinato do Presidente dos EUA, Donald Trump. O suspeito deixou um manifesto no qual se apresenta como um \u201cassassino federal amig\u00e1vel\u201d. a Casa Branca responsabiliza os democratas e jornalistas pelo ataque. O ataque ocorreu no s\u00e1bado, no contexto do jantar dos correspondentes da Casa Branca.","og_url":"https:\/\/portaltela.pt\/noticias\/2026\/04\/27\/atirador-do-jantar-dos-correspondentes-acusado-de-tentar-assassinar-trump\/","og_site_name":"Portal Tela Portugal","article_published_time":"2026-04-27T19:03:02+00:00","author":"Telinha","twitter_card":"summary_large_image","twitter_misc":{"Escrito por":"Telinha","Tempo estimado de leitura":"1 minuto"},"schema":{"@context":"https:\/\/schema.org","@graph":[{"@type":"Article","@id":"https:\/\/portaltela.pt\/noticias\/2026\/04\/27\/atirador-do-jantar-dos-correspondentes-acusado-de-tentar-assassinar-trump\/#article","isPartOf":{"@id":"https:\/\/portaltela.pt\/noticias\/2026\/04\/27\/atirador-do-jantar-dos-correspondentes-acusado-de-tentar-assassinar-trump\/"},"author":{"name":"Telinha","@id":"https:\/\/portaltela.pt\/#\/schema\/person\/c4278d4a6028830caff9ee44b42d32ed"},"headline":"Atirador do jantar dos correspondentes acusado de tentar assassinar Trump","datePublished":"2026-04-27T19:03:02+00:00","mainEntityOfPage":{"@id":"https:\/\/portaltela.pt\/noticias\/2026\/04\/27\/atirador-do-jantar-dos-correspondentes-acusado-de-tentar-assassinar-trump\/"},"wordCount":203,"image":{"@id":"https:\/\/portaltela.pt\/noticias\/2026\/04\/27\/atirador-do-jantar-dos-correspondentes-acusado-de-tentar-assassinar-trump\/#primaryimage"},"thumbnailUrl":"https:\/\/portaltela.pt\/s.01k8rhncp4jt1\/2026\/04\/2084437.jpg","keywords":["_assassinatos","_crime","_Estados Unidos","_imprensa","_jornalistas","_tentativa de homic\u00eddio"],"articleSection":["Crimes contra a pessoa","Not\u00edcias"],"inLanguage":"pt-PT"},{"@type":"WebPage","@id":"https:\/\/portaltela.pt\/noticias\/2026\/04\/27\/atirador-do-jantar-dos-correspondentes-acusado-de-tentar-assassinar-trump\/","url":"https:\/\/portaltela.pt\/noticias\/2026\/04\/27\/atirador-do-jantar-dos-correspondentes-acusado-de-tentar-assassinar-trump\/","name":"Atirador do jantar dos correspondentes acusado de tentar assassinar Trump - Portal Tela Portugal","isPartOf":{"@id":"https:\/\/portaltela.pt\/#website"},"primaryImageOfPage":{"@id":"https:\/\/portaltela.pt\/noticias\/2026\/04\/27\/atirador-do-jantar-dos-correspondentes-acusado-de-tentar-assassinar-trump\/#primaryimage"},"image":{"@id":"https:\/\/portaltela.pt\/noticias\/2026\/04\/27\/atirador-do-jantar-dos-correspondentes-acusado-de-tentar-assassinar-trump\/#primaryimage"},"thumbnailUrl":"https:\/\/portaltela.pt\/s.01k8rhncp4jt1\/2026\/04\/2084437.jpg","datePublished":"2026-04-27T19:03:02+00:00","author":{"@id":"https:\/\/portaltela.pt\/#\/schema\/person\/c4278d4a6028830caff9ee44b42d32ed"},"breadcrumb":{"@id":"https:\/\/portaltela.pt\/noticias\/2026\/04\/27\/atirador-do-jantar-dos-correspondentes-acusado-de-tentar-assassinar-trump\/#breadcrumb"},"inLanguage":"pt-PT","potentialAction":[{"@type":"ReadAction","target":["https:\/\/portaltela.pt\/noticias\/2026\/04\/27\/atirador-do-jantar-dos-correspondentes-acusado-de-tentar-assassinar-trump\/"]}]},{"@type":"ImageObject","inLanguage":"pt-PT","@id":"https:\/\/portaltela.pt\/noticias\/2026\/04\/27\/atirador-do-jantar-dos-correspondentes-acusado-de-tentar-assassinar-trump\/#primaryimage","url":"https:\/\/portaltela.pt\/s.01k8rhncp4jt1\/2026\/04\/2084437.jpg","contentUrl":"https:\/\/portaltela.pt\/s.01k8rhncp4jt1\/2026\/04\/2084437.jpg","width":796,"height":448,"caption":"No rescaldo do ataque de s\u00e1bado"},{"@type":"BreadcrumbList","@id":"https:\/\/portaltela.pt\/noticias\/2026\/04\/27\/atirador-do-jantar-dos-correspondentes-acusado-de-tentar-assassinar-trump\/#breadcrumb","itemListElement":[{"@type":"ListItem","position":1,"name":"In\u00edcio","item":"https:\/\/portaltela.pt\/"},{"@type":"ListItem","position":2,"name":"Atirador do jantar dos correspondentes acusado de tentar assassinar Trump"}]},{"@type":"WebSite","@id":"https:\/\/portaltela.pt\/#website","url":"https:\/\/portaltela.pt\/","name":"Portal Tela Portugal","description":"","potentialAction":[{"@type":"SearchAction","target":{"@type":"EntryPoint","urlTemplate":"https:\/\/portaltela.pt\/?s={search_term_string}"},"query-input":{"@type":"PropertyValueSpecification","valueRequired":true,"valueName":"search_term_string"}}],"inLanguage":"pt-PT"},{"@type":"Person","@id":"https:\/\/portaltela.pt\/#\/schema\/person\/c4278d4a6028830caff9ee44b42d32ed","name":"Telinha","image":{"@type":"ImageObject","inLanguage":"pt-PT","@id":"https:\/\/portaltela.pt\/s.01k8rhncp4jt1\/2025\/11\/talking-bot-125x125.png","url":"https:\/\/portaltela.pt\/s.01k8rhncp4jt1\/2025\/11\/talking-bot-125x125.png","contentUrl":"https:\/\/portaltela.pt\/s.01k8rhncp4jt1\/2025\/11\/talking-bot-125x125.png","caption":"Telinha"},"sameAs":["https:\/\/portaltela.pt\/"],"url":"https:\/\/portaltela.pt\/por\/367410592786\/"}]}},"_links":{"self":[{"href":"https:\/\/portaltela.pt\/api\/wp\/v2\/posts\/458827","targetHints":{"allow":["GET"]}}],"collection":[{"href":"https:\/\/portaltela.pt\/api\/wp\/v2\/posts"}],"about":[{"href":"https:\/\/portaltela.pt\/api\/wp\/v2\/types\/post"}],"author":[{"embeddable":true,"href":"https:\/\/portaltela.pt\/api\/wp\/v2\/users\/2"}],"replies":[{"embeddable":true,"href":"https:\/\/portaltela.pt\/api\/wp\/v2\/comments?post=458827"}],"version-history":[{"count":0,"href":"https:\/\/portaltela.pt\/api\/wp\/v2\/posts\/458827\/revisions"}],"wp:featuredmedia":[{"embeddable":true,"href":"https:\/\/portaltela.pt\/api\/wp\/v2\/media\/458832"}],"wp:attachment":[{"href":"https:\/\/portaltela.pt\/api\/wp\/v2\/media?parent=458827"}],"wp:term":[{"taxonomy":"category","embeddable":true,"href":"https:\/\/portaltela.pt\/api\/wp\/v2\/categories?post=458827"},{"taxonomy":"post_tag","embeddable":true,"href":"https:\/\/portaltela.pt\/api\/wp\/v2\/tags?post=458827"}],"curies":[{"name":"wp","href":"https:\/\/api.w.org\/{rel}","templated":true}]}}