{"id":458803,"date":"2026-04-27T15:48:12","date_gmt":"2026-04-27T18:48:12","guid":{"rendered":"https:\/\/portaltela.pt\/noticias\/2026\/04\/27\/mocambique-investe-2-217-milhoes-de-euros-em-estradas-ate-2031\/"},"modified":"2026-04-27T15:48:12","modified_gmt":"2026-04-27T18:48:12","slug":"mocambique-investe-2-217-milhoes-de-euros-em-estradas-ate-2031","status":"publish","type":"post","link":"https:\/\/portaltela.pt\/noticias\/economia\/2026\/04\/27\/mocambique-investe-2-217-milhoes-de-euros-em-estradas-ate-2031\/","title":{"rendered":"Mo\u00e7ambique investe 2.217 milh\u00f5es de euros em estradas at\u00e9 2031"},"content":{"rendered":"<p>O governo de Mo\u00e7ambique anunciou um investimento de 2.217 milh\u00f5es de euros em estradas, com foco na constru\u00e7\u00e3o e na reabilita\u00e7\u00e3o, at\u00e9 2031, no territ\u00f3rio nacional.<\/p>\n<p>O plano envolve v\u00e1rias regi\u00f5es do pa\u00eds e pretende melhorar a conectividade e a mobilidade, respondendo a necessidades de desenvolvimento econ\u00f3mico e social.<\/p>\n<p>O an\u00fancio n\u00e3o detalha as fontes de financiamento nem a distribui\u00e7\u00e3o dos recursos por projeto ou por etapa do plano.<\/p>\n","protected":false},"excerpt":{"rendered":"<ul>\n<li>Mo\u00e7ambique vai investir 2.217 ME na constru\u00e7\u00e3o e reabilita\u00e7\u00e3o de estradas at\u00e9 2031.<\/li>\n<li>O foco do investimento \u00e9 a constru\u00e7\u00e3o e a reabilita\u00e7\u00e3o de vias rodovi\u00e1rias.<\/li>\n<li>O montante refere-se ao programa de desenvolvimento do setor rodovi\u00e1rio at\u00e9 2031.<\/li>\n<li>O conte\u00fado completo da not\u00edcia est\u00e1 dispon\u00edvel apenas para subscritores.<\/li>\n<\/ul>\n","protected":false},"author":2,"featured_media":458806,"comment_status":"closed","ping_status":"closed","sticky":false,"template":"","format":"standard","meta":{"footnotes":""},"categories":[2,6735],"tags":[1409,28,1083,258,316,1911],"class_list":["post-458803","post","type-post","status-publish","format-standard","has-post-thumbnail","hentry","category-economia","category-negocios","tag-desenvolvimento-regional","tag-economia","tag-estradas","tag-infraestruturas","tag-investimento","tag-mocambique"],"yoast_head":"<!-- This site is optimized with the Yoast SEO plugin v27.2 - https:\/\/yoast.com\/product\/yoast-seo-wordpress\/ -->\n<title>Mo\u00e7ambique investe 2.217 milh\u00f5es de euros em estradas at\u00e9 2031 - Portal Tela Portugal<\/title>\n<meta name=\"robots\" content=\"index, follow, max-snippet:-1, max-image-preview:large, max-video-preview:-1\" \/>\n<meta property=\"og:locale\" content=\"pt_PT\" \/>\n<meta property=\"og:type\" content=\"article\" \/>\n<meta property=\"og:title\" content=\"Mo\u00e7ambique investe 2.217 milh\u00f5es de euros em estradas at\u00e9 2031 - Portal Tela Portugal\" \/>\n<meta property=\"og:description\" content=\"Mo\u00e7ambique vai investir 2.217 ME na constru\u00e7\u00e3o e reabilita\u00e7\u00e3o de estradas at\u00e9 2031. O foco do investimento \u00e9 a constru\u00e7\u00e3o e a reabilita\u00e7\u00e3o de vias rodovi\u00e1rias. O montante refere-se ao programa de desenvolvimento do setor rodovi\u00e1rio at\u00e9 2031. O conte\u00fado completo da not\u00edcia est\u00e1 dispon\u00edvel apenas para subscritores.\" \/>\n<meta property=\"og:url\" content=\"https:\/\/portaltela.pt\/noticias\/2026\/04\/27\/mocambique-investe-2-217-milhoes-de-euros-em-estradas-ate-2031\/\" \/>\n<meta property=\"og:site_name\" content=\"Portal Tela Portugal\" \/>\n<meta property=\"article:published_time\" content=\"2026-04-27T18:48:12+00:00\" \/>\n<meta name=\"author\" content=\"Telinha\" \/>\n<meta name=\"twitter:card\" content=\"summary_large_image\" \/>\n<meta name=\"twitter:label1\" content=\"Escrito por\" \/>\n\t<meta name=\"twitter:data1\" content=\"Telinha\" \/>\n<script type=\"application\/ld+json\" class=\"yoast-schema-graph\">{\"@context\":\"https:\/\/schema.org\",\"@graph\":[{\"@type\":\"Article\",\"@id\":\"https:\/\/portaltela.pt\/noticias\/2026\/04\/27\/mocambique-investe-2-217-milhoes-de-euros-em-estradas-ate-2031\/#article\",\"isPartOf\":{\"@id\":\"https:\/\/portaltela.pt\/noticias\/2026\/04\/27\/mocambique-investe-2-217-milhoes-de-euros-em-estradas-ate-2031\/\"},\"author\":{\"name\":\"Telinha\",\"@id\":\"https:\/\/portaltela.pt\/#\/schema\/person\/c4278d4a6028830caff9ee44b42d32ed\"},\"headline\":\"Mo\u00e7ambique investe 2.217 milh\u00f5es de euros em estradas at\u00e9 2031\",\"datePublished\":\"2026-04-27T18:48:12+00:00\",\"mainEntityOfPage\":{\"@id\":\"https:\/\/portaltela.pt\/noticias\/2026\/04\/27\/mocambique-investe-2-217-milhoes-de-euros-em-estradas-ate-2031\/\"},\"wordCount\":89,\"image\":{\"@id\":\"https:\/\/portaltela.pt\/noticias\/2026\/04\/27\/mocambique-investe-2-217-milhoes-de-euros-em-estradas-ate-2031\/#primaryimage\"},\"thumbnailUrl\":\"https:\/\/portaltela.pt\/s.01k8rhncp4jt1\/2026\/04\/CACHE_780X1200_ANALOG_WATERMARKED_45399131_4248215_28072025080437.jpg\",\"keywords\":[\"desenvolvimento regional\",\"economia\",\"estradas\",\"infraestruturas\",\"investimento\",\"Mo\u00e7ambique\"],\"articleSection\":[\"Economia\",\"Neg\u00f3cios\"],\"inLanguage\":\"pt-PT\"},{\"@type\":\"WebPage\",\"@id\":\"https:\/\/portaltela.pt\/noticias\/2026\/04\/27\/mocambique-investe-2-217-milhoes-de-euros-em-estradas-ate-2031\/\",\"url\":\"https:\/\/portaltela.pt\/noticias\/2026\/04\/27\/mocambique-investe-2-217-milhoes-de-euros-em-estradas-ate-2031\/\",\"name\":\"Mo\u00e7ambique investe 2.217 milh\u00f5es de euros em estradas at\u00e9 2031 - Portal Tela Portugal\",\"isPartOf\":{\"@id\":\"https:\/\/portaltela.pt\/#website\"},\"primaryImageOfPage\":{\"@id\":\"https:\/\/portaltela.pt\/noticias\/2026\/04\/27\/mocambique-investe-2-217-milhoes-de-euros-em-estradas-ate-2031\/#primaryimage\"},\"image\":{\"@id\":\"https:\/\/portaltela.pt\/noticias\/2026\/04\/27\/mocambique-investe-2-217-milhoes-de-euros-em-estradas-ate-2031\/#primaryimage\"},\"thumbnailUrl\":\"https:\/\/portaltela.pt\/s.01k8rhncp4jt1\/2026\/04\/CACHE_780X1200_ANALOG_WATERMARKED_45399131_4248215_28072025080437.jpg\",\"datePublished\":\"2026-04-27T18:48:12+00:00\",\"author\":{\"@id\":\"https:\/\/portaltela.pt\/#\/schema\/person\/c4278d4a6028830caff9ee44b42d32ed\"},\"breadcrumb\":{\"@id\":\"https:\/\/portaltela.pt\/noticias\/2026\/04\/27\/mocambique-investe-2-217-milhoes-de-euros-em-estradas-ate-2031\/#breadcrumb\"},\"inLanguage\":\"pt-PT\",\"potentialAction\":[{\"@type\":\"ReadAction\",\"target\":[\"https:\/\/portaltela.pt\/noticias\/2026\/04\/27\/mocambique-investe-2-217-milhoes-de-euros-em-estradas-ate-2031\/\"]}]},{\"@type\":\"ImageObject\",\"inLanguage\":\"pt-PT\",\"@id\":\"https:\/\/portaltela.pt\/noticias\/2026\/04\/27\/mocambique-investe-2-217-milhoes-de-euros-em-estradas-ate-2031\/#primaryimage\",\"url\":\"https:\/\/portaltela.pt\/s.01k8rhncp4jt1\/2026\/04\/CACHE_780X1200_ANALOG_WATERMARKED_45399131_4248215_28072025080437.jpg\",\"contentUrl\":\"https:\/\/portaltela.pt\/s.01k8rhncp4jt1\/2026\/04\/CACHE_780X1200_ANALOG_WATERMARKED_45399131_4248215_28072025080437.jpg\",\"width\":796,\"height\":448,\"caption\":\"Mo\u00e7ambique vai investir 2.217 ME na constru\u00e7\u00e3o e reabilita\u00e7\u00e3o de estradas at\u00e9 2031\"},{\"@type\":\"BreadcrumbList\",\"@id\":\"https:\/\/portaltela.pt\/noticias\/2026\/04\/27\/mocambique-investe-2-217-milhoes-de-euros-em-estradas-ate-2031\/#breadcrumb\",\"itemListElement\":[{\"@type\":\"ListItem\",\"position\":1,\"name\":\"In\u00edcio\",\"item\":\"https:\/\/portaltela.pt\/\"},{\"@type\":\"ListItem\",\"position\":2,\"name\":\"Mo\u00e7ambique investe 2.217 milh\u00f5es de euros em estradas at\u00e9 2031\"}]},{\"@type\":\"WebSite\",\"@id\":\"https:\/\/portaltela.pt\/#website\",\"url\":\"https:\/\/portaltela.pt\/\",\"name\":\"Portal Tela Portugal\",\"description\":\"\",\"potentialAction\":[{\"@type\":\"SearchAction\",\"target\":{\"@type\":\"EntryPoint\",\"urlTemplate\":\"https:\/\/portaltela.pt\/?s={search_term_string}\"},\"query-input\":{\"@type\":\"PropertyValueSpecification\",\"valueRequired\":true,\"valueName\":\"search_term_string\"}}],\"inLanguage\":\"pt-PT\"},{\"@type\":\"Person\",\"@id\":\"https:\/\/portaltela.pt\/#\/schema\/person\/c4278d4a6028830caff9ee44b42d32ed\",\"name\":\"Telinha\",\"image\":{\"@type\":\"ImageObject\",\"inLanguage\":\"pt-PT\",\"@id\":\"https:\/\/portaltela.pt\/s.01k8rhncp4jt1\/2025\/11\/talking-bot-125x125.png\",\"url\":\"https:\/\/portaltela.pt\/s.01k8rhncp4jt1\/2025\/11\/talking-bot-125x125.png\",\"contentUrl\":\"https:\/\/portaltela.pt\/s.01k8rhncp4jt1\/2025\/11\/talking-bot-125x125.png\",\"caption\":\"Telinha\"},\"sameAs\":[\"https:\/\/portaltela.pt\/\"],\"url\":\"https:\/\/portaltela.pt\/por\/367410592786\/\"}]}<\/script>\n<!-- \/ Yoast SEO plugin. -->","yoast_head_json":{"title":"Mo\u00e7ambique investe 2.217 milh\u00f5es de euros em estradas at\u00e9 2031 - Portal Tela Portugal","robots":{"index":"index","follow":"follow","max-snippet":"max-snippet:-1","max-image-preview":"max-image-preview:large","max-video-preview":"max-video-preview:-1"},"og_locale":"pt_PT","og_type":"article","og_title":"Mo\u00e7ambique investe 2.217 milh\u00f5es de euros em estradas at\u00e9 2031 - Portal Tela Portugal","og_description":"Mo\u00e7ambique vai investir 2.217 ME na constru\u00e7\u00e3o e reabilita\u00e7\u00e3o de estradas at\u00e9 2031. O foco do investimento \u00e9 a constru\u00e7\u00e3o e a reabilita\u00e7\u00e3o de vias rodovi\u00e1rias. O montante refere-se ao programa de desenvolvimento do setor rodovi\u00e1rio at\u00e9 2031. O conte\u00fado completo da not\u00edcia est\u00e1 dispon\u00edvel apenas para subscritores.","og_url":"https:\/\/portaltela.pt\/noticias\/2026\/04\/27\/mocambique-investe-2-217-milhoes-de-euros-em-estradas-ate-2031\/","og_site_name":"Portal Tela Portugal","article_published_time":"2026-04-27T18:48:12+00:00","author":"Telinha","twitter_card":"summary_large_image","twitter_misc":{"Escrito por":"Telinha"},"schema":{"@context":"https:\/\/schema.org","@graph":[{"@type":"Article","@id":"https:\/\/portaltela.pt\/noticias\/2026\/04\/27\/mocambique-investe-2-217-milhoes-de-euros-em-estradas-ate-2031\/#article","isPartOf":{"@id":"https:\/\/portaltela.pt\/noticias\/2026\/04\/27\/mocambique-investe-2-217-milhoes-de-euros-em-estradas-ate-2031\/"},"author":{"name":"Telinha","@id":"https:\/\/portaltela.pt\/#\/schema\/person\/c4278d4a6028830caff9ee44b42d32ed"},"headline":"Mo\u00e7ambique investe 2.217 milh\u00f5es de euros em estradas at\u00e9 2031","datePublished":"2026-04-27T18:48:12+00:00","mainEntityOfPage":{"@id":"https:\/\/portaltela.pt\/noticias\/2026\/04\/27\/mocambique-investe-2-217-milhoes-de-euros-em-estradas-ate-2031\/"},"wordCount":89,"image":{"@id":"https:\/\/portaltela.pt\/noticias\/2026\/04\/27\/mocambique-investe-2-217-milhoes-de-euros-em-estradas-ate-2031\/#primaryimage"},"thumbnailUrl":"https:\/\/portaltela.pt\/s.01k8rhncp4jt1\/2026\/04\/CACHE_780X1200_ANALOG_WATERMARKED_45399131_4248215_28072025080437.jpg","keywords":["desenvolvimento regional","economia","estradas","infraestruturas","investimento","Mo\u00e7ambique"],"articleSection":["Economia","Neg\u00f3cios"],"inLanguage":"pt-PT"},{"@type":"WebPage","@id":"https:\/\/portaltela.pt\/noticias\/2026\/04\/27\/mocambique-investe-2-217-milhoes-de-euros-em-estradas-ate-2031\/","url":"https:\/\/portaltela.pt\/noticias\/2026\/04\/27\/mocambique-investe-2-217-milhoes-de-euros-em-estradas-ate-2031\/","name":"Mo\u00e7ambique investe 2.217 milh\u00f5es de euros em estradas at\u00e9 2031 - Portal Tela Portugal","isPartOf":{"@id":"https:\/\/portaltela.pt\/#website"},"primaryImageOfPage":{"@id":"https:\/\/portaltela.pt\/noticias\/2026\/04\/27\/mocambique-investe-2-217-milhoes-de-euros-em-estradas-ate-2031\/#primaryimage"},"image":{"@id":"https:\/\/portaltela.pt\/noticias\/2026\/04\/27\/mocambique-investe-2-217-milhoes-de-euros-em-estradas-ate-2031\/#primaryimage"},"thumbnailUrl":"https:\/\/portaltela.pt\/s.01k8rhncp4jt1\/2026\/04\/CACHE_780X1200_ANALOG_WATERMARKED_45399131_4248215_28072025080437.jpg","datePublished":"2026-04-27T18:48:12+00:00","author":{"@id":"https:\/\/portaltela.pt\/#\/schema\/person\/c4278d4a6028830caff9ee44b42d32ed"},"breadcrumb":{"@id":"https:\/\/portaltela.pt\/noticias\/2026\/04\/27\/mocambique-investe-2-217-milhoes-de-euros-em-estradas-ate-2031\/#breadcrumb"},"inLanguage":"pt-PT","potentialAction":[{"@type":"ReadAction","target":["https:\/\/portaltela.pt\/noticias\/2026\/04\/27\/mocambique-investe-2-217-milhoes-de-euros-em-estradas-ate-2031\/"]}]},{"@type":"ImageObject","inLanguage":"pt-PT","@id":"https:\/\/portaltela.pt\/noticias\/2026\/04\/27\/mocambique-investe-2-217-milhoes-de-euros-em-estradas-ate-2031\/#primaryimage","url":"https:\/\/portaltela.pt\/s.01k8rhncp4jt1\/2026\/04\/CACHE_780X1200_ANALOG_WATERMARKED_45399131_4248215_28072025080437.jpg","contentUrl":"https:\/\/portaltela.pt\/s.01k8rhncp4jt1\/2026\/04\/CACHE_780X1200_ANALOG_WATERMARKED_45399131_4248215_28072025080437.jpg","width":796,"height":448,"caption":"Mo\u00e7ambique vai investir 2.217 ME na constru\u00e7\u00e3o e reabilita\u00e7\u00e3o de estradas at\u00e9 2031"},{"@type":"BreadcrumbList","@id":"https:\/\/portaltela.pt\/noticias\/2026\/04\/27\/mocambique-investe-2-217-milhoes-de-euros-em-estradas-ate-2031\/#breadcrumb","itemListElement":[{"@type":"ListItem","position":1,"name":"In\u00edcio","item":"https:\/\/portaltela.pt\/"},{"@type":"ListItem","position":2,"name":"Mo\u00e7ambique investe 2.217 milh\u00f5es de euros em estradas at\u00e9 2031"}]},{"@type":"WebSite","@id":"https:\/\/portaltela.pt\/#website","url":"https:\/\/portaltela.pt\/","name":"Portal Tela Portugal","description":"","potentialAction":[{"@type":"SearchAction","target":{"@type":"EntryPoint","urlTemplate":"https:\/\/portaltela.pt\/?s={search_term_string}"},"query-input":{"@type":"PropertyValueSpecification","valueRequired":true,"valueName":"search_term_string"}}],"inLanguage":"pt-PT"},{"@type":"Person","@id":"https:\/\/portaltela.pt\/#\/schema\/person\/c4278d4a6028830caff9ee44b42d32ed","name":"Telinha","image":{"@type":"ImageObject","inLanguage":"pt-PT","@id":"https:\/\/portaltela.pt\/s.01k8rhncp4jt1\/2025\/11\/talking-bot-125x125.png","url":"https:\/\/portaltela.pt\/s.01k8rhncp4jt1\/2025\/11\/talking-bot-125x125.png","contentUrl":"https:\/\/portaltela.pt\/s.01k8rhncp4jt1\/2025\/11\/talking-bot-125x125.png","caption":"Telinha"},"sameAs":["https:\/\/portaltela.pt\/"],"url":"https:\/\/portaltela.pt\/por\/367410592786\/"}]}},"_links":{"self":[{"href":"https:\/\/portaltela.pt\/api\/wp\/v2\/posts\/458803","targetHints":{"allow":["GET"]}}],"collection":[{"href":"https:\/\/portaltela.pt\/api\/wp\/v2\/posts"}],"about":[{"href":"https:\/\/portaltela.pt\/api\/wp\/v2\/types\/post"}],"author":[{"embeddable":true,"href":"https:\/\/portaltela.pt\/api\/wp\/v2\/users\/2"}],"replies":[{"embeddable":true,"href":"https:\/\/portaltela.pt\/api\/wp\/v2\/comments?post=458803"}],"version-history":[{"count":0,"href":"https:\/\/portaltela.pt\/api\/wp\/v2\/posts\/458803\/revisions"}],"wp:featuredmedia":[{"embeddable":true,"href":"https:\/\/portaltela.pt\/api\/wp\/v2\/media\/458806"}],"wp:attachment":[{"href":"https:\/\/portaltela.pt\/api\/wp\/v2\/media?parent=458803"}],"wp:term":[{"taxonomy":"category","embeddable":true,"href":"https:\/\/portaltela.pt\/api\/wp\/v2\/categories?post=458803"},{"taxonomy":"post_tag","embeddable":true,"href":"https:\/\/portaltela.pt\/api\/wp\/v2\/tags?post=458803"}],"curies":[{"name":"wp","href":"https:\/\/api.w.org\/{rel}","templated":true}]}}