{"id":458792,"date":"2026-04-27T15:33:56","date_gmt":"2026-04-27T18:33:56","guid":{"rendered":"https:\/\/portaltela.pt\/noticias\/2026\/04\/27\/bastidores-da-preparacao-do-avs-sad-para-o-duelo-com-o-sporting\/"},"modified":"2026-04-27T15:33:56","modified_gmt":"2026-04-27T18:33:56","slug":"bastidores-da-preparacao-do-avs-sad-para-o-duelo-com-o-sporting","status":"publish","type":"post","link":"https:\/\/portaltela.pt\/desporto\/futebol\/2026\/04\/27\/bastidores-da-preparacao-do-avs-sad-para-o-duelo-com-o-sporting\/","title":{"rendered":"Bastidores da prepara\u00e7\u00e3o do AVS SAD para o duelo com o Sporting"},"content":{"rendered":"<p>O AVS SAD empatou 1-1 com o Sporting, em jogo da Liga Betclic, mantendo o distanciamento m\u00ednimo entre as duas equipas. A carreira de Jo\u00e3o Henriques contra os le\u00f5es ganhou um ponto raro, j\u00e1 que o treinador nunca tinha somado pontos contra o clube num encontro oficial. O resultado surgiu numa partida em que o clube de Aveiro, j\u00e1 matematicamente despromovido \u00e0 2.\u00aa Liga, mostrou capacidade de resist\u00eancia frente a uma equipa de refer\u00eancia.<\/p>\n<p>O encontro ficou marcado pelo golo de estreia do AVS SAD no marcador, seguido do empate do Sporting. O 1-1 manteve as contas abertas na luta pela classifica\u00e7\u00e3o, com o AVS SAD a procurar concluir a temporada com bons indicadores de desempenho, apesar do objetivo de evitar a despromo\u00e7\u00e3o j\u00e1 estar fora de alcance.<\/p>\n<p>Quaisquer certezas quanto ao desfecho do campeonato permanecem dependentes dos pr\u00f3ximos jogos, mas o desempenho recente do AVS SAD refor\u00e7ou a ideia de que a equipa consegue competir com advers\u00e1rios mais fortes. A atua\u00e7\u00e3o de Jo\u00e3o Henriques transmite uma leitura de concentra\u00e7\u00e3o e organiza\u00e7\u00e3o defendiva.<\/p>\n<p>No registo da \u00e9poca, o empate permite ao AVS SAD continuar a somar pontos, num contexto de refor\u00e7o da credibilidade da equipa sob a orienta\u00e7\u00e3o do treinador. A not\u00edcia chega num momento em que a dire\u00e7\u00e3o analisa os progressos e planeia solu\u00e7\u00f5es para a pr\u00f3xima temporada.<\/p>\n","protected":false},"excerpt":{"rendered":"<ul>\n<li>O AVS SAD empatou 1-1 com o Sporting, em casa, e pode influenciar as contas finais do campeonato.<\/li>\n<li>Jo\u00e3o Henriques conseguiu, pela primeira vez na carreira, roubar pontos aos le\u00f5es.<\/li>\n<li>Apesar de j\u00e1 estar matematicamente despromovido \u00e0 segunda liga, o AVS SAD soma um ponto importante.<\/li>\n<li>O desfecho do jogo ocorreu num encontro em que a equipa cumpriu o que o treinador pediu durante a semana de trabalho.<\/li>\n<\/ul>\n","protected":false},"author":2,"featured_media":458799,"comment_status":"closed","ping_status":"closed","sticky":false,"template":"","format":"standard","meta":{"footnotes":""},"categories":[21,24],"tags":[4143,4175,1059,1984,32,1652],"class_list":["post-458792","post","type-post","status-publish","format-standard","has-post-thumbnail","hentry","category-desporto","category-futebol","tag-1-liga","tag-2-a-liga","tag-aveiro","tag-avs-sad","tag-futebol","tag-sporting"],"yoast_head":"<!-- This site is optimized with the Yoast SEO plugin v27.2 - https:\/\/yoast.com\/product\/yoast-seo-wordpress\/ -->\n<title>Bastidores da prepara\u00e7\u00e3o do AVS SAD para o duelo com o Sporting - Portal Tela Portugal<\/title>\n<meta name=\"robots\" content=\"index, follow, max-snippet:-1, max-image-preview:large, max-video-preview:-1\" \/>\n<meta property=\"og:locale\" content=\"pt_PT\" \/>\n<meta property=\"og:type\" content=\"article\" \/>\n<meta property=\"og:title\" content=\"Bastidores da prepara\u00e7\u00e3o do AVS SAD para o duelo com o Sporting - Portal Tela Portugal\" \/>\n<meta property=\"og:description\" content=\"O AVS SAD empatou 1-1 com o Sporting, em casa, e pode influenciar as contas finais do campeonato. Jo\u00e3o Henriques conseguiu, pela primeira vez na carreira, roubar pontos aos le\u00f5es. Apesar de j\u00e1 estar matematicamente despromovido \u00e0 segunda liga, o AVS SAD soma um ponto importante. O desfecho do jogo ocorreu num encontro em que a equipa cumpriu o que o treinador pediu durante a semana de trabalho.\" \/>\n<meta property=\"og:url\" content=\"https:\/\/portaltela.pt\/noticias\/2026\/04\/27\/bastidores-da-preparacao-do-avs-sad-para-o-duelo-com-o-sporting\/\" \/>\n<meta property=\"og:site_name\" content=\"Portal Tela Portugal\" \/>\n<meta property=\"article:published_time\" content=\"2026-04-27T18:33:56+00:00\" \/>\n<meta name=\"author\" content=\"Telinha\" \/>\n<meta name=\"twitter:card\" content=\"summary_large_image\" \/>\n<meta name=\"twitter:label1\" content=\"Escrito por\" \/>\n\t<meta name=\"twitter:data1\" content=\"Telinha\" \/>\n\t<meta name=\"twitter:label2\" content=\"Tempo estimado de leitura\" \/>\n\t<meta name=\"twitter:data2\" content=\"1 minuto\" \/>\n<script type=\"application\/ld+json\" class=\"yoast-schema-graph\">{\"@context\":\"https:\/\/schema.org\",\"@graph\":[{\"@type\":\"Article\",\"@id\":\"https:\/\/portaltela.pt\/noticias\/2026\/04\/27\/bastidores-da-preparacao-do-avs-sad-para-o-duelo-com-o-sporting\/#article\",\"isPartOf\":{\"@id\":\"https:\/\/portaltela.pt\/noticias\/2026\/04\/27\/bastidores-da-preparacao-do-avs-sad-para-o-duelo-com-o-sporting\/\"},\"author\":{\"name\":\"Telinha\",\"@id\":\"https:\/\/portaltela.pt\/#\/schema\/person\/c4278d4a6028830caff9ee44b42d32ed\"},\"headline\":\"Bastidores da prepara\u00e7\u00e3o do AVS SAD para o duelo com o Sporting\",\"datePublished\":\"2026-04-27T18:33:56+00:00\",\"mainEntityOfPage\":{\"@id\":\"https:\/\/portaltela.pt\/noticias\/2026\/04\/27\/bastidores-da-preparacao-do-avs-sad-para-o-duelo-com-o-sporting\/\"},\"wordCount\":250,\"image\":{\"@id\":\"https:\/\/portaltela.pt\/noticias\/2026\/04\/27\/bastidores-da-preparacao-do-avs-sad-para-o-duelo-com-o-sporting\/#primaryimage\"},\"thumbnailUrl\":\"https:\/\/portaltela.pt\/s.01k8rhncp4jt1\/2026\/04\/img_920x518uu2026-04-27-19-25-55-2435618-im-639129147681993535.jpg\",\"keywords\":[\"1. Liga\",\"2.\u00aa Liga\",\"Aveiro\",\"AVS SAD\",\"futebol\",\"Sporting\"],\"articleSection\":[\"Desporto\",\"Futebol\"],\"inLanguage\":\"pt-PT\"},{\"@type\":\"WebPage\",\"@id\":\"https:\/\/portaltela.pt\/noticias\/2026\/04\/27\/bastidores-da-preparacao-do-avs-sad-para-o-duelo-com-o-sporting\/\",\"url\":\"https:\/\/portaltela.pt\/noticias\/2026\/04\/27\/bastidores-da-preparacao-do-avs-sad-para-o-duelo-com-o-sporting\/\",\"name\":\"Bastidores da prepara\u00e7\u00e3o do AVS SAD para o duelo com o Sporting - Portal Tela Portugal\",\"isPartOf\":{\"@id\":\"https:\/\/portaltela.pt\/#website\"},\"primaryImageOfPage\":{\"@id\":\"https:\/\/portaltela.pt\/noticias\/2026\/04\/27\/bastidores-da-preparacao-do-avs-sad-para-o-duelo-com-o-sporting\/#primaryimage\"},\"image\":{\"@id\":\"https:\/\/portaltela.pt\/noticias\/2026\/04\/27\/bastidores-da-preparacao-do-avs-sad-para-o-duelo-com-o-sporting\/#primaryimage\"},\"thumbnailUrl\":\"https:\/\/portaltela.pt\/s.01k8rhncp4jt1\/2026\/04\/img_920x518uu2026-04-27-19-25-55-2435618-im-639129147681993535.jpg\",\"datePublished\":\"2026-04-27T18:33:56+00:00\",\"author\":{\"@id\":\"https:\/\/portaltela.pt\/#\/schema\/person\/c4278d4a6028830caff9ee44b42d32ed\"},\"breadcrumb\":{\"@id\":\"https:\/\/portaltela.pt\/noticias\/2026\/04\/27\/bastidores-da-preparacao-do-avs-sad-para-o-duelo-com-o-sporting\/#breadcrumb\"},\"inLanguage\":\"pt-PT\",\"potentialAction\":[{\"@type\":\"ReadAction\",\"target\":[\"https:\/\/portaltela.pt\/noticias\/2026\/04\/27\/bastidores-da-preparacao-do-avs-sad-para-o-duelo-com-o-sporting\/\"]}]},{\"@type\":\"ImageObject\",\"inLanguage\":\"pt-PT\",\"@id\":\"https:\/\/portaltela.pt\/noticias\/2026\/04\/27\/bastidores-da-preparacao-do-avs-sad-para-o-duelo-com-o-sporting\/#primaryimage\",\"url\":\"https:\/\/portaltela.pt\/s.01k8rhncp4jt1\/2026\/04\/img_920x518uu2026-04-27-19-25-55-2435618-im-639129147681993535.jpg\",\"contentUrl\":\"https:\/\/portaltela.pt\/s.01k8rhncp4jt1\/2026\/04\/img_920x518uu2026-04-27-19-25-55-2435618-im-639129147681993535.jpg\",\"width\":796,\"height\":448,\"caption\":\"AVS SAD celebra golo frente ao Sporting\"},{\"@type\":\"BreadcrumbList\",\"@id\":\"https:\/\/portaltela.pt\/noticias\/2026\/04\/27\/bastidores-da-preparacao-do-avs-sad-para-o-duelo-com-o-sporting\/#breadcrumb\",\"itemListElement\":[{\"@type\":\"ListItem\",\"position\":1,\"name\":\"In\u00edcio\",\"item\":\"https:\/\/portaltela.pt\/\"},{\"@type\":\"ListItem\",\"position\":2,\"name\":\"Bastidores da prepara\u00e7\u00e3o do AVS SAD para o duelo com o Sporting\"}]},{\"@type\":\"WebSite\",\"@id\":\"https:\/\/portaltela.pt\/#website\",\"url\":\"https:\/\/portaltela.pt\/\",\"name\":\"Portal Tela Portugal\",\"description\":\"\",\"potentialAction\":[{\"@type\":\"SearchAction\",\"target\":{\"@type\":\"EntryPoint\",\"urlTemplate\":\"https:\/\/portaltela.pt\/?s={search_term_string}\"},\"query-input\":{\"@type\":\"PropertyValueSpecification\",\"valueRequired\":true,\"valueName\":\"search_term_string\"}}],\"inLanguage\":\"pt-PT\"},{\"@type\":\"Person\",\"@id\":\"https:\/\/portaltela.pt\/#\/schema\/person\/c4278d4a6028830caff9ee44b42d32ed\",\"name\":\"Telinha\",\"image\":{\"@type\":\"ImageObject\",\"inLanguage\":\"pt-PT\",\"@id\":\"https:\/\/portaltela.pt\/s.01k8rhncp4jt1\/2025\/11\/talking-bot-125x125.png\",\"url\":\"https:\/\/portaltela.pt\/s.01k8rhncp4jt1\/2025\/11\/talking-bot-125x125.png\",\"contentUrl\":\"https:\/\/portaltela.pt\/s.01k8rhncp4jt1\/2025\/11\/talking-bot-125x125.png\",\"caption\":\"Telinha\"},\"sameAs\":[\"https:\/\/portaltela.pt\/\"],\"url\":\"https:\/\/portaltela.pt\/por\/367410592786\/\"}]}<\/script>\n<!-- \/ Yoast SEO plugin. -->","yoast_head_json":{"title":"Bastidores da prepara\u00e7\u00e3o do AVS SAD para o duelo com o Sporting - Portal Tela Portugal","robots":{"index":"index","follow":"follow","max-snippet":"max-snippet:-1","max-image-preview":"max-image-preview:large","max-video-preview":"max-video-preview:-1"},"og_locale":"pt_PT","og_type":"article","og_title":"Bastidores da prepara\u00e7\u00e3o do AVS SAD para o duelo com o Sporting - Portal Tela Portugal","og_description":"O AVS SAD empatou 1-1 com o Sporting, em casa, e pode influenciar as contas finais do campeonato. Jo\u00e3o Henriques conseguiu, pela primeira vez na carreira, roubar pontos aos le\u00f5es. Apesar de j\u00e1 estar matematicamente despromovido \u00e0 segunda liga, o AVS SAD soma um ponto importante. O desfecho do jogo ocorreu num encontro em que a equipa cumpriu o que o treinador pediu durante a semana de trabalho.","og_url":"https:\/\/portaltela.pt\/noticias\/2026\/04\/27\/bastidores-da-preparacao-do-avs-sad-para-o-duelo-com-o-sporting\/","og_site_name":"Portal Tela Portugal","article_published_time":"2026-04-27T18:33:56+00:00","author":"Telinha","twitter_card":"summary_large_image","twitter_misc":{"Escrito por":"Telinha","Tempo estimado de leitura":"1 minuto"},"schema":{"@context":"https:\/\/schema.org","@graph":[{"@type":"Article","@id":"https:\/\/portaltela.pt\/noticias\/2026\/04\/27\/bastidores-da-preparacao-do-avs-sad-para-o-duelo-com-o-sporting\/#article","isPartOf":{"@id":"https:\/\/portaltela.pt\/noticias\/2026\/04\/27\/bastidores-da-preparacao-do-avs-sad-para-o-duelo-com-o-sporting\/"},"author":{"name":"Telinha","@id":"https:\/\/portaltela.pt\/#\/schema\/person\/c4278d4a6028830caff9ee44b42d32ed"},"headline":"Bastidores da prepara\u00e7\u00e3o do AVS SAD para o duelo com o Sporting","datePublished":"2026-04-27T18:33:56+00:00","mainEntityOfPage":{"@id":"https:\/\/portaltela.pt\/noticias\/2026\/04\/27\/bastidores-da-preparacao-do-avs-sad-para-o-duelo-com-o-sporting\/"},"wordCount":250,"image":{"@id":"https:\/\/portaltela.pt\/noticias\/2026\/04\/27\/bastidores-da-preparacao-do-avs-sad-para-o-duelo-com-o-sporting\/#primaryimage"},"thumbnailUrl":"https:\/\/portaltela.pt\/s.01k8rhncp4jt1\/2026\/04\/img_920x518uu2026-04-27-19-25-55-2435618-im-639129147681993535.jpg","keywords":["1. Liga","2.\u00aa Liga","Aveiro","AVS SAD","futebol","Sporting"],"articleSection":["Desporto","Futebol"],"inLanguage":"pt-PT"},{"@type":"WebPage","@id":"https:\/\/portaltela.pt\/noticias\/2026\/04\/27\/bastidores-da-preparacao-do-avs-sad-para-o-duelo-com-o-sporting\/","url":"https:\/\/portaltela.pt\/noticias\/2026\/04\/27\/bastidores-da-preparacao-do-avs-sad-para-o-duelo-com-o-sporting\/","name":"Bastidores da prepara\u00e7\u00e3o do AVS SAD para o duelo com o Sporting - Portal Tela Portugal","isPartOf":{"@id":"https:\/\/portaltela.pt\/#website"},"primaryImageOfPage":{"@id":"https:\/\/portaltela.pt\/noticias\/2026\/04\/27\/bastidores-da-preparacao-do-avs-sad-para-o-duelo-com-o-sporting\/#primaryimage"},"image":{"@id":"https:\/\/portaltela.pt\/noticias\/2026\/04\/27\/bastidores-da-preparacao-do-avs-sad-para-o-duelo-com-o-sporting\/#primaryimage"},"thumbnailUrl":"https:\/\/portaltela.pt\/s.01k8rhncp4jt1\/2026\/04\/img_920x518uu2026-04-27-19-25-55-2435618-im-639129147681993535.jpg","datePublished":"2026-04-27T18:33:56+00:00","author":{"@id":"https:\/\/portaltela.pt\/#\/schema\/person\/c4278d4a6028830caff9ee44b42d32ed"},"breadcrumb":{"@id":"https:\/\/portaltela.pt\/noticias\/2026\/04\/27\/bastidores-da-preparacao-do-avs-sad-para-o-duelo-com-o-sporting\/#breadcrumb"},"inLanguage":"pt-PT","potentialAction":[{"@type":"ReadAction","target":["https:\/\/portaltela.pt\/noticias\/2026\/04\/27\/bastidores-da-preparacao-do-avs-sad-para-o-duelo-com-o-sporting\/"]}]},{"@type":"ImageObject","inLanguage":"pt-PT","@id":"https:\/\/portaltela.pt\/noticias\/2026\/04\/27\/bastidores-da-preparacao-do-avs-sad-para-o-duelo-com-o-sporting\/#primaryimage","url":"https:\/\/portaltela.pt\/s.01k8rhncp4jt1\/2026\/04\/img_920x518uu2026-04-27-19-25-55-2435618-im-639129147681993535.jpg","contentUrl":"https:\/\/portaltela.pt\/s.01k8rhncp4jt1\/2026\/04\/img_920x518uu2026-04-27-19-25-55-2435618-im-639129147681993535.jpg","width":796,"height":448,"caption":"AVS SAD celebra golo frente ao Sporting"},{"@type":"BreadcrumbList","@id":"https:\/\/portaltela.pt\/noticias\/2026\/04\/27\/bastidores-da-preparacao-do-avs-sad-para-o-duelo-com-o-sporting\/#breadcrumb","itemListElement":[{"@type":"ListItem","position":1,"name":"In\u00edcio","item":"https:\/\/portaltela.pt\/"},{"@type":"ListItem","position":2,"name":"Bastidores da prepara\u00e7\u00e3o do AVS SAD para o duelo com o Sporting"}]},{"@type":"WebSite","@id":"https:\/\/portaltela.pt\/#website","url":"https:\/\/portaltela.pt\/","name":"Portal Tela Portugal","description":"","potentialAction":[{"@type":"SearchAction","target":{"@type":"EntryPoint","urlTemplate":"https:\/\/portaltela.pt\/?s={search_term_string}"},"query-input":{"@type":"PropertyValueSpecification","valueRequired":true,"valueName":"search_term_string"}}],"inLanguage":"pt-PT"},{"@type":"Person","@id":"https:\/\/portaltela.pt\/#\/schema\/person\/c4278d4a6028830caff9ee44b42d32ed","name":"Telinha","image":{"@type":"ImageObject","inLanguage":"pt-PT","@id":"https:\/\/portaltela.pt\/s.01k8rhncp4jt1\/2025\/11\/talking-bot-125x125.png","url":"https:\/\/portaltela.pt\/s.01k8rhncp4jt1\/2025\/11\/talking-bot-125x125.png","contentUrl":"https:\/\/portaltela.pt\/s.01k8rhncp4jt1\/2025\/11\/talking-bot-125x125.png","caption":"Telinha"},"sameAs":["https:\/\/portaltela.pt\/"],"url":"https:\/\/portaltela.pt\/por\/367410592786\/"}]}},"_links":{"self":[{"href":"https:\/\/portaltela.pt\/api\/wp\/v2\/posts\/458792","targetHints":{"allow":["GET"]}}],"collection":[{"href":"https:\/\/portaltela.pt\/api\/wp\/v2\/posts"}],"about":[{"href":"https:\/\/portaltela.pt\/api\/wp\/v2\/types\/post"}],"author":[{"embeddable":true,"href":"https:\/\/portaltela.pt\/api\/wp\/v2\/users\/2"}],"replies":[{"embeddable":true,"href":"https:\/\/portaltela.pt\/api\/wp\/v2\/comments?post=458792"}],"version-history":[{"count":0,"href":"https:\/\/portaltela.pt\/api\/wp\/v2\/posts\/458792\/revisions"}],"wp:featuredmedia":[{"embeddable":true,"href":"https:\/\/portaltela.pt\/api\/wp\/v2\/media\/458799"}],"wp:attachment":[{"href":"https:\/\/portaltela.pt\/api\/wp\/v2\/media?parent=458792"}],"wp:term":[{"taxonomy":"category","embeddable":true,"href":"https:\/\/portaltela.pt\/api\/wp\/v2\/categories?post=458792"},{"taxonomy":"post_tag","embeddable":true,"href":"https:\/\/portaltela.pt\/api\/wp\/v2\/tags?post=458792"}],"curies":[{"name":"wp","href":"https:\/\/api.w.org\/{rel}","templated":true}]}}