{"id":458780,"date":"2026-04-27T15:33:40","date_gmt":"2026-04-27T18:33:40","guid":{"rendered":"https:\/\/portaltela.pt\/noticias\/2026\/04\/27\/publico-recebe-premio-de-literatura-da-academia-internacional-de-gastronomia\/"},"modified":"2026-04-27T15:33:40","modified_gmt":"2026-04-27T18:33:40","slug":"publico-recebe-premio-de-literatura-da-academia-internacional-de-gastronomia","status":"publish","type":"post","link":"https:\/\/portaltela.pt\/noticias\/2026\/04\/27\/publico-recebe-premio-de-literatura-da-academia-internacional-de-gastronomia\/","title":{"rendered":"P\u00fablico recebe Pr\u00e9mio de Literatura da Academia Internacional de Gastronomia"},"content":{"rendered":"<p>O P\u00daBLICO recebeu o Prix de la Litt\u00e9rature da Academia Internacional de Gastronomia (AIG), com sede em Paris, pela iniciativa de lan\u00e7ar a cole\u00e7\u00e3o Os Livros de Culto da Cozinha Portuguesa. O reconhecimento foi criado pela editora A Bela e o Monstro e aprovado pela Academia Portuguesa de Gastronomia.<\/p>\n<p>A premia\u00e7\u00e3o visa evidenciar dez livros de receitas relevantes da gastronomia portuguesa, apresentados em fac-s\u00edmile. O projeto re\u00fane obras desde o s\u00e9culo XV at\u00e9 o s\u00e9culo XX, destacando a continuidade entre o passado e o que se serve hoje \u00e0 mesa.<\/p>\n<p>A apresenta\u00e7\u00e3o do projeto sublinha que os t\u00edtulos seleccionados tra\u00e7am uma linha de continuidade entre cozinhas de v\u00e1rias \u00e9pocas e o que se cozinha atualmente. A colec\u00e7\u00e3o est\u00e1 j\u00e1 dispon\u00edvel para venda em Lisboa e na loja online do P\u00daBLICO.<\/p>\n<h3>Premia\u00e7\u00e3o e restante reconhecimento<\/h3>\n<p>A r\u00e9cita completa das propostas aprovadas ocorreu a 20 de Abril em Paris, com unanimidade entre os delegados presentes. Al\u00e9m do P\u00daBLICO, Portugal viu outras distin\u00e7\u00f5es, como o Pr\u00e9mio Chef do Futuro, atribu\u00eddo a Ant\u00f3nio Lobo Xavier do restaurante Pol\u00e9mico, em Lisboa.<\/p>\n<p>O j\u00fari atribuiu tamb\u00e9m o Pr\u00e9mio ao Sommelier, a Filipe Wang do JNcQUOI, e o Pr\u00eamio ao P\u00e2tissier, a Francisco Moreira pela participa\u00e7\u00e3o em televis\u00e3o. O galard\u00e3o de Multimedia ficou com C\u00e1tia Goarmon, conhecida como Tia C\u00e1tia.<\/p>\n<h3>Sobre a AIG<\/h3>\n<p>A Academia Internacional de Gastronomia \u00e9 uma rede transnacional criada em 1983 por cinco academias nacionais. \u00c9 uma associa\u00e7\u00e3o privada sem fins lucrativos que integra mais de vinte entidades gastron\u00f3micas, com membros em diversos pa\u00edses ao redor do mundo.<\/p>\n","protected":false},"excerpt":{"rendered":"<ul>\n<li>O jornal P\u00daBLICO recebeu o Prix de la Litt\u00e9rature da Academia Internacional de Gastronomia (AIG), com sede em Paris, pela colec\u00e7\u00e3o Os Livros de Culto da Cozinha Portuguesa, em parceria com a editora A Bela e o Monstro.<\/li>\n<li>A proposta foi apresentada pela Academia Portuguesa de Gastronomia e aprovada por unanimidade pelos delegados presentes.<\/li>\n<li>A colec\u00e7\u00e3o re\u00fane dez obras hist\u00f3ricas da cozinha portuguesa em fac-s\u00edmile, destacando a liga\u00e7\u00e3o entre o que se cozinhava no passado e o que se serve hoje, com uma edi\u00e7\u00e3o acess\u00edvel.<\/li>\n<li>A iniciativa Menus com Hist\u00f3ria, que acompanha a colec\u00e7\u00e3o, envolve cem restaurantes nacionais a reinterpretarem receitas destes livros para o paladar atual.<\/li>\n<li>Al\u00e9m do P\u00daBLICO, a Academia premiou Ant\u00f3nio Lobo Xavier (Chef do Futuro), Filipe Wang (Sommelier), Francisco Moreira (P\u00e2tissier) e C\u00e1tia Goarmon (Multimedia).<\/li>\n<\/ul>\n","protected":false},"author":2,"featured_media":458795,"comment_status":"closed","ping_status":"closed","sticky":false,"template":"","format":"standard","meta":{"footnotes":""},"categories":[7369,1],"tags":[8680,7756,7982,8537,8866,8062],"class_list":["post-458780","post","type-post","status-publish","format-standard","has-post-thumbnail","hentry","category-gastronomia","category-noticias","tag-_cozinha","tag-_cultura","tag-_gastronomia","tag-_livros","tag-_livros-arquivos","tag-_portugal"],"yoast_head":"<!-- This site is optimized with the Yoast SEO plugin v27.2 - https:\/\/yoast.com\/product\/yoast-seo-wordpress\/ -->\n<title>P\u00fablico recebe Pr\u00e9mio de Literatura da Academia Internacional de Gastronomia - Portal Tela Portugal<\/title>\n<meta name=\"robots\" content=\"index, follow, max-snippet:-1, max-image-preview:large, max-video-preview:-1\" \/>\n<meta property=\"og:locale\" content=\"pt_PT\" \/>\n<meta property=\"og:type\" content=\"article\" \/>\n<meta property=\"og:title\" content=\"P\u00fablico recebe Pr\u00e9mio de Literatura da Academia Internacional de Gastronomia - Portal Tela Portugal\" \/>\n<meta property=\"og:description\" content=\"O jornal P\u00daBLICO recebeu o Prix de la Litt\u00e9rature da Academia Internacional de Gastronomia (AIG), com sede em Paris, pela colec\u00e7\u00e3o Os Livros de Culto da Cozinha Portuguesa, em parceria com a editora A Bela e o Monstro. A proposta foi apresentada pela Academia Portuguesa de Gastronomia e aprovada por unanimidade pelos delegados presentes. A colec\u00e7\u00e3o re\u00fane dez obras hist\u00f3ricas da cozinha portuguesa em fac-s\u00edmile, destacando a liga\u00e7\u00e3o entre o que se cozinhava no passado e o que se serve hoje, com uma edi\u00e7\u00e3o acess\u00edvel. A iniciativa Menus com Hist\u00f3ria, que acompanha a colec\u00e7\u00e3o, envolve cem restaurantes nacionais a reinterpretarem receitas destes livros para o paladar atual. Al\u00e9m do P\u00daBLICO, a Academia premiou Ant\u00f3nio Lobo Xavier (Chef do Futuro), Filipe Wang (Sommelier), Francisco Moreira (P\u00e2tissier) e C\u00e1tia Goarmon (Multimedia).\" \/>\n<meta property=\"og:url\" content=\"https:\/\/portaltela.pt\/noticias\/2026\/04\/27\/publico-recebe-premio-de-literatura-da-academia-internacional-de-gastronomia\/\" \/>\n<meta property=\"og:site_name\" content=\"Portal Tela Portugal\" \/>\n<meta property=\"article:published_time\" content=\"2026-04-27T18:33:40+00:00\" \/>\n<meta name=\"author\" content=\"Telinha\" \/>\n<meta name=\"twitter:card\" content=\"summary_large_image\" \/>\n<meta name=\"twitter:label1\" content=\"Escrito por\" \/>\n\t<meta name=\"twitter:data1\" content=\"Telinha\" \/>\n\t<meta name=\"twitter:label2\" content=\"Tempo estimado de leitura\" \/>\n\t<meta name=\"twitter:data2\" content=\"1 minuto\" \/>\n<script type=\"application\/ld+json\" class=\"yoast-schema-graph\">{\"@context\":\"https:\/\/schema.org\",\"@graph\":[{\"@type\":\"Article\",\"@id\":\"https:\/\/portaltela.pt\/noticias\/2026\/04\/27\/publico-recebe-premio-de-literatura-da-academia-internacional-de-gastronomia\/#article\",\"isPartOf\":{\"@id\":\"https:\/\/portaltela.pt\/noticias\/2026\/04\/27\/publico-recebe-premio-de-literatura-da-academia-internacional-de-gastronomia\/\"},\"author\":{\"name\":\"Telinha\",\"@id\":\"https:\/\/portaltela.pt\/#\/schema\/person\/c4278d4a6028830caff9ee44b42d32ed\"},\"headline\":\"P\u00fablico recebe Pr\u00e9mio de Literatura da Academia Internacional de Gastronomia\",\"datePublished\":\"2026-04-27T18:33:40+00:00\",\"mainEntityOfPage\":{\"@id\":\"https:\/\/portaltela.pt\/noticias\/2026\/04\/27\/publico-recebe-premio-de-literatura-da-academia-internacional-de-gastronomia\/\"},\"wordCount\":300,\"image\":{\"@id\":\"https:\/\/portaltela.pt\/noticias\/2026\/04\/27\/publico-recebe-premio-de-literatura-da-academia-internacional-de-gastronomia\/#primaryimage\"},\"thumbnailUrl\":\"https:\/\/portaltela.pt\/s.01k8rhncp4jt1\/2026\/04\/2084432.jpg\",\"keywords\":[\"_cozinha\",\"_cultura\",\"_gastronomia\",\"_livros\",\"_livros\/arquivos\",\"_Portugal\"],\"articleSection\":[\"Gastronomia\",\"Not\u00edcias\"],\"inLanguage\":\"pt-PT\"},{\"@type\":\"WebPage\",\"@id\":\"https:\/\/portaltela.pt\/noticias\/2026\/04\/27\/publico-recebe-premio-de-literatura-da-academia-internacional-de-gastronomia\/\",\"url\":\"https:\/\/portaltela.pt\/noticias\/2026\/04\/27\/publico-recebe-premio-de-literatura-da-academia-internacional-de-gastronomia\/\",\"name\":\"P\u00fablico recebe Pr\u00e9mio de Literatura da Academia Internacional de Gastronomia - Portal Tela Portugal\",\"isPartOf\":{\"@id\":\"https:\/\/portaltela.pt\/#website\"},\"primaryImageOfPage\":{\"@id\":\"https:\/\/portaltela.pt\/noticias\/2026\/04\/27\/publico-recebe-premio-de-literatura-da-academia-internacional-de-gastronomia\/#primaryimage\"},\"image\":{\"@id\":\"https:\/\/portaltela.pt\/noticias\/2026\/04\/27\/publico-recebe-premio-de-literatura-da-academia-internacional-de-gastronomia\/#primaryimage\"},\"thumbnailUrl\":\"https:\/\/portaltela.pt\/s.01k8rhncp4jt1\/2026\/04\/2084432.jpg\",\"datePublished\":\"2026-04-27T18:33:40+00:00\",\"author\":{\"@id\":\"https:\/\/portaltela.pt\/#\/schema\/person\/c4278d4a6028830caff9ee44b42d32ed\"},\"breadcrumb\":{\"@id\":\"https:\/\/portaltela.pt\/noticias\/2026\/04\/27\/publico-recebe-premio-de-literatura-da-academia-internacional-de-gastronomia\/#breadcrumb\"},\"inLanguage\":\"pt-PT\",\"potentialAction\":[{\"@type\":\"ReadAction\",\"target\":[\"https:\/\/portaltela.pt\/noticias\/2026\/04\/27\/publico-recebe-premio-de-literatura-da-academia-internacional-de-gastronomia\/\"]}]},{\"@type\":\"ImageObject\",\"inLanguage\":\"pt-PT\",\"@id\":\"https:\/\/portaltela.pt\/noticias\/2026\/04\/27\/publico-recebe-premio-de-literatura-da-academia-internacional-de-gastronomia\/#primaryimage\",\"url\":\"https:\/\/portaltela.pt\/s.01k8rhncp4jt1\/2026\/04\/2084432.jpg\",\"contentUrl\":\"https:\/\/portaltela.pt\/s.01k8rhncp4jt1\/2026\/04\/2084432.jpg\",\"width\":796,\"height\":448,\"caption\":\"Uma parceria do P\u00daBLICO com a editora A Bela e o Monstro, destinada a \\\"mostrar a relev\u00e2ncia destes dez livros de receitas\\\"\"},{\"@type\":\"BreadcrumbList\",\"@id\":\"https:\/\/portaltela.pt\/noticias\/2026\/04\/27\/publico-recebe-premio-de-literatura-da-academia-internacional-de-gastronomia\/#breadcrumb\",\"itemListElement\":[{\"@type\":\"ListItem\",\"position\":1,\"name\":\"In\u00edcio\",\"item\":\"https:\/\/portaltela.pt\/\"},{\"@type\":\"ListItem\",\"position\":2,\"name\":\"P\u00fablico recebe Pr\u00e9mio de Literatura da Academia Internacional de Gastronomia\"}]},{\"@type\":\"WebSite\",\"@id\":\"https:\/\/portaltela.pt\/#website\",\"url\":\"https:\/\/portaltela.pt\/\",\"name\":\"Portal Tela Portugal\",\"description\":\"\",\"potentialAction\":[{\"@type\":\"SearchAction\",\"target\":{\"@type\":\"EntryPoint\",\"urlTemplate\":\"https:\/\/portaltela.pt\/?s={search_term_string}\"},\"query-input\":{\"@type\":\"PropertyValueSpecification\",\"valueRequired\":true,\"valueName\":\"search_term_string\"}}],\"inLanguage\":\"pt-PT\"},{\"@type\":\"Person\",\"@id\":\"https:\/\/portaltela.pt\/#\/schema\/person\/c4278d4a6028830caff9ee44b42d32ed\",\"name\":\"Telinha\",\"image\":{\"@type\":\"ImageObject\",\"inLanguage\":\"pt-PT\",\"@id\":\"https:\/\/portaltela.pt\/s.01k8rhncp4jt1\/2025\/11\/talking-bot-125x125.png\",\"url\":\"https:\/\/portaltela.pt\/s.01k8rhncp4jt1\/2025\/11\/talking-bot-125x125.png\",\"contentUrl\":\"https:\/\/portaltela.pt\/s.01k8rhncp4jt1\/2025\/11\/talking-bot-125x125.png\",\"caption\":\"Telinha\"},\"sameAs\":[\"https:\/\/portaltela.pt\/\"],\"url\":\"https:\/\/portaltela.pt\/por\/367410592786\/\"}]}<\/script>\n<!-- \/ Yoast SEO plugin. -->","yoast_head_json":{"title":"P\u00fablico recebe Pr\u00e9mio de Literatura da Academia Internacional de Gastronomia - Portal Tela Portugal","robots":{"index":"index","follow":"follow","max-snippet":"max-snippet:-1","max-image-preview":"max-image-preview:large","max-video-preview":"max-video-preview:-1"},"og_locale":"pt_PT","og_type":"article","og_title":"P\u00fablico recebe Pr\u00e9mio de Literatura da Academia Internacional de Gastronomia - Portal Tela Portugal","og_description":"O jornal P\u00daBLICO recebeu o Prix de la Litt\u00e9rature da Academia Internacional de Gastronomia (AIG), com sede em Paris, pela colec\u00e7\u00e3o Os Livros de Culto da Cozinha Portuguesa, em parceria com a editora A Bela e o Monstro. A proposta foi apresentada pela Academia Portuguesa de Gastronomia e aprovada por unanimidade pelos delegados presentes. A colec\u00e7\u00e3o re\u00fane dez obras hist\u00f3ricas da cozinha portuguesa em fac-s\u00edmile, destacando a liga\u00e7\u00e3o entre o que se cozinhava no passado e o que se serve hoje, com uma edi\u00e7\u00e3o acess\u00edvel. A iniciativa Menus com Hist\u00f3ria, que acompanha a colec\u00e7\u00e3o, envolve cem restaurantes nacionais a reinterpretarem receitas destes livros para o paladar atual. Al\u00e9m do P\u00daBLICO, a Academia premiou Ant\u00f3nio Lobo Xavier (Chef do Futuro), Filipe Wang (Sommelier), Francisco Moreira (P\u00e2tissier) e C\u00e1tia Goarmon (Multimedia).","og_url":"https:\/\/portaltela.pt\/noticias\/2026\/04\/27\/publico-recebe-premio-de-literatura-da-academia-internacional-de-gastronomia\/","og_site_name":"Portal Tela Portugal","article_published_time":"2026-04-27T18:33:40+00:00","author":"Telinha","twitter_card":"summary_large_image","twitter_misc":{"Escrito por":"Telinha","Tempo estimado de leitura":"1 minuto"},"schema":{"@context":"https:\/\/schema.org","@graph":[{"@type":"Article","@id":"https:\/\/portaltela.pt\/noticias\/2026\/04\/27\/publico-recebe-premio-de-literatura-da-academia-internacional-de-gastronomia\/#article","isPartOf":{"@id":"https:\/\/portaltela.pt\/noticias\/2026\/04\/27\/publico-recebe-premio-de-literatura-da-academia-internacional-de-gastronomia\/"},"author":{"name":"Telinha","@id":"https:\/\/portaltela.pt\/#\/schema\/person\/c4278d4a6028830caff9ee44b42d32ed"},"headline":"P\u00fablico recebe Pr\u00e9mio de Literatura da Academia Internacional de Gastronomia","datePublished":"2026-04-27T18:33:40+00:00","mainEntityOfPage":{"@id":"https:\/\/portaltela.pt\/noticias\/2026\/04\/27\/publico-recebe-premio-de-literatura-da-academia-internacional-de-gastronomia\/"},"wordCount":300,"image":{"@id":"https:\/\/portaltela.pt\/noticias\/2026\/04\/27\/publico-recebe-premio-de-literatura-da-academia-internacional-de-gastronomia\/#primaryimage"},"thumbnailUrl":"https:\/\/portaltela.pt\/s.01k8rhncp4jt1\/2026\/04\/2084432.jpg","keywords":["_cozinha","_cultura","_gastronomia","_livros","_livros\/arquivos","_Portugal"],"articleSection":["Gastronomia","Not\u00edcias"],"inLanguage":"pt-PT"},{"@type":"WebPage","@id":"https:\/\/portaltela.pt\/noticias\/2026\/04\/27\/publico-recebe-premio-de-literatura-da-academia-internacional-de-gastronomia\/","url":"https:\/\/portaltela.pt\/noticias\/2026\/04\/27\/publico-recebe-premio-de-literatura-da-academia-internacional-de-gastronomia\/","name":"P\u00fablico recebe Pr\u00e9mio de Literatura da Academia Internacional de Gastronomia - Portal Tela Portugal","isPartOf":{"@id":"https:\/\/portaltela.pt\/#website"},"primaryImageOfPage":{"@id":"https:\/\/portaltela.pt\/noticias\/2026\/04\/27\/publico-recebe-premio-de-literatura-da-academia-internacional-de-gastronomia\/#primaryimage"},"image":{"@id":"https:\/\/portaltela.pt\/noticias\/2026\/04\/27\/publico-recebe-premio-de-literatura-da-academia-internacional-de-gastronomia\/#primaryimage"},"thumbnailUrl":"https:\/\/portaltela.pt\/s.01k8rhncp4jt1\/2026\/04\/2084432.jpg","datePublished":"2026-04-27T18:33:40+00:00","author":{"@id":"https:\/\/portaltela.pt\/#\/schema\/person\/c4278d4a6028830caff9ee44b42d32ed"},"breadcrumb":{"@id":"https:\/\/portaltela.pt\/noticias\/2026\/04\/27\/publico-recebe-premio-de-literatura-da-academia-internacional-de-gastronomia\/#breadcrumb"},"inLanguage":"pt-PT","potentialAction":[{"@type":"ReadAction","target":["https:\/\/portaltela.pt\/noticias\/2026\/04\/27\/publico-recebe-premio-de-literatura-da-academia-internacional-de-gastronomia\/"]}]},{"@type":"ImageObject","inLanguage":"pt-PT","@id":"https:\/\/portaltela.pt\/noticias\/2026\/04\/27\/publico-recebe-premio-de-literatura-da-academia-internacional-de-gastronomia\/#primaryimage","url":"https:\/\/portaltela.pt\/s.01k8rhncp4jt1\/2026\/04\/2084432.jpg","contentUrl":"https:\/\/portaltela.pt\/s.01k8rhncp4jt1\/2026\/04\/2084432.jpg","width":796,"height":448,"caption":"Uma parceria do P\u00daBLICO com a editora A Bela e o Monstro, destinada a \"mostrar a relev\u00e2ncia destes dez livros de receitas\""},{"@type":"BreadcrumbList","@id":"https:\/\/portaltela.pt\/noticias\/2026\/04\/27\/publico-recebe-premio-de-literatura-da-academia-internacional-de-gastronomia\/#breadcrumb","itemListElement":[{"@type":"ListItem","position":1,"name":"In\u00edcio","item":"https:\/\/portaltela.pt\/"},{"@type":"ListItem","position":2,"name":"P\u00fablico recebe Pr\u00e9mio de Literatura da Academia Internacional de Gastronomia"}]},{"@type":"WebSite","@id":"https:\/\/portaltela.pt\/#website","url":"https:\/\/portaltela.pt\/","name":"Portal Tela Portugal","description":"","potentialAction":[{"@type":"SearchAction","target":{"@type":"EntryPoint","urlTemplate":"https:\/\/portaltela.pt\/?s={search_term_string}"},"query-input":{"@type":"PropertyValueSpecification","valueRequired":true,"valueName":"search_term_string"}}],"inLanguage":"pt-PT"},{"@type":"Person","@id":"https:\/\/portaltela.pt\/#\/schema\/person\/c4278d4a6028830caff9ee44b42d32ed","name":"Telinha","image":{"@type":"ImageObject","inLanguage":"pt-PT","@id":"https:\/\/portaltela.pt\/s.01k8rhncp4jt1\/2025\/11\/talking-bot-125x125.png","url":"https:\/\/portaltela.pt\/s.01k8rhncp4jt1\/2025\/11\/talking-bot-125x125.png","contentUrl":"https:\/\/portaltela.pt\/s.01k8rhncp4jt1\/2025\/11\/talking-bot-125x125.png","caption":"Telinha"},"sameAs":["https:\/\/portaltela.pt\/"],"url":"https:\/\/portaltela.pt\/por\/367410592786\/"}]}},"_links":{"self":[{"href":"https:\/\/portaltela.pt\/api\/wp\/v2\/posts\/458780","targetHints":{"allow":["GET"]}}],"collection":[{"href":"https:\/\/portaltela.pt\/api\/wp\/v2\/posts"}],"about":[{"href":"https:\/\/portaltela.pt\/api\/wp\/v2\/types\/post"}],"author":[{"embeddable":true,"href":"https:\/\/portaltela.pt\/api\/wp\/v2\/users\/2"}],"replies":[{"embeddable":true,"href":"https:\/\/portaltela.pt\/api\/wp\/v2\/comments?post=458780"}],"version-history":[{"count":0,"href":"https:\/\/portaltela.pt\/api\/wp\/v2\/posts\/458780\/revisions"}],"wp:featuredmedia":[{"embeddable":true,"href":"https:\/\/portaltela.pt\/api\/wp\/v2\/media\/458795"}],"wp:attachment":[{"href":"https:\/\/portaltela.pt\/api\/wp\/v2\/media?parent=458780"}],"wp:term":[{"taxonomy":"category","embeddable":true,"href":"https:\/\/portaltela.pt\/api\/wp\/v2\/categories?post=458780"},{"taxonomy":"post_tag","embeddable":true,"href":"https:\/\/portaltela.pt\/api\/wp\/v2\/tags?post=458780"}],"curies":[{"name":"wp","href":"https:\/\/api.w.org\/{rel}","templated":true}]}}