{"id":458770,"date":"2026-04-27T15:18:19","date_gmt":"2026-04-27T18:18:19","guid":{"rendered":"https:\/\/portaltela.pt\/noticias\/2026\/04\/27\/alanyaspor-de-joao-pereira-derrotado-em-casa-na-liga-turca\/"},"modified":"2026-04-27T15:18:19","modified_gmt":"2026-04-27T18:18:19","slug":"alanyaspor-de-joao-pereira-derrotado-em-casa-na-liga-turca","status":"publish","type":"post","link":"https:\/\/portaltela.pt\/desporto\/futebol\/2026\/04\/27\/alanyaspor-de-joao-pereira-derrotado-em-casa-na-liga-turca\/","title":{"rendered":"Alanyaspor de Jo\u00e3o Pereira derrotado em casa na Liga Turca"},"content":{"rendered":"<p>O Alanyaspor, treinado por Jo\u00e3o Pereira, foi derrotado em casa pelo Samsunspor por 3-2, na 31.\u00aa jornada da liga turca. O encontro realizou-se na noite de segunda-feira, com o time da casa a sofrer a reviravolta frente a uma equipa visitante que esteve a vencer durante grande parte do jogo.<\/p>\n<p>Nuno Lima foi titular pelo Alanyaspor, enquanto Jo\u00e3o Pereira trabalha para manter a equipa competitiva. A derrota deixa o conjunto de Alanya no 12.\u00ba lugar do campeonato, com 33 pontos somados at\u00e9 ao momento.<\/p>\n<p>O l\u00edder da liga \u00e9 o Galatasaray, com 74 pontos, \u00e0 frente de outras forma\u00e7\u00f5es na tabela. O Alanyaspor segue assim com menos certezas na luta por vagas europeias, ap\u00f3s este desfecho em casa.<\/p>\n","protected":false},"excerpt":{"rendered":"<ul>\n<li>O Alanyaspor de Jo\u00e3o Pereira sofreu derrota por 3-2 diante do Samsunspor, em jogo da 31.\u00aa jornada da liga turca.<\/li>\n<li>Nuno Lima foi titular pela equipa da casa.<\/li>\n<li>O Alanyaspor mant\u00e9m-se no 12.\u00ba lugar do campeonato, com 33 pontos.<\/li>\n<li>O l\u00edder da competi\u00e7\u00e3o \u00e9 o Galatasaray, com 74 pontos.<\/li>\n<li>O resultado ocorreu na segunda-feira, confirmando a posi\u00e7\u00e3o na tabela a apenas algumas jornadas do fim.<\/li>\n<\/ul>\n","protected":false},"author":2,"featured_media":458772,"comment_status":"closed","ping_status":"closed","sticky":false,"template":"","format":"standard","meta":{"footnotes":""},"categories":[21,24],"tags":[152,32,3338,242,1786,2126],"class_list":["post-458770","post","type-post","status-publish","format-standard","has-post-thumbnail","hentry","category-desporto","category-futebol","tag-desporto","tag-futebol","tag-futebol-internacional","tag-jogadores","tag-liga","tag-turquia"],"yoast_head":"<!-- This site is optimized with the Yoast SEO plugin v27.2 - https:\/\/yoast.com\/product\/yoast-seo-wordpress\/ -->\n<title>Alanyaspor de Jo\u00e3o Pereira derrotado em casa na Liga Turca - Portal Tela Portugal<\/title>\n<meta name=\"robots\" content=\"index, follow, max-snippet:-1, max-image-preview:large, max-video-preview:-1\" \/>\n<meta property=\"og:locale\" content=\"pt_PT\" \/>\n<meta property=\"og:type\" content=\"article\" \/>\n<meta property=\"og:title\" content=\"Alanyaspor de Jo\u00e3o Pereira derrotado em casa na Liga Turca - Portal Tela Portugal\" \/>\n<meta property=\"og:description\" content=\"O Alanyaspor de Jo\u00e3o Pereira sofreu derrota por 3-2 diante do Samsunspor, em jogo da 31.\u00aa jornada da liga turca. Nuno Lima foi titular pela equipa da casa. O Alanyaspor mant\u00e9m-se no 12.\u00ba lugar do campeonato, com 33 pontos. O l\u00edder da competi\u00e7\u00e3o \u00e9 o Galatasaray, com 74 pontos. O resultado ocorreu na segunda-feira, confirmando a posi\u00e7\u00e3o na tabela a apenas algumas jornadas do fim.\" \/>\n<meta property=\"og:url\" content=\"https:\/\/portaltela.pt\/noticias\/2026\/04\/27\/alanyaspor-de-joao-pereira-derrotado-em-casa-na-liga-turca\/\" \/>\n<meta property=\"og:site_name\" content=\"Portal Tela Portugal\" \/>\n<meta property=\"article:published_time\" content=\"2026-04-27T18:18:19+00:00\" \/>\n<meta name=\"author\" content=\"Telinha\" \/>\n<meta name=\"twitter:card\" content=\"summary_large_image\" \/>\n<meta name=\"twitter:label1\" content=\"Escrito por\" \/>\n\t<meta name=\"twitter:data1\" content=\"Telinha\" \/>\n\t<meta name=\"twitter:label2\" content=\"Tempo estimado de leitura\" \/>\n\t<meta name=\"twitter:data2\" content=\"1 minuto\" \/>\n<script type=\"application\/ld+json\" class=\"yoast-schema-graph\">{\"@context\":\"https:\/\/schema.org\",\"@graph\":[{\"@type\":\"Article\",\"@id\":\"https:\/\/portaltela.pt\/noticias\/2026\/04\/27\/alanyaspor-de-joao-pereira-derrotado-em-casa-na-liga-turca\/#article\",\"isPartOf\":{\"@id\":\"https:\/\/portaltela.pt\/noticias\/2026\/04\/27\/alanyaspor-de-joao-pereira-derrotado-em-casa-na-liga-turca\/\"},\"author\":{\"name\":\"Telinha\",\"@id\":\"https:\/\/portaltela.pt\/#\/schema\/person\/c4278d4a6028830caff9ee44b42d32ed\"},\"headline\":\"Alanyaspor de Jo\u00e3o Pereira derrotado em casa na Liga Turca\",\"datePublished\":\"2026-04-27T18:18:19+00:00\",\"mainEntityOfPage\":{\"@id\":\"https:\/\/portaltela.pt\/noticias\/2026\/04\/27\/alanyaspor-de-joao-pereira-derrotado-em-casa-na-liga-turca\/\"},\"wordCount\":128,\"image\":{\"@id\":\"https:\/\/portaltela.pt\/noticias\/2026\/04\/27\/alanyaspor-de-joao-pereira-derrotado-em-casa-na-liga-turca\/#primaryimage\"},\"thumbnailUrl\":\"https:\/\/portaltela.pt\/s.01k8rhncp4jt1\/2026\/04\/img_920x518uu2026-04-27-19-13-46-2435617-im-639129140460537744.jpg\",\"keywords\":[\"desporto\",\"futebol\",\"futebol internacional\",\"jogadores\",\"Liga\",\"Turquia\"],\"articleSection\":[\"Desporto\",\"Futebol\"],\"inLanguage\":\"pt-PT\"},{\"@type\":\"WebPage\",\"@id\":\"https:\/\/portaltela.pt\/noticias\/2026\/04\/27\/alanyaspor-de-joao-pereira-derrotado-em-casa-na-liga-turca\/\",\"url\":\"https:\/\/portaltela.pt\/noticias\/2026\/04\/27\/alanyaspor-de-joao-pereira-derrotado-em-casa-na-liga-turca\/\",\"name\":\"Alanyaspor de Jo\u00e3o Pereira derrotado em casa na Liga Turca - Portal Tela Portugal\",\"isPartOf\":{\"@id\":\"https:\/\/portaltela.pt\/#website\"},\"primaryImageOfPage\":{\"@id\":\"https:\/\/portaltela.pt\/noticias\/2026\/04\/27\/alanyaspor-de-joao-pereira-derrotado-em-casa-na-liga-turca\/#primaryimage\"},\"image\":{\"@id\":\"https:\/\/portaltela.pt\/noticias\/2026\/04\/27\/alanyaspor-de-joao-pereira-derrotado-em-casa-na-liga-turca\/#primaryimage\"},\"thumbnailUrl\":\"https:\/\/portaltela.pt\/s.01k8rhncp4jt1\/2026\/04\/img_920x518uu2026-04-27-19-13-46-2435617-im-639129140460537744.jpg\",\"datePublished\":\"2026-04-27T18:18:19+00:00\",\"author\":{\"@id\":\"https:\/\/portaltela.pt\/#\/schema\/person\/c4278d4a6028830caff9ee44b42d32ed\"},\"breadcrumb\":{\"@id\":\"https:\/\/portaltela.pt\/noticias\/2026\/04\/27\/alanyaspor-de-joao-pereira-derrotado-em-casa-na-liga-turca\/#breadcrumb\"},\"inLanguage\":\"pt-PT\",\"potentialAction\":[{\"@type\":\"ReadAction\",\"target\":[\"https:\/\/portaltela.pt\/noticias\/2026\/04\/27\/alanyaspor-de-joao-pereira-derrotado-em-casa-na-liga-turca\/\"]}]},{\"@type\":\"ImageObject\",\"inLanguage\":\"pt-PT\",\"@id\":\"https:\/\/portaltela.pt\/noticias\/2026\/04\/27\/alanyaspor-de-joao-pereira-derrotado-em-casa-na-liga-turca\/#primaryimage\",\"url\":\"https:\/\/portaltela.pt\/s.01k8rhncp4jt1\/2026\/04\/img_920x518uu2026-04-27-19-13-46-2435617-im-639129140460537744.jpg\",\"contentUrl\":\"https:\/\/portaltela.pt\/s.01k8rhncp4jt1\/2026\/04\/img_920x518uu2026-04-27-19-13-46-2435617-im-639129140460537744.jpg\",\"width\":796,\"height\":448,\"caption\":\"Jo\u00e3o Pereira, t\u00e9cnico do Alanyaspor, ap\u00f3s derrota na liga turca\"},{\"@type\":\"BreadcrumbList\",\"@id\":\"https:\/\/portaltela.pt\/noticias\/2026\/04\/27\/alanyaspor-de-joao-pereira-derrotado-em-casa-na-liga-turca\/#breadcrumb\",\"itemListElement\":[{\"@type\":\"ListItem\",\"position\":1,\"name\":\"In\u00edcio\",\"item\":\"https:\/\/portaltela.pt\/\"},{\"@type\":\"ListItem\",\"position\":2,\"name\":\"Alanyaspor de Jo\u00e3o Pereira derrotado em casa na Liga Turca\"}]},{\"@type\":\"WebSite\",\"@id\":\"https:\/\/portaltela.pt\/#website\",\"url\":\"https:\/\/portaltela.pt\/\",\"name\":\"Portal Tela Portugal\",\"description\":\"\",\"potentialAction\":[{\"@type\":\"SearchAction\",\"target\":{\"@type\":\"EntryPoint\",\"urlTemplate\":\"https:\/\/portaltela.pt\/?s={search_term_string}\"},\"query-input\":{\"@type\":\"PropertyValueSpecification\",\"valueRequired\":true,\"valueName\":\"search_term_string\"}}],\"inLanguage\":\"pt-PT\"},{\"@type\":\"Person\",\"@id\":\"https:\/\/portaltela.pt\/#\/schema\/person\/c4278d4a6028830caff9ee44b42d32ed\",\"name\":\"Telinha\",\"image\":{\"@type\":\"ImageObject\",\"inLanguage\":\"pt-PT\",\"@id\":\"https:\/\/portaltela.pt\/s.01k8rhncp4jt1\/2025\/11\/talking-bot-125x125.png\",\"url\":\"https:\/\/portaltela.pt\/s.01k8rhncp4jt1\/2025\/11\/talking-bot-125x125.png\",\"contentUrl\":\"https:\/\/portaltela.pt\/s.01k8rhncp4jt1\/2025\/11\/talking-bot-125x125.png\",\"caption\":\"Telinha\"},\"sameAs\":[\"https:\/\/portaltela.pt\/\"],\"url\":\"https:\/\/portaltela.pt\/por\/367410592786\/\"}]}<\/script>\n<!-- \/ Yoast SEO plugin. -->","yoast_head_json":{"title":"Alanyaspor de Jo\u00e3o Pereira derrotado em casa na Liga Turca - Portal Tela Portugal","robots":{"index":"index","follow":"follow","max-snippet":"max-snippet:-1","max-image-preview":"max-image-preview:large","max-video-preview":"max-video-preview:-1"},"og_locale":"pt_PT","og_type":"article","og_title":"Alanyaspor de Jo\u00e3o Pereira derrotado em casa na Liga Turca - Portal Tela Portugal","og_description":"O Alanyaspor de Jo\u00e3o Pereira sofreu derrota por 3-2 diante do Samsunspor, em jogo da 31.\u00aa jornada da liga turca. Nuno Lima foi titular pela equipa da casa. O Alanyaspor mant\u00e9m-se no 12.\u00ba lugar do campeonato, com 33 pontos. O l\u00edder da competi\u00e7\u00e3o \u00e9 o Galatasaray, com 74 pontos. O resultado ocorreu na segunda-feira, confirmando a posi\u00e7\u00e3o na tabela a apenas algumas jornadas do fim.","og_url":"https:\/\/portaltela.pt\/noticias\/2026\/04\/27\/alanyaspor-de-joao-pereira-derrotado-em-casa-na-liga-turca\/","og_site_name":"Portal Tela Portugal","article_published_time":"2026-04-27T18:18:19+00:00","author":"Telinha","twitter_card":"summary_large_image","twitter_misc":{"Escrito por":"Telinha","Tempo estimado de leitura":"1 minuto"},"schema":{"@context":"https:\/\/schema.org","@graph":[{"@type":"Article","@id":"https:\/\/portaltela.pt\/noticias\/2026\/04\/27\/alanyaspor-de-joao-pereira-derrotado-em-casa-na-liga-turca\/#article","isPartOf":{"@id":"https:\/\/portaltela.pt\/noticias\/2026\/04\/27\/alanyaspor-de-joao-pereira-derrotado-em-casa-na-liga-turca\/"},"author":{"name":"Telinha","@id":"https:\/\/portaltela.pt\/#\/schema\/person\/c4278d4a6028830caff9ee44b42d32ed"},"headline":"Alanyaspor de Jo\u00e3o Pereira derrotado em casa na Liga Turca","datePublished":"2026-04-27T18:18:19+00:00","mainEntityOfPage":{"@id":"https:\/\/portaltela.pt\/noticias\/2026\/04\/27\/alanyaspor-de-joao-pereira-derrotado-em-casa-na-liga-turca\/"},"wordCount":128,"image":{"@id":"https:\/\/portaltela.pt\/noticias\/2026\/04\/27\/alanyaspor-de-joao-pereira-derrotado-em-casa-na-liga-turca\/#primaryimage"},"thumbnailUrl":"https:\/\/portaltela.pt\/s.01k8rhncp4jt1\/2026\/04\/img_920x518uu2026-04-27-19-13-46-2435617-im-639129140460537744.jpg","keywords":["desporto","futebol","futebol internacional","jogadores","Liga","Turquia"],"articleSection":["Desporto","Futebol"],"inLanguage":"pt-PT"},{"@type":"WebPage","@id":"https:\/\/portaltela.pt\/noticias\/2026\/04\/27\/alanyaspor-de-joao-pereira-derrotado-em-casa-na-liga-turca\/","url":"https:\/\/portaltela.pt\/noticias\/2026\/04\/27\/alanyaspor-de-joao-pereira-derrotado-em-casa-na-liga-turca\/","name":"Alanyaspor de Jo\u00e3o Pereira derrotado em casa na Liga Turca - Portal Tela Portugal","isPartOf":{"@id":"https:\/\/portaltela.pt\/#website"},"primaryImageOfPage":{"@id":"https:\/\/portaltela.pt\/noticias\/2026\/04\/27\/alanyaspor-de-joao-pereira-derrotado-em-casa-na-liga-turca\/#primaryimage"},"image":{"@id":"https:\/\/portaltela.pt\/noticias\/2026\/04\/27\/alanyaspor-de-joao-pereira-derrotado-em-casa-na-liga-turca\/#primaryimage"},"thumbnailUrl":"https:\/\/portaltela.pt\/s.01k8rhncp4jt1\/2026\/04\/img_920x518uu2026-04-27-19-13-46-2435617-im-639129140460537744.jpg","datePublished":"2026-04-27T18:18:19+00:00","author":{"@id":"https:\/\/portaltela.pt\/#\/schema\/person\/c4278d4a6028830caff9ee44b42d32ed"},"breadcrumb":{"@id":"https:\/\/portaltela.pt\/noticias\/2026\/04\/27\/alanyaspor-de-joao-pereira-derrotado-em-casa-na-liga-turca\/#breadcrumb"},"inLanguage":"pt-PT","potentialAction":[{"@type":"ReadAction","target":["https:\/\/portaltela.pt\/noticias\/2026\/04\/27\/alanyaspor-de-joao-pereira-derrotado-em-casa-na-liga-turca\/"]}]},{"@type":"ImageObject","inLanguage":"pt-PT","@id":"https:\/\/portaltela.pt\/noticias\/2026\/04\/27\/alanyaspor-de-joao-pereira-derrotado-em-casa-na-liga-turca\/#primaryimage","url":"https:\/\/portaltela.pt\/s.01k8rhncp4jt1\/2026\/04\/img_920x518uu2026-04-27-19-13-46-2435617-im-639129140460537744.jpg","contentUrl":"https:\/\/portaltela.pt\/s.01k8rhncp4jt1\/2026\/04\/img_920x518uu2026-04-27-19-13-46-2435617-im-639129140460537744.jpg","width":796,"height":448,"caption":"Jo\u00e3o Pereira, t\u00e9cnico do Alanyaspor, ap\u00f3s derrota na liga turca"},{"@type":"BreadcrumbList","@id":"https:\/\/portaltela.pt\/noticias\/2026\/04\/27\/alanyaspor-de-joao-pereira-derrotado-em-casa-na-liga-turca\/#breadcrumb","itemListElement":[{"@type":"ListItem","position":1,"name":"In\u00edcio","item":"https:\/\/portaltela.pt\/"},{"@type":"ListItem","position":2,"name":"Alanyaspor de Jo\u00e3o Pereira derrotado em casa na Liga Turca"}]},{"@type":"WebSite","@id":"https:\/\/portaltela.pt\/#website","url":"https:\/\/portaltela.pt\/","name":"Portal Tela Portugal","description":"","potentialAction":[{"@type":"SearchAction","target":{"@type":"EntryPoint","urlTemplate":"https:\/\/portaltela.pt\/?s={search_term_string}"},"query-input":{"@type":"PropertyValueSpecification","valueRequired":true,"valueName":"search_term_string"}}],"inLanguage":"pt-PT"},{"@type":"Person","@id":"https:\/\/portaltela.pt\/#\/schema\/person\/c4278d4a6028830caff9ee44b42d32ed","name":"Telinha","image":{"@type":"ImageObject","inLanguage":"pt-PT","@id":"https:\/\/portaltela.pt\/s.01k8rhncp4jt1\/2025\/11\/talking-bot-125x125.png","url":"https:\/\/portaltela.pt\/s.01k8rhncp4jt1\/2025\/11\/talking-bot-125x125.png","contentUrl":"https:\/\/portaltela.pt\/s.01k8rhncp4jt1\/2025\/11\/talking-bot-125x125.png","caption":"Telinha"},"sameAs":["https:\/\/portaltela.pt\/"],"url":"https:\/\/portaltela.pt\/por\/367410592786\/"}]}},"_links":{"self":[{"href":"https:\/\/portaltela.pt\/api\/wp\/v2\/posts\/458770","targetHints":{"allow":["GET"]}}],"collection":[{"href":"https:\/\/portaltela.pt\/api\/wp\/v2\/posts"}],"about":[{"href":"https:\/\/portaltela.pt\/api\/wp\/v2\/types\/post"}],"author":[{"embeddable":true,"href":"https:\/\/portaltela.pt\/api\/wp\/v2\/users\/2"}],"replies":[{"embeddable":true,"href":"https:\/\/portaltela.pt\/api\/wp\/v2\/comments?post=458770"}],"version-history":[{"count":0,"href":"https:\/\/portaltela.pt\/api\/wp\/v2\/posts\/458770\/revisions"}],"wp:featuredmedia":[{"embeddable":true,"href":"https:\/\/portaltela.pt\/api\/wp\/v2\/media\/458772"}],"wp:attachment":[{"href":"https:\/\/portaltela.pt\/api\/wp\/v2\/media?parent=458770"}],"wp:term":[{"taxonomy":"category","embeddable":true,"href":"https:\/\/portaltela.pt\/api\/wp\/v2\/categories?post=458770"},{"taxonomy":"post_tag","embeddable":true,"href":"https:\/\/portaltela.pt\/api\/wp\/v2\/tags?post=458770"}],"curies":[{"name":"wp","href":"https:\/\/api.w.org\/{rel}","templated":true}]}}