{"id":458769,"date":"2026-04-27T15:18:18","date_gmt":"2026-04-27T18:18:18","guid":{"rendered":"https:\/\/portaltela.pt\/noticias\/2026\/04\/27\/guterres-pede-abertura-do-estreito-de-ormuz-sem-portagens-ou-discriminacao\/"},"modified":"2026-04-27T15:18:18","modified_gmt":"2026-04-27T18:18:18","slug":"guterres-pede-abertura-do-estreito-de-ormuz-sem-portagens-ou-discriminacao","status":"publish","type":"post","link":"https:\/\/portaltela.pt\/noticias\/internacional\/2026\/04\/27\/guterres-pede-abertura-do-estreito-de-ormuz-sem-portagens-ou-discriminacao\/","title":{"rendered":"Guterres pede abertura do estreito de Ormuz sem portagens ou discrimina\u00e7\u00e3o"},"content":{"rendered":"<p>O secret\u00e1rio-geral da ONU, Ant\u00f3nio Guterres, afirmou hoje que a passagem segura e desimpedida pelo estreito de Ormuz \u00e9 um imperativo econ\u00f3mico e humanit\u00e1rio. O apelo prende-se com a necessidade de manter a via mar\u00edtima aberta a todo o tr\u00e1fego comercial.<\/p>\n<p>Guterres pediu a reabertura do estreito <strong>sem portagens<\/strong> e <strong>sem discrimina\u00e7\u00e3o<\/strong>, sublinhando a import\u00e2ncia da passagem para o com\u00e9rcio global e para a entrega de aux\u00edlio humanit\u00e1rio \u00e0s regi\u00f5es vizinhas.<\/p>\n<p>O coment\u00e1rio surge num contexto de tens\u00f5es na regi\u00e3o, com a ONU a enfatizar a seguran\u00e7a, a liberdade de navega\u00e7\u00e3o e o respeito pelo direito internacional como pilares para a estabilidade regional e para o fluxo de mercadorias.<\/p>\n","protected":false},"excerpt":{"rendered":"<ul>\n<li>O secret\u00e1rio-geral da ONU, Ant\u00f3nio Guterres, pediu a abertura segura e desimpedida do estreito de Ormuz.<\/li>\n<li>Disse que a passagem \u00e9 um imperativo econ\u00f3mico e humanit\u00e1rio.<\/li>\n<li>Reclamou a reabertura do estreito sem portagens e sem discrimina\u00e7\u00e3o.<\/li>\n<li>A interven\u00e7\u00e3o visa garantir a livre passagem de com\u00e9rcio e pessoas pela via mar\u00edtima estrat\u00e9gica.<\/li>\n<\/ul>\n","protected":false},"author":2,"featured_media":458771,"comment_status":"closed","ping_status":"closed","sticky":false,"template":"","format":"standard","meta":{"footnotes":""},"categories":[6814,4],"tags":[5342,6434,244,3034,4222,6183],"class_list":["post-458769","post","type-post","status-publish","format-standard","has-post-thumbnail","hentry","category-geopolitica","category-internacional","tag-asia","tag-circulacao-internacional","tag-comercio","tag-direito-internacional","tag-seguranca-internacional","tag-transporte-maritimo"],"yoast_head":"<!-- This site is optimized with the Yoast SEO plugin v27.2 - https:\/\/yoast.com\/product\/yoast-seo-wordpress\/ -->\n<title>Guterres pede abertura do estreito de Ormuz sem portagens ou discrimina\u00e7\u00e3o - Portal Tela Portugal<\/title>\n<meta name=\"robots\" content=\"index, follow, max-snippet:-1, max-image-preview:large, max-video-preview:-1\" \/>\n<meta property=\"og:locale\" content=\"pt_PT\" \/>\n<meta property=\"og:type\" content=\"article\" \/>\n<meta property=\"og:title\" content=\"Guterres pede abertura do estreito de Ormuz sem portagens ou discrimina\u00e7\u00e3o - Portal Tela Portugal\" \/>\n<meta property=\"og:description\" content=\"O secret\u00e1rio-geral da ONU, Ant\u00f3nio Guterres, pediu a abertura segura e desimpedida do estreito de Ormuz. Disse que a passagem \u00e9 um imperativo econ\u00f3mico e humanit\u00e1rio. Reclamou a reabertura do estreito sem portagens e sem discrimina\u00e7\u00e3o. A interven\u00e7\u00e3o visa garantir a livre passagem de com\u00e9rcio e pessoas pela via mar\u00edtima estrat\u00e9gica.\" \/>\n<meta property=\"og:url\" content=\"https:\/\/portaltela.pt\/noticias\/2026\/04\/27\/guterres-pede-abertura-do-estreito-de-ormuz-sem-portagens-ou-discriminacao\/\" \/>\n<meta property=\"og:site_name\" content=\"Portal Tela Portugal\" \/>\n<meta property=\"article:published_time\" content=\"2026-04-27T18:18:18+00:00\" \/>\n<meta name=\"author\" content=\"Telinha\" \/>\n<meta name=\"twitter:card\" content=\"summary_large_image\" \/>\n<meta name=\"twitter:label1\" content=\"Escrito por\" \/>\n\t<meta name=\"twitter:data1\" content=\"Telinha\" \/>\n\t<meta name=\"twitter:label2\" content=\"Tempo estimado de leitura\" \/>\n\t<meta name=\"twitter:data2\" content=\"1 minuto\" \/>\n<script type=\"application\/ld+json\" class=\"yoast-schema-graph\">{\"@context\":\"https:\/\/schema.org\",\"@graph\":[{\"@type\":\"Article\",\"@id\":\"https:\/\/portaltela.pt\/noticias\/2026\/04\/27\/guterres-pede-abertura-do-estreito-de-ormuz-sem-portagens-ou-discriminacao\/#article\",\"isPartOf\":{\"@id\":\"https:\/\/portaltela.pt\/noticias\/2026\/04\/27\/guterres-pede-abertura-do-estreito-de-ormuz-sem-portagens-ou-discriminacao\/\"},\"author\":{\"name\":\"Telinha\",\"@id\":\"https:\/\/portaltela.pt\/#\/schema\/person\/c4278d4a6028830caff9ee44b42d32ed\"},\"headline\":\"Guterres pede abertura do estreito de Ormuz sem portagens ou discrimina\u00e7\u00e3o\",\"datePublished\":\"2026-04-27T18:18:18+00:00\",\"mainEntityOfPage\":{\"@id\":\"https:\/\/portaltela.pt\/noticias\/2026\/04\/27\/guterres-pede-abertura-do-estreito-de-ormuz-sem-portagens-ou-discriminacao\/\"},\"wordCount\":137,\"image\":{\"@id\":\"https:\/\/portaltela.pt\/noticias\/2026\/04\/27\/guterres-pede-abertura-do-estreito-de-ormuz-sem-portagens-ou-discriminacao\/#primaryimage\"},\"thumbnailUrl\":\"https:\/\/portaltela.pt\/s.01k8rhncp4jt1\/2026\/04\/CACHE_780X1200_ANALOG_WATERMARKED_45208326_36037509384077.jpg\",\"keywords\":[\"\u00c1sia\",\"circula\u00e7\u00e3o internacional\",\"com\u00e9rcio\",\"direito internacional\",\"seguran\u00e7a internacional\",\"transporte mar\u00edtimo\"],\"articleSection\":[\"Geopol\u00edtica\",\"Internacional\"],\"inLanguage\":\"pt-PT\"},{\"@type\":\"WebPage\",\"@id\":\"https:\/\/portaltela.pt\/noticias\/2026\/04\/27\/guterres-pede-abertura-do-estreito-de-ormuz-sem-portagens-ou-discriminacao\/\",\"url\":\"https:\/\/portaltela.pt\/noticias\/2026\/04\/27\/guterres-pede-abertura-do-estreito-de-ormuz-sem-portagens-ou-discriminacao\/\",\"name\":\"Guterres pede abertura do estreito de Ormuz sem portagens ou discrimina\u00e7\u00e3o - Portal Tela Portugal\",\"isPartOf\":{\"@id\":\"https:\/\/portaltela.pt\/#website\"},\"primaryImageOfPage\":{\"@id\":\"https:\/\/portaltela.pt\/noticias\/2026\/04\/27\/guterres-pede-abertura-do-estreito-de-ormuz-sem-portagens-ou-discriminacao\/#primaryimage\"},\"image\":{\"@id\":\"https:\/\/portaltela.pt\/noticias\/2026\/04\/27\/guterres-pede-abertura-do-estreito-de-ormuz-sem-portagens-ou-discriminacao\/#primaryimage\"},\"thumbnailUrl\":\"https:\/\/portaltela.pt\/s.01k8rhncp4jt1\/2026\/04\/CACHE_780X1200_ANALOG_WATERMARKED_45208326_36037509384077.jpg\",\"datePublished\":\"2026-04-27T18:18:18+00:00\",\"author\":{\"@id\":\"https:\/\/portaltela.pt\/#\/schema\/person\/c4278d4a6028830caff9ee44b42d32ed\"},\"breadcrumb\":{\"@id\":\"https:\/\/portaltela.pt\/noticias\/2026\/04\/27\/guterres-pede-abertura-do-estreito-de-ormuz-sem-portagens-ou-discriminacao\/#breadcrumb\"},\"inLanguage\":\"pt-PT\",\"potentialAction\":[{\"@type\":\"ReadAction\",\"target\":[\"https:\/\/portaltela.pt\/noticias\/2026\/04\/27\/guterres-pede-abertura-do-estreito-de-ormuz-sem-portagens-ou-discriminacao\/\"]}]},{\"@type\":\"ImageObject\",\"inLanguage\":\"pt-PT\",\"@id\":\"https:\/\/portaltela.pt\/noticias\/2026\/04\/27\/guterres-pede-abertura-do-estreito-de-ormuz-sem-portagens-ou-discriminacao\/#primaryimage\",\"url\":\"https:\/\/portaltela.pt\/s.01k8rhncp4jt1\/2026\/04\/CACHE_780X1200_ANALOG_WATERMARKED_45208326_36037509384077.jpg\",\"contentUrl\":\"https:\/\/portaltela.pt\/s.01k8rhncp4jt1\/2026\/04\/CACHE_780X1200_ANALOG_WATERMARKED_45208326_36037509384077.jpg\",\"width\":796,\"height\":448,\"caption\":\"Ir\u00e3o: Guterres pede abertura do estreito de Ormuz sem portagens ou discrimina\u00e7\u00e3o\"},{\"@type\":\"BreadcrumbList\",\"@id\":\"https:\/\/portaltela.pt\/noticias\/2026\/04\/27\/guterres-pede-abertura-do-estreito-de-ormuz-sem-portagens-ou-discriminacao\/#breadcrumb\",\"itemListElement\":[{\"@type\":\"ListItem\",\"position\":1,\"name\":\"In\u00edcio\",\"item\":\"https:\/\/portaltela.pt\/\"},{\"@type\":\"ListItem\",\"position\":2,\"name\":\"Guterres pede abertura do estreito de Ormuz sem portagens ou discrimina\u00e7\u00e3o\"}]},{\"@type\":\"WebSite\",\"@id\":\"https:\/\/portaltela.pt\/#website\",\"url\":\"https:\/\/portaltela.pt\/\",\"name\":\"Portal Tela Portugal\",\"description\":\"\",\"potentialAction\":[{\"@type\":\"SearchAction\",\"target\":{\"@type\":\"EntryPoint\",\"urlTemplate\":\"https:\/\/portaltela.pt\/?s={search_term_string}\"},\"query-input\":{\"@type\":\"PropertyValueSpecification\",\"valueRequired\":true,\"valueName\":\"search_term_string\"}}],\"inLanguage\":\"pt-PT\"},{\"@type\":\"Person\",\"@id\":\"https:\/\/portaltela.pt\/#\/schema\/person\/c4278d4a6028830caff9ee44b42d32ed\",\"name\":\"Telinha\",\"image\":{\"@type\":\"ImageObject\",\"inLanguage\":\"pt-PT\",\"@id\":\"https:\/\/portaltela.pt\/s.01k8rhncp4jt1\/2025\/11\/talking-bot-125x125.png\",\"url\":\"https:\/\/portaltela.pt\/s.01k8rhncp4jt1\/2025\/11\/talking-bot-125x125.png\",\"contentUrl\":\"https:\/\/portaltela.pt\/s.01k8rhncp4jt1\/2025\/11\/talking-bot-125x125.png\",\"caption\":\"Telinha\"},\"sameAs\":[\"https:\/\/portaltela.pt\/\"],\"url\":\"https:\/\/portaltela.pt\/por\/367410592786\/\"}]}<\/script>\n<!-- \/ Yoast SEO plugin. -->","yoast_head_json":{"title":"Guterres pede abertura do estreito de Ormuz sem portagens ou discrimina\u00e7\u00e3o - Portal Tela Portugal","robots":{"index":"index","follow":"follow","max-snippet":"max-snippet:-1","max-image-preview":"max-image-preview:large","max-video-preview":"max-video-preview:-1"},"og_locale":"pt_PT","og_type":"article","og_title":"Guterres pede abertura do estreito de Ormuz sem portagens ou discrimina\u00e7\u00e3o - Portal Tela Portugal","og_description":"O secret\u00e1rio-geral da ONU, Ant\u00f3nio Guterres, pediu a abertura segura e desimpedida do estreito de Ormuz. Disse que a passagem \u00e9 um imperativo econ\u00f3mico e humanit\u00e1rio. Reclamou a reabertura do estreito sem portagens e sem discrimina\u00e7\u00e3o. A interven\u00e7\u00e3o visa garantir a livre passagem de com\u00e9rcio e pessoas pela via mar\u00edtima estrat\u00e9gica.","og_url":"https:\/\/portaltela.pt\/noticias\/2026\/04\/27\/guterres-pede-abertura-do-estreito-de-ormuz-sem-portagens-ou-discriminacao\/","og_site_name":"Portal Tela Portugal","article_published_time":"2026-04-27T18:18:18+00:00","author":"Telinha","twitter_card":"summary_large_image","twitter_misc":{"Escrito por":"Telinha","Tempo estimado de leitura":"1 minuto"},"schema":{"@context":"https:\/\/schema.org","@graph":[{"@type":"Article","@id":"https:\/\/portaltela.pt\/noticias\/2026\/04\/27\/guterres-pede-abertura-do-estreito-de-ormuz-sem-portagens-ou-discriminacao\/#article","isPartOf":{"@id":"https:\/\/portaltela.pt\/noticias\/2026\/04\/27\/guterres-pede-abertura-do-estreito-de-ormuz-sem-portagens-ou-discriminacao\/"},"author":{"name":"Telinha","@id":"https:\/\/portaltela.pt\/#\/schema\/person\/c4278d4a6028830caff9ee44b42d32ed"},"headline":"Guterres pede abertura do estreito de Ormuz sem portagens ou discrimina\u00e7\u00e3o","datePublished":"2026-04-27T18:18:18+00:00","mainEntityOfPage":{"@id":"https:\/\/portaltela.pt\/noticias\/2026\/04\/27\/guterres-pede-abertura-do-estreito-de-ormuz-sem-portagens-ou-discriminacao\/"},"wordCount":137,"image":{"@id":"https:\/\/portaltela.pt\/noticias\/2026\/04\/27\/guterres-pede-abertura-do-estreito-de-ormuz-sem-portagens-ou-discriminacao\/#primaryimage"},"thumbnailUrl":"https:\/\/portaltela.pt\/s.01k8rhncp4jt1\/2026\/04\/CACHE_780X1200_ANALOG_WATERMARKED_45208326_36037509384077.jpg","keywords":["\u00c1sia","circula\u00e7\u00e3o internacional","com\u00e9rcio","direito internacional","seguran\u00e7a internacional","transporte mar\u00edtimo"],"articleSection":["Geopol\u00edtica","Internacional"],"inLanguage":"pt-PT"},{"@type":"WebPage","@id":"https:\/\/portaltela.pt\/noticias\/2026\/04\/27\/guterres-pede-abertura-do-estreito-de-ormuz-sem-portagens-ou-discriminacao\/","url":"https:\/\/portaltela.pt\/noticias\/2026\/04\/27\/guterres-pede-abertura-do-estreito-de-ormuz-sem-portagens-ou-discriminacao\/","name":"Guterres pede abertura do estreito de Ormuz sem portagens ou discrimina\u00e7\u00e3o - Portal Tela Portugal","isPartOf":{"@id":"https:\/\/portaltela.pt\/#website"},"primaryImageOfPage":{"@id":"https:\/\/portaltela.pt\/noticias\/2026\/04\/27\/guterres-pede-abertura-do-estreito-de-ormuz-sem-portagens-ou-discriminacao\/#primaryimage"},"image":{"@id":"https:\/\/portaltela.pt\/noticias\/2026\/04\/27\/guterres-pede-abertura-do-estreito-de-ormuz-sem-portagens-ou-discriminacao\/#primaryimage"},"thumbnailUrl":"https:\/\/portaltela.pt\/s.01k8rhncp4jt1\/2026\/04\/CACHE_780X1200_ANALOG_WATERMARKED_45208326_36037509384077.jpg","datePublished":"2026-04-27T18:18:18+00:00","author":{"@id":"https:\/\/portaltela.pt\/#\/schema\/person\/c4278d4a6028830caff9ee44b42d32ed"},"breadcrumb":{"@id":"https:\/\/portaltela.pt\/noticias\/2026\/04\/27\/guterres-pede-abertura-do-estreito-de-ormuz-sem-portagens-ou-discriminacao\/#breadcrumb"},"inLanguage":"pt-PT","potentialAction":[{"@type":"ReadAction","target":["https:\/\/portaltela.pt\/noticias\/2026\/04\/27\/guterres-pede-abertura-do-estreito-de-ormuz-sem-portagens-ou-discriminacao\/"]}]},{"@type":"ImageObject","inLanguage":"pt-PT","@id":"https:\/\/portaltela.pt\/noticias\/2026\/04\/27\/guterres-pede-abertura-do-estreito-de-ormuz-sem-portagens-ou-discriminacao\/#primaryimage","url":"https:\/\/portaltela.pt\/s.01k8rhncp4jt1\/2026\/04\/CACHE_780X1200_ANALOG_WATERMARKED_45208326_36037509384077.jpg","contentUrl":"https:\/\/portaltela.pt\/s.01k8rhncp4jt1\/2026\/04\/CACHE_780X1200_ANALOG_WATERMARKED_45208326_36037509384077.jpg","width":796,"height":448,"caption":"Ir\u00e3o: Guterres pede abertura do estreito de Ormuz sem portagens ou discrimina\u00e7\u00e3o"},{"@type":"BreadcrumbList","@id":"https:\/\/portaltela.pt\/noticias\/2026\/04\/27\/guterres-pede-abertura-do-estreito-de-ormuz-sem-portagens-ou-discriminacao\/#breadcrumb","itemListElement":[{"@type":"ListItem","position":1,"name":"In\u00edcio","item":"https:\/\/portaltela.pt\/"},{"@type":"ListItem","position":2,"name":"Guterres pede abertura do estreito de Ormuz sem portagens ou discrimina\u00e7\u00e3o"}]},{"@type":"WebSite","@id":"https:\/\/portaltela.pt\/#website","url":"https:\/\/portaltela.pt\/","name":"Portal Tela Portugal","description":"","potentialAction":[{"@type":"SearchAction","target":{"@type":"EntryPoint","urlTemplate":"https:\/\/portaltela.pt\/?s={search_term_string}"},"query-input":{"@type":"PropertyValueSpecification","valueRequired":true,"valueName":"search_term_string"}}],"inLanguage":"pt-PT"},{"@type":"Person","@id":"https:\/\/portaltela.pt\/#\/schema\/person\/c4278d4a6028830caff9ee44b42d32ed","name":"Telinha","image":{"@type":"ImageObject","inLanguage":"pt-PT","@id":"https:\/\/portaltela.pt\/s.01k8rhncp4jt1\/2025\/11\/talking-bot-125x125.png","url":"https:\/\/portaltela.pt\/s.01k8rhncp4jt1\/2025\/11\/talking-bot-125x125.png","contentUrl":"https:\/\/portaltela.pt\/s.01k8rhncp4jt1\/2025\/11\/talking-bot-125x125.png","caption":"Telinha"},"sameAs":["https:\/\/portaltela.pt\/"],"url":"https:\/\/portaltela.pt\/por\/367410592786\/"}]}},"_links":{"self":[{"href":"https:\/\/portaltela.pt\/api\/wp\/v2\/posts\/458769","targetHints":{"allow":["GET"]}}],"collection":[{"href":"https:\/\/portaltela.pt\/api\/wp\/v2\/posts"}],"about":[{"href":"https:\/\/portaltela.pt\/api\/wp\/v2\/types\/post"}],"author":[{"embeddable":true,"href":"https:\/\/portaltela.pt\/api\/wp\/v2\/users\/2"}],"replies":[{"embeddable":true,"href":"https:\/\/portaltela.pt\/api\/wp\/v2\/comments?post=458769"}],"version-history":[{"count":0,"href":"https:\/\/portaltela.pt\/api\/wp\/v2\/posts\/458769\/revisions"}],"wp:featuredmedia":[{"embeddable":true,"href":"https:\/\/portaltela.pt\/api\/wp\/v2\/media\/458771"}],"wp:attachment":[{"href":"https:\/\/portaltela.pt\/api\/wp\/v2\/media?parent=458769"}],"wp:term":[{"taxonomy":"category","embeddable":true,"href":"https:\/\/portaltela.pt\/api\/wp\/v2\/categories?post=458769"},{"taxonomy":"post_tag","embeddable":true,"href":"https:\/\/portaltela.pt\/api\/wp\/v2\/tags?post=458769"}],"curies":[{"name":"wp","href":"https:\/\/api.w.org\/{rel}","templated":true}]}}