{"id":458753,"date":"2026-04-27T15:03:44","date_gmt":"2026-04-27T18:03:44","guid":{"rendered":"https:\/\/portaltela.pt\/noticias\/2026\/04\/27\/sobreeducacao-na-restauracao-gera-perda-salarial-de-32\/"},"modified":"2026-04-27T15:03:44","modified_gmt":"2026-04-27T18:03:44","slug":"sobreeducacao-na-restauracao-gera-perda-salarial-de-32","status":"publish","type":"post","link":"https:\/\/portaltela.pt\/noticias\/economia\/2026\/04\/27\/sobreeducacao-na-restauracao-gera-perda-salarial-de-32\/","title":{"rendered":"Sobreeduca\u00e7\u00e3o na restaura\u00e7\u00e3o gera perda salarial de 32%"},"content":{"rendered":"<p>A an\u00e1lise divulgada nesta segunda-feira, realizada pelo PLANAPP, mede o fen\u00f3meno da sobreeduca\u00e7\u00e3o em Portugal. O estudo utiliza microdados administrativos dos quadros de pessoal do Minist\u00e9rio do Trabalho e cobre o setor privado e contratos no setor p\u00fablico.<\/p>\n<p>Entre os principais resultados, a sobreeduca\u00e7\u00e3o implica uma perda salarial de 32% no setor da restaura\u00e7\u00e3o e 30% para mulheres com idades mais avan\u00e7adas. Os n\u00fameros refletem penaliza\u00e7\u00f5es heterog\u00e9neas conforme demografia e setor.<\/p>\n<p>Outros impactos significativos apontados incluem 30% de perda para trabalhadores estrangeiros, 28% no atendimento de apoio social, 26% no com\u00e9rcio a retalho e entre 24% e 26% em servi\u00e7os sociais. A metodologia compara sal\u00e1rio observado com um contrafactual de educa\u00e7\u00e3o adequada.<\/p>\n<h3>Metodologia<\/h3>\n<p>O desajuste \u00e9 calculado pela diferen\u00e7a entre o sal\u00e1rio real e aquele esperado caso o trabalhador tivesse a qualifica\u00e7\u00e3o correspondente ao n\u00edvel de educa\u00e7\u00e3o.<\/p>\n<h3>Evolu\u00e7\u00e3o temporal e perfis demogr\u00e1ficos<\/h3>\n<p>Entre 2010 e 2021 houve varia\u00e7\u00f5es relevantes. Em 2010, a sobreeduca\u00e7\u00e3o entre licenciados era de 20% no privado e no setor p\u00fablico; em 2012 caiu para 12%. A partir de 2013 houve recupera\u00e7\u00e3o gradual at\u00e9 perto de 15%.<\/p>\n<p>Nas primeiras \u00e9pocas, a sobreeduca\u00e7\u00e3o era mais alta nas mulheres acima dos 20 anos; nos homens, acima de 16%. No ano seguinte, registou-se queda de ambos os g\u00e9neros, reduzindo diferen\u00e7as.<\/p>\n<p>A an\u00e1lise indica que, at\u00e9 aos 30 anos, as mulheres s\u00e3o mais afetadas. A partir dos 40 anos, a sobreeduca\u00e7\u00e3o afeta mais licenciados do sexo masculino, com diferen\u00e7as a diminuir entre 2010 e 2021.<\/p>\n","protected":false},"excerpt":{"rendered":"<ul>\n<li>A sobreeduca\u00e7\u00e3o representa uma perda salarial de 32% na restaura\u00e7\u00e3o e de 30% em mulheres com idades mais avan\u00e7adas, segundo o PLANAPP.<\/li>\n<li>A penaliza\u00e7\u00e3o varia por \u00e1rea: 30% para trabalhadores estrangeiros, 28% no setor de atividades de apoio social, 26% no retalho e entre 26% e 24% nos servi\u00e7os sociais.<\/li>\n<li>O efeito \u00e9 estimado pela compara\u00e7\u00e3o entre o sal\u00e1rio observado e o sal\u00e1rio esperado num cen\u00e1rio de educa\u00e7\u00e3o adequada.<\/li>\n<li>Entre 2010 e 2021, a taxa de sobreeduca\u00e7\u00e3o entre licenciados no privado e em contratos no setor p\u00fablico foi de 20% em 2010, caiu para 12% em 2012, subiu lentamente at\u00e9 perto de 15% no final da d\u00e9cada; as mulheres foram mais afetadas nos primeiros anos e, a partir dos 40 anos, o impacto foi maior entre os homens.<\/li>\n<li>Em 2021, as taxas por \u00e1rea foram: transformadoras 25,2%; seguran\u00e7a 25%; servi\u00e7os pessoais 24,7%; artes 20,1%; prote\u00e7\u00e3o do ambiente 18,2%; ci\u00eancias f\u00edsicas 17,8%; humanidades 17,5%; servi\u00e7os de transporte 17,5%; servi\u00e7os sociais 17,5%.<\/li>\n<\/ul>\n","protected":false},"author":2,"featured_media":458754,"comment_status":"closed","ping_status":"closed","sticky":false,"template":"","format":"standard","meta":{"footnotes":""},"categories":[2,6735],"tags":[7795,7875,8838,8042,7930,6645],"class_list":["post-458753","post","type-post","status-publish","format-standard","has-post-thumbnail","hentry","category-economia","category-negocios","tag-_educacao","tag-_educacao-publica","tag-_restauracao","tag-_trabalhadores","tag-_trabalho","tag-salarios"],"yoast_head":"<!-- This site is optimized with the Yoast SEO plugin v27.2 - https:\/\/yoast.com\/product\/yoast-seo-wordpress\/ -->\n<title>Sobreeduca\u00e7\u00e3o na restaura\u00e7\u00e3o gera perda salarial de 32% - Portal Tela Portugal<\/title>\n<meta name=\"robots\" content=\"index, follow, max-snippet:-1, max-image-preview:large, max-video-preview:-1\" \/>\n<meta property=\"og:locale\" content=\"pt_PT\" \/>\n<meta property=\"og:type\" content=\"article\" \/>\n<meta property=\"og:title\" content=\"Sobreeduca\u00e7\u00e3o na restaura\u00e7\u00e3o gera perda salarial de 32% - Portal Tela Portugal\" \/>\n<meta property=\"og:description\" content=\"A sobreeduca\u00e7\u00e3o representa uma perda salarial de 32% na restaura\u00e7\u00e3o e de 30% em mulheres com idades mais avan\u00e7adas, segundo o PLANAPP. A penaliza\u00e7\u00e3o varia por \u00e1rea: 30% para trabalhadores estrangeiros, 28% no setor de atividades de apoio social, 26% no retalho e entre 26% e 24% nos servi\u00e7os sociais. O efeito \u00e9 estimado pela compara\u00e7\u00e3o entre o sal\u00e1rio observado e o sal\u00e1rio esperado num cen\u00e1rio de educa\u00e7\u00e3o adequada. Entre 2010 e 2021, a taxa de sobreeduca\u00e7\u00e3o entre licenciados no privado e em contratos no setor p\u00fablico foi de 20% em 2010, caiu para 12% em 2012, subiu lentamente at\u00e9 perto de 15% no final da d\u00e9cada; as mulheres foram mais afetadas nos primeiros anos e, a partir dos 40 anos, o impacto foi maior entre os homens. Em 2021, as taxas por \u00e1rea foram: transformadoras 25,2%; seguran\u00e7a 25%; servi\u00e7os pessoais 24,7%; artes 20,1%; prote\u00e7\u00e3o do ambiente 18,2%; ci\u00eancias f\u00edsicas 17,8%; humanidades 17,5%; servi\u00e7os de transporte 17,5%; servi\u00e7os sociais 17,5%.\" \/>\n<meta property=\"og:url\" content=\"https:\/\/portaltela.pt\/noticias\/2026\/04\/27\/sobreeducacao-na-restauracao-gera-perda-salarial-de-32\/\" \/>\n<meta property=\"og:site_name\" content=\"Portal Tela Portugal\" \/>\n<meta property=\"article:published_time\" content=\"2026-04-27T18:03:44+00:00\" \/>\n<meta name=\"author\" content=\"Telinha\" \/>\n<meta name=\"twitter:card\" content=\"summary_large_image\" \/>\n<meta name=\"twitter:label1\" content=\"Escrito por\" \/>\n\t<meta name=\"twitter:data1\" content=\"Telinha\" \/>\n\t<meta name=\"twitter:label2\" content=\"Tempo estimado de leitura\" \/>\n\t<meta name=\"twitter:data2\" content=\"1 minuto\" \/>\n<script type=\"application\/ld+json\" class=\"yoast-schema-graph\">{\"@context\":\"https:\/\/schema.org\",\"@graph\":[{\"@type\":\"Article\",\"@id\":\"https:\/\/portaltela.pt\/noticias\/2026\/04\/27\/sobreeducacao-na-restauracao-gera-perda-salarial-de-32\/#article\",\"isPartOf\":{\"@id\":\"https:\/\/portaltela.pt\/noticias\/2026\/04\/27\/sobreeducacao-na-restauracao-gera-perda-salarial-de-32\/\"},\"author\":{\"name\":\"Telinha\",\"@id\":\"https:\/\/portaltela.pt\/#\/schema\/person\/c4278d4a6028830caff9ee44b42d32ed\"},\"headline\":\"Sobreeduca\u00e7\u00e3o na restaura\u00e7\u00e3o gera perda salarial de 32%\",\"datePublished\":\"2026-04-27T18:03:44+00:00\",\"mainEntityOfPage\":{\"@id\":\"https:\/\/portaltela.pt\/noticias\/2026\/04\/27\/sobreeducacao-na-restauracao-gera-perda-salarial-de-32\/\"},\"wordCount\":264,\"image\":{\"@id\":\"https:\/\/portaltela.pt\/noticias\/2026\/04\/27\/sobreeducacao-na-restauracao-gera-perda-salarial-de-32\/#primaryimage\"},\"thumbnailUrl\":\"https:\/\/portaltela.pt\/s.01k8rhncp4jt1\/2026\/04\/img_1500x1000uu2021-07-28-17-44-41-1065193.jpg\",\"keywords\":[\"_educa\u00e7\u00e3o\",\"_educa\u00e7\u00e3o p\u00fablica\",\"_restaura\u00e7\u00e3o\",\"_trabalhadores\",\"_trabalho\",\"sal\u00e1rios\"],\"articleSection\":[\"Economia\",\"Neg\u00f3cios\"],\"inLanguage\":\"pt-PT\"},{\"@type\":\"WebPage\",\"@id\":\"https:\/\/portaltela.pt\/noticias\/2026\/04\/27\/sobreeducacao-na-restauracao-gera-perda-salarial-de-32\/\",\"url\":\"https:\/\/portaltela.pt\/noticias\/2026\/04\/27\/sobreeducacao-na-restauracao-gera-perda-salarial-de-32\/\",\"name\":\"Sobreeduca\u00e7\u00e3o na restaura\u00e7\u00e3o gera perda salarial de 32% - Portal Tela Portugal\",\"isPartOf\":{\"@id\":\"https:\/\/portaltela.pt\/#website\"},\"primaryImageOfPage\":{\"@id\":\"https:\/\/portaltela.pt\/noticias\/2026\/04\/27\/sobreeducacao-na-restauracao-gera-perda-salarial-de-32\/#primaryimage\"},\"image\":{\"@id\":\"https:\/\/portaltela.pt\/noticias\/2026\/04\/27\/sobreeducacao-na-restauracao-gera-perda-salarial-de-32\/#primaryimage\"},\"thumbnailUrl\":\"https:\/\/portaltela.pt\/s.01k8rhncp4jt1\/2026\/04\/img_1500x1000uu2021-07-28-17-44-41-1065193.jpg\",\"datePublished\":\"2026-04-27T18:03:44+00:00\",\"author\":{\"@id\":\"https:\/\/portaltela.pt\/#\/schema\/person\/c4278d4a6028830caff9ee44b42d32ed\"},\"breadcrumb\":{\"@id\":\"https:\/\/portaltela.pt\/noticias\/2026\/04\/27\/sobreeducacao-na-restauracao-gera-perda-salarial-de-32\/#breadcrumb\"},\"inLanguage\":\"pt-PT\",\"potentialAction\":[{\"@type\":\"ReadAction\",\"target\":[\"https:\/\/portaltela.pt\/noticias\/2026\/04\/27\/sobreeducacao-na-restauracao-gera-perda-salarial-de-32\/\"]}]},{\"@type\":\"ImageObject\",\"inLanguage\":\"pt-PT\",\"@id\":\"https:\/\/portaltela.pt\/noticias\/2026\/04\/27\/sobreeducacao-na-restauracao-gera-perda-salarial-de-32\/#primaryimage\",\"url\":\"https:\/\/portaltela.pt\/s.01k8rhncp4jt1\/2026\/04\/img_1500x1000uu2021-07-28-17-44-41-1065193.jpg\",\"contentUrl\":\"https:\/\/portaltela.pt\/s.01k8rhncp4jt1\/2026\/04\/img_1500x1000uu2021-07-28-17-44-41-1065193.jpg\",\"width\":796,\"height\":448,\"caption\":\"Restaura\u00e7\u00e3o\"},{\"@type\":\"BreadcrumbList\",\"@id\":\"https:\/\/portaltela.pt\/noticias\/2026\/04\/27\/sobreeducacao-na-restauracao-gera-perda-salarial-de-32\/#breadcrumb\",\"itemListElement\":[{\"@type\":\"ListItem\",\"position\":1,\"name\":\"In\u00edcio\",\"item\":\"https:\/\/portaltela.pt\/\"},{\"@type\":\"ListItem\",\"position\":2,\"name\":\"Sobreeduca\u00e7\u00e3o na restaura\u00e7\u00e3o gera perda salarial de 32%\"}]},{\"@type\":\"WebSite\",\"@id\":\"https:\/\/portaltela.pt\/#website\",\"url\":\"https:\/\/portaltela.pt\/\",\"name\":\"Portal Tela Portugal\",\"description\":\"\",\"potentialAction\":[{\"@type\":\"SearchAction\",\"target\":{\"@type\":\"EntryPoint\",\"urlTemplate\":\"https:\/\/portaltela.pt\/?s={search_term_string}\"},\"query-input\":{\"@type\":\"PropertyValueSpecification\",\"valueRequired\":true,\"valueName\":\"search_term_string\"}}],\"inLanguage\":\"pt-PT\"},{\"@type\":\"Person\",\"@id\":\"https:\/\/portaltela.pt\/#\/schema\/person\/c4278d4a6028830caff9ee44b42d32ed\",\"name\":\"Telinha\",\"image\":{\"@type\":\"ImageObject\",\"inLanguage\":\"pt-PT\",\"@id\":\"https:\/\/portaltela.pt\/s.01k8rhncp4jt1\/2025\/11\/talking-bot-125x125.png\",\"url\":\"https:\/\/portaltela.pt\/s.01k8rhncp4jt1\/2025\/11\/talking-bot-125x125.png\",\"contentUrl\":\"https:\/\/portaltela.pt\/s.01k8rhncp4jt1\/2025\/11\/talking-bot-125x125.png\",\"caption\":\"Telinha\"},\"sameAs\":[\"https:\/\/portaltela.pt\/\"],\"url\":\"https:\/\/portaltela.pt\/por\/367410592786\/\"}]}<\/script>\n<!-- \/ Yoast SEO plugin. -->","yoast_head_json":{"title":"Sobreeduca\u00e7\u00e3o na restaura\u00e7\u00e3o gera perda salarial de 32% - Portal Tela Portugal","robots":{"index":"index","follow":"follow","max-snippet":"max-snippet:-1","max-image-preview":"max-image-preview:large","max-video-preview":"max-video-preview:-1"},"og_locale":"pt_PT","og_type":"article","og_title":"Sobreeduca\u00e7\u00e3o na restaura\u00e7\u00e3o gera perda salarial de 32% - Portal Tela Portugal","og_description":"A sobreeduca\u00e7\u00e3o representa uma perda salarial de 32% na restaura\u00e7\u00e3o e de 30% em mulheres com idades mais avan\u00e7adas, segundo o PLANAPP. A penaliza\u00e7\u00e3o varia por \u00e1rea: 30% para trabalhadores estrangeiros, 28% no setor de atividades de apoio social, 26% no retalho e entre 26% e 24% nos servi\u00e7os sociais. O efeito \u00e9 estimado pela compara\u00e7\u00e3o entre o sal\u00e1rio observado e o sal\u00e1rio esperado num cen\u00e1rio de educa\u00e7\u00e3o adequada. Entre 2010 e 2021, a taxa de sobreeduca\u00e7\u00e3o entre licenciados no privado e em contratos no setor p\u00fablico foi de 20% em 2010, caiu para 12% em 2012, subiu lentamente at\u00e9 perto de 15% no final da d\u00e9cada; as mulheres foram mais afetadas nos primeiros anos e, a partir dos 40 anos, o impacto foi maior entre os homens. Em 2021, as taxas por \u00e1rea foram: transformadoras 25,2%; seguran\u00e7a 25%; servi\u00e7os pessoais 24,7%; artes 20,1%; prote\u00e7\u00e3o do ambiente 18,2%; ci\u00eancias f\u00edsicas 17,8%; humanidades 17,5%; servi\u00e7os de transporte 17,5%; servi\u00e7os sociais 17,5%.","og_url":"https:\/\/portaltela.pt\/noticias\/2026\/04\/27\/sobreeducacao-na-restauracao-gera-perda-salarial-de-32\/","og_site_name":"Portal Tela Portugal","article_published_time":"2026-04-27T18:03:44+00:00","author":"Telinha","twitter_card":"summary_large_image","twitter_misc":{"Escrito por":"Telinha","Tempo estimado de leitura":"1 minuto"},"schema":{"@context":"https:\/\/schema.org","@graph":[{"@type":"Article","@id":"https:\/\/portaltela.pt\/noticias\/2026\/04\/27\/sobreeducacao-na-restauracao-gera-perda-salarial-de-32\/#article","isPartOf":{"@id":"https:\/\/portaltela.pt\/noticias\/2026\/04\/27\/sobreeducacao-na-restauracao-gera-perda-salarial-de-32\/"},"author":{"name":"Telinha","@id":"https:\/\/portaltela.pt\/#\/schema\/person\/c4278d4a6028830caff9ee44b42d32ed"},"headline":"Sobreeduca\u00e7\u00e3o na restaura\u00e7\u00e3o gera perda salarial de 32%","datePublished":"2026-04-27T18:03:44+00:00","mainEntityOfPage":{"@id":"https:\/\/portaltela.pt\/noticias\/2026\/04\/27\/sobreeducacao-na-restauracao-gera-perda-salarial-de-32\/"},"wordCount":264,"image":{"@id":"https:\/\/portaltela.pt\/noticias\/2026\/04\/27\/sobreeducacao-na-restauracao-gera-perda-salarial-de-32\/#primaryimage"},"thumbnailUrl":"https:\/\/portaltela.pt\/s.01k8rhncp4jt1\/2026\/04\/img_1500x1000uu2021-07-28-17-44-41-1065193.jpg","keywords":["_educa\u00e7\u00e3o","_educa\u00e7\u00e3o p\u00fablica","_restaura\u00e7\u00e3o","_trabalhadores","_trabalho","sal\u00e1rios"],"articleSection":["Economia","Neg\u00f3cios"],"inLanguage":"pt-PT"},{"@type":"WebPage","@id":"https:\/\/portaltela.pt\/noticias\/2026\/04\/27\/sobreeducacao-na-restauracao-gera-perda-salarial-de-32\/","url":"https:\/\/portaltela.pt\/noticias\/2026\/04\/27\/sobreeducacao-na-restauracao-gera-perda-salarial-de-32\/","name":"Sobreeduca\u00e7\u00e3o na restaura\u00e7\u00e3o gera perda salarial de 32% - Portal Tela Portugal","isPartOf":{"@id":"https:\/\/portaltela.pt\/#website"},"primaryImageOfPage":{"@id":"https:\/\/portaltela.pt\/noticias\/2026\/04\/27\/sobreeducacao-na-restauracao-gera-perda-salarial-de-32\/#primaryimage"},"image":{"@id":"https:\/\/portaltela.pt\/noticias\/2026\/04\/27\/sobreeducacao-na-restauracao-gera-perda-salarial-de-32\/#primaryimage"},"thumbnailUrl":"https:\/\/portaltela.pt\/s.01k8rhncp4jt1\/2026\/04\/img_1500x1000uu2021-07-28-17-44-41-1065193.jpg","datePublished":"2026-04-27T18:03:44+00:00","author":{"@id":"https:\/\/portaltela.pt\/#\/schema\/person\/c4278d4a6028830caff9ee44b42d32ed"},"breadcrumb":{"@id":"https:\/\/portaltela.pt\/noticias\/2026\/04\/27\/sobreeducacao-na-restauracao-gera-perda-salarial-de-32\/#breadcrumb"},"inLanguage":"pt-PT","potentialAction":[{"@type":"ReadAction","target":["https:\/\/portaltela.pt\/noticias\/2026\/04\/27\/sobreeducacao-na-restauracao-gera-perda-salarial-de-32\/"]}]},{"@type":"ImageObject","inLanguage":"pt-PT","@id":"https:\/\/portaltela.pt\/noticias\/2026\/04\/27\/sobreeducacao-na-restauracao-gera-perda-salarial-de-32\/#primaryimage","url":"https:\/\/portaltela.pt\/s.01k8rhncp4jt1\/2026\/04\/img_1500x1000uu2021-07-28-17-44-41-1065193.jpg","contentUrl":"https:\/\/portaltela.pt\/s.01k8rhncp4jt1\/2026\/04\/img_1500x1000uu2021-07-28-17-44-41-1065193.jpg","width":796,"height":448,"caption":"Restaura\u00e7\u00e3o"},{"@type":"BreadcrumbList","@id":"https:\/\/portaltela.pt\/noticias\/2026\/04\/27\/sobreeducacao-na-restauracao-gera-perda-salarial-de-32\/#breadcrumb","itemListElement":[{"@type":"ListItem","position":1,"name":"In\u00edcio","item":"https:\/\/portaltela.pt\/"},{"@type":"ListItem","position":2,"name":"Sobreeduca\u00e7\u00e3o na restaura\u00e7\u00e3o gera perda salarial de 32%"}]},{"@type":"WebSite","@id":"https:\/\/portaltela.pt\/#website","url":"https:\/\/portaltela.pt\/","name":"Portal Tela Portugal","description":"","potentialAction":[{"@type":"SearchAction","target":{"@type":"EntryPoint","urlTemplate":"https:\/\/portaltela.pt\/?s={search_term_string}"},"query-input":{"@type":"PropertyValueSpecification","valueRequired":true,"valueName":"search_term_string"}}],"inLanguage":"pt-PT"},{"@type":"Person","@id":"https:\/\/portaltela.pt\/#\/schema\/person\/c4278d4a6028830caff9ee44b42d32ed","name":"Telinha","image":{"@type":"ImageObject","inLanguage":"pt-PT","@id":"https:\/\/portaltela.pt\/s.01k8rhncp4jt1\/2025\/11\/talking-bot-125x125.png","url":"https:\/\/portaltela.pt\/s.01k8rhncp4jt1\/2025\/11\/talking-bot-125x125.png","contentUrl":"https:\/\/portaltela.pt\/s.01k8rhncp4jt1\/2025\/11\/talking-bot-125x125.png","caption":"Telinha"},"sameAs":["https:\/\/portaltela.pt\/"],"url":"https:\/\/portaltela.pt\/por\/367410592786\/"}]}},"_links":{"self":[{"href":"https:\/\/portaltela.pt\/api\/wp\/v2\/posts\/458753","targetHints":{"allow":["GET"]}}],"collection":[{"href":"https:\/\/portaltela.pt\/api\/wp\/v2\/posts"}],"about":[{"href":"https:\/\/portaltela.pt\/api\/wp\/v2\/types\/post"}],"author":[{"embeddable":true,"href":"https:\/\/portaltela.pt\/api\/wp\/v2\/users\/2"}],"replies":[{"embeddable":true,"href":"https:\/\/portaltela.pt\/api\/wp\/v2\/comments?post=458753"}],"version-history":[{"count":0,"href":"https:\/\/portaltela.pt\/api\/wp\/v2\/posts\/458753\/revisions"}],"wp:featuredmedia":[{"embeddable":true,"href":"https:\/\/portaltela.pt\/api\/wp\/v2\/media\/458754"}],"wp:attachment":[{"href":"https:\/\/portaltela.pt\/api\/wp\/v2\/media?parent=458753"}],"wp:term":[{"taxonomy":"category","embeddable":true,"href":"https:\/\/portaltela.pt\/api\/wp\/v2\/categories?post=458753"},{"taxonomy":"post_tag","embeddable":true,"href":"https:\/\/portaltela.pt\/api\/wp\/v2\/tags?post=458753"}],"curies":[{"name":"wp","href":"https:\/\/api.w.org\/{rel}","templated":true}]}}