{"id":458745,"date":"2026-04-27T15:03:33","date_gmt":"2026-04-27T18:03:33","guid":{"rendered":"https:\/\/portaltela.pt\/noticias\/2026\/04\/27\/nuno-cristovao-surpreendido-ao-saber-que-diana-silva-era-do-benfica\/"},"modified":"2026-04-27T15:03:33","modified_gmt":"2026-04-27T18:03:33","slug":"nuno-cristovao-surpreendido-ao-saber-que-diana-silva-era-do-benfica","status":"publish","type":"post","link":"https:\/\/portaltela.pt\/desporto\/futebol\/2026\/04\/27\/nuno-cristovao-surpreendido-ao-saber-que-diana-silva-era-do-benfica\/","title":{"rendered":"Nuno Crist\u00f3v\u00e3o surpreendido ao saber que Diana Silva era do Benfica"},"content":{"rendered":"<p>Nuno Crist\u00f3v\u00e3o ficou surpreendido ao saber que Diana Silva \u00e9 benfiquista. A avan\u00e7ada, que j\u00e1 foi campe\u00e3 pelo Sporting nas temporadas de 2016\/17 e 2017\/18, afirmou recentemente que o t\u00edtulo conquistado pelas \u00e1guias no fim de semana teve um sabor especial por representar o seu clube de cora\u00e7\u00e3o, ap\u00f3s a mudan\u00e7a de Alcochete para o Seixal no ver\u00e3o.<\/p>\n<p>O treinador, bicampe\u00e3o com o Sporting ao lado de Diana Silva, relatou o desenrolar da conversa sem esconder o surpresa inicial. A atleta trocou de clube na atual \u00e9poca, passando de uma equipa do norte a outra regi\u00e3o da capital, o que gera curiosidade sobre o impacto da mudan\u00e7a na carreira da jogadora.<\/p>\n<p>Crist\u00f3v\u00e3o entende que as hexacampe\u00e3s nacionais n\u00e3o devem ficar por aqui e antev\u00ea refor\u00e7os que podem manter a hegemonia no campeonato. O t\u00e9cnico avaliou ainda o momento das lisboetas, destacando a continuidade da postura competitiva da equipa liderada pela nova treinadora e o potencial de crescimento nas pr\u00f3ximas jornadas.<\/p>\n<p>A not\u00edcia, de relev\u00e2ncia para o panorama do futebol feminino em Portugal, centra-se no desfecho recente da conversa entre o treinador e a jogadora, bem como nas consequ\u00eancias da mudan\u00e7a de clube para Diana Silva e para o desempenho do Benfica na presente \u00e9poca.<\/p>\n","protected":false},"excerpt":{"rendered":"<ul>\n<li>Nuno Crist\u00f3v\u00e3o ficou surpreendido ao ouvir Diana Silva dizer que \u00e9 benfiquista.<\/li>\n<li>A jogadora, campe\u00e3 pelo Sporting em 2016\/17 e 2017\/18, conquistou o t\u00edtulo com as \u00e1guias no s\u00e1bado.<\/li>\n<li>Diana Silva trocou Alcochete pelo Seixal no ver\u00e3o.<\/li>\n<li>O treinador bicampe\u00e3o no Sporting com a avan\u00e7ada afirma que as hexacampe\u00e3s n\u00e3o v\u00e3o ficar por aqui e podem refor\u00e7ar a hegemonia.<\/li>\n<\/ul>\n","protected":false},"author":2,"featured_media":458750,"comment_status":"closed","ping_status":"closed","sticky":false,"template":"","format":"standard","meta":{"footnotes":""},"categories":[21,24],"tags":[1946,32,1030,981,1064,1652],"class_list":["post-458745","post","type-post","status-publish","format-standard","has-post-thumbnail","hentry","category-desporto","category-futebol","tag-benfica","tag-futebol","tag-futebol-feminino","tag-lisboa","tag-seixal","tag-sporting"],"yoast_head":"<!-- This site is optimized with the Yoast SEO plugin v27.2 - https:\/\/yoast.com\/product\/yoast-seo-wordpress\/ -->\n<title>Nuno Crist\u00f3v\u00e3o surpreendido ao saber que Diana Silva era do Benfica - Portal Tela Portugal<\/title>\n<meta name=\"robots\" content=\"index, follow, max-snippet:-1, max-image-preview:large, max-video-preview:-1\" \/>\n<meta property=\"og:locale\" content=\"pt_PT\" \/>\n<meta property=\"og:type\" content=\"article\" \/>\n<meta property=\"og:title\" content=\"Nuno Crist\u00f3v\u00e3o surpreendido ao saber que Diana Silva era do Benfica - Portal Tela Portugal\" \/>\n<meta property=\"og:description\" content=\"Nuno Crist\u00f3v\u00e3o ficou surpreendido ao ouvir Diana Silva dizer que \u00e9 benfiquista. A jogadora, campe\u00e3 pelo Sporting em 2016\/17 e 2017\/18, conquistou o t\u00edtulo com as \u00e1guias no s\u00e1bado. Diana Silva trocou Alcochete pelo Seixal no ver\u00e3o. O treinador bicampe\u00e3o no Sporting com a avan\u00e7ada afirma que as hexacampe\u00e3s n\u00e3o v\u00e3o ficar por aqui e podem refor\u00e7ar a hegemonia.\" \/>\n<meta property=\"og:url\" content=\"https:\/\/portaltela.pt\/noticias\/2026\/04\/27\/nuno-cristovao-surpreendido-ao-saber-que-diana-silva-era-do-benfica\/\" \/>\n<meta property=\"og:site_name\" content=\"Portal Tela Portugal\" \/>\n<meta property=\"article:published_time\" content=\"2026-04-27T18:03:33+00:00\" \/>\n<meta name=\"author\" content=\"Telinha\" \/>\n<meta name=\"twitter:card\" content=\"summary_large_image\" \/>\n<meta name=\"twitter:label1\" content=\"Escrito por\" \/>\n\t<meta name=\"twitter:data1\" content=\"Telinha\" \/>\n\t<meta name=\"twitter:label2\" content=\"Tempo estimado de leitura\" \/>\n\t<meta name=\"twitter:data2\" content=\"1 minuto\" \/>\n<script type=\"application\/ld+json\" class=\"yoast-schema-graph\">{\"@context\":\"https:\/\/schema.org\",\"@graph\":[{\"@type\":\"Article\",\"@id\":\"https:\/\/portaltela.pt\/noticias\/2026\/04\/27\/nuno-cristovao-surpreendido-ao-saber-que-diana-silva-era-do-benfica\/#article\",\"isPartOf\":{\"@id\":\"https:\/\/portaltela.pt\/noticias\/2026\/04\/27\/nuno-cristovao-surpreendido-ao-saber-que-diana-silva-era-do-benfica\/\"},\"author\":{\"name\":\"Telinha\",\"@id\":\"https:\/\/portaltela.pt\/#\/schema\/person\/c4278d4a6028830caff9ee44b42d32ed\"},\"headline\":\"Nuno Crist\u00f3v\u00e3o surpreendido ao saber que Diana Silva era do Benfica\",\"datePublished\":\"2026-04-27T18:03:33+00:00\",\"mainEntityOfPage\":{\"@id\":\"https:\/\/portaltela.pt\/noticias\/2026\/04\/27\/nuno-cristovao-surpreendido-ao-saber-que-diana-silva-era-do-benfica\/\"},\"wordCount\":236,\"image\":{\"@id\":\"https:\/\/portaltela.pt\/noticias\/2026\/04\/27\/nuno-cristovao-surpreendido-ao-saber-que-diana-silva-era-do-benfica\/#primaryimage\"},\"thumbnailUrl\":\"https:\/\/portaltela.pt\/s.01k8rhncp4jt1\/2026\/04\/img_920x518uu2026-04-27-16-42-46-2435596-im-639129120228802652.jpg\",\"keywords\":[\"Benfica\",\"futebol\",\"futebol feminino\",\"Lisboa\",\"Seixal\",\"Sporting\"],\"articleSection\":[\"Desporto\",\"Futebol\"],\"inLanguage\":\"pt-PT\"},{\"@type\":\"WebPage\",\"@id\":\"https:\/\/portaltela.pt\/noticias\/2026\/04\/27\/nuno-cristovao-surpreendido-ao-saber-que-diana-silva-era-do-benfica\/\",\"url\":\"https:\/\/portaltela.pt\/noticias\/2026\/04\/27\/nuno-cristovao-surpreendido-ao-saber-que-diana-silva-era-do-benfica\/\",\"name\":\"Nuno Crist\u00f3v\u00e3o surpreendido ao saber que Diana Silva era do Benfica - Portal Tela Portugal\",\"isPartOf\":{\"@id\":\"https:\/\/portaltela.pt\/#website\"},\"primaryImageOfPage\":{\"@id\":\"https:\/\/portaltela.pt\/noticias\/2026\/04\/27\/nuno-cristovao-surpreendido-ao-saber-que-diana-silva-era-do-benfica\/#primaryimage\"},\"image\":{\"@id\":\"https:\/\/portaltela.pt\/noticias\/2026\/04\/27\/nuno-cristovao-surpreendido-ao-saber-que-diana-silva-era-do-benfica\/#primaryimage\"},\"thumbnailUrl\":\"https:\/\/portaltela.pt\/s.01k8rhncp4jt1\/2026\/04\/img_920x518uu2026-04-27-16-42-46-2435596-im-639129120228802652.jpg\",\"datePublished\":\"2026-04-27T18:03:33+00:00\",\"author\":{\"@id\":\"https:\/\/portaltela.pt\/#\/schema\/person\/c4278d4a6028830caff9ee44b42d32ed\"},\"breadcrumb\":{\"@id\":\"https:\/\/portaltela.pt\/noticias\/2026\/04\/27\/nuno-cristovao-surpreendido-ao-saber-que-diana-silva-era-do-benfica\/#breadcrumb\"},\"inLanguage\":\"pt-PT\",\"potentialAction\":[{\"@type\":\"ReadAction\",\"target\":[\"https:\/\/portaltela.pt\/noticias\/2026\/04\/27\/nuno-cristovao-surpreendido-ao-saber-que-diana-silva-era-do-benfica\/\"]}]},{\"@type\":\"ImageObject\",\"inLanguage\":\"pt-PT\",\"@id\":\"https:\/\/portaltela.pt\/noticias\/2026\/04\/27\/nuno-cristovao-surpreendido-ao-saber-que-diana-silva-era-do-benfica\/#primaryimage\",\"url\":\"https:\/\/portaltela.pt\/s.01k8rhncp4jt1\/2026\/04\/img_920x518uu2026-04-27-16-42-46-2435596-im-639129120228802652.jpg\",\"contentUrl\":\"https:\/\/portaltela.pt\/s.01k8rhncp4jt1\/2026\/04\/img_920x518uu2026-04-27-16-42-46-2435596-im-639129120228802652.jpg\",\"width\":796,\"height\":448,\"caption\":\"Nuno Crist\u00f3v\u00e3o treinou Diana Silva no Sporting e conquistaram o t\u00edtulo por duas vezes\"},{\"@type\":\"BreadcrumbList\",\"@id\":\"https:\/\/portaltela.pt\/noticias\/2026\/04\/27\/nuno-cristovao-surpreendido-ao-saber-que-diana-silva-era-do-benfica\/#breadcrumb\",\"itemListElement\":[{\"@type\":\"ListItem\",\"position\":1,\"name\":\"In\u00edcio\",\"item\":\"https:\/\/portaltela.pt\/\"},{\"@type\":\"ListItem\",\"position\":2,\"name\":\"Nuno Crist\u00f3v\u00e3o surpreendido ao saber que Diana Silva era do Benfica\"}]},{\"@type\":\"WebSite\",\"@id\":\"https:\/\/portaltela.pt\/#website\",\"url\":\"https:\/\/portaltela.pt\/\",\"name\":\"Portal Tela Portugal\",\"description\":\"\",\"potentialAction\":[{\"@type\":\"SearchAction\",\"target\":{\"@type\":\"EntryPoint\",\"urlTemplate\":\"https:\/\/portaltela.pt\/?s={search_term_string}\"},\"query-input\":{\"@type\":\"PropertyValueSpecification\",\"valueRequired\":true,\"valueName\":\"search_term_string\"}}],\"inLanguage\":\"pt-PT\"},{\"@type\":\"Person\",\"@id\":\"https:\/\/portaltela.pt\/#\/schema\/person\/c4278d4a6028830caff9ee44b42d32ed\",\"name\":\"Telinha\",\"image\":{\"@type\":\"ImageObject\",\"inLanguage\":\"pt-PT\",\"@id\":\"https:\/\/portaltela.pt\/s.01k8rhncp4jt1\/2025\/11\/talking-bot-125x125.png\",\"url\":\"https:\/\/portaltela.pt\/s.01k8rhncp4jt1\/2025\/11\/talking-bot-125x125.png\",\"contentUrl\":\"https:\/\/portaltela.pt\/s.01k8rhncp4jt1\/2025\/11\/talking-bot-125x125.png\",\"caption\":\"Telinha\"},\"sameAs\":[\"https:\/\/portaltela.pt\/\"],\"url\":\"https:\/\/portaltela.pt\/por\/367410592786\/\"}]}<\/script>\n<!-- \/ Yoast SEO plugin. -->","yoast_head_json":{"title":"Nuno Crist\u00f3v\u00e3o surpreendido ao saber que Diana Silva era do Benfica - Portal Tela Portugal","robots":{"index":"index","follow":"follow","max-snippet":"max-snippet:-1","max-image-preview":"max-image-preview:large","max-video-preview":"max-video-preview:-1"},"og_locale":"pt_PT","og_type":"article","og_title":"Nuno Crist\u00f3v\u00e3o surpreendido ao saber que Diana Silva era do Benfica - Portal Tela Portugal","og_description":"Nuno Crist\u00f3v\u00e3o ficou surpreendido ao ouvir Diana Silva dizer que \u00e9 benfiquista. A jogadora, campe\u00e3 pelo Sporting em 2016\/17 e 2017\/18, conquistou o t\u00edtulo com as \u00e1guias no s\u00e1bado. Diana Silva trocou Alcochete pelo Seixal no ver\u00e3o. O treinador bicampe\u00e3o no Sporting com a avan\u00e7ada afirma que as hexacampe\u00e3s n\u00e3o v\u00e3o ficar por aqui e podem refor\u00e7ar a hegemonia.","og_url":"https:\/\/portaltela.pt\/noticias\/2026\/04\/27\/nuno-cristovao-surpreendido-ao-saber-que-diana-silva-era-do-benfica\/","og_site_name":"Portal Tela Portugal","article_published_time":"2026-04-27T18:03:33+00:00","author":"Telinha","twitter_card":"summary_large_image","twitter_misc":{"Escrito por":"Telinha","Tempo estimado de leitura":"1 minuto"},"schema":{"@context":"https:\/\/schema.org","@graph":[{"@type":"Article","@id":"https:\/\/portaltela.pt\/noticias\/2026\/04\/27\/nuno-cristovao-surpreendido-ao-saber-que-diana-silva-era-do-benfica\/#article","isPartOf":{"@id":"https:\/\/portaltela.pt\/noticias\/2026\/04\/27\/nuno-cristovao-surpreendido-ao-saber-que-diana-silva-era-do-benfica\/"},"author":{"name":"Telinha","@id":"https:\/\/portaltela.pt\/#\/schema\/person\/c4278d4a6028830caff9ee44b42d32ed"},"headline":"Nuno Crist\u00f3v\u00e3o surpreendido ao saber que Diana Silva era do Benfica","datePublished":"2026-04-27T18:03:33+00:00","mainEntityOfPage":{"@id":"https:\/\/portaltela.pt\/noticias\/2026\/04\/27\/nuno-cristovao-surpreendido-ao-saber-que-diana-silva-era-do-benfica\/"},"wordCount":236,"image":{"@id":"https:\/\/portaltela.pt\/noticias\/2026\/04\/27\/nuno-cristovao-surpreendido-ao-saber-que-diana-silva-era-do-benfica\/#primaryimage"},"thumbnailUrl":"https:\/\/portaltela.pt\/s.01k8rhncp4jt1\/2026\/04\/img_920x518uu2026-04-27-16-42-46-2435596-im-639129120228802652.jpg","keywords":["Benfica","futebol","futebol feminino","Lisboa","Seixal","Sporting"],"articleSection":["Desporto","Futebol"],"inLanguage":"pt-PT"},{"@type":"WebPage","@id":"https:\/\/portaltela.pt\/noticias\/2026\/04\/27\/nuno-cristovao-surpreendido-ao-saber-que-diana-silva-era-do-benfica\/","url":"https:\/\/portaltela.pt\/noticias\/2026\/04\/27\/nuno-cristovao-surpreendido-ao-saber-que-diana-silva-era-do-benfica\/","name":"Nuno Crist\u00f3v\u00e3o surpreendido ao saber que Diana Silva era do Benfica - Portal Tela Portugal","isPartOf":{"@id":"https:\/\/portaltela.pt\/#website"},"primaryImageOfPage":{"@id":"https:\/\/portaltela.pt\/noticias\/2026\/04\/27\/nuno-cristovao-surpreendido-ao-saber-que-diana-silva-era-do-benfica\/#primaryimage"},"image":{"@id":"https:\/\/portaltela.pt\/noticias\/2026\/04\/27\/nuno-cristovao-surpreendido-ao-saber-que-diana-silva-era-do-benfica\/#primaryimage"},"thumbnailUrl":"https:\/\/portaltela.pt\/s.01k8rhncp4jt1\/2026\/04\/img_920x518uu2026-04-27-16-42-46-2435596-im-639129120228802652.jpg","datePublished":"2026-04-27T18:03:33+00:00","author":{"@id":"https:\/\/portaltela.pt\/#\/schema\/person\/c4278d4a6028830caff9ee44b42d32ed"},"breadcrumb":{"@id":"https:\/\/portaltela.pt\/noticias\/2026\/04\/27\/nuno-cristovao-surpreendido-ao-saber-que-diana-silva-era-do-benfica\/#breadcrumb"},"inLanguage":"pt-PT","potentialAction":[{"@type":"ReadAction","target":["https:\/\/portaltela.pt\/noticias\/2026\/04\/27\/nuno-cristovao-surpreendido-ao-saber-que-diana-silva-era-do-benfica\/"]}]},{"@type":"ImageObject","inLanguage":"pt-PT","@id":"https:\/\/portaltela.pt\/noticias\/2026\/04\/27\/nuno-cristovao-surpreendido-ao-saber-que-diana-silva-era-do-benfica\/#primaryimage","url":"https:\/\/portaltela.pt\/s.01k8rhncp4jt1\/2026\/04\/img_920x518uu2026-04-27-16-42-46-2435596-im-639129120228802652.jpg","contentUrl":"https:\/\/portaltela.pt\/s.01k8rhncp4jt1\/2026\/04\/img_920x518uu2026-04-27-16-42-46-2435596-im-639129120228802652.jpg","width":796,"height":448,"caption":"Nuno Crist\u00f3v\u00e3o treinou Diana Silva no Sporting e conquistaram o t\u00edtulo por duas vezes"},{"@type":"BreadcrumbList","@id":"https:\/\/portaltela.pt\/noticias\/2026\/04\/27\/nuno-cristovao-surpreendido-ao-saber-que-diana-silva-era-do-benfica\/#breadcrumb","itemListElement":[{"@type":"ListItem","position":1,"name":"In\u00edcio","item":"https:\/\/portaltela.pt\/"},{"@type":"ListItem","position":2,"name":"Nuno Crist\u00f3v\u00e3o surpreendido ao saber que Diana Silva era do Benfica"}]},{"@type":"WebSite","@id":"https:\/\/portaltela.pt\/#website","url":"https:\/\/portaltela.pt\/","name":"Portal Tela Portugal","description":"","potentialAction":[{"@type":"SearchAction","target":{"@type":"EntryPoint","urlTemplate":"https:\/\/portaltela.pt\/?s={search_term_string}"},"query-input":{"@type":"PropertyValueSpecification","valueRequired":true,"valueName":"search_term_string"}}],"inLanguage":"pt-PT"},{"@type":"Person","@id":"https:\/\/portaltela.pt\/#\/schema\/person\/c4278d4a6028830caff9ee44b42d32ed","name":"Telinha","image":{"@type":"ImageObject","inLanguage":"pt-PT","@id":"https:\/\/portaltela.pt\/s.01k8rhncp4jt1\/2025\/11\/talking-bot-125x125.png","url":"https:\/\/portaltela.pt\/s.01k8rhncp4jt1\/2025\/11\/talking-bot-125x125.png","contentUrl":"https:\/\/portaltela.pt\/s.01k8rhncp4jt1\/2025\/11\/talking-bot-125x125.png","caption":"Telinha"},"sameAs":["https:\/\/portaltela.pt\/"],"url":"https:\/\/portaltela.pt\/por\/367410592786\/"}]}},"_links":{"self":[{"href":"https:\/\/portaltela.pt\/api\/wp\/v2\/posts\/458745","targetHints":{"allow":["GET"]}}],"collection":[{"href":"https:\/\/portaltela.pt\/api\/wp\/v2\/posts"}],"about":[{"href":"https:\/\/portaltela.pt\/api\/wp\/v2\/types\/post"}],"author":[{"embeddable":true,"href":"https:\/\/portaltela.pt\/api\/wp\/v2\/users\/2"}],"replies":[{"embeddable":true,"href":"https:\/\/portaltela.pt\/api\/wp\/v2\/comments?post=458745"}],"version-history":[{"count":0,"href":"https:\/\/portaltela.pt\/api\/wp\/v2\/posts\/458745\/revisions"}],"wp:featuredmedia":[{"embeddable":true,"href":"https:\/\/portaltela.pt\/api\/wp\/v2\/media\/458750"}],"wp:attachment":[{"href":"https:\/\/portaltela.pt\/api\/wp\/v2\/media?parent=458745"}],"wp:term":[{"taxonomy":"category","embeddable":true,"href":"https:\/\/portaltela.pt\/api\/wp\/v2\/categories?post=458745"},{"taxonomy":"post_tag","embeddable":true,"href":"https:\/\/portaltela.pt\/api\/wp\/v2\/tags?post=458745"}],"curies":[{"name":"wp","href":"https:\/\/api.w.org\/{rel}","templated":true}]}}