{"id":458742,"date":"2026-04-27T15:03:30","date_gmt":"2026-04-27T18:03:30","guid":{"rendered":"https:\/\/portaltela.pt\/noticias\/2026\/04\/27\/samuel-barata-aponta-evolucao-na-quebra-da-barreira-das-duas-horas-na-maratona\/"},"modified":"2026-04-27T15:03:30","modified_gmt":"2026-04-27T18:03:30","slug":"samuel-barata-aponta-evolucao-na-quebra-da-barreira-das-duas-horas-na-maratona","status":"publish","type":"post","link":"https:\/\/portaltela.pt\/desporto\/futebol\/2026\/04\/27\/samuel-barata-aponta-evolucao-na-quebra-da-barreira-das-duas-horas-na-maratona\/","title":{"rendered":"Samuel Barata aponta evolu\u00e7\u00e3o na quebra da barreira das duas horas na maratona"},"content":{"rendered":"<p>Samuel Barata, o melhor maratonista portugu\u00eas da atualidade, qualificou de incr\u00edvel o feito hist\u00f3rico na Maratona de Londres, onde Sebastian Sawe correu os 42,195 km em 1:59:30, abaixo das duas horas. O triunfo chamou aten\u00e7\u00e3o ao n\u00edvel mundial.<\/p>\n<p>Al\u00e9m de Sawe, o queniano Yomif Kejelcha concluiu em 1:59:41 e Jacob Kiplimo fez 2:00:28, batendo a anterior marca mundial. A rampa hist\u00f3rica para a prova de Londres ficou marcada por tr\u00eas recordes que passaram a ocorrer numa \u00fanica corrida.<\/p>\n<p>O atleta de 32 anos, natural de Cortes do Meio, Covilh\u00e3, destacou a evolu\u00e7\u00e3o do atletismo, com a ci\u00eancia, o treino e o equipamento a influenciar as tempos recorde. Mant\u00e9m-se esperan\u00e7oso de melhorar marcas nacionais no futuro pr\u00f3ximo.<\/p>\n<h3>Perspetivas e pr\u00f3ximos passos<\/h3>\n<p>Barata recorda que o recorde nacional est\u00e1 em 2:06:36, desde Londres 2000, e que o cen\u00e1rio atual eleva o n\u00edvel para todos os especialistas. O foco \u00e9 continuar a trabalhar para aproximar-se desse patamar, mantendo uma vis\u00e3o realista sobre as progress\u00f5es.<\/p>\n<p>Este ano, o portugu\u00eas planeia atacar o recorde nacional na Maratona de Val\u00eancia, a 6 de dezembro, e competir na Ta\u00e7a da Europa dos 10 000 metros, em La Spezia, a 23 de maio, visando m\u00ednimos para Birmingham 2026.<\/p>\n","protected":false},"excerpt":{"rendered":"<ul>\n<li>Samuel Barata, o melhor maratonista portugu\u00eas da atualidade, descreveu como incr\u00edvel o feito hist\u00f3rico na Maratona de Londres: dois atletas passaram da barreira das duas horas, com o queniano Sebastian Sawe a vencer em 1:59:30.<\/li>\n<li>Al\u00e9m de Sawe, o segundo classificado, Yomif Kejelcha, fez 1:59:41 e o ugand\u00eas Jacob Kiplimo ficou em 2:00:28, todos desbloqueando o recorde mundial numa s\u00f3 prova.<\/li>\n<li>Barata mant\u00e9m o registo pessoal de 2:07:35 em Val\u00eancia (2023) e refor\u00e7a o objetivo de alcan\u00e7ar o recorde nacional, hoje de 2:06:36, detido por Ant\u00f3nio Pinto desde 2000.<\/li>\n<li>O atleta do Benfica afirma que o n\u00edvel da maratona cresce com ci\u00eancia, treino e equipamento e comenta que a prova londrina mostra o qu\u00e3o evolu\u00eddo est\u00e1 o desporto.<\/li>\n<li>Para este ano, Barata planeia atacar o recorde nacional em Val\u00eancia (6 de dezembro) e concorre \u00e0 Ta\u00e7a da Europa dos 10.000 metros em La Spezia (23 de maio), visando m\u00ednimos para os Europeus Birmingham 2026.<\/li>\n<\/ul>\n","protected":false},"author":2,"featured_media":458752,"comment_status":"closed","ping_status":"closed","sticky":false,"template":"","format":"standard","meta":{"footnotes":""},"categories":[21,24],"tags":[8705,7902,1306,2376,40,2672],"class_list":["post-458742","post","type-post","status-publish","format-standard","has-post-thumbnail","hentry","category-desporto","category-futebol","tag-_atletismo","tag-_desporto","tag-covilha","tag-londres","tag-pessoas","tag-valencia"],"yoast_head":"<!-- This site is optimized with the Yoast SEO plugin v27.2 - https:\/\/yoast.com\/product\/yoast-seo-wordpress\/ -->\n<title>Samuel Barata aponta evolu\u00e7\u00e3o na quebra da barreira das duas horas na maratona - Portal Tela Portugal<\/title>\n<meta name=\"robots\" content=\"index, follow, max-snippet:-1, max-image-preview:large, max-video-preview:-1\" \/>\n<meta property=\"og:locale\" content=\"pt_PT\" \/>\n<meta property=\"og:type\" content=\"article\" \/>\n<meta property=\"og:title\" content=\"Samuel Barata aponta evolu\u00e7\u00e3o na quebra da barreira das duas horas na maratona - Portal Tela Portugal\" \/>\n<meta property=\"og:description\" content=\"Samuel Barata, o melhor maratonista portugu\u00eas da atualidade, descreveu como incr\u00edvel o feito hist\u00f3rico na Maratona de Londres: dois atletas passaram da barreira das duas horas, com o queniano Sebastian Sawe a vencer em 1:59:30. Al\u00e9m de Sawe, o segundo classificado, Yomif Kejelcha, fez 1:59:41 e o ugand\u00eas Jacob Kiplimo ficou em 2:00:28, todos desbloqueando o recorde mundial numa s\u00f3 prova. Barata mant\u00e9m o registo pessoal de 2:07:35 em Val\u00eancia (2023) e refor\u00e7a o objetivo de alcan\u00e7ar o recorde nacional, hoje de 2:06:36, detido por Ant\u00f3nio Pinto desde 2000. O atleta do Benfica afirma que o n\u00edvel da maratona cresce com ci\u00eancia, treino e equipamento e comenta que a prova londrina mostra o qu\u00e3o evolu\u00eddo est\u00e1 o desporto. Para este ano, Barata planeia atacar o recorde nacional em Val\u00eancia (6 de dezembro) e concorre \u00e0 Ta\u00e7a da Europa dos 10.000 metros em La Spezia (23 de maio), visando m\u00ednimos para os Europeus Birmingham 2026.\" \/>\n<meta property=\"og:url\" content=\"https:\/\/portaltela.pt\/noticias\/2026\/04\/27\/samuel-barata-aponta-evolucao-na-quebra-da-barreira-das-duas-horas-na-maratona\/\" \/>\n<meta property=\"og:site_name\" content=\"Portal Tela Portugal\" \/>\n<meta property=\"article:published_time\" content=\"2026-04-27T18:03:30+00:00\" \/>\n<meta name=\"author\" content=\"Telinha\" \/>\n<meta name=\"twitter:card\" content=\"summary_large_image\" \/>\n<meta name=\"twitter:label1\" content=\"Escrito por\" \/>\n\t<meta name=\"twitter:data1\" content=\"Telinha\" \/>\n\t<meta name=\"twitter:label2\" content=\"Tempo estimado de leitura\" \/>\n\t<meta name=\"twitter:data2\" content=\"1 minuto\" \/>\n<script type=\"application\/ld+json\" class=\"yoast-schema-graph\">{\"@context\":\"https:\/\/schema.org\",\"@graph\":[{\"@type\":\"Article\",\"@id\":\"https:\/\/portaltela.pt\/noticias\/2026\/04\/27\/samuel-barata-aponta-evolucao-na-quebra-da-barreira-das-duas-horas-na-maratona\/#article\",\"isPartOf\":{\"@id\":\"https:\/\/portaltela.pt\/noticias\/2026\/04\/27\/samuel-barata-aponta-evolucao-na-quebra-da-barreira-das-duas-horas-na-maratona\/\"},\"author\":{\"name\":\"Telinha\",\"@id\":\"https:\/\/portaltela.pt\/#\/schema\/person\/c4278d4a6028830caff9ee44b42d32ed\"},\"headline\":\"Samuel Barata aponta evolu\u00e7\u00e3o na quebra da barreira das duas horas na maratona\",\"datePublished\":\"2026-04-27T18:03:30+00:00\",\"mainEntityOfPage\":{\"@id\":\"https:\/\/portaltela.pt\/noticias\/2026\/04\/27\/samuel-barata-aponta-evolucao-na-quebra-da-barreira-das-duas-horas-na-maratona\/\"},\"wordCount\":223,\"image\":{\"@id\":\"https:\/\/portaltela.pt\/noticias\/2026\/04\/27\/samuel-barata-aponta-evolucao-na-quebra-da-barreira-das-duas-horas-na-maratona\/#primaryimage\"},\"thumbnailUrl\":\"https:\/\/portaltela.pt\/s.01k8rhncp4jt1\/2026\/04\/img_920x518uu2026-04-27-18-40-53-2435614-im-639129120968033798.jpg\",\"keywords\":[\"_atletismo\",\"_desporto\",\"Covilh\u00e3\",\"Londres\",\"pessoas\",\"Valencia\"],\"articleSection\":[\"Desporto\",\"Futebol\"],\"inLanguage\":\"pt-PT\"},{\"@type\":\"WebPage\",\"@id\":\"https:\/\/portaltela.pt\/noticias\/2026\/04\/27\/samuel-barata-aponta-evolucao-na-quebra-da-barreira-das-duas-horas-na-maratona\/\",\"url\":\"https:\/\/portaltela.pt\/noticias\/2026\/04\/27\/samuel-barata-aponta-evolucao-na-quebra-da-barreira-das-duas-horas-na-maratona\/\",\"name\":\"Samuel Barata aponta evolu\u00e7\u00e3o na quebra da barreira das duas horas na maratona - Portal Tela Portugal\",\"isPartOf\":{\"@id\":\"https:\/\/portaltela.pt\/#website\"},\"primaryImageOfPage\":{\"@id\":\"https:\/\/portaltela.pt\/noticias\/2026\/04\/27\/samuel-barata-aponta-evolucao-na-quebra-da-barreira-das-duas-horas-na-maratona\/#primaryimage\"},\"image\":{\"@id\":\"https:\/\/portaltela.pt\/noticias\/2026\/04\/27\/samuel-barata-aponta-evolucao-na-quebra-da-barreira-das-duas-horas-na-maratona\/#primaryimage\"},\"thumbnailUrl\":\"https:\/\/portaltela.pt\/s.01k8rhncp4jt1\/2026\/04\/img_920x518uu2026-04-27-18-40-53-2435614-im-639129120968033798.jpg\",\"datePublished\":\"2026-04-27T18:03:30+00:00\",\"author\":{\"@id\":\"https:\/\/portaltela.pt\/#\/schema\/person\/c4278d4a6028830caff9ee44b42d32ed\"},\"breadcrumb\":{\"@id\":\"https:\/\/portaltela.pt\/noticias\/2026\/04\/27\/samuel-barata-aponta-evolucao-na-quebra-da-barreira-das-duas-horas-na-maratona\/#breadcrumb\"},\"inLanguage\":\"pt-PT\",\"potentialAction\":[{\"@type\":\"ReadAction\",\"target\":[\"https:\/\/portaltela.pt\/noticias\/2026\/04\/27\/samuel-barata-aponta-evolucao-na-quebra-da-barreira-das-duas-horas-na-maratona\/\"]}]},{\"@type\":\"ImageObject\",\"inLanguage\":\"pt-PT\",\"@id\":\"https:\/\/portaltela.pt\/noticias\/2026\/04\/27\/samuel-barata-aponta-evolucao-na-quebra-da-barreira-das-duas-horas-na-maratona\/#primaryimage\",\"url\":\"https:\/\/portaltela.pt\/s.01k8rhncp4jt1\/2026\/04\/img_920x518uu2026-04-27-18-40-53-2435614-im-639129120968033798.jpg\",\"contentUrl\":\"https:\/\/portaltela.pt\/s.01k8rhncp4jt1\/2026\/04\/img_920x518uu2026-04-27-18-40-53-2435614-im-639129120968033798.jpg\",\"width\":920,\"height\":518,\"caption\":\"Queniano Sebastian Sawe correu maratona de Londres abaixo das duas horas\"},{\"@type\":\"BreadcrumbList\",\"@id\":\"https:\/\/portaltela.pt\/noticias\/2026\/04\/27\/samuel-barata-aponta-evolucao-na-quebra-da-barreira-das-duas-horas-na-maratona\/#breadcrumb\",\"itemListElement\":[{\"@type\":\"ListItem\",\"position\":1,\"name\":\"In\u00edcio\",\"item\":\"https:\/\/portaltela.pt\/\"},{\"@type\":\"ListItem\",\"position\":2,\"name\":\"Samuel Barata aponta evolu\u00e7\u00e3o na quebra da barreira das duas horas na maratona\"}]},{\"@type\":\"WebSite\",\"@id\":\"https:\/\/portaltela.pt\/#website\",\"url\":\"https:\/\/portaltela.pt\/\",\"name\":\"Portal Tela Portugal\",\"description\":\"\",\"potentialAction\":[{\"@type\":\"SearchAction\",\"target\":{\"@type\":\"EntryPoint\",\"urlTemplate\":\"https:\/\/portaltela.pt\/?s={search_term_string}\"},\"query-input\":{\"@type\":\"PropertyValueSpecification\",\"valueRequired\":true,\"valueName\":\"search_term_string\"}}],\"inLanguage\":\"pt-PT\"},{\"@type\":\"Person\",\"@id\":\"https:\/\/portaltela.pt\/#\/schema\/person\/c4278d4a6028830caff9ee44b42d32ed\",\"name\":\"Telinha\",\"image\":{\"@type\":\"ImageObject\",\"inLanguage\":\"pt-PT\",\"@id\":\"https:\/\/portaltela.pt\/s.01k8rhncp4jt1\/2025\/11\/talking-bot-125x125.png\",\"url\":\"https:\/\/portaltela.pt\/s.01k8rhncp4jt1\/2025\/11\/talking-bot-125x125.png\",\"contentUrl\":\"https:\/\/portaltela.pt\/s.01k8rhncp4jt1\/2025\/11\/talking-bot-125x125.png\",\"caption\":\"Telinha\"},\"sameAs\":[\"https:\/\/portaltela.pt\/\"],\"url\":\"https:\/\/portaltela.pt\/por\/367410592786\/\"}]}<\/script>\n<!-- \/ Yoast SEO plugin. -->","yoast_head_json":{"title":"Samuel Barata aponta evolu\u00e7\u00e3o na quebra da barreira das duas horas na maratona - Portal Tela Portugal","robots":{"index":"index","follow":"follow","max-snippet":"max-snippet:-1","max-image-preview":"max-image-preview:large","max-video-preview":"max-video-preview:-1"},"og_locale":"pt_PT","og_type":"article","og_title":"Samuel Barata aponta evolu\u00e7\u00e3o na quebra da barreira das duas horas na maratona - Portal Tela Portugal","og_description":"Samuel Barata, o melhor maratonista portugu\u00eas da atualidade, descreveu como incr\u00edvel o feito hist\u00f3rico na Maratona de Londres: dois atletas passaram da barreira das duas horas, com o queniano Sebastian Sawe a vencer em 1:59:30. Al\u00e9m de Sawe, o segundo classificado, Yomif Kejelcha, fez 1:59:41 e o ugand\u00eas Jacob Kiplimo ficou em 2:00:28, todos desbloqueando o recorde mundial numa s\u00f3 prova. Barata mant\u00e9m o registo pessoal de 2:07:35 em Val\u00eancia (2023) e refor\u00e7a o objetivo de alcan\u00e7ar o recorde nacional, hoje de 2:06:36, detido por Ant\u00f3nio Pinto desde 2000. O atleta do Benfica afirma que o n\u00edvel da maratona cresce com ci\u00eancia, treino e equipamento e comenta que a prova londrina mostra o qu\u00e3o evolu\u00eddo est\u00e1 o desporto. Para este ano, Barata planeia atacar o recorde nacional em Val\u00eancia (6 de dezembro) e concorre \u00e0 Ta\u00e7a da Europa dos 10.000 metros em La Spezia (23 de maio), visando m\u00ednimos para os Europeus Birmingham 2026.","og_url":"https:\/\/portaltela.pt\/noticias\/2026\/04\/27\/samuel-barata-aponta-evolucao-na-quebra-da-barreira-das-duas-horas-na-maratona\/","og_site_name":"Portal Tela Portugal","article_published_time":"2026-04-27T18:03:30+00:00","author":"Telinha","twitter_card":"summary_large_image","twitter_misc":{"Escrito por":"Telinha","Tempo estimado de leitura":"1 minuto"},"schema":{"@context":"https:\/\/schema.org","@graph":[{"@type":"Article","@id":"https:\/\/portaltela.pt\/noticias\/2026\/04\/27\/samuel-barata-aponta-evolucao-na-quebra-da-barreira-das-duas-horas-na-maratona\/#article","isPartOf":{"@id":"https:\/\/portaltela.pt\/noticias\/2026\/04\/27\/samuel-barata-aponta-evolucao-na-quebra-da-barreira-das-duas-horas-na-maratona\/"},"author":{"name":"Telinha","@id":"https:\/\/portaltela.pt\/#\/schema\/person\/c4278d4a6028830caff9ee44b42d32ed"},"headline":"Samuel Barata aponta evolu\u00e7\u00e3o na quebra da barreira das duas horas na maratona","datePublished":"2026-04-27T18:03:30+00:00","mainEntityOfPage":{"@id":"https:\/\/portaltela.pt\/noticias\/2026\/04\/27\/samuel-barata-aponta-evolucao-na-quebra-da-barreira-das-duas-horas-na-maratona\/"},"wordCount":223,"image":{"@id":"https:\/\/portaltela.pt\/noticias\/2026\/04\/27\/samuel-barata-aponta-evolucao-na-quebra-da-barreira-das-duas-horas-na-maratona\/#primaryimage"},"thumbnailUrl":"https:\/\/portaltela.pt\/s.01k8rhncp4jt1\/2026\/04\/img_920x518uu2026-04-27-18-40-53-2435614-im-639129120968033798.jpg","keywords":["_atletismo","_desporto","Covilh\u00e3","Londres","pessoas","Valencia"],"articleSection":["Desporto","Futebol"],"inLanguage":"pt-PT"},{"@type":"WebPage","@id":"https:\/\/portaltela.pt\/noticias\/2026\/04\/27\/samuel-barata-aponta-evolucao-na-quebra-da-barreira-das-duas-horas-na-maratona\/","url":"https:\/\/portaltela.pt\/noticias\/2026\/04\/27\/samuel-barata-aponta-evolucao-na-quebra-da-barreira-das-duas-horas-na-maratona\/","name":"Samuel Barata aponta evolu\u00e7\u00e3o na quebra da barreira das duas horas na maratona - Portal Tela Portugal","isPartOf":{"@id":"https:\/\/portaltela.pt\/#website"},"primaryImageOfPage":{"@id":"https:\/\/portaltela.pt\/noticias\/2026\/04\/27\/samuel-barata-aponta-evolucao-na-quebra-da-barreira-das-duas-horas-na-maratona\/#primaryimage"},"image":{"@id":"https:\/\/portaltela.pt\/noticias\/2026\/04\/27\/samuel-barata-aponta-evolucao-na-quebra-da-barreira-das-duas-horas-na-maratona\/#primaryimage"},"thumbnailUrl":"https:\/\/portaltela.pt\/s.01k8rhncp4jt1\/2026\/04\/img_920x518uu2026-04-27-18-40-53-2435614-im-639129120968033798.jpg","datePublished":"2026-04-27T18:03:30+00:00","author":{"@id":"https:\/\/portaltela.pt\/#\/schema\/person\/c4278d4a6028830caff9ee44b42d32ed"},"breadcrumb":{"@id":"https:\/\/portaltela.pt\/noticias\/2026\/04\/27\/samuel-barata-aponta-evolucao-na-quebra-da-barreira-das-duas-horas-na-maratona\/#breadcrumb"},"inLanguage":"pt-PT","potentialAction":[{"@type":"ReadAction","target":["https:\/\/portaltela.pt\/noticias\/2026\/04\/27\/samuel-barata-aponta-evolucao-na-quebra-da-barreira-das-duas-horas-na-maratona\/"]}]},{"@type":"ImageObject","inLanguage":"pt-PT","@id":"https:\/\/portaltela.pt\/noticias\/2026\/04\/27\/samuel-barata-aponta-evolucao-na-quebra-da-barreira-das-duas-horas-na-maratona\/#primaryimage","url":"https:\/\/portaltela.pt\/s.01k8rhncp4jt1\/2026\/04\/img_920x518uu2026-04-27-18-40-53-2435614-im-639129120968033798.jpg","contentUrl":"https:\/\/portaltela.pt\/s.01k8rhncp4jt1\/2026\/04\/img_920x518uu2026-04-27-18-40-53-2435614-im-639129120968033798.jpg","width":920,"height":518,"caption":"Queniano Sebastian Sawe correu maratona de Londres abaixo das duas horas"},{"@type":"BreadcrumbList","@id":"https:\/\/portaltela.pt\/noticias\/2026\/04\/27\/samuel-barata-aponta-evolucao-na-quebra-da-barreira-das-duas-horas-na-maratona\/#breadcrumb","itemListElement":[{"@type":"ListItem","position":1,"name":"In\u00edcio","item":"https:\/\/portaltela.pt\/"},{"@type":"ListItem","position":2,"name":"Samuel Barata aponta evolu\u00e7\u00e3o na quebra da barreira das duas horas na maratona"}]},{"@type":"WebSite","@id":"https:\/\/portaltela.pt\/#website","url":"https:\/\/portaltela.pt\/","name":"Portal Tela Portugal","description":"","potentialAction":[{"@type":"SearchAction","target":{"@type":"EntryPoint","urlTemplate":"https:\/\/portaltela.pt\/?s={search_term_string}"},"query-input":{"@type":"PropertyValueSpecification","valueRequired":true,"valueName":"search_term_string"}}],"inLanguage":"pt-PT"},{"@type":"Person","@id":"https:\/\/portaltela.pt\/#\/schema\/person\/c4278d4a6028830caff9ee44b42d32ed","name":"Telinha","image":{"@type":"ImageObject","inLanguage":"pt-PT","@id":"https:\/\/portaltela.pt\/s.01k8rhncp4jt1\/2025\/11\/talking-bot-125x125.png","url":"https:\/\/portaltela.pt\/s.01k8rhncp4jt1\/2025\/11\/talking-bot-125x125.png","contentUrl":"https:\/\/portaltela.pt\/s.01k8rhncp4jt1\/2025\/11\/talking-bot-125x125.png","caption":"Telinha"},"sameAs":["https:\/\/portaltela.pt\/"],"url":"https:\/\/portaltela.pt\/por\/367410592786\/"}]}},"_links":{"self":[{"href":"https:\/\/portaltela.pt\/api\/wp\/v2\/posts\/458742","targetHints":{"allow":["GET"]}}],"collection":[{"href":"https:\/\/portaltela.pt\/api\/wp\/v2\/posts"}],"about":[{"href":"https:\/\/portaltela.pt\/api\/wp\/v2\/types\/post"}],"author":[{"embeddable":true,"href":"https:\/\/portaltela.pt\/api\/wp\/v2\/users\/2"}],"replies":[{"embeddable":true,"href":"https:\/\/portaltela.pt\/api\/wp\/v2\/comments?post=458742"}],"version-history":[{"count":0,"href":"https:\/\/portaltela.pt\/api\/wp\/v2\/posts\/458742\/revisions"}],"wp:featuredmedia":[{"embeddable":true,"href":"https:\/\/portaltela.pt\/api\/wp\/v2\/media\/458752"}],"wp:attachment":[{"href":"https:\/\/portaltela.pt\/api\/wp\/v2\/media?parent=458742"}],"wp:term":[{"taxonomy":"category","embeddable":true,"href":"https:\/\/portaltela.pt\/api\/wp\/v2\/categories?post=458742"},{"taxonomy":"post_tag","embeddable":true,"href":"https:\/\/portaltela.pt\/api\/wp\/v2\/tags?post=458742"}],"curies":[{"name":"wp","href":"https:\/\/api.w.org\/{rel}","templated":true}]}}