{"id":458729,"date":"2026-04-27T15:03:16","date_gmt":"2026-04-27T18:03:16","guid":{"rendered":"https:\/\/portaltela.pt\/noticias\/2026\/04\/27\/decisao-sobre-proibicao-de-smartphones-alem-do-6-o-ano-sera-anunciada-nas-ferias\/"},"modified":"2026-04-27T15:03:16","modified_gmt":"2026-04-27T18:03:16","slug":"decisao-sobre-proibicao-de-smartphones-alem-do-6-o-ano-sera-anunciada-nas-ferias","status":"publish","type":"post","link":"https:\/\/portaltela.pt\/sociedade\/2026\/04\/27\/decisao-sobre-proibicao-de-smartphones-alem-do-6-o-ano-sera-anunciada-nas-ferias\/","title":{"rendered":"Decis\u00e3o sobre proibi\u00e7\u00e3o de smartphones al\u00e9m do 6.\u00ba ano ser\u00e1 anunciada nas f\u00e9rias"},"content":{"rendered":"<p>O Minist\u00e9rio da Educa\u00e7\u00e3o vai avaliar o impacto da proibi\u00e7\u00e3o de smartphones at\u00e9 ao 6.\u00ba ano antes de decidir se o alargamento abrange os alunos dos ciclos seguintes. O an\u00fancio definitivo ser\u00e1 feito ap\u00f3s as f\u00e9rias, conforme explicou o secret\u00e1rio de Estado Adjunto e da Educa\u00e7\u00e3o, Alexandre Homem Cristo. Um inqu\u00e9rito ser\u00e1 lan\u00e7ado j\u00e1 esta semana junto dos diretores de escola.<\/p>\n<p>A avalia\u00e7\u00e3o foca-se nos efeitos da proibi\u00e7\u00e3o no 1.\u00ba e 2.\u00ba ciclos. O objetivo \u00e9 perceber se se deve alargar a medida a alunos mais velhos, mantendo o calend\u00e1rio de divulga\u00e7\u00e3o apenas para o fim do ano letivo. A mudan\u00e7a insere-se no processo negocial do Estatuto da Carreira Docente.<\/p>\n<p>A medida come\u00e7ou h\u00e1 cerca de dois anos com uma recomenda\u00e7\u00e3o para negar o uso de telem\u00f3veis aos alunos mais novos. Alguns estabelecimentos aderiram, permitindo observar impactos no comportamento, socializa\u00e7\u00e3o e uso de bibliotecas. Os resultados indicaram melhorias gerais.<\/p>\n<h3>Proibi\u00e7\u00e3o de smartphones nos ciclos 1 e 2<\/h3>\n<p>A tutela concluiu que haver mais-valias na proibi\u00e7\u00e3o e decidiu repetir o processo para os restantes ciclos. O Governo planeia recolher informa\u00e7\u00f5es adicionais de dire\u00e7\u00f5es e docentes antes de anunciar o alargamento, ainda sem data definida.<\/p>\n<p>Na mesma reuni\u00e3o, sindicatos e Governo discutiram o novo modelo de concurso de professores. A proposta prev\u00ea apenas dois procedimentos concursais: um para necessidades permanentes e outro cont\u00ednuo para necessidades tempor\u00e1rias.<\/p>\n<p>A secretaria de Estado da Educa\u00e7\u00e3o indica que a mobilidade interna dever\u00e1 manter-se, mesmo com novo nome, garantindo candidaturas a necessidades tempor\u00e1rias. O objetivo \u00e9 evitar ultrapassagens e assentar as regras antes do in\u00edcio do ano lectivo.<\/p>\n<p>O Governo enviar\u00e1 uma nova vers\u00e3o do articulado aos sindicatos ainda hoje, pedindo sugest\u00f5es at\u00e9 quinta-feira. A pr\u00f3xima reuni\u00e3o t\u00e9cnica est\u00e1 marcada para a segunda-feira, com perspetiva de concluir o tema no dia 14.<\/p>\n<h3>Apoio aos docentes e desloca\u00e7\u00f5es<\/h3>\n<p>A Fenprof criticou a morosidade do processo de revis\u00e3o do ECD, alegando delays. A FNE defendeu um concurso entre dois previstos para facilitar a mobilidade de docentes em quadro. A secret\u00e1ria-geral da FNE alertou para o facto de muitos professores percorrem grandes dist\u00e2ncias diariamente sem apoio.<\/p>\n<p>Em n\u00fameros, cerca de 94% dos professores j\u00e1 est\u00e3o colocados a menos de 50 km. Ainda assim, milhares deslocam-se a mais de 100 km, situa\u00e7\u00e3o que coloca press\u00e3o financeira e log\u00edstica. O minist\u00e9rio tem considerado medidas de apoio ao pagamento de desloca\u00e7\u00f5es para este grupo.<\/p>\n","protected":false},"excerpt":{"rendered":"<ul>\n<li>O Minist\u00e9rio da Educa\u00e7\u00e3o vai avaliar o impacto da proibi\u00e7\u00e3o de smartphones at\u00e9 ao 6.\u00ba ano e anunciar o eventual alargamento apenas depois das f\u00e9rias, com um inqu\u00e9rito aos diretores j\u00e1 nesta semana.<\/li>\n<li>A ideia \u00e9 perceber se a medida deve abranger alunos de ciclos mais avan\u00e7ados, no \u00e2mbito de negocia\u00e7\u00f5es do Estatuto da Carreira Docente.<\/li>\n<li>A mudan\u00e7a come\u00e7ou h\u00e1 cerca de dois anos com uma recomenda\u00e7\u00e3o para as escolas restringirem o uso de telem\u00f3veis; o inqu\u00e9rito indicou melhorias no comportamento, maior socializa\u00e7\u00e3o, mais atividade f\u00edsica, uso de bibliotecas, menos indisciplina e menos bullying.<\/li>\n<li>O processo de eventual alargamento prossegue ap\u00f3s as aulas, com novas altera\u00e7\u00f5es a serem discutidas na revis\u00e3o do Estatuto da Carreira Docente.<\/li>\n<li>Em paralelo, continua a negocia\u00e7\u00e3o sobre o novo modelo de concurso de professores, com dois procedimentos (permanentes e cont\u00ednuo) e nova mobilidade interna renomeada, para evitar ultrapassagens e apoiar desloca\u00e7\u00f5es de docentes.<\/li>\n<\/ul>\n","protected":false},"author":2,"featured_media":458746,"comment_status":"closed","ping_status":"closed","sticky":false,"template":"","format":"standard","meta":{"footnotes":""},"categories":[1,6871],"tags":[8063,7795,7875,9033,4191,3202],"class_list":["post-458729","post","type-post","status-publish","format-standard","has-post-thumbnail","hentry","category-noticias","category-sociedade","tag-_concurso","tag-_educacao","tag-_educacao-publica","tag-_planeamento-escolar","tag-deslocacoes","tag-telemoveis"],"yoast_head":"<!-- This site is optimized with the Yoast SEO plugin v27.2 - https:\/\/yoast.com\/product\/yoast-seo-wordpress\/ -->\n<title>Decis\u00e3o sobre proibi\u00e7\u00e3o de smartphones al\u00e9m do 6.\u00ba ano ser\u00e1 anunciada nas f\u00e9rias - Portal Tela Portugal<\/title>\n<meta name=\"robots\" content=\"index, follow, max-snippet:-1, max-image-preview:large, max-video-preview:-1\" \/>\n<meta property=\"og:locale\" content=\"pt_PT\" \/>\n<meta property=\"og:type\" content=\"article\" \/>\n<meta property=\"og:title\" content=\"Decis\u00e3o sobre proibi\u00e7\u00e3o de smartphones al\u00e9m do 6.\u00ba ano ser\u00e1 anunciada nas f\u00e9rias - Portal Tela Portugal\" \/>\n<meta property=\"og:description\" content=\"O Minist\u00e9rio da Educa\u00e7\u00e3o vai avaliar o impacto da proibi\u00e7\u00e3o de smartphones at\u00e9 ao 6.\u00ba ano e anunciar o eventual alargamento apenas depois das f\u00e9rias, com um inqu\u00e9rito aos diretores j\u00e1 nesta semana. A ideia \u00e9 perceber se a medida deve abranger alunos de ciclos mais avan\u00e7ados, no \u00e2mbito de negocia\u00e7\u00f5es do Estatuto da Carreira Docente. A mudan\u00e7a come\u00e7ou h\u00e1 cerca de dois anos com uma recomenda\u00e7\u00e3o para as escolas restringirem o uso de telem\u00f3veis; o inqu\u00e9rito indicou melhorias no comportamento, maior socializa\u00e7\u00e3o, mais atividade f\u00edsica, uso de bibliotecas, menos indisciplina e menos bullying. O processo de eventual alargamento prossegue ap\u00f3s as aulas, com novas altera\u00e7\u00f5es a serem discutidas na revis\u00e3o do Estatuto da Carreira Docente. Em paralelo, continua a negocia\u00e7\u00e3o sobre o novo modelo de concurso de professores, com dois procedimentos (permanentes e cont\u00ednuo) e nova mobilidade interna renomeada, para evitar ultrapassagens e apoiar desloca\u00e7\u00f5es de docentes.\" \/>\n<meta property=\"og:url\" content=\"https:\/\/portaltela.pt\/noticias\/2026\/04\/27\/decisao-sobre-proibicao-de-smartphones-alem-do-6-o-ano-sera-anunciada-nas-ferias\/\" \/>\n<meta property=\"og:site_name\" content=\"Portal Tela Portugal\" \/>\n<meta property=\"article:published_time\" content=\"2026-04-27T18:03:16+00:00\" \/>\n<meta name=\"author\" content=\"Telinha\" \/>\n<meta name=\"twitter:card\" content=\"summary_large_image\" \/>\n<meta name=\"twitter:label1\" content=\"Escrito por\" \/>\n\t<meta name=\"twitter:data1\" content=\"Telinha\" \/>\n\t<meta name=\"twitter:label2\" content=\"Tempo estimado de leitura\" \/>\n\t<meta name=\"twitter:data2\" content=\"2 minutos\" \/>\n<script type=\"application\/ld+json\" class=\"yoast-schema-graph\">{\"@context\":\"https:\/\/schema.org\",\"@graph\":[{\"@type\":\"Article\",\"@id\":\"https:\/\/portaltela.pt\/noticias\/2026\/04\/27\/decisao-sobre-proibicao-de-smartphones-alem-do-6-o-ano-sera-anunciada-nas-ferias\/#article\",\"isPartOf\":{\"@id\":\"https:\/\/portaltela.pt\/noticias\/2026\/04\/27\/decisao-sobre-proibicao-de-smartphones-alem-do-6-o-ano-sera-anunciada-nas-ferias\/\"},\"author\":{\"name\":\"Telinha\",\"@id\":\"https:\/\/portaltela.pt\/#\/schema\/person\/c4278d4a6028830caff9ee44b42d32ed\"},\"headline\":\"Decis\u00e3o sobre proibi\u00e7\u00e3o de smartphones al\u00e9m do 6.\u00ba ano ser\u00e1 anunciada nas f\u00e9rias\",\"datePublished\":\"2026-04-27T18:03:16+00:00\",\"mainEntityOfPage\":{\"@id\":\"https:\/\/portaltela.pt\/noticias\/2026\/04\/27\/decisao-sobre-proibicao-de-smartphones-alem-do-6-o-ano-sera-anunciada-nas-ferias\/\"},\"wordCount\":441,\"image\":{\"@id\":\"https:\/\/portaltela.pt\/noticias\/2026\/04\/27\/decisao-sobre-proibicao-de-smartphones-alem-do-6-o-ano-sera-anunciada-nas-ferias\/#primaryimage\"},\"thumbnailUrl\":\"https:\/\/portaltela.pt\/s.01k8rhncp4jt1\/2026\/04\/2084421.jpg\",\"keywords\":[\"_concurso\",\"_educa\u00e7\u00e3o\",\"_educa\u00e7\u00e3o p\u00fablica\",\"_planeamento escolar\",\"desloca\u00e7\u00f5es\",\"telem\u00f3veis\"],\"articleSection\":[\"Not\u00edcias\",\"Sociedade\"],\"inLanguage\":\"pt-PT\"},{\"@type\":\"WebPage\",\"@id\":\"https:\/\/portaltela.pt\/noticias\/2026\/04\/27\/decisao-sobre-proibicao-de-smartphones-alem-do-6-o-ano-sera-anunciada-nas-ferias\/\",\"url\":\"https:\/\/portaltela.pt\/noticias\/2026\/04\/27\/decisao-sobre-proibicao-de-smartphones-alem-do-6-o-ano-sera-anunciada-nas-ferias\/\",\"name\":\"Decis\u00e3o sobre proibi\u00e7\u00e3o de smartphones al\u00e9m do 6.\u00ba ano ser\u00e1 anunciada nas f\u00e9rias - Portal Tela Portugal\",\"isPartOf\":{\"@id\":\"https:\/\/portaltela.pt\/#website\"},\"primaryImageOfPage\":{\"@id\":\"https:\/\/portaltela.pt\/noticias\/2026\/04\/27\/decisao-sobre-proibicao-de-smartphones-alem-do-6-o-ano-sera-anunciada-nas-ferias\/#primaryimage\"},\"image\":{\"@id\":\"https:\/\/portaltela.pt\/noticias\/2026\/04\/27\/decisao-sobre-proibicao-de-smartphones-alem-do-6-o-ano-sera-anunciada-nas-ferias\/#primaryimage\"},\"thumbnailUrl\":\"https:\/\/portaltela.pt\/s.01k8rhncp4jt1\/2026\/04\/2084421.jpg\",\"datePublished\":\"2026-04-27T18:03:16+00:00\",\"author\":{\"@id\":\"https:\/\/portaltela.pt\/#\/schema\/person\/c4278d4a6028830caff9ee44b42d32ed\"},\"breadcrumb\":{\"@id\":\"https:\/\/portaltela.pt\/noticias\/2026\/04\/27\/decisao-sobre-proibicao-de-smartphones-alem-do-6-o-ano-sera-anunciada-nas-ferias\/#breadcrumb\"},\"inLanguage\":\"pt-PT\",\"potentialAction\":[{\"@type\":\"ReadAction\",\"target\":[\"https:\/\/portaltela.pt\/noticias\/2026\/04\/27\/decisao-sobre-proibicao-de-smartphones-alem-do-6-o-ano-sera-anunciada-nas-ferias\/\"]}]},{\"@type\":\"ImageObject\",\"inLanguage\":\"pt-PT\",\"@id\":\"https:\/\/portaltela.pt\/noticias\/2026\/04\/27\/decisao-sobre-proibicao-de-smartphones-alem-do-6-o-ano-sera-anunciada-nas-ferias\/#primaryimage\",\"url\":\"https:\/\/portaltela.pt\/s.01k8rhncp4jt1\/2026\/04\/2084421.jpg\",\"contentUrl\":\"https:\/\/portaltela.pt\/s.01k8rhncp4jt1\/2026\/04\/2084421.jpg\",\"width\":796,\"height\":448,\"caption\":\"Uso de smartphones nas escolas est\u00e1 proibido at\u00e9 ao 6.\u00ba ano\"},{\"@type\":\"BreadcrumbList\",\"@id\":\"https:\/\/portaltela.pt\/noticias\/2026\/04\/27\/decisao-sobre-proibicao-de-smartphones-alem-do-6-o-ano-sera-anunciada-nas-ferias\/#breadcrumb\",\"itemListElement\":[{\"@type\":\"ListItem\",\"position\":1,\"name\":\"In\u00edcio\",\"item\":\"https:\/\/portaltela.pt\/\"},{\"@type\":\"ListItem\",\"position\":2,\"name\":\"Decis\u00e3o sobre proibi\u00e7\u00e3o de smartphones al\u00e9m do 6.\u00ba ano ser\u00e1 anunciada nas f\u00e9rias\"}]},{\"@type\":\"WebSite\",\"@id\":\"https:\/\/portaltela.pt\/#website\",\"url\":\"https:\/\/portaltela.pt\/\",\"name\":\"Portal Tela Portugal\",\"description\":\"\",\"potentialAction\":[{\"@type\":\"SearchAction\",\"target\":{\"@type\":\"EntryPoint\",\"urlTemplate\":\"https:\/\/portaltela.pt\/?s={search_term_string}\"},\"query-input\":{\"@type\":\"PropertyValueSpecification\",\"valueRequired\":true,\"valueName\":\"search_term_string\"}}],\"inLanguage\":\"pt-PT\"},{\"@type\":\"Person\",\"@id\":\"https:\/\/portaltela.pt\/#\/schema\/person\/c4278d4a6028830caff9ee44b42d32ed\",\"name\":\"Telinha\",\"image\":{\"@type\":\"ImageObject\",\"inLanguage\":\"pt-PT\",\"@id\":\"https:\/\/portaltela.pt\/s.01k8rhncp4jt1\/2025\/11\/talking-bot-125x125.png\",\"url\":\"https:\/\/portaltela.pt\/s.01k8rhncp4jt1\/2025\/11\/talking-bot-125x125.png\",\"contentUrl\":\"https:\/\/portaltela.pt\/s.01k8rhncp4jt1\/2025\/11\/talking-bot-125x125.png\",\"caption\":\"Telinha\"},\"sameAs\":[\"https:\/\/portaltela.pt\/\"],\"url\":\"https:\/\/portaltela.pt\/por\/367410592786\/\"}]}<\/script>\n<!-- \/ Yoast SEO plugin. -->","yoast_head_json":{"title":"Decis\u00e3o sobre proibi\u00e7\u00e3o de smartphones al\u00e9m do 6.\u00ba ano ser\u00e1 anunciada nas f\u00e9rias - Portal Tela Portugal","robots":{"index":"index","follow":"follow","max-snippet":"max-snippet:-1","max-image-preview":"max-image-preview:large","max-video-preview":"max-video-preview:-1"},"og_locale":"pt_PT","og_type":"article","og_title":"Decis\u00e3o sobre proibi\u00e7\u00e3o de smartphones al\u00e9m do 6.\u00ba ano ser\u00e1 anunciada nas f\u00e9rias - Portal Tela Portugal","og_description":"O Minist\u00e9rio da Educa\u00e7\u00e3o vai avaliar o impacto da proibi\u00e7\u00e3o de smartphones at\u00e9 ao 6.\u00ba ano e anunciar o eventual alargamento apenas depois das f\u00e9rias, com um inqu\u00e9rito aos diretores j\u00e1 nesta semana. A ideia \u00e9 perceber se a medida deve abranger alunos de ciclos mais avan\u00e7ados, no \u00e2mbito de negocia\u00e7\u00f5es do Estatuto da Carreira Docente. A mudan\u00e7a come\u00e7ou h\u00e1 cerca de dois anos com uma recomenda\u00e7\u00e3o para as escolas restringirem o uso de telem\u00f3veis; o inqu\u00e9rito indicou melhorias no comportamento, maior socializa\u00e7\u00e3o, mais atividade f\u00edsica, uso de bibliotecas, menos indisciplina e menos bullying. O processo de eventual alargamento prossegue ap\u00f3s as aulas, com novas altera\u00e7\u00f5es a serem discutidas na revis\u00e3o do Estatuto da Carreira Docente. Em paralelo, continua a negocia\u00e7\u00e3o sobre o novo modelo de concurso de professores, com dois procedimentos (permanentes e cont\u00ednuo) e nova mobilidade interna renomeada, para evitar ultrapassagens e apoiar desloca\u00e7\u00f5es de docentes.","og_url":"https:\/\/portaltela.pt\/noticias\/2026\/04\/27\/decisao-sobre-proibicao-de-smartphones-alem-do-6-o-ano-sera-anunciada-nas-ferias\/","og_site_name":"Portal Tela Portugal","article_published_time":"2026-04-27T18:03:16+00:00","author":"Telinha","twitter_card":"summary_large_image","twitter_misc":{"Escrito por":"Telinha","Tempo estimado de leitura":"2 minutos"},"schema":{"@context":"https:\/\/schema.org","@graph":[{"@type":"Article","@id":"https:\/\/portaltela.pt\/noticias\/2026\/04\/27\/decisao-sobre-proibicao-de-smartphones-alem-do-6-o-ano-sera-anunciada-nas-ferias\/#article","isPartOf":{"@id":"https:\/\/portaltela.pt\/noticias\/2026\/04\/27\/decisao-sobre-proibicao-de-smartphones-alem-do-6-o-ano-sera-anunciada-nas-ferias\/"},"author":{"name":"Telinha","@id":"https:\/\/portaltela.pt\/#\/schema\/person\/c4278d4a6028830caff9ee44b42d32ed"},"headline":"Decis\u00e3o sobre proibi\u00e7\u00e3o de smartphones al\u00e9m do 6.\u00ba ano ser\u00e1 anunciada nas f\u00e9rias","datePublished":"2026-04-27T18:03:16+00:00","mainEntityOfPage":{"@id":"https:\/\/portaltela.pt\/noticias\/2026\/04\/27\/decisao-sobre-proibicao-de-smartphones-alem-do-6-o-ano-sera-anunciada-nas-ferias\/"},"wordCount":441,"image":{"@id":"https:\/\/portaltela.pt\/noticias\/2026\/04\/27\/decisao-sobre-proibicao-de-smartphones-alem-do-6-o-ano-sera-anunciada-nas-ferias\/#primaryimage"},"thumbnailUrl":"https:\/\/portaltela.pt\/s.01k8rhncp4jt1\/2026\/04\/2084421.jpg","keywords":["_concurso","_educa\u00e7\u00e3o","_educa\u00e7\u00e3o p\u00fablica","_planeamento escolar","desloca\u00e7\u00f5es","telem\u00f3veis"],"articleSection":["Not\u00edcias","Sociedade"],"inLanguage":"pt-PT"},{"@type":"WebPage","@id":"https:\/\/portaltela.pt\/noticias\/2026\/04\/27\/decisao-sobre-proibicao-de-smartphones-alem-do-6-o-ano-sera-anunciada-nas-ferias\/","url":"https:\/\/portaltela.pt\/noticias\/2026\/04\/27\/decisao-sobre-proibicao-de-smartphones-alem-do-6-o-ano-sera-anunciada-nas-ferias\/","name":"Decis\u00e3o sobre proibi\u00e7\u00e3o de smartphones al\u00e9m do 6.\u00ba ano ser\u00e1 anunciada nas f\u00e9rias - Portal Tela Portugal","isPartOf":{"@id":"https:\/\/portaltela.pt\/#website"},"primaryImageOfPage":{"@id":"https:\/\/portaltela.pt\/noticias\/2026\/04\/27\/decisao-sobre-proibicao-de-smartphones-alem-do-6-o-ano-sera-anunciada-nas-ferias\/#primaryimage"},"image":{"@id":"https:\/\/portaltela.pt\/noticias\/2026\/04\/27\/decisao-sobre-proibicao-de-smartphones-alem-do-6-o-ano-sera-anunciada-nas-ferias\/#primaryimage"},"thumbnailUrl":"https:\/\/portaltela.pt\/s.01k8rhncp4jt1\/2026\/04\/2084421.jpg","datePublished":"2026-04-27T18:03:16+00:00","author":{"@id":"https:\/\/portaltela.pt\/#\/schema\/person\/c4278d4a6028830caff9ee44b42d32ed"},"breadcrumb":{"@id":"https:\/\/portaltela.pt\/noticias\/2026\/04\/27\/decisao-sobre-proibicao-de-smartphones-alem-do-6-o-ano-sera-anunciada-nas-ferias\/#breadcrumb"},"inLanguage":"pt-PT","potentialAction":[{"@type":"ReadAction","target":["https:\/\/portaltela.pt\/noticias\/2026\/04\/27\/decisao-sobre-proibicao-de-smartphones-alem-do-6-o-ano-sera-anunciada-nas-ferias\/"]}]},{"@type":"ImageObject","inLanguage":"pt-PT","@id":"https:\/\/portaltela.pt\/noticias\/2026\/04\/27\/decisao-sobre-proibicao-de-smartphones-alem-do-6-o-ano-sera-anunciada-nas-ferias\/#primaryimage","url":"https:\/\/portaltela.pt\/s.01k8rhncp4jt1\/2026\/04\/2084421.jpg","contentUrl":"https:\/\/portaltela.pt\/s.01k8rhncp4jt1\/2026\/04\/2084421.jpg","width":796,"height":448,"caption":"Uso de smartphones nas escolas est\u00e1 proibido at\u00e9 ao 6.\u00ba ano"},{"@type":"BreadcrumbList","@id":"https:\/\/portaltela.pt\/noticias\/2026\/04\/27\/decisao-sobre-proibicao-de-smartphones-alem-do-6-o-ano-sera-anunciada-nas-ferias\/#breadcrumb","itemListElement":[{"@type":"ListItem","position":1,"name":"In\u00edcio","item":"https:\/\/portaltela.pt\/"},{"@type":"ListItem","position":2,"name":"Decis\u00e3o sobre proibi\u00e7\u00e3o de smartphones al\u00e9m do 6.\u00ba ano ser\u00e1 anunciada nas f\u00e9rias"}]},{"@type":"WebSite","@id":"https:\/\/portaltela.pt\/#website","url":"https:\/\/portaltela.pt\/","name":"Portal Tela Portugal","description":"","potentialAction":[{"@type":"SearchAction","target":{"@type":"EntryPoint","urlTemplate":"https:\/\/portaltela.pt\/?s={search_term_string}"},"query-input":{"@type":"PropertyValueSpecification","valueRequired":true,"valueName":"search_term_string"}}],"inLanguage":"pt-PT"},{"@type":"Person","@id":"https:\/\/portaltela.pt\/#\/schema\/person\/c4278d4a6028830caff9ee44b42d32ed","name":"Telinha","image":{"@type":"ImageObject","inLanguage":"pt-PT","@id":"https:\/\/portaltela.pt\/s.01k8rhncp4jt1\/2025\/11\/talking-bot-125x125.png","url":"https:\/\/portaltela.pt\/s.01k8rhncp4jt1\/2025\/11\/talking-bot-125x125.png","contentUrl":"https:\/\/portaltela.pt\/s.01k8rhncp4jt1\/2025\/11\/talking-bot-125x125.png","caption":"Telinha"},"sameAs":["https:\/\/portaltela.pt\/"],"url":"https:\/\/portaltela.pt\/por\/367410592786\/"}]}},"_links":{"self":[{"href":"https:\/\/portaltela.pt\/api\/wp\/v2\/posts\/458729","targetHints":{"allow":["GET"]}}],"collection":[{"href":"https:\/\/portaltela.pt\/api\/wp\/v2\/posts"}],"about":[{"href":"https:\/\/portaltela.pt\/api\/wp\/v2\/types\/post"}],"author":[{"embeddable":true,"href":"https:\/\/portaltela.pt\/api\/wp\/v2\/users\/2"}],"replies":[{"embeddable":true,"href":"https:\/\/portaltela.pt\/api\/wp\/v2\/comments?post=458729"}],"version-history":[{"count":0,"href":"https:\/\/portaltela.pt\/api\/wp\/v2\/posts\/458729\/revisions"}],"wp:featuredmedia":[{"embeddable":true,"href":"https:\/\/portaltela.pt\/api\/wp\/v2\/media\/458746"}],"wp:attachment":[{"href":"https:\/\/portaltela.pt\/api\/wp\/v2\/media?parent=458729"}],"wp:term":[{"taxonomy":"category","embeddable":true,"href":"https:\/\/portaltela.pt\/api\/wp\/v2\/categories?post=458729"},{"taxonomy":"post_tag","embeddable":true,"href":"https:\/\/portaltela.pt\/api\/wp\/v2\/tags?post=458729"}],"curies":[{"name":"wp","href":"https:\/\/api.w.org\/{rel}","templated":true}]}}