{"id":458704,"date":"2026-04-27T14:48:08","date_gmt":"2026-04-27T17:48:08","guid":{"rendered":"https:\/\/portaltela.pt\/noticias\/2026\/04\/27\/caso-a-argentina-ganhe-o-mundial-47-milhoes-podem-esquecer-as-dificuldades-por-um-mes\/"},"modified":"2026-04-27T14:48:08","modified_gmt":"2026-04-27T17:48:08","slug":"caso-a-argentina-ganhe-o-mundial-47-milhoes-podem-esquecer-as-dificuldades-por-um-mes","status":"publish","type":"post","link":"https:\/\/portaltela.pt\/desporto\/copa-do-mundo\/2026\/04\/27\/caso-a-argentina-ganhe-o-mundial-47-milhoes-podem-esquecer-as-dificuldades-por-um-mes\/","title":{"rendered":"Caso a Argentina ganhe o Mundial, 47 milh\u00f5es podem esquecer as dificuldades por um m\u00eas"},"content":{"rendered":"<p>Adriano Cust\u00f3dio Mendes, conhecido por ser o primeiro africano a jogar na primeira divis\u00e3o argentina, soma uma carreira marcante pela hist\u00f3ria que representa. O jogador recorda a in\u00e9dita qualifica\u00e7\u00e3o de Cabo Verde para o Mundial de 2026 e mant\u00e9m viva a ambi\u00e7\u00e3o de ver Portugal na final.<\/p>\n<p>Cust\u00f3dio Mendes destacou o marco hist\u00f3rico ao longo da sua trajet\u00f3ria no futebol argentino, onde se tornou refer\u00eancia para jogadores africanos que ingressam na principal liga do pa\u00eds. A import\u00e2ncia da participa\u00e7\u00e3o de Cabo Verde no Mundial \u00e9 um ponto constante no seu discurso, mesmo diante do foco no desempenho da equipa anfitri\u00e3.<\/p>\n<p>Numa entrevista recente, o atleta admitiu que, se a Argentina vencer o Mundial, um grande contingente de cerca de 47 milh\u00f5es de pessoas poder\u00e1 libertar-se das dificuldades por um m\u00eas, utilizando a vit\u00f3ria como s\u00edmbolo de al\u00edvio moment\u00e2neo. O tema gerou rea\u00e7\u00e3o entre f\u00e3s e especialistas, que destacam o impacto emocional de grandes conquistas no contexto socioecon\u00f3mico.<\/p>\n<h3>Trajet\u00f3ria e Ambi\u00e7\u00f5es<\/h3>\n<p>O percurso de Mendes, ligado ao futebol profissional na Argentina, \u00e9 visto como um marco de integra\u00e7\u00e3o regional. A partir de Cabo Verde, destacou a surpresa pela qualifica\u00e7\u00e3o, refor\u00e7ando o orgulho nacional. A entrevista tamb\u00e9m evidenciou a esperan\u00e7a de ver Portugal alcan\u00e7ar a final, como express\u00e3o de apoio aos seus clubes e jogadores lus\u00f3fonos.<\/p>\n","protected":false},"excerpt":{"rendered":"<ul>\n<li>Adriano Cust\u00f3dio Mendes \u00e9 o primeiro africano a jogar na primeira divis\u00e3o do futebol argentino.<\/li>\n<li>O jogador relembra a in\u00e9dita qualifica\u00e7\u00e3o de Cabo Verde para o Mundial deste ano.<\/li>\n<li>Diz que gostava de ver Portugal na final do Mundial.<\/li>\n<\/ul>\n","protected":false},"author":2,"featured_media":458713,"comment_status":"closed","ping_status":"closed","sticky":false,"template":"","format":"standard","meta":{"footnotes":""},"categories":[6695,21],"tags":[7977,8093,7755,7907,8062,8027],"class_list":["post-458704","post","type-post","status-publish","format-standard","has-post-thumbnail","hentry","category-copa-do-mundo","category-desporto","tag-_africa","tag-_cabo-verde","tag-_futebol","tag-_futebol-internacional","tag-_portugal","tag-_selecao-nacional"],"yoast_head":"<!-- This site is optimized with the Yoast SEO plugin v27.2 - https:\/\/yoast.com\/product\/yoast-seo-wordpress\/ -->\n<title>Caso a Argentina ganhe o Mundial, 47 milh\u00f5es podem esquecer as dificuldades por um m\u00eas - Portal Tela Portugal<\/title>\n<meta name=\"robots\" content=\"index, follow, max-snippet:-1, max-image-preview:large, max-video-preview:-1\" \/>\n<meta property=\"og:locale\" content=\"pt_PT\" \/>\n<meta property=\"og:type\" content=\"article\" \/>\n<meta property=\"og:title\" content=\"Caso a Argentina ganhe o Mundial, 47 milh\u00f5es podem esquecer as dificuldades por um m\u00eas - Portal Tela Portugal\" \/>\n<meta property=\"og:description\" content=\"Adriano Cust\u00f3dio Mendes \u00e9 o primeiro africano a jogar na primeira divis\u00e3o do futebol argentino. O jogador relembra a in\u00e9dita qualifica\u00e7\u00e3o de Cabo Verde para o Mundial deste ano. Diz que gostava de ver Portugal na final do Mundial.\" \/>\n<meta property=\"og:url\" content=\"https:\/\/portaltela.pt\/noticias\/2026\/04\/27\/caso-a-argentina-ganhe-o-mundial-47-milhoes-podem-esquecer-as-dificuldades-por-um-mes\/\" \/>\n<meta property=\"og:site_name\" content=\"Portal Tela Portugal\" \/>\n<meta property=\"article:published_time\" content=\"2026-04-27T17:48:08+00:00\" \/>\n<meta name=\"author\" content=\"Telinha\" \/>\n<meta name=\"twitter:card\" content=\"summary_large_image\" \/>\n<meta name=\"twitter:label1\" content=\"Escrito por\" \/>\n\t<meta name=\"twitter:data1\" content=\"Telinha\" \/>\n\t<meta name=\"twitter:label2\" content=\"Tempo estimado de leitura\" \/>\n\t<meta name=\"twitter:data2\" content=\"1 minuto\" \/>\n<script type=\"application\/ld+json\" class=\"yoast-schema-graph\">{\"@context\":\"https:\/\/schema.org\",\"@graph\":[{\"@type\":\"Article\",\"@id\":\"https:\/\/portaltela.pt\/noticias\/2026\/04\/27\/caso-a-argentina-ganhe-o-mundial-47-milhoes-podem-esquecer-as-dificuldades-por-um-mes\/#article\",\"isPartOf\":{\"@id\":\"https:\/\/portaltela.pt\/noticias\/2026\/04\/27\/caso-a-argentina-ganhe-o-mundial-47-milhoes-podem-esquecer-as-dificuldades-por-um-mes\/\"},\"author\":{\"name\":\"Telinha\",\"@id\":\"https:\/\/portaltela.pt\/#\/schema\/person\/c4278d4a6028830caff9ee44b42d32ed\"},\"headline\":\"Caso a Argentina ganhe o Mundial, 47 milh\u00f5es podem esquecer as dificuldades por um m\u00eas\",\"datePublished\":\"2026-04-27T17:48:08+00:00\",\"mainEntityOfPage\":{\"@id\":\"https:\/\/portaltela.pt\/noticias\/2026\/04\/27\/caso-a-argentina-ganhe-o-mundial-47-milhoes-podem-esquecer-as-dificuldades-por-um-mes\/\"},\"wordCount\":259,\"image\":{\"@id\":\"https:\/\/portaltela.pt\/noticias\/2026\/04\/27\/caso-a-argentina-ganhe-o-mundial-47-milhoes-podem-esquecer-as-dificuldades-por-um-mes\/#primaryimage\"},\"thumbnailUrl\":\"https:\/\/portaltela.pt\/s.01k8rhncp4jt1\/2026\/04\/img_293x165uu2026-04-27-16-04-19-2435583.jpg\",\"keywords\":[\"_\u00c1frica\",\"_Cabo Verde\",\"_futebol\",\"_futebol internacional\",\"_Portugal\",\"_Sele\u00e7\u00e3o Nacional\"],\"articleSection\":[\"Copa do Mundo\",\"Desporto\"],\"inLanguage\":\"pt-PT\"},{\"@type\":\"WebPage\",\"@id\":\"https:\/\/portaltela.pt\/noticias\/2026\/04\/27\/caso-a-argentina-ganhe-o-mundial-47-milhoes-podem-esquecer-as-dificuldades-por-um-mes\/\",\"url\":\"https:\/\/portaltela.pt\/noticias\/2026\/04\/27\/caso-a-argentina-ganhe-o-mundial-47-milhoes-podem-esquecer-as-dificuldades-por-um-mes\/\",\"name\":\"Caso a Argentina ganhe o Mundial, 47 milh\u00f5es podem esquecer as dificuldades por um m\u00eas - Portal Tela Portugal\",\"isPartOf\":{\"@id\":\"https:\/\/portaltela.pt\/#website\"},\"primaryImageOfPage\":{\"@id\":\"https:\/\/portaltela.pt\/noticias\/2026\/04\/27\/caso-a-argentina-ganhe-o-mundial-47-milhoes-podem-esquecer-as-dificuldades-por-um-mes\/#primaryimage\"},\"image\":{\"@id\":\"https:\/\/portaltela.pt\/noticias\/2026\/04\/27\/caso-a-argentina-ganhe-o-mundial-47-milhoes-podem-esquecer-as-dificuldades-por-um-mes\/#primaryimage\"},\"thumbnailUrl\":\"https:\/\/portaltela.pt\/s.01k8rhncp4jt1\/2026\/04\/img_293x165uu2026-04-27-16-04-19-2435583.jpg\",\"datePublished\":\"2026-04-27T17:48:08+00:00\",\"author\":{\"@id\":\"https:\/\/portaltela.pt\/#\/schema\/person\/c4278d4a6028830caff9ee44b42d32ed\"},\"breadcrumb\":{\"@id\":\"https:\/\/portaltela.pt\/noticias\/2026\/04\/27\/caso-a-argentina-ganhe-o-mundial-47-milhoes-podem-esquecer-as-dificuldades-por-um-mes\/#breadcrumb\"},\"inLanguage\":\"pt-PT\",\"potentialAction\":[{\"@type\":\"ReadAction\",\"target\":[\"https:\/\/portaltela.pt\/noticias\/2026\/04\/27\/caso-a-argentina-ganhe-o-mundial-47-milhoes-podem-esquecer-as-dificuldades-por-um-mes\/\"]}]},{\"@type\":\"ImageObject\",\"inLanguage\":\"pt-PT\",\"@id\":\"https:\/\/portaltela.pt\/noticias\/2026\/04\/27\/caso-a-argentina-ganhe-o-mundial-47-milhoes-podem-esquecer-as-dificuldades-por-um-mes\/#primaryimage\",\"url\":\"https:\/\/portaltela.pt\/s.01k8rhncp4jt1\/2026\/04\/img_293x165uu2026-04-27-16-04-19-2435583.jpg\",\"contentUrl\":\"https:\/\/portaltela.pt\/s.01k8rhncp4jt1\/2026\/04\/img_293x165uu2026-04-27-16-04-19-2435583.jpg\",\"width\":796,\"height\":448,\"caption\":\"Primeiro africano a jogar profissionalmente na 1.\u00aa divis\u00e3o Argentina, Adriano Cust\u00f3dio Mendes n\u00e3o esquece a in\u00e9dita qualifica\u00e7\u00e3o de Cabo Verde para o Mundial deste ano, mas gostava de ver Portugal na final...\"},{\"@type\":\"BreadcrumbList\",\"@id\":\"https:\/\/portaltela.pt\/noticias\/2026\/04\/27\/caso-a-argentina-ganhe-o-mundial-47-milhoes-podem-esquecer-as-dificuldades-por-um-mes\/#breadcrumb\",\"itemListElement\":[{\"@type\":\"ListItem\",\"position\":1,\"name\":\"In\u00edcio\",\"item\":\"https:\/\/portaltela.pt\/\"},{\"@type\":\"ListItem\",\"position\":2,\"name\":\"Caso a Argentina ganhe o Mundial, 47 milh\u00f5es podem esquecer as dificuldades por um m\u00eas\"}]},{\"@type\":\"WebSite\",\"@id\":\"https:\/\/portaltela.pt\/#website\",\"url\":\"https:\/\/portaltela.pt\/\",\"name\":\"Portal Tela Portugal\",\"description\":\"\",\"potentialAction\":[{\"@type\":\"SearchAction\",\"target\":{\"@type\":\"EntryPoint\",\"urlTemplate\":\"https:\/\/portaltela.pt\/?s={search_term_string}\"},\"query-input\":{\"@type\":\"PropertyValueSpecification\",\"valueRequired\":true,\"valueName\":\"search_term_string\"}}],\"inLanguage\":\"pt-PT\"},{\"@type\":\"Person\",\"@id\":\"https:\/\/portaltela.pt\/#\/schema\/person\/c4278d4a6028830caff9ee44b42d32ed\",\"name\":\"Telinha\",\"image\":{\"@type\":\"ImageObject\",\"inLanguage\":\"pt-PT\",\"@id\":\"https:\/\/portaltela.pt\/s.01k8rhncp4jt1\/2025\/11\/talking-bot-125x125.png\",\"url\":\"https:\/\/portaltela.pt\/s.01k8rhncp4jt1\/2025\/11\/talking-bot-125x125.png\",\"contentUrl\":\"https:\/\/portaltela.pt\/s.01k8rhncp4jt1\/2025\/11\/talking-bot-125x125.png\",\"caption\":\"Telinha\"},\"sameAs\":[\"https:\/\/portaltela.pt\/\"],\"url\":\"https:\/\/portaltela.pt\/por\/367410592786\/\"}]}<\/script>\n<!-- \/ Yoast SEO plugin. -->","yoast_head_json":{"title":"Caso a Argentina ganhe o Mundial, 47 milh\u00f5es podem esquecer as dificuldades por um m\u00eas - Portal Tela Portugal","robots":{"index":"index","follow":"follow","max-snippet":"max-snippet:-1","max-image-preview":"max-image-preview:large","max-video-preview":"max-video-preview:-1"},"og_locale":"pt_PT","og_type":"article","og_title":"Caso a Argentina ganhe o Mundial, 47 milh\u00f5es podem esquecer as dificuldades por um m\u00eas - Portal Tela Portugal","og_description":"Adriano Cust\u00f3dio Mendes \u00e9 o primeiro africano a jogar na primeira divis\u00e3o do futebol argentino. O jogador relembra a in\u00e9dita qualifica\u00e7\u00e3o de Cabo Verde para o Mundial deste ano. Diz que gostava de ver Portugal na final do Mundial.","og_url":"https:\/\/portaltela.pt\/noticias\/2026\/04\/27\/caso-a-argentina-ganhe-o-mundial-47-milhoes-podem-esquecer-as-dificuldades-por-um-mes\/","og_site_name":"Portal Tela Portugal","article_published_time":"2026-04-27T17:48:08+00:00","author":"Telinha","twitter_card":"summary_large_image","twitter_misc":{"Escrito por":"Telinha","Tempo estimado de leitura":"1 minuto"},"schema":{"@context":"https:\/\/schema.org","@graph":[{"@type":"Article","@id":"https:\/\/portaltela.pt\/noticias\/2026\/04\/27\/caso-a-argentina-ganhe-o-mundial-47-milhoes-podem-esquecer-as-dificuldades-por-um-mes\/#article","isPartOf":{"@id":"https:\/\/portaltela.pt\/noticias\/2026\/04\/27\/caso-a-argentina-ganhe-o-mundial-47-milhoes-podem-esquecer-as-dificuldades-por-um-mes\/"},"author":{"name":"Telinha","@id":"https:\/\/portaltela.pt\/#\/schema\/person\/c4278d4a6028830caff9ee44b42d32ed"},"headline":"Caso a Argentina ganhe o Mundial, 47 milh\u00f5es podem esquecer as dificuldades por um m\u00eas","datePublished":"2026-04-27T17:48:08+00:00","mainEntityOfPage":{"@id":"https:\/\/portaltela.pt\/noticias\/2026\/04\/27\/caso-a-argentina-ganhe-o-mundial-47-milhoes-podem-esquecer-as-dificuldades-por-um-mes\/"},"wordCount":259,"image":{"@id":"https:\/\/portaltela.pt\/noticias\/2026\/04\/27\/caso-a-argentina-ganhe-o-mundial-47-milhoes-podem-esquecer-as-dificuldades-por-um-mes\/#primaryimage"},"thumbnailUrl":"https:\/\/portaltela.pt\/s.01k8rhncp4jt1\/2026\/04\/img_293x165uu2026-04-27-16-04-19-2435583.jpg","keywords":["_\u00c1frica","_Cabo Verde","_futebol","_futebol internacional","_Portugal","_Sele\u00e7\u00e3o Nacional"],"articleSection":["Copa do Mundo","Desporto"],"inLanguage":"pt-PT"},{"@type":"WebPage","@id":"https:\/\/portaltela.pt\/noticias\/2026\/04\/27\/caso-a-argentina-ganhe-o-mundial-47-milhoes-podem-esquecer-as-dificuldades-por-um-mes\/","url":"https:\/\/portaltela.pt\/noticias\/2026\/04\/27\/caso-a-argentina-ganhe-o-mundial-47-milhoes-podem-esquecer-as-dificuldades-por-um-mes\/","name":"Caso a Argentina ganhe o Mundial, 47 milh\u00f5es podem esquecer as dificuldades por um m\u00eas - Portal Tela Portugal","isPartOf":{"@id":"https:\/\/portaltela.pt\/#website"},"primaryImageOfPage":{"@id":"https:\/\/portaltela.pt\/noticias\/2026\/04\/27\/caso-a-argentina-ganhe-o-mundial-47-milhoes-podem-esquecer-as-dificuldades-por-um-mes\/#primaryimage"},"image":{"@id":"https:\/\/portaltela.pt\/noticias\/2026\/04\/27\/caso-a-argentina-ganhe-o-mundial-47-milhoes-podem-esquecer-as-dificuldades-por-um-mes\/#primaryimage"},"thumbnailUrl":"https:\/\/portaltela.pt\/s.01k8rhncp4jt1\/2026\/04\/img_293x165uu2026-04-27-16-04-19-2435583.jpg","datePublished":"2026-04-27T17:48:08+00:00","author":{"@id":"https:\/\/portaltela.pt\/#\/schema\/person\/c4278d4a6028830caff9ee44b42d32ed"},"breadcrumb":{"@id":"https:\/\/portaltela.pt\/noticias\/2026\/04\/27\/caso-a-argentina-ganhe-o-mundial-47-milhoes-podem-esquecer-as-dificuldades-por-um-mes\/#breadcrumb"},"inLanguage":"pt-PT","potentialAction":[{"@type":"ReadAction","target":["https:\/\/portaltela.pt\/noticias\/2026\/04\/27\/caso-a-argentina-ganhe-o-mundial-47-milhoes-podem-esquecer-as-dificuldades-por-um-mes\/"]}]},{"@type":"ImageObject","inLanguage":"pt-PT","@id":"https:\/\/portaltela.pt\/noticias\/2026\/04\/27\/caso-a-argentina-ganhe-o-mundial-47-milhoes-podem-esquecer-as-dificuldades-por-um-mes\/#primaryimage","url":"https:\/\/portaltela.pt\/s.01k8rhncp4jt1\/2026\/04\/img_293x165uu2026-04-27-16-04-19-2435583.jpg","contentUrl":"https:\/\/portaltela.pt\/s.01k8rhncp4jt1\/2026\/04\/img_293x165uu2026-04-27-16-04-19-2435583.jpg","width":796,"height":448,"caption":"Primeiro africano a jogar profissionalmente na 1.\u00aa divis\u00e3o Argentina, Adriano Cust\u00f3dio Mendes n\u00e3o esquece a in\u00e9dita qualifica\u00e7\u00e3o de Cabo Verde para o Mundial deste ano, mas gostava de ver Portugal na final..."},{"@type":"BreadcrumbList","@id":"https:\/\/portaltela.pt\/noticias\/2026\/04\/27\/caso-a-argentina-ganhe-o-mundial-47-milhoes-podem-esquecer-as-dificuldades-por-um-mes\/#breadcrumb","itemListElement":[{"@type":"ListItem","position":1,"name":"In\u00edcio","item":"https:\/\/portaltela.pt\/"},{"@type":"ListItem","position":2,"name":"Caso a Argentina ganhe o Mundial, 47 milh\u00f5es podem esquecer as dificuldades por um m\u00eas"}]},{"@type":"WebSite","@id":"https:\/\/portaltela.pt\/#website","url":"https:\/\/portaltela.pt\/","name":"Portal Tela Portugal","description":"","potentialAction":[{"@type":"SearchAction","target":{"@type":"EntryPoint","urlTemplate":"https:\/\/portaltela.pt\/?s={search_term_string}"},"query-input":{"@type":"PropertyValueSpecification","valueRequired":true,"valueName":"search_term_string"}}],"inLanguage":"pt-PT"},{"@type":"Person","@id":"https:\/\/portaltela.pt\/#\/schema\/person\/c4278d4a6028830caff9ee44b42d32ed","name":"Telinha","image":{"@type":"ImageObject","inLanguage":"pt-PT","@id":"https:\/\/portaltela.pt\/s.01k8rhncp4jt1\/2025\/11\/talking-bot-125x125.png","url":"https:\/\/portaltela.pt\/s.01k8rhncp4jt1\/2025\/11\/talking-bot-125x125.png","contentUrl":"https:\/\/portaltela.pt\/s.01k8rhncp4jt1\/2025\/11\/talking-bot-125x125.png","caption":"Telinha"},"sameAs":["https:\/\/portaltela.pt\/"],"url":"https:\/\/portaltela.pt\/por\/367410592786\/"}]}},"_links":{"self":[{"href":"https:\/\/portaltela.pt\/api\/wp\/v2\/posts\/458704","targetHints":{"allow":["GET"]}}],"collection":[{"href":"https:\/\/portaltela.pt\/api\/wp\/v2\/posts"}],"about":[{"href":"https:\/\/portaltela.pt\/api\/wp\/v2\/types\/post"}],"author":[{"embeddable":true,"href":"https:\/\/portaltela.pt\/api\/wp\/v2\/users\/2"}],"replies":[{"embeddable":true,"href":"https:\/\/portaltela.pt\/api\/wp\/v2\/comments?post=458704"}],"version-history":[{"count":0,"href":"https:\/\/portaltela.pt\/api\/wp\/v2\/posts\/458704\/revisions"}],"wp:featuredmedia":[{"embeddable":true,"href":"https:\/\/portaltela.pt\/api\/wp\/v2\/media\/458713"}],"wp:attachment":[{"href":"https:\/\/portaltela.pt\/api\/wp\/v2\/media?parent=458704"}],"wp:term":[{"taxonomy":"category","embeddable":true,"href":"https:\/\/portaltela.pt\/api\/wp\/v2\/categories?post=458704"},{"taxonomy":"post_tag","embeddable":true,"href":"https:\/\/portaltela.pt\/api\/wp\/v2\/tags?post=458704"}],"curies":[{"name":"wp","href":"https:\/\/api.w.org\/{rel}","templated":true}]}}