{"id":458701,"date":"2026-04-27T14:48:00","date_gmt":"2026-04-27T17:48:00","guid":{"rendered":"https:\/\/portaltela.pt\/noticias\/2026\/04\/27\/veia-goleadora-do-sporting-em-queda-nao-ocorria-desde-2018\/"},"modified":"2026-04-27T14:48:00","modified_gmt":"2026-04-27T17:48:00","slug":"veia-goleadora-do-sporting-em-queda-nao-ocorria-desde-2018","status":"publish","type":"post","link":"https:\/\/portaltela.pt\/desporto\/futebol\/2026\/04\/27\/veia-goleadora-do-sporting-em-queda-nao-ocorria-desde-2018\/","title":{"rendered":"Veia goleadora do Sporting em queda n\u00e3o ocorria desde 2018"},"content":{"rendered":"<p>O Sporting atravessa abril sem rendimento, com elimina\u00e7\u00e3o na Liga dos Campe\u00f5es, derrota no d\u00e9rbi e empate frente ao AVS SAD. Apenas a qualifica\u00e7\u00e3o para a final da Ta\u00e7a de Portugal oferece algum alento.<\/p>\n<p>No conjunto de seis jogos, os verde e branco venceram apenas tr\u00eas, evidenciando uma queda clara da produ\u00e7\u00e3o ofensiva nos \u00faltimos encontros.<\/p>\n<p>A equipa continua a sofrer com a escassez de golos, mesmo com nomes de peso no plantel, como Luis Su\u00e1rez, numa fase em que a recupera\u00e7\u00e3o de resultados \u00e9 priorit\u00e1ria.<\/p>\n<h3>Desempenho ofensivo e pr\u00f3ximos passos<\/h3>\n<p>Analistas apontam dificuldades no desbloqueio do ataque e na decis\u00e3o no \u00faltimo ter\u00e7o, pese embora oportunidades criadas.<\/p>\n<p>A recupera\u00e7\u00e3o passa pela diferencia\u00e7\u00e3o t\u00e1ctica e maior efic\u00e1cia na finaliza\u00e7\u00e3o, sobretudo em jogos de maior exig\u00eancia competitiva.<\/p>\n","protected":false},"excerpt":{"rendered":"<ul>\n<li>O Sporting atravessa um m\u00eas de abril para esquecer, com elimina\u00e7\u00e3o na Liga dos Campe\u00f5es, derrota no d\u00e9rbi e empate frente ao AVS SAD.<\/li>\n<li>S\u00f3 se assumiu ao final da Ta\u00e7a de Portugal, mas esse feito n\u00e3o esconde a car\u00eancia de golos da equipa.<\/li>\n<li>Nos \u00faltimos seis jogos, os verde e brancos faturaram apenas por tr\u00eas vezes.<\/li>\n<li>A falta de progressos ofensivos \u00e9 o principal problema que o clube enfrenta neste momento.<\/li>\n<li>A not\u00edcia n\u00e3o detalha medidas tomadas pela dire\u00e7\u00e3o para inverter a situa\u00e7\u00e3o.<\/li>\n<\/ul>\n","protected":false},"author":2,"featured_media":458703,"comment_status":"closed","ping_status":"closed","sticky":false,"template":"","format":"standard","meta":{"footnotes":""},"categories":[21,24],"tags":[3577,32,1786,1652,1266],"class_list":["post-458701","post","type-post","status-publish","format-standard","has-post-thumbnail","hentry","category-desporto","category-futebol","tag-champions-league","tag-futebol","tag-liga","tag-sporting","tag-taca-de-portugal"],"yoast_head":"<!-- This site is optimized with the Yoast SEO plugin v27.2 - https:\/\/yoast.com\/product\/yoast-seo-wordpress\/ -->\n<title>Veia goleadora do Sporting em queda n\u00e3o ocorria desde 2018 - Portal Tela Portugal<\/title>\n<meta name=\"robots\" content=\"index, follow, max-snippet:-1, max-image-preview:large, max-video-preview:-1\" \/>\n<meta property=\"og:locale\" content=\"pt_PT\" \/>\n<meta property=\"og:type\" content=\"article\" \/>\n<meta property=\"og:title\" content=\"Veia goleadora do Sporting em queda n\u00e3o ocorria desde 2018 - Portal Tela Portugal\" \/>\n<meta property=\"og:description\" content=\"O Sporting atravessa um m\u00eas de abril para esquecer, com elimina\u00e7\u00e3o na Liga dos Campe\u00f5es, derrota no d\u00e9rbi e empate frente ao AVS SAD. S\u00f3 se assumiu ao final da Ta\u00e7a de Portugal, mas esse feito n\u00e3o esconde a car\u00eancia de golos da equipa. Nos \u00faltimos seis jogos, os verde e brancos faturaram apenas por tr\u00eas vezes. A falta de progressos ofensivos \u00e9 o principal problema que o clube enfrenta neste momento. A not\u00edcia n\u00e3o detalha medidas tomadas pela dire\u00e7\u00e3o para inverter a situa\u00e7\u00e3o.\" \/>\n<meta property=\"og:url\" content=\"https:\/\/portaltela.pt\/noticias\/2026\/04\/27\/veia-goleadora-do-sporting-em-queda-nao-ocorria-desde-2018\/\" \/>\n<meta property=\"og:site_name\" content=\"Portal Tela Portugal\" \/>\n<meta property=\"article:published_time\" content=\"2026-04-27T17:48:00+00:00\" \/>\n<meta name=\"author\" content=\"Telinha\" \/>\n<meta name=\"twitter:card\" content=\"summary_large_image\" \/>\n<meta name=\"twitter:label1\" content=\"Escrito por\" \/>\n\t<meta name=\"twitter:data1\" content=\"Telinha\" \/>\n\t<meta name=\"twitter:label2\" content=\"Tempo estimado de leitura\" \/>\n\t<meta name=\"twitter:data2\" content=\"1 minuto\" \/>\n<script type=\"application\/ld+json\" class=\"yoast-schema-graph\">{\"@context\":\"https:\/\/schema.org\",\"@graph\":[{\"@type\":\"Article\",\"@id\":\"https:\/\/portaltela.pt\/noticias\/2026\/04\/27\/veia-goleadora-do-sporting-em-queda-nao-ocorria-desde-2018\/#article\",\"isPartOf\":{\"@id\":\"https:\/\/portaltela.pt\/noticias\/2026\/04\/27\/veia-goleadora-do-sporting-em-queda-nao-ocorria-desde-2018\/\"},\"author\":{\"name\":\"Telinha\",\"@id\":\"https:\/\/portaltela.pt\/#\/schema\/person\/c4278d4a6028830caff9ee44b42d32ed\"},\"headline\":\"Veia goleadora do Sporting em queda n\u00e3o ocorria desde 2018\",\"datePublished\":\"2026-04-27T17:48:00+00:00\",\"mainEntityOfPage\":{\"@id\":\"https:\/\/portaltela.pt\/noticias\/2026\/04\/27\/veia-goleadora-do-sporting-em-queda-nao-ocorria-desde-2018\/\"},\"wordCount\":154,\"image\":{\"@id\":\"https:\/\/portaltela.pt\/noticias\/2026\/04\/27\/veia-goleadora-do-sporting-em-queda-nao-ocorria-desde-2018\/#primaryimage\"},\"thumbnailUrl\":\"https:\/\/portaltela.pt\/s.01k8rhncp4jt1\/2026\/04\/img_920x518uu2026-04-27-18-17-11-2435610-im-639129106426595503.jpg\",\"keywords\":[\"Champions League\",\"futebol\",\"Liga\",\"Sporting\",\"Ta\u00e7a de Portugal\"],\"articleSection\":[\"Desporto\",\"Futebol\"],\"inLanguage\":\"pt-PT\"},{\"@type\":\"WebPage\",\"@id\":\"https:\/\/portaltela.pt\/noticias\/2026\/04\/27\/veia-goleadora-do-sporting-em-queda-nao-ocorria-desde-2018\/\",\"url\":\"https:\/\/portaltela.pt\/noticias\/2026\/04\/27\/veia-goleadora-do-sporting-em-queda-nao-ocorria-desde-2018\/\",\"name\":\"Veia goleadora do Sporting em queda n\u00e3o ocorria desde 2018 - Portal Tela Portugal\",\"isPartOf\":{\"@id\":\"https:\/\/portaltela.pt\/#website\"},\"primaryImageOfPage\":{\"@id\":\"https:\/\/portaltela.pt\/noticias\/2026\/04\/27\/veia-goleadora-do-sporting-em-queda-nao-ocorria-desde-2018\/#primaryimage\"},\"image\":{\"@id\":\"https:\/\/portaltela.pt\/noticias\/2026\/04\/27\/veia-goleadora-do-sporting-em-queda-nao-ocorria-desde-2018\/#primaryimage\"},\"thumbnailUrl\":\"https:\/\/portaltela.pt\/s.01k8rhncp4jt1\/2026\/04\/img_920x518uu2026-04-27-18-17-11-2435610-im-639129106426595503.jpg\",\"datePublished\":\"2026-04-27T17:48:00+00:00\",\"author\":{\"@id\":\"https:\/\/portaltela.pt\/#\/schema\/person\/c4278d4a6028830caff9ee44b42d32ed\"},\"breadcrumb\":{\"@id\":\"https:\/\/portaltela.pt\/noticias\/2026\/04\/27\/veia-goleadora-do-sporting-em-queda-nao-ocorria-desde-2018\/#breadcrumb\"},\"inLanguage\":\"pt-PT\",\"potentialAction\":[{\"@type\":\"ReadAction\",\"target\":[\"https:\/\/portaltela.pt\/noticias\/2026\/04\/27\/veia-goleadora-do-sporting-em-queda-nao-ocorria-desde-2018\/\"]}]},{\"@type\":\"ImageObject\",\"inLanguage\":\"pt-PT\",\"@id\":\"https:\/\/portaltela.pt\/noticias\/2026\/04\/27\/veia-goleadora-do-sporting-em-queda-nao-ocorria-desde-2018\/#primaryimage\",\"url\":\"https:\/\/portaltela.pt\/s.01k8rhncp4jt1\/2026\/04\/img_920x518uu2026-04-27-18-17-11-2435610-im-639129106426595503.jpg\",\"contentUrl\":\"https:\/\/portaltela.pt\/s.01k8rhncp4jt1\/2026\/04\/img_920x518uu2026-04-27-18-17-11-2435610-im-639129106426595503.jpg\",\"width\":796,\"height\":448,\"caption\":\"Luis Su\u00e1rez com Rui Borges\"},{\"@type\":\"BreadcrumbList\",\"@id\":\"https:\/\/portaltela.pt\/noticias\/2026\/04\/27\/veia-goleadora-do-sporting-em-queda-nao-ocorria-desde-2018\/#breadcrumb\",\"itemListElement\":[{\"@type\":\"ListItem\",\"position\":1,\"name\":\"In\u00edcio\",\"item\":\"https:\/\/portaltela.pt\/\"},{\"@type\":\"ListItem\",\"position\":2,\"name\":\"Veia goleadora do Sporting em queda n\u00e3o ocorria desde 2018\"}]},{\"@type\":\"WebSite\",\"@id\":\"https:\/\/portaltela.pt\/#website\",\"url\":\"https:\/\/portaltela.pt\/\",\"name\":\"Portal Tela Portugal\",\"description\":\"\",\"potentialAction\":[{\"@type\":\"SearchAction\",\"target\":{\"@type\":\"EntryPoint\",\"urlTemplate\":\"https:\/\/portaltela.pt\/?s={search_term_string}\"},\"query-input\":{\"@type\":\"PropertyValueSpecification\",\"valueRequired\":true,\"valueName\":\"search_term_string\"}}],\"inLanguage\":\"pt-PT\"},{\"@type\":\"Person\",\"@id\":\"https:\/\/portaltela.pt\/#\/schema\/person\/c4278d4a6028830caff9ee44b42d32ed\",\"name\":\"Telinha\",\"image\":{\"@type\":\"ImageObject\",\"inLanguage\":\"pt-PT\",\"@id\":\"https:\/\/portaltela.pt\/s.01k8rhncp4jt1\/2025\/11\/talking-bot-125x125.png\",\"url\":\"https:\/\/portaltela.pt\/s.01k8rhncp4jt1\/2025\/11\/talking-bot-125x125.png\",\"contentUrl\":\"https:\/\/portaltela.pt\/s.01k8rhncp4jt1\/2025\/11\/talking-bot-125x125.png\",\"caption\":\"Telinha\"},\"sameAs\":[\"https:\/\/portaltela.pt\/\"],\"url\":\"https:\/\/portaltela.pt\/por\/367410592786\/\"}]}<\/script>\n<!-- \/ Yoast SEO plugin. -->","yoast_head_json":{"title":"Veia goleadora do Sporting em queda n\u00e3o ocorria desde 2018 - Portal Tela Portugal","robots":{"index":"index","follow":"follow","max-snippet":"max-snippet:-1","max-image-preview":"max-image-preview:large","max-video-preview":"max-video-preview:-1"},"og_locale":"pt_PT","og_type":"article","og_title":"Veia goleadora do Sporting em queda n\u00e3o ocorria desde 2018 - Portal Tela Portugal","og_description":"O Sporting atravessa um m\u00eas de abril para esquecer, com elimina\u00e7\u00e3o na Liga dos Campe\u00f5es, derrota no d\u00e9rbi e empate frente ao AVS SAD. S\u00f3 se assumiu ao final da Ta\u00e7a de Portugal, mas esse feito n\u00e3o esconde a car\u00eancia de golos da equipa. Nos \u00faltimos seis jogos, os verde e brancos faturaram apenas por tr\u00eas vezes. A falta de progressos ofensivos \u00e9 o principal problema que o clube enfrenta neste momento. A not\u00edcia n\u00e3o detalha medidas tomadas pela dire\u00e7\u00e3o para inverter a situa\u00e7\u00e3o.","og_url":"https:\/\/portaltela.pt\/noticias\/2026\/04\/27\/veia-goleadora-do-sporting-em-queda-nao-ocorria-desde-2018\/","og_site_name":"Portal Tela Portugal","article_published_time":"2026-04-27T17:48:00+00:00","author":"Telinha","twitter_card":"summary_large_image","twitter_misc":{"Escrito por":"Telinha","Tempo estimado de leitura":"1 minuto"},"schema":{"@context":"https:\/\/schema.org","@graph":[{"@type":"Article","@id":"https:\/\/portaltela.pt\/noticias\/2026\/04\/27\/veia-goleadora-do-sporting-em-queda-nao-ocorria-desde-2018\/#article","isPartOf":{"@id":"https:\/\/portaltela.pt\/noticias\/2026\/04\/27\/veia-goleadora-do-sporting-em-queda-nao-ocorria-desde-2018\/"},"author":{"name":"Telinha","@id":"https:\/\/portaltela.pt\/#\/schema\/person\/c4278d4a6028830caff9ee44b42d32ed"},"headline":"Veia goleadora do Sporting em queda n\u00e3o ocorria desde 2018","datePublished":"2026-04-27T17:48:00+00:00","mainEntityOfPage":{"@id":"https:\/\/portaltela.pt\/noticias\/2026\/04\/27\/veia-goleadora-do-sporting-em-queda-nao-ocorria-desde-2018\/"},"wordCount":154,"image":{"@id":"https:\/\/portaltela.pt\/noticias\/2026\/04\/27\/veia-goleadora-do-sporting-em-queda-nao-ocorria-desde-2018\/#primaryimage"},"thumbnailUrl":"https:\/\/portaltela.pt\/s.01k8rhncp4jt1\/2026\/04\/img_920x518uu2026-04-27-18-17-11-2435610-im-639129106426595503.jpg","keywords":["Champions League","futebol","Liga","Sporting","Ta\u00e7a de Portugal"],"articleSection":["Desporto","Futebol"],"inLanguage":"pt-PT"},{"@type":"WebPage","@id":"https:\/\/portaltela.pt\/noticias\/2026\/04\/27\/veia-goleadora-do-sporting-em-queda-nao-ocorria-desde-2018\/","url":"https:\/\/portaltela.pt\/noticias\/2026\/04\/27\/veia-goleadora-do-sporting-em-queda-nao-ocorria-desde-2018\/","name":"Veia goleadora do Sporting em queda n\u00e3o ocorria desde 2018 - Portal Tela Portugal","isPartOf":{"@id":"https:\/\/portaltela.pt\/#website"},"primaryImageOfPage":{"@id":"https:\/\/portaltela.pt\/noticias\/2026\/04\/27\/veia-goleadora-do-sporting-em-queda-nao-ocorria-desde-2018\/#primaryimage"},"image":{"@id":"https:\/\/portaltela.pt\/noticias\/2026\/04\/27\/veia-goleadora-do-sporting-em-queda-nao-ocorria-desde-2018\/#primaryimage"},"thumbnailUrl":"https:\/\/portaltela.pt\/s.01k8rhncp4jt1\/2026\/04\/img_920x518uu2026-04-27-18-17-11-2435610-im-639129106426595503.jpg","datePublished":"2026-04-27T17:48:00+00:00","author":{"@id":"https:\/\/portaltela.pt\/#\/schema\/person\/c4278d4a6028830caff9ee44b42d32ed"},"breadcrumb":{"@id":"https:\/\/portaltela.pt\/noticias\/2026\/04\/27\/veia-goleadora-do-sporting-em-queda-nao-ocorria-desde-2018\/#breadcrumb"},"inLanguage":"pt-PT","potentialAction":[{"@type":"ReadAction","target":["https:\/\/portaltela.pt\/noticias\/2026\/04\/27\/veia-goleadora-do-sporting-em-queda-nao-ocorria-desde-2018\/"]}]},{"@type":"ImageObject","inLanguage":"pt-PT","@id":"https:\/\/portaltela.pt\/noticias\/2026\/04\/27\/veia-goleadora-do-sporting-em-queda-nao-ocorria-desde-2018\/#primaryimage","url":"https:\/\/portaltela.pt\/s.01k8rhncp4jt1\/2026\/04\/img_920x518uu2026-04-27-18-17-11-2435610-im-639129106426595503.jpg","contentUrl":"https:\/\/portaltela.pt\/s.01k8rhncp4jt1\/2026\/04\/img_920x518uu2026-04-27-18-17-11-2435610-im-639129106426595503.jpg","width":796,"height":448,"caption":"Luis Su\u00e1rez com Rui Borges"},{"@type":"BreadcrumbList","@id":"https:\/\/portaltela.pt\/noticias\/2026\/04\/27\/veia-goleadora-do-sporting-em-queda-nao-ocorria-desde-2018\/#breadcrumb","itemListElement":[{"@type":"ListItem","position":1,"name":"In\u00edcio","item":"https:\/\/portaltela.pt\/"},{"@type":"ListItem","position":2,"name":"Veia goleadora do Sporting em queda n\u00e3o ocorria desde 2018"}]},{"@type":"WebSite","@id":"https:\/\/portaltela.pt\/#website","url":"https:\/\/portaltela.pt\/","name":"Portal Tela Portugal","description":"","potentialAction":[{"@type":"SearchAction","target":{"@type":"EntryPoint","urlTemplate":"https:\/\/portaltela.pt\/?s={search_term_string}"},"query-input":{"@type":"PropertyValueSpecification","valueRequired":true,"valueName":"search_term_string"}}],"inLanguage":"pt-PT"},{"@type":"Person","@id":"https:\/\/portaltela.pt\/#\/schema\/person\/c4278d4a6028830caff9ee44b42d32ed","name":"Telinha","image":{"@type":"ImageObject","inLanguage":"pt-PT","@id":"https:\/\/portaltela.pt\/s.01k8rhncp4jt1\/2025\/11\/talking-bot-125x125.png","url":"https:\/\/portaltela.pt\/s.01k8rhncp4jt1\/2025\/11\/talking-bot-125x125.png","contentUrl":"https:\/\/portaltela.pt\/s.01k8rhncp4jt1\/2025\/11\/talking-bot-125x125.png","caption":"Telinha"},"sameAs":["https:\/\/portaltela.pt\/"],"url":"https:\/\/portaltela.pt\/por\/367410592786\/"}]}},"_links":{"self":[{"href":"https:\/\/portaltela.pt\/api\/wp\/v2\/posts\/458701","targetHints":{"allow":["GET"]}}],"collection":[{"href":"https:\/\/portaltela.pt\/api\/wp\/v2\/posts"}],"about":[{"href":"https:\/\/portaltela.pt\/api\/wp\/v2\/types\/post"}],"author":[{"embeddable":true,"href":"https:\/\/portaltela.pt\/api\/wp\/v2\/users\/2"}],"replies":[{"embeddable":true,"href":"https:\/\/portaltela.pt\/api\/wp\/v2\/comments?post=458701"}],"version-history":[{"count":0,"href":"https:\/\/portaltela.pt\/api\/wp\/v2\/posts\/458701\/revisions"}],"wp:featuredmedia":[{"embeddable":true,"href":"https:\/\/portaltela.pt\/api\/wp\/v2\/media\/458703"}],"wp:attachment":[{"href":"https:\/\/portaltela.pt\/api\/wp\/v2\/media?parent=458701"}],"wp:term":[{"taxonomy":"category","embeddable":true,"href":"https:\/\/portaltela.pt\/api\/wp\/v2\/categories?post=458701"},{"taxonomy":"post_tag","embeddable":true,"href":"https:\/\/portaltela.pt\/api\/wp\/v2\/tags?post=458701"}],"curies":[{"name":"wp","href":"https:\/\/api.w.org\/{rel}","templated":true}]}}