{"id":458699,"date":"2026-04-27T14:47:51","date_gmt":"2026-04-27T17:47:51","guid":{"rendered":"https:\/\/portaltela.pt\/noticias\/2026\/04\/27\/procuradora-pede-condenacao-de-vitor-catao-por-aliciamento\/"},"modified":"2026-04-27T14:47:51","modified_gmt":"2026-04-27T17:47:51","slug":"procuradora-pede-condenacao-de-vitor-catao-por-aliciamento","status":"publish","type":"post","link":"https:\/\/portaltela.pt\/noticias\/2026\/04\/27\/procuradora-pede-condenacao-de-vitor-catao-por-aliciamento\/","title":{"rendered":"Procuradora pede condena\u00e7\u00e3o de V\u00edtor Cat\u00e3o por aliciamento"},"content":{"rendered":"<p>O Minist\u00e9rio P\u00fablico pediu a condena\u00e7\u00e3o de V\u00edtor Cat\u00e3o, conhecido adepto portista, por alegadamente angariar 11 jogadores ilegais para o S\u00e3o Pedro da Cova, onde era diretor desportivo. A acusa\u00e7\u00e3o aponta para crimes de aux\u00edlio \u00e0 imigra\u00e7\u00e3o ilegal.<\/p>\n<p>A procuradora sustenta que os jogadores vieram para o pa\u00eds com a ilus\u00e3o de uma carreira profissional e que, mesmo ap\u00f3s longos anos, temem declarar sobre o caso por receios de retalia\u00e7\u00e3o nas contrata\u00e7\u00f5es.<\/p>\n<p>O julgamento envolve ainda Armando Santos, o treinador da \u00e9poca 2018\/2019, e menciona o falecido presidente do clube, cuja responsabilidade era tamb\u00e9m atribu\u00edda.<\/p>\n<h3>Defesa e argumentos<\/h3>\n<p>A defesa de V\u00edtor Cat\u00e3o argumenta pela absolvi\u00e7\u00e3o, defendendo que n\u00e3o houve plano ou decis\u00e3o do arguido, apenas a\u00e7\u00f5es do presidente. A advogada questiona os lucros e benef\u00edcios para o clube, que enfrentava dificuldades financeiras.<\/p>\n<p>O argumento de Armando Santos \u00e9 de que o treinador n\u00e3o tinha influ\u00eancia nem poder decis\u00f3rio. A defesa tamb\u00e9m pede a absolvi\u00e7\u00e3o para o treinador.<\/p>\n<h3>Desfecho e pr\u00f3ximos passos<\/h3>\n<p>A acusa\u00e7\u00e3o sustenta que os jogadores dormiam sob as bancadas, sem condi\u00e7\u00f5es, estando em situa\u00e7\u00e3o irregular. Os arguidos negam os crimes, alegando que os atletas recebiam apenas pequenas quantias para servi\u00e7os simples.<\/p>\n<p>A leitura do ac\u00f3rd\u00e3o est\u00e1 marcada para 11 de maio, segundo o Minist\u00e9rio P\u00fablico. O veredito final depende das provas apresentadas no julgamento.<\/p>\n","protected":false},"excerpt":{"rendered":"<ul>\n<li>O Minist\u00e9rio P\u00fablico pediu a condena\u00e7\u00e3o de V\u00edtor \u201cCat\u00e3o\u201d por angariar 11 jogadores ilegais para o S\u00e3o Pedro da Cova, onde era diretor desportivo.<\/li>\n<li>A procuradora pediu a condena\u00e7\u00e3o de Armando Santos, treinador na \u00e9poca de 2018\/2019, por crimes de aux\u00edlio \u00e0 imigra\u00e7\u00e3o ilegal.<\/li>\n<li>Os jogadores eram aliciados com a ilus\u00e3o de uma carreira profissional no pa\u00eds, segundo a acusa\u00e7\u00e3o, e tinham receio de prestar declara\u00e7\u00f5es.<\/li>\n<li>A magistrada afirmou que V\u00edtor Cat\u00e3o era o principal respons\u00e1vel pelos destinos do clube, enquanto Armando Santos seria quem buscava os jogadores principalmente.<\/li>\n<li>A leitura do ac\u00f3rd\u00e3o est\u00e1 marcada para 11 de maio; as defesas pedem absolvi\u00e7\u00e3o e negam influ\u00eancia ou lucros dos jogadores.<\/li>\n<\/ul>\n","protected":false},"author":2,"featured_media":458700,"comment_status":"closed","ping_status":"closed","sticky":false,"template":"","format":"standard","meta":{"footnotes":""},"categories":[6815,1],"tags":[8789,9742,7921,7909,7932,8160],"class_list":["post-458699","post","type-post","status-publish","format-standard","has-post-thumbnail","hentry","category-justica","category-noticias","tag-_aliciamento-de-menor","tag-_auxilio-a-imigracao-ilegal","tag-_crime","tag-_imigracao","tag-_imigracao-internacional","tag-_trafico-de-pessoas"],"yoast_head":"<!-- This site is optimized with the Yoast SEO plugin v27.2 - https:\/\/yoast.com\/product\/yoast-seo-wordpress\/ -->\n<title>Procuradora pede condena\u00e7\u00e3o de V\u00edtor Cat\u00e3o por aliciamento - Portal Tela Portugal<\/title>\n<meta name=\"robots\" content=\"index, follow, max-snippet:-1, max-image-preview:large, max-video-preview:-1\" \/>\n<meta property=\"og:locale\" content=\"pt_PT\" \/>\n<meta property=\"og:type\" content=\"article\" \/>\n<meta property=\"og:title\" content=\"Procuradora pede condena\u00e7\u00e3o de V\u00edtor Cat\u00e3o por aliciamento - Portal Tela Portugal\" \/>\n<meta property=\"og:description\" content=\"O Minist\u00e9rio P\u00fablico pediu a condena\u00e7\u00e3o de V\u00edtor \u201cCat\u00e3o\u201d por angariar 11 jogadores ilegais para o S\u00e3o Pedro da Cova, onde era diretor desportivo. A procuradora pediu a condena\u00e7\u00e3o de Armando Santos, treinador na \u00e9poca de 2018\/2019, por crimes de aux\u00edlio \u00e0 imigra\u00e7\u00e3o ilegal. Os jogadores eram aliciados com a ilus\u00e3o de uma carreira profissional no pa\u00eds, segundo a acusa\u00e7\u00e3o, e tinham receio de prestar declara\u00e7\u00f5es. A magistrada afirmou que V\u00edtor Cat\u00e3o era o principal respons\u00e1vel pelos destinos do clube, enquanto Armando Santos seria quem buscava os jogadores principalmente. A leitura do ac\u00f3rd\u00e3o est\u00e1 marcada para 11 de maio; as defesas pedem absolvi\u00e7\u00e3o e negam influ\u00eancia ou lucros dos jogadores.\" \/>\n<meta property=\"og:url\" content=\"https:\/\/portaltela.pt\/noticias\/2026\/04\/27\/procuradora-pede-condenacao-de-vitor-catao-por-aliciamento\/\" \/>\n<meta property=\"og:site_name\" content=\"Portal Tela Portugal\" \/>\n<meta property=\"article:published_time\" content=\"2026-04-27T17:47:51+00:00\" \/>\n<meta name=\"author\" content=\"Telinha\" \/>\n<meta name=\"twitter:card\" content=\"summary_large_image\" \/>\n<meta name=\"twitter:label1\" content=\"Escrito por\" \/>\n\t<meta name=\"twitter:data1\" content=\"Telinha\" \/>\n\t<meta name=\"twitter:label2\" content=\"Tempo estimado de leitura\" \/>\n\t<meta name=\"twitter:data2\" content=\"1 minuto\" \/>\n<script type=\"application\/ld+json\" class=\"yoast-schema-graph\">{\"@context\":\"https:\/\/schema.org\",\"@graph\":[{\"@type\":\"Article\",\"@id\":\"https:\/\/portaltela.pt\/noticias\/2026\/04\/27\/procuradora-pede-condenacao-de-vitor-catao-por-aliciamento\/#article\",\"isPartOf\":{\"@id\":\"https:\/\/portaltela.pt\/noticias\/2026\/04\/27\/procuradora-pede-condenacao-de-vitor-catao-por-aliciamento\/\"},\"author\":{\"name\":\"Telinha\",\"@id\":\"https:\/\/portaltela.pt\/#\/schema\/person\/c4278d4a6028830caff9ee44b42d32ed\"},\"headline\":\"Procuradora pede condena\u00e7\u00e3o de V\u00edtor Cat\u00e3o por aliciamento\",\"datePublished\":\"2026-04-27T17:47:51+00:00\",\"mainEntityOfPage\":{\"@id\":\"https:\/\/portaltela.pt\/noticias\/2026\/04\/27\/procuradora-pede-condenacao-de-vitor-catao-por-aliciamento\/\"},\"wordCount\":260,\"image\":{\"@id\":\"https:\/\/portaltela.pt\/noticias\/2026\/04\/27\/procuradora-pede-condenacao-de-vitor-catao-por-aliciamento\/#primaryimage\"},\"thumbnailUrl\":\"https:\/\/portaltela.pt\/s.01k8rhncp4jt1\/2026\/04\/img_920x518uu2026-04-27-18-27-05-2435612.jpg\",\"keywords\":[\"_aliciamento de menor\",\"_aux\u00edlio \u00e0 imigra\u00e7\u00e3o ilegal\",\"_crime\",\"_imigra\u00e7\u00e3o\",\"_imigra\u00e7\u00e3o internacional\",\"_tr\u00e1fico de pessoas\"],\"articleSection\":[\"Justi\u00e7a\",\"Not\u00edcias\"],\"inLanguage\":\"pt-PT\"},{\"@type\":\"WebPage\",\"@id\":\"https:\/\/portaltela.pt\/noticias\/2026\/04\/27\/procuradora-pede-condenacao-de-vitor-catao-por-aliciamento\/\",\"url\":\"https:\/\/portaltela.pt\/noticias\/2026\/04\/27\/procuradora-pede-condenacao-de-vitor-catao-por-aliciamento\/\",\"name\":\"Procuradora pede condena\u00e7\u00e3o de V\u00edtor Cat\u00e3o por aliciamento - Portal Tela Portugal\",\"isPartOf\":{\"@id\":\"https:\/\/portaltela.pt\/#website\"},\"primaryImageOfPage\":{\"@id\":\"https:\/\/portaltela.pt\/noticias\/2026\/04\/27\/procuradora-pede-condenacao-de-vitor-catao-por-aliciamento\/#primaryimage\"},\"image\":{\"@id\":\"https:\/\/portaltela.pt\/noticias\/2026\/04\/27\/procuradora-pede-condenacao-de-vitor-catao-por-aliciamento\/#primaryimage\"},\"thumbnailUrl\":\"https:\/\/portaltela.pt\/s.01k8rhncp4jt1\/2026\/04\/img_920x518uu2026-04-27-18-27-05-2435612.jpg\",\"datePublished\":\"2026-04-27T17:47:51+00:00\",\"author\":{\"@id\":\"https:\/\/portaltela.pt\/#\/schema\/person\/c4278d4a6028830caff9ee44b42d32ed\"},\"breadcrumb\":{\"@id\":\"https:\/\/portaltela.pt\/noticias\/2026\/04\/27\/procuradora-pede-condenacao-de-vitor-catao-por-aliciamento\/#breadcrumb\"},\"inLanguage\":\"pt-PT\",\"potentialAction\":[{\"@type\":\"ReadAction\",\"target\":[\"https:\/\/portaltela.pt\/noticias\/2026\/04\/27\/procuradora-pede-condenacao-de-vitor-catao-por-aliciamento\/\"]}]},{\"@type\":\"ImageObject\",\"inLanguage\":\"pt-PT\",\"@id\":\"https:\/\/portaltela.pt\/noticias\/2026\/04\/27\/procuradora-pede-condenacao-de-vitor-catao-por-aliciamento\/#primaryimage\",\"url\":\"https:\/\/portaltela.pt\/s.01k8rhncp4jt1\/2026\/04\/img_920x518uu2026-04-27-18-27-05-2435612.jpg\",\"contentUrl\":\"https:\/\/portaltela.pt\/s.01k8rhncp4jt1\/2026\/04\/img_920x518uu2026-04-27-18-27-05-2435612.jpg\",\"width\":796,\"height\":448,\"caption\":\"Vitor Cat\u00e3o no in\u00edcio do julgamento da 'Opera\u00e7\u00e3o Pretoriano que decorre no Tribunal S\u00e3o Jo\u00e3o Novo no Porto\"},{\"@type\":\"BreadcrumbList\",\"@id\":\"https:\/\/portaltela.pt\/noticias\/2026\/04\/27\/procuradora-pede-condenacao-de-vitor-catao-por-aliciamento\/#breadcrumb\",\"itemListElement\":[{\"@type\":\"ListItem\",\"position\":1,\"name\":\"In\u00edcio\",\"item\":\"https:\/\/portaltela.pt\/\"},{\"@type\":\"ListItem\",\"position\":2,\"name\":\"Procuradora pede condena\u00e7\u00e3o de V\u00edtor Cat\u00e3o por aliciamento\"}]},{\"@type\":\"WebSite\",\"@id\":\"https:\/\/portaltela.pt\/#website\",\"url\":\"https:\/\/portaltela.pt\/\",\"name\":\"Portal Tela Portugal\",\"description\":\"\",\"potentialAction\":[{\"@type\":\"SearchAction\",\"target\":{\"@type\":\"EntryPoint\",\"urlTemplate\":\"https:\/\/portaltela.pt\/?s={search_term_string}\"},\"query-input\":{\"@type\":\"PropertyValueSpecification\",\"valueRequired\":true,\"valueName\":\"search_term_string\"}}],\"inLanguage\":\"pt-PT\"},{\"@type\":\"Person\",\"@id\":\"https:\/\/portaltela.pt\/#\/schema\/person\/c4278d4a6028830caff9ee44b42d32ed\",\"name\":\"Telinha\",\"image\":{\"@type\":\"ImageObject\",\"inLanguage\":\"pt-PT\",\"@id\":\"https:\/\/portaltela.pt\/s.01k8rhncp4jt1\/2025\/11\/talking-bot-125x125.png\",\"url\":\"https:\/\/portaltela.pt\/s.01k8rhncp4jt1\/2025\/11\/talking-bot-125x125.png\",\"contentUrl\":\"https:\/\/portaltela.pt\/s.01k8rhncp4jt1\/2025\/11\/talking-bot-125x125.png\",\"caption\":\"Telinha\"},\"sameAs\":[\"https:\/\/portaltela.pt\/\"],\"url\":\"https:\/\/portaltela.pt\/por\/367410592786\/\"}]}<\/script>\n<!-- \/ Yoast SEO plugin. -->","yoast_head_json":{"title":"Procuradora pede condena\u00e7\u00e3o de V\u00edtor Cat\u00e3o por aliciamento - Portal Tela Portugal","robots":{"index":"index","follow":"follow","max-snippet":"max-snippet:-1","max-image-preview":"max-image-preview:large","max-video-preview":"max-video-preview:-1"},"og_locale":"pt_PT","og_type":"article","og_title":"Procuradora pede condena\u00e7\u00e3o de V\u00edtor Cat\u00e3o por aliciamento - Portal Tela Portugal","og_description":"O Minist\u00e9rio P\u00fablico pediu a condena\u00e7\u00e3o de V\u00edtor \u201cCat\u00e3o\u201d por angariar 11 jogadores ilegais para o S\u00e3o Pedro da Cova, onde era diretor desportivo. A procuradora pediu a condena\u00e7\u00e3o de Armando Santos, treinador na \u00e9poca de 2018\/2019, por crimes de aux\u00edlio \u00e0 imigra\u00e7\u00e3o ilegal. Os jogadores eram aliciados com a ilus\u00e3o de uma carreira profissional no pa\u00eds, segundo a acusa\u00e7\u00e3o, e tinham receio de prestar declara\u00e7\u00f5es. A magistrada afirmou que V\u00edtor Cat\u00e3o era o principal respons\u00e1vel pelos destinos do clube, enquanto Armando Santos seria quem buscava os jogadores principalmente. A leitura do ac\u00f3rd\u00e3o est\u00e1 marcada para 11 de maio; as defesas pedem absolvi\u00e7\u00e3o e negam influ\u00eancia ou lucros dos jogadores.","og_url":"https:\/\/portaltela.pt\/noticias\/2026\/04\/27\/procuradora-pede-condenacao-de-vitor-catao-por-aliciamento\/","og_site_name":"Portal Tela Portugal","article_published_time":"2026-04-27T17:47:51+00:00","author":"Telinha","twitter_card":"summary_large_image","twitter_misc":{"Escrito por":"Telinha","Tempo estimado de leitura":"1 minuto"},"schema":{"@context":"https:\/\/schema.org","@graph":[{"@type":"Article","@id":"https:\/\/portaltela.pt\/noticias\/2026\/04\/27\/procuradora-pede-condenacao-de-vitor-catao-por-aliciamento\/#article","isPartOf":{"@id":"https:\/\/portaltela.pt\/noticias\/2026\/04\/27\/procuradora-pede-condenacao-de-vitor-catao-por-aliciamento\/"},"author":{"name":"Telinha","@id":"https:\/\/portaltela.pt\/#\/schema\/person\/c4278d4a6028830caff9ee44b42d32ed"},"headline":"Procuradora pede condena\u00e7\u00e3o de V\u00edtor Cat\u00e3o por aliciamento","datePublished":"2026-04-27T17:47:51+00:00","mainEntityOfPage":{"@id":"https:\/\/portaltela.pt\/noticias\/2026\/04\/27\/procuradora-pede-condenacao-de-vitor-catao-por-aliciamento\/"},"wordCount":260,"image":{"@id":"https:\/\/portaltela.pt\/noticias\/2026\/04\/27\/procuradora-pede-condenacao-de-vitor-catao-por-aliciamento\/#primaryimage"},"thumbnailUrl":"https:\/\/portaltela.pt\/s.01k8rhncp4jt1\/2026\/04\/img_920x518uu2026-04-27-18-27-05-2435612.jpg","keywords":["_aliciamento de menor","_aux\u00edlio \u00e0 imigra\u00e7\u00e3o ilegal","_crime","_imigra\u00e7\u00e3o","_imigra\u00e7\u00e3o internacional","_tr\u00e1fico de pessoas"],"articleSection":["Justi\u00e7a","Not\u00edcias"],"inLanguage":"pt-PT"},{"@type":"WebPage","@id":"https:\/\/portaltela.pt\/noticias\/2026\/04\/27\/procuradora-pede-condenacao-de-vitor-catao-por-aliciamento\/","url":"https:\/\/portaltela.pt\/noticias\/2026\/04\/27\/procuradora-pede-condenacao-de-vitor-catao-por-aliciamento\/","name":"Procuradora pede condena\u00e7\u00e3o de V\u00edtor Cat\u00e3o por aliciamento - Portal Tela Portugal","isPartOf":{"@id":"https:\/\/portaltela.pt\/#website"},"primaryImageOfPage":{"@id":"https:\/\/portaltela.pt\/noticias\/2026\/04\/27\/procuradora-pede-condenacao-de-vitor-catao-por-aliciamento\/#primaryimage"},"image":{"@id":"https:\/\/portaltela.pt\/noticias\/2026\/04\/27\/procuradora-pede-condenacao-de-vitor-catao-por-aliciamento\/#primaryimage"},"thumbnailUrl":"https:\/\/portaltela.pt\/s.01k8rhncp4jt1\/2026\/04\/img_920x518uu2026-04-27-18-27-05-2435612.jpg","datePublished":"2026-04-27T17:47:51+00:00","author":{"@id":"https:\/\/portaltela.pt\/#\/schema\/person\/c4278d4a6028830caff9ee44b42d32ed"},"breadcrumb":{"@id":"https:\/\/portaltela.pt\/noticias\/2026\/04\/27\/procuradora-pede-condenacao-de-vitor-catao-por-aliciamento\/#breadcrumb"},"inLanguage":"pt-PT","potentialAction":[{"@type":"ReadAction","target":["https:\/\/portaltela.pt\/noticias\/2026\/04\/27\/procuradora-pede-condenacao-de-vitor-catao-por-aliciamento\/"]}]},{"@type":"ImageObject","inLanguage":"pt-PT","@id":"https:\/\/portaltela.pt\/noticias\/2026\/04\/27\/procuradora-pede-condenacao-de-vitor-catao-por-aliciamento\/#primaryimage","url":"https:\/\/portaltela.pt\/s.01k8rhncp4jt1\/2026\/04\/img_920x518uu2026-04-27-18-27-05-2435612.jpg","contentUrl":"https:\/\/portaltela.pt\/s.01k8rhncp4jt1\/2026\/04\/img_920x518uu2026-04-27-18-27-05-2435612.jpg","width":796,"height":448,"caption":"Vitor Cat\u00e3o no in\u00edcio do julgamento da 'Opera\u00e7\u00e3o Pretoriano que decorre no Tribunal S\u00e3o Jo\u00e3o Novo no Porto"},{"@type":"BreadcrumbList","@id":"https:\/\/portaltela.pt\/noticias\/2026\/04\/27\/procuradora-pede-condenacao-de-vitor-catao-por-aliciamento\/#breadcrumb","itemListElement":[{"@type":"ListItem","position":1,"name":"In\u00edcio","item":"https:\/\/portaltela.pt\/"},{"@type":"ListItem","position":2,"name":"Procuradora pede condena\u00e7\u00e3o de V\u00edtor Cat\u00e3o por aliciamento"}]},{"@type":"WebSite","@id":"https:\/\/portaltela.pt\/#website","url":"https:\/\/portaltela.pt\/","name":"Portal Tela Portugal","description":"","potentialAction":[{"@type":"SearchAction","target":{"@type":"EntryPoint","urlTemplate":"https:\/\/portaltela.pt\/?s={search_term_string}"},"query-input":{"@type":"PropertyValueSpecification","valueRequired":true,"valueName":"search_term_string"}}],"inLanguage":"pt-PT"},{"@type":"Person","@id":"https:\/\/portaltela.pt\/#\/schema\/person\/c4278d4a6028830caff9ee44b42d32ed","name":"Telinha","image":{"@type":"ImageObject","inLanguage":"pt-PT","@id":"https:\/\/portaltela.pt\/s.01k8rhncp4jt1\/2025\/11\/talking-bot-125x125.png","url":"https:\/\/portaltela.pt\/s.01k8rhncp4jt1\/2025\/11\/talking-bot-125x125.png","contentUrl":"https:\/\/portaltela.pt\/s.01k8rhncp4jt1\/2025\/11\/talking-bot-125x125.png","caption":"Telinha"},"sameAs":["https:\/\/portaltela.pt\/"],"url":"https:\/\/portaltela.pt\/por\/367410592786\/"}]}},"_links":{"self":[{"href":"https:\/\/portaltela.pt\/api\/wp\/v2\/posts\/458699","targetHints":{"allow":["GET"]}}],"collection":[{"href":"https:\/\/portaltela.pt\/api\/wp\/v2\/posts"}],"about":[{"href":"https:\/\/portaltela.pt\/api\/wp\/v2\/types\/post"}],"author":[{"embeddable":true,"href":"https:\/\/portaltela.pt\/api\/wp\/v2\/users\/2"}],"replies":[{"embeddable":true,"href":"https:\/\/portaltela.pt\/api\/wp\/v2\/comments?post=458699"}],"version-history":[{"count":0,"href":"https:\/\/portaltela.pt\/api\/wp\/v2\/posts\/458699\/revisions"}],"wp:featuredmedia":[{"embeddable":true,"href":"https:\/\/portaltela.pt\/api\/wp\/v2\/media\/458700"}],"wp:attachment":[{"href":"https:\/\/portaltela.pt\/api\/wp\/v2\/media?parent=458699"}],"wp:term":[{"taxonomy":"category","embeddable":true,"href":"https:\/\/portaltela.pt\/api\/wp\/v2\/categories?post=458699"},{"taxonomy":"post_tag","embeddable":true,"href":"https:\/\/portaltela.pt\/api\/wp\/v2\/tags?post=458699"}],"curies":[{"name":"wp","href":"https:\/\/api.w.org\/{rel}","templated":true}]}}