{"id":458674,"date":"2026-04-27T14:18:16","date_gmt":"2026-04-27T17:18:16","guid":{"rendered":"https:\/\/portaltela.pt\/noticias\/2026\/04\/27\/portugal-comeca-o-mundial-de-equipas-nesta-terca-feira\/"},"modified":"2026-04-27T14:18:16","modified_gmt":"2026-04-27T17:18:16","slug":"portugal-comeca-o-mundial-de-equipas-nesta-terca-feira","status":"publish","type":"post","link":"https:\/\/portaltela.pt\/desporto\/copa-do-mundo\/2026\/04\/27\/portugal-comeca-o-mundial-de-equipas-nesta-terca-feira\/","title":{"rendered":"Portugal come\u00e7a o Mundial de equipas nesta ter\u00e7a-feira"},"content":{"rendered":"<p>Portugal inicia hoje a participa\u00e7\u00e3o no Campeonato do Mundo de equipas, em Londres, visando bons resultados tanto na categoria masculina como na feminina. A prova come\u00e7a esta ter\u00e7a-feira e decorre at\u00e9 quinta-feira, na capital inglesa.<\/p>\n<p>Na vertente masculina, Portugal \u00e9 11.\u00ba no ranking mundial e integra o Grupo 6. O primeiro encontro \u00e9 frente \u00e0 Nova Caled\u00f3nia (42.\u00ba). Seguem-se Arg\u00e9lia (32.\u00ba) e Gr\u00e9cia (63.\u00ba).<\/p>\n<p>Na equipa feminina, Portugal ocupa o 16.\u00ba lugar e faz parte do Grupo 10. O conjunto lusitano defronta Luxemburgo (27.\u00ba), Guatemala (58.\u00ba) e Barbados (87.\u00ba).<\/p>\n<h3>Composi\u00e7\u00e3o das equipas<\/h3>\n<p>A sele\u00e7\u00e3o masculina fica assim: Jo\u00e3o Geraldo (53.\u00ba), Marcos Freitas (86.\u00ba), Tiago Apol\u00f3nia (133.\u00ba) e Joao Monteiro (209.\u00ba).<\/p>\n<p>A equipa feminina \u00e9 formada por Fu Yu (50.\u00aa), Jieni Shao (77.\u00ba), Matilde Pinto (333.\u00ba) e J\u00falia Leal (366.\u00ba).<\/p>\n<h3>Calend\u00e1rio (hor\u00e1rios locais)<\/h3>\n<p>Sele\u00e7\u00e3o Masculina \u2013 Grupo 6<\/p>\n<p>Ter\u00e7a-feira, 28\/4, 12h30: Portugal vs Nova Caled\u00f3nia.<\/p>\n<p>Quarta-feira, 29\/4, 12h30: Portugal vs Arg\u00e9lia.<\/p>\n<p>Quinta-feira, 30\/4, 12h30: Portugal vs Gr\u00e9cia.<\/p>\n<p>Sele\u00e7\u00e3o Feminina<\/p>\n<p>Ter\u00e7a-feira, 28\/4, 17h00: Portugal vs Barbados.<\/p>\n<p>Quarta-feira, 29\/4, 17h00: Portugal vs Luxemburgo.<\/p>\n<p>Quinta-feira, 30\/4, 10h00: Portugal vs Guatemala.<\/p>\n","protected":false},"excerpt":{"rendered":"<ul>\n<li>Portugal participa no Campeonato do Mundo de equipas em Londres, com ambi\u00e7\u00f5es de bons resultados em masculinos e femininos, a prova inicia esta ter\u00e7a-feira.<\/li>\n<li>Masculinos: Portugal, 11.\u00ba no ranking, abre grupo 6 frente \u00e0 Nova Caled\u00f3nia, segui-se Arg\u00e9lia e Gr\u00e9cia, a competir nos dias 28, 29 e 30 de abril, respetivamente, \u00e0s 12h30.<\/li>\n<li>Femininos: Portugal, 16.\u00aa, est\u00e1 no grupo 10 com Luxemburgo, Guatemala e Barbados, jogando nos dias 28, 29 e 30 de abril, \u00e0s 17h00 (Barbados e Luxemburgo) e 10h00 (Guatemala).<\/li>\n<li>Avan\u00e7o na prova: os primeiros de cada grupo e os seis segundos classificados mais bem posicionados seguem para o mapa principal; os restantes segundos disputam ronda eliminat\u00f3ria, com os quatro vencedores a apurarem-se para o mapa final.<\/li>\n<li>Lista de atletas: masculinos \u2014 Jo\u00e3o Geraldo, Marcos Freitas, Tiago Apol\u00f3nia e Joao Monteiro; femininos \u2014 Fu Yu, Jieni Shao, Matilde Pinto e J\u00falia Leal.<\/li>\n<\/ul>\n","protected":false},"author":2,"featured_media":458684,"comment_status":"closed","ping_status":"closed","sticky":false,"template":"","format":"standard","meta":{"footnotes":""},"categories":[6695,21],"tags":[7902,9015,8150,8796,8062,8027],"class_list":["post-458674","post","type-post","status-publish","format-standard","has-post-thumbnail","hentry","category-copa-do-mundo","category-desporto","tag-_desporto","tag-_desporto-internacional","tag-_feminino","tag-_londres","tag-_portugal","tag-_selecao-nacional"],"yoast_head":"<!-- This site is optimized with the Yoast SEO plugin v27.2 - https:\/\/yoast.com\/product\/yoast-seo-wordpress\/ -->\n<title>Portugal come\u00e7a o Mundial de equipas nesta ter\u00e7a-feira - Portal Tela Portugal<\/title>\n<meta name=\"robots\" content=\"index, follow, max-snippet:-1, max-image-preview:large, max-video-preview:-1\" \/>\n<meta property=\"og:locale\" content=\"pt_PT\" \/>\n<meta property=\"og:type\" content=\"article\" \/>\n<meta property=\"og:title\" content=\"Portugal come\u00e7a o Mundial de equipas nesta ter\u00e7a-feira - Portal Tela Portugal\" \/>\n<meta property=\"og:description\" content=\"Portugal participa no Campeonato do Mundo de equipas em Londres, com ambi\u00e7\u00f5es de bons resultados em masculinos e femininos, a prova inicia esta ter\u00e7a-feira. Masculinos: Portugal, 11.\u00ba no ranking, abre grupo 6 frente \u00e0 Nova Caled\u00f3nia, segui-se Arg\u00e9lia e Gr\u00e9cia, a competir nos dias 28, 29 e 30 de abril, respetivamente, \u00e0s 12h30. Femininos: Portugal, 16.\u00aa, est\u00e1 no grupo 10 com Luxemburgo, Guatemala e Barbados, jogando nos dias 28, 29 e 30 de abril, \u00e0s 17h00 (Barbados e Luxemburgo) e 10h00 (Guatemala). Avan\u00e7o na prova: os primeiros de cada grupo e os seis segundos classificados mais bem posicionados seguem para o mapa principal; os restantes segundos disputam ronda eliminat\u00f3ria, com os quatro vencedores a apurarem-se para o mapa final. Lista de atletas: masculinos \u2014 Jo\u00e3o Geraldo, Marcos Freitas, Tiago Apol\u00f3nia e Joao Monteiro; femininos \u2014 Fu Yu, Jieni Shao, Matilde Pinto e J\u00falia Leal.\" \/>\n<meta property=\"og:url\" content=\"https:\/\/portaltela.pt\/noticias\/2026\/04\/27\/portugal-comeca-o-mundial-de-equipas-nesta-terca-feira\/\" \/>\n<meta property=\"og:site_name\" content=\"Portal Tela Portugal\" \/>\n<meta property=\"article:published_time\" content=\"2026-04-27T17:18:16+00:00\" \/>\n<meta name=\"author\" content=\"Telinha\" \/>\n<meta name=\"twitter:card\" content=\"summary_large_image\" \/>\n<meta name=\"twitter:label1\" content=\"Escrito por\" \/>\n\t<meta name=\"twitter:data1\" content=\"Telinha\" \/>\n\t<meta name=\"twitter:label2\" content=\"Tempo estimado de leitura\" \/>\n\t<meta name=\"twitter:data2\" content=\"1 minuto\" \/>\n<script type=\"application\/ld+json\" class=\"yoast-schema-graph\">{\"@context\":\"https:\/\/schema.org\",\"@graph\":[{\"@type\":\"Article\",\"@id\":\"https:\/\/portaltela.pt\/noticias\/2026\/04\/27\/portugal-comeca-o-mundial-de-equipas-nesta-terca-feira\/#article\",\"isPartOf\":{\"@id\":\"https:\/\/portaltela.pt\/noticias\/2026\/04\/27\/portugal-comeca-o-mundial-de-equipas-nesta-terca-feira\/\"},\"author\":{\"name\":\"Telinha\",\"@id\":\"https:\/\/portaltela.pt\/#\/schema\/person\/c4278d4a6028830caff9ee44b42d32ed\"},\"headline\":\"Portugal come\u00e7a o Mundial de equipas nesta ter\u00e7a-feira\",\"datePublished\":\"2026-04-27T17:18:16+00:00\",\"mainEntityOfPage\":{\"@id\":\"https:\/\/portaltela.pt\/noticias\/2026\/04\/27\/portugal-comeca-o-mundial-de-equipas-nesta-terca-feira\/\"},\"wordCount\":176,\"image\":{\"@id\":\"https:\/\/portaltela.pt\/noticias\/2026\/04\/27\/portugal-comeca-o-mundial-de-equipas-nesta-terca-feira\/#primaryimage\"},\"thumbnailUrl\":\"https:\/\/portaltela.pt\/s.01k8rhncp4jt1\/2026\/04\/img_920x518uu2026-04-27-17-46-54-2435605.jpg\",\"keywords\":[\"_desporto\",\"_desporto internacional\",\"_feminino\",\"_Londres\",\"_Portugal\",\"_Sele\u00e7\u00e3o Nacional\"],\"articleSection\":[\"Copa do Mundo\",\"Desporto\"],\"inLanguage\":\"pt-PT\"},{\"@type\":\"WebPage\",\"@id\":\"https:\/\/portaltela.pt\/noticias\/2026\/04\/27\/portugal-comeca-o-mundial-de-equipas-nesta-terca-feira\/\",\"url\":\"https:\/\/portaltela.pt\/noticias\/2026\/04\/27\/portugal-comeca-o-mundial-de-equipas-nesta-terca-feira\/\",\"name\":\"Portugal come\u00e7a o Mundial de equipas nesta ter\u00e7a-feira - Portal Tela Portugal\",\"isPartOf\":{\"@id\":\"https:\/\/portaltela.pt\/#website\"},\"primaryImageOfPage\":{\"@id\":\"https:\/\/portaltela.pt\/noticias\/2026\/04\/27\/portugal-comeca-o-mundial-de-equipas-nesta-terca-feira\/#primaryimage\"},\"image\":{\"@id\":\"https:\/\/portaltela.pt\/noticias\/2026\/04\/27\/portugal-comeca-o-mundial-de-equipas-nesta-terca-feira\/#primaryimage\"},\"thumbnailUrl\":\"https:\/\/portaltela.pt\/s.01k8rhncp4jt1\/2026\/04\/img_920x518uu2026-04-27-17-46-54-2435605.jpg\",\"datePublished\":\"2026-04-27T17:18:16+00:00\",\"author\":{\"@id\":\"https:\/\/portaltela.pt\/#\/schema\/person\/c4278d4a6028830caff9ee44b42d32ed\"},\"breadcrumb\":{\"@id\":\"https:\/\/portaltela.pt\/noticias\/2026\/04\/27\/portugal-comeca-o-mundial-de-equipas-nesta-terca-feira\/#breadcrumb\"},\"inLanguage\":\"pt-PT\",\"potentialAction\":[{\"@type\":\"ReadAction\",\"target\":[\"https:\/\/portaltela.pt\/noticias\/2026\/04\/27\/portugal-comeca-o-mundial-de-equipas-nesta-terca-feira\/\"]}]},{\"@type\":\"ImageObject\",\"inLanguage\":\"pt-PT\",\"@id\":\"https:\/\/portaltela.pt\/noticias\/2026\/04\/27\/portugal-comeca-o-mundial-de-equipas-nesta-terca-feira\/#primaryimage\",\"url\":\"https:\/\/portaltela.pt\/s.01k8rhncp4jt1\/2026\/04\/img_920x518uu2026-04-27-17-46-54-2435605.jpg\",\"contentUrl\":\"https:\/\/portaltela.pt\/s.01k8rhncp4jt1\/2026\/04\/img_920x518uu2026-04-27-17-46-54-2435605.jpg\",\"width\":796,\"height\":448,\"caption\":\"Portugal compete no Mundial de equipas em Londres\"},{\"@type\":\"BreadcrumbList\",\"@id\":\"https:\/\/portaltela.pt\/noticias\/2026\/04\/27\/portugal-comeca-o-mundial-de-equipas-nesta-terca-feira\/#breadcrumb\",\"itemListElement\":[{\"@type\":\"ListItem\",\"position\":1,\"name\":\"In\u00edcio\",\"item\":\"https:\/\/portaltela.pt\/\"},{\"@type\":\"ListItem\",\"position\":2,\"name\":\"Portugal come\u00e7a o Mundial de equipas nesta ter\u00e7a-feira\"}]},{\"@type\":\"WebSite\",\"@id\":\"https:\/\/portaltela.pt\/#website\",\"url\":\"https:\/\/portaltela.pt\/\",\"name\":\"Portal Tela Portugal\",\"description\":\"\",\"potentialAction\":[{\"@type\":\"SearchAction\",\"target\":{\"@type\":\"EntryPoint\",\"urlTemplate\":\"https:\/\/portaltela.pt\/?s={search_term_string}\"},\"query-input\":{\"@type\":\"PropertyValueSpecification\",\"valueRequired\":true,\"valueName\":\"search_term_string\"}}],\"inLanguage\":\"pt-PT\"},{\"@type\":\"Person\",\"@id\":\"https:\/\/portaltela.pt\/#\/schema\/person\/c4278d4a6028830caff9ee44b42d32ed\",\"name\":\"Telinha\",\"image\":{\"@type\":\"ImageObject\",\"inLanguage\":\"pt-PT\",\"@id\":\"https:\/\/portaltela.pt\/s.01k8rhncp4jt1\/2025\/11\/talking-bot-125x125.png\",\"url\":\"https:\/\/portaltela.pt\/s.01k8rhncp4jt1\/2025\/11\/talking-bot-125x125.png\",\"contentUrl\":\"https:\/\/portaltela.pt\/s.01k8rhncp4jt1\/2025\/11\/talking-bot-125x125.png\",\"caption\":\"Telinha\"},\"sameAs\":[\"https:\/\/portaltela.pt\/\"],\"url\":\"https:\/\/portaltela.pt\/por\/367410592786\/\"}]}<\/script>\n<!-- \/ Yoast SEO plugin. -->","yoast_head_json":{"title":"Portugal come\u00e7a o Mundial de equipas nesta ter\u00e7a-feira - Portal Tela Portugal","robots":{"index":"index","follow":"follow","max-snippet":"max-snippet:-1","max-image-preview":"max-image-preview:large","max-video-preview":"max-video-preview:-1"},"og_locale":"pt_PT","og_type":"article","og_title":"Portugal come\u00e7a o Mundial de equipas nesta ter\u00e7a-feira - Portal Tela Portugal","og_description":"Portugal participa no Campeonato do Mundo de equipas em Londres, com ambi\u00e7\u00f5es de bons resultados em masculinos e femininos, a prova inicia esta ter\u00e7a-feira. Masculinos: Portugal, 11.\u00ba no ranking, abre grupo 6 frente \u00e0 Nova Caled\u00f3nia, segui-se Arg\u00e9lia e Gr\u00e9cia, a competir nos dias 28, 29 e 30 de abril, respetivamente, \u00e0s 12h30. Femininos: Portugal, 16.\u00aa, est\u00e1 no grupo 10 com Luxemburgo, Guatemala e Barbados, jogando nos dias 28, 29 e 30 de abril, \u00e0s 17h00 (Barbados e Luxemburgo) e 10h00 (Guatemala). Avan\u00e7o na prova: os primeiros de cada grupo e os seis segundos classificados mais bem posicionados seguem para o mapa principal; os restantes segundos disputam ronda eliminat\u00f3ria, com os quatro vencedores a apurarem-se para o mapa final. Lista de atletas: masculinos \u2014 Jo\u00e3o Geraldo, Marcos Freitas, Tiago Apol\u00f3nia e Joao Monteiro; femininos \u2014 Fu Yu, Jieni Shao, Matilde Pinto e J\u00falia Leal.","og_url":"https:\/\/portaltela.pt\/noticias\/2026\/04\/27\/portugal-comeca-o-mundial-de-equipas-nesta-terca-feira\/","og_site_name":"Portal Tela Portugal","article_published_time":"2026-04-27T17:18:16+00:00","author":"Telinha","twitter_card":"summary_large_image","twitter_misc":{"Escrito por":"Telinha","Tempo estimado de leitura":"1 minuto"},"schema":{"@context":"https:\/\/schema.org","@graph":[{"@type":"Article","@id":"https:\/\/portaltela.pt\/noticias\/2026\/04\/27\/portugal-comeca-o-mundial-de-equipas-nesta-terca-feira\/#article","isPartOf":{"@id":"https:\/\/portaltela.pt\/noticias\/2026\/04\/27\/portugal-comeca-o-mundial-de-equipas-nesta-terca-feira\/"},"author":{"name":"Telinha","@id":"https:\/\/portaltela.pt\/#\/schema\/person\/c4278d4a6028830caff9ee44b42d32ed"},"headline":"Portugal come\u00e7a o Mundial de equipas nesta ter\u00e7a-feira","datePublished":"2026-04-27T17:18:16+00:00","mainEntityOfPage":{"@id":"https:\/\/portaltela.pt\/noticias\/2026\/04\/27\/portugal-comeca-o-mundial-de-equipas-nesta-terca-feira\/"},"wordCount":176,"image":{"@id":"https:\/\/portaltela.pt\/noticias\/2026\/04\/27\/portugal-comeca-o-mundial-de-equipas-nesta-terca-feira\/#primaryimage"},"thumbnailUrl":"https:\/\/portaltela.pt\/s.01k8rhncp4jt1\/2026\/04\/img_920x518uu2026-04-27-17-46-54-2435605.jpg","keywords":["_desporto","_desporto internacional","_feminino","_Londres","_Portugal","_Sele\u00e7\u00e3o Nacional"],"articleSection":["Copa do Mundo","Desporto"],"inLanguage":"pt-PT"},{"@type":"WebPage","@id":"https:\/\/portaltela.pt\/noticias\/2026\/04\/27\/portugal-comeca-o-mundial-de-equipas-nesta-terca-feira\/","url":"https:\/\/portaltela.pt\/noticias\/2026\/04\/27\/portugal-comeca-o-mundial-de-equipas-nesta-terca-feira\/","name":"Portugal come\u00e7a o Mundial de equipas nesta ter\u00e7a-feira - Portal Tela Portugal","isPartOf":{"@id":"https:\/\/portaltela.pt\/#website"},"primaryImageOfPage":{"@id":"https:\/\/portaltela.pt\/noticias\/2026\/04\/27\/portugal-comeca-o-mundial-de-equipas-nesta-terca-feira\/#primaryimage"},"image":{"@id":"https:\/\/portaltela.pt\/noticias\/2026\/04\/27\/portugal-comeca-o-mundial-de-equipas-nesta-terca-feira\/#primaryimage"},"thumbnailUrl":"https:\/\/portaltela.pt\/s.01k8rhncp4jt1\/2026\/04\/img_920x518uu2026-04-27-17-46-54-2435605.jpg","datePublished":"2026-04-27T17:18:16+00:00","author":{"@id":"https:\/\/portaltela.pt\/#\/schema\/person\/c4278d4a6028830caff9ee44b42d32ed"},"breadcrumb":{"@id":"https:\/\/portaltela.pt\/noticias\/2026\/04\/27\/portugal-comeca-o-mundial-de-equipas-nesta-terca-feira\/#breadcrumb"},"inLanguage":"pt-PT","potentialAction":[{"@type":"ReadAction","target":["https:\/\/portaltela.pt\/noticias\/2026\/04\/27\/portugal-comeca-o-mundial-de-equipas-nesta-terca-feira\/"]}]},{"@type":"ImageObject","inLanguage":"pt-PT","@id":"https:\/\/portaltela.pt\/noticias\/2026\/04\/27\/portugal-comeca-o-mundial-de-equipas-nesta-terca-feira\/#primaryimage","url":"https:\/\/portaltela.pt\/s.01k8rhncp4jt1\/2026\/04\/img_920x518uu2026-04-27-17-46-54-2435605.jpg","contentUrl":"https:\/\/portaltela.pt\/s.01k8rhncp4jt1\/2026\/04\/img_920x518uu2026-04-27-17-46-54-2435605.jpg","width":796,"height":448,"caption":"Portugal compete no Mundial de equipas em Londres"},{"@type":"BreadcrumbList","@id":"https:\/\/portaltela.pt\/noticias\/2026\/04\/27\/portugal-comeca-o-mundial-de-equipas-nesta-terca-feira\/#breadcrumb","itemListElement":[{"@type":"ListItem","position":1,"name":"In\u00edcio","item":"https:\/\/portaltela.pt\/"},{"@type":"ListItem","position":2,"name":"Portugal come\u00e7a o Mundial de equipas nesta ter\u00e7a-feira"}]},{"@type":"WebSite","@id":"https:\/\/portaltela.pt\/#website","url":"https:\/\/portaltela.pt\/","name":"Portal Tela Portugal","description":"","potentialAction":[{"@type":"SearchAction","target":{"@type":"EntryPoint","urlTemplate":"https:\/\/portaltela.pt\/?s={search_term_string}"},"query-input":{"@type":"PropertyValueSpecification","valueRequired":true,"valueName":"search_term_string"}}],"inLanguage":"pt-PT"},{"@type":"Person","@id":"https:\/\/portaltela.pt\/#\/schema\/person\/c4278d4a6028830caff9ee44b42d32ed","name":"Telinha","image":{"@type":"ImageObject","inLanguage":"pt-PT","@id":"https:\/\/portaltela.pt\/s.01k8rhncp4jt1\/2025\/11\/talking-bot-125x125.png","url":"https:\/\/portaltela.pt\/s.01k8rhncp4jt1\/2025\/11\/talking-bot-125x125.png","contentUrl":"https:\/\/portaltela.pt\/s.01k8rhncp4jt1\/2025\/11\/talking-bot-125x125.png","caption":"Telinha"},"sameAs":["https:\/\/portaltela.pt\/"],"url":"https:\/\/portaltela.pt\/por\/367410592786\/"}]}},"_links":{"self":[{"href":"https:\/\/portaltela.pt\/api\/wp\/v2\/posts\/458674","targetHints":{"allow":["GET"]}}],"collection":[{"href":"https:\/\/portaltela.pt\/api\/wp\/v2\/posts"}],"about":[{"href":"https:\/\/portaltela.pt\/api\/wp\/v2\/types\/post"}],"author":[{"embeddable":true,"href":"https:\/\/portaltela.pt\/api\/wp\/v2\/users\/2"}],"replies":[{"embeddable":true,"href":"https:\/\/portaltela.pt\/api\/wp\/v2\/comments?post=458674"}],"version-history":[{"count":0,"href":"https:\/\/portaltela.pt\/api\/wp\/v2\/posts\/458674\/revisions"}],"wp:featuredmedia":[{"embeddable":true,"href":"https:\/\/portaltela.pt\/api\/wp\/v2\/media\/458684"}],"wp:attachment":[{"href":"https:\/\/portaltela.pt\/api\/wp\/v2\/media?parent=458674"}],"wp:term":[{"taxonomy":"category","embeddable":true,"href":"https:\/\/portaltela.pt\/api\/wp\/v2\/categories?post=458674"},{"taxonomy":"post_tag","embeddable":true,"href":"https:\/\/portaltela.pt\/api\/wp\/v2\/tags?post=458674"}],"curies":[{"name":"wp","href":"https:\/\/api.w.org\/{rel}","templated":true}]}}