{"id":458667,"date":"2026-04-27T14:17:50","date_gmt":"2026-04-27T17:17:50","guid":{"rendered":"https:\/\/portaltela.pt\/noticias\/2026\/04\/27\/benfica-sad-levanta-65-m-em-obrigacoes-com-procura-136x-acima-da-oferta\/"},"modified":"2026-04-27T14:17:50","modified_gmt":"2026-04-27T17:17:50","slug":"benfica-sad-levanta-65-m-em-obrigacoes-com-procura-136x-acima-da-oferta","status":"publish","type":"post","link":"https:\/\/portaltela.pt\/noticias\/economia\/2026\/04\/27\/benfica-sad-levanta-65-m-em-obrigacoes-com-procura-136x-acima-da-oferta\/","title":{"rendered":"Benfica SAD levanta 65 M\u20ac em obriga\u00e7\u00f5es com procura 1,36x acima da oferta"},"content":{"rendered":"<p>A Benfica SAD realizou uma emiss\u00e3o de obriga\u00e7\u00f5es no montante de 65 milh\u00f5es de euros. A opera\u00e7\u00e3o j\u00e1 recebeu procura acima da oferta, com uma taxa de 1,36 vezes mais demandada do que o montante colocado.<\/p>\n<p>Segundo dados preliminares, o apet\u00eancia dos investidores superou de modo significativo a oferta inicial, evidenciando interesse robusto no papel emitido pela sociedade desportiva.<\/p>\n<p>A emiss\u00e3o insere-se no contexto de financiamento da Benfica SAD, com objetivos de refor\u00e7ar o equil\u00edbrio financeiro e apoiar estrat\u00e9gias de crescimento. A resposta do mercado abriu espa\u00e7o para futuras opera\u00e7\u00f5es semelhantes, dependendo da evolu\u00e7\u00e3o das condi\u00e7\u00f5es de financiamento.<\/p>\n<p>Ainda n\u00e3o foram divulgados detalhes adicionais sobre a dura\u00e7\u00e3o das obriga\u00e7\u00f5es, a taxa de juro ou o calend\u00e1rio de coloca\u00e7\u00e3o, nem os intervenientes espec\u00edficos no processo. As autoridades competentes acompanham o desenrolar da opera\u00e7\u00e3o em termos de conformidade e transpar\u00eancia.<\/p>\n","protected":false},"excerpt":{"rendered":"<ul>\n<li>Benfica SAD encaixa 65 ME em obriga\u00e7\u00f5es.<\/li>\n<li>A procura foi 1,36 vezes superior \u00e0 oferta.<\/li>\n<\/ul>\n","protected":false},"author":2,"featured_media":458668,"comment_status":"closed","ping_status":"closed","sticky":false,"template":"","format":"standard","meta":{"footnotes":""},"categories":[2,6850],"tags":[1946,3972,1960,28,2417,316],"class_list":["post-458667","post","type-post","status-publish","format-standard","has-post-thumbnail","hentry","category-economia","category-financas","tag-benfica","tag-benfica-sad","tag-credito","tag-economia","tag-financiamento","tag-investimento"],"yoast_head":"<!-- This site is optimized with the Yoast SEO plugin v27.2 - https:\/\/yoast.com\/product\/yoast-seo-wordpress\/ -->\n<title>Benfica SAD levanta 65 M\u20ac em obriga\u00e7\u00f5es com procura 1,36x acima da oferta - Portal Tela Portugal<\/title>\n<meta name=\"robots\" content=\"index, follow, max-snippet:-1, max-image-preview:large, max-video-preview:-1\" \/>\n<meta property=\"og:locale\" content=\"pt_PT\" \/>\n<meta property=\"og:type\" content=\"article\" \/>\n<meta property=\"og:title\" content=\"Benfica SAD levanta 65 M\u20ac em obriga\u00e7\u00f5es com procura 1,36x acima da oferta - Portal Tela Portugal\" \/>\n<meta property=\"og:description\" content=\"Benfica SAD encaixa 65 ME em obriga\u00e7\u00f5es. A procura foi 1,36 vezes superior \u00e0 oferta.\" \/>\n<meta property=\"og:url\" content=\"https:\/\/portaltela.pt\/noticias\/2026\/04\/27\/benfica-sad-levanta-65-m-em-obrigacoes-com-procura-136x-acima-da-oferta\/\" \/>\n<meta property=\"og:site_name\" content=\"Portal Tela Portugal\" \/>\n<meta property=\"article:published_time\" content=\"2026-04-27T17:17:50+00:00\" \/>\n<meta name=\"author\" content=\"Telinha\" \/>\n<meta name=\"twitter:card\" content=\"summary_large_image\" \/>\n<meta name=\"twitter:label1\" content=\"Escrito por\" \/>\n\t<meta name=\"twitter:data1\" content=\"Telinha\" \/>\n\t<meta name=\"twitter:label2\" content=\"Tempo estimado de leitura\" \/>\n\t<meta name=\"twitter:data2\" content=\"1 minuto\" \/>\n<script type=\"application\/ld+json\" class=\"yoast-schema-graph\">{\"@context\":\"https:\/\/schema.org\",\"@graph\":[{\"@type\":\"Article\",\"@id\":\"https:\/\/portaltela.pt\/noticias\/2026\/04\/27\/benfica-sad-levanta-65-m-em-obrigacoes-com-procura-136x-acima-da-oferta\/#article\",\"isPartOf\":{\"@id\":\"https:\/\/portaltela.pt\/noticias\/2026\/04\/27\/benfica-sad-levanta-65-m-em-obrigacoes-com-procura-136x-acima-da-oferta\/\"},\"author\":{\"name\":\"Telinha\",\"@id\":\"https:\/\/portaltela.pt\/#\/schema\/person\/c4278d4a6028830caff9ee44b42d32ed\"},\"headline\":\"Benfica SAD levanta 65 M\u20ac em obriga\u00e7\u00f5es com procura 1,36x acima da oferta\",\"datePublished\":\"2026-04-27T17:17:50+00:00\",\"mainEntityOfPage\":{\"@id\":\"https:\/\/portaltela.pt\/noticias\/2026\/04\/27\/benfica-sad-levanta-65-m-em-obrigacoes-com-procura-136x-acima-da-oferta\/\"},\"wordCount\":170,\"image\":{\"@id\":\"https:\/\/portaltela.pt\/noticias\/2026\/04\/27\/benfica-sad-levanta-65-m-em-obrigacoes-com-procura-136x-acima-da-oferta\/#primaryimage\"},\"thumbnailUrl\":\"https:\/\/portaltela.pt\/s.01k8rhncp4jt1\/2026\/04\/CACHE_780X1200_ANALOG_WATERMARKED_47004441_6242814_27042026050415.jpg\",\"keywords\":[\"Benfica\",\"Benfica SAD\",\"cr\u00e9dito\",\"economia\",\"financiamento\",\"investimento\"],\"articleSection\":[\"Economia\",\"Finan\u00e7as\"],\"inLanguage\":\"pt-PT\"},{\"@type\":\"WebPage\",\"@id\":\"https:\/\/portaltela.pt\/noticias\/2026\/04\/27\/benfica-sad-levanta-65-m-em-obrigacoes-com-procura-136x-acima-da-oferta\/\",\"url\":\"https:\/\/portaltela.pt\/noticias\/2026\/04\/27\/benfica-sad-levanta-65-m-em-obrigacoes-com-procura-136x-acima-da-oferta\/\",\"name\":\"Benfica SAD levanta 65 M\u20ac em obriga\u00e7\u00f5es com procura 1,36x acima da oferta - Portal Tela Portugal\",\"isPartOf\":{\"@id\":\"https:\/\/portaltela.pt\/#website\"},\"primaryImageOfPage\":{\"@id\":\"https:\/\/portaltela.pt\/noticias\/2026\/04\/27\/benfica-sad-levanta-65-m-em-obrigacoes-com-procura-136x-acima-da-oferta\/#primaryimage\"},\"image\":{\"@id\":\"https:\/\/portaltela.pt\/noticias\/2026\/04\/27\/benfica-sad-levanta-65-m-em-obrigacoes-com-procura-136x-acima-da-oferta\/#primaryimage\"},\"thumbnailUrl\":\"https:\/\/portaltela.pt\/s.01k8rhncp4jt1\/2026\/04\/CACHE_780X1200_ANALOG_WATERMARKED_47004441_6242814_27042026050415.jpg\",\"datePublished\":\"2026-04-27T17:17:50+00:00\",\"author\":{\"@id\":\"https:\/\/portaltela.pt\/#\/schema\/person\/c4278d4a6028830caff9ee44b42d32ed\"},\"breadcrumb\":{\"@id\":\"https:\/\/portaltela.pt\/noticias\/2026\/04\/27\/benfica-sad-levanta-65-m-em-obrigacoes-com-procura-136x-acima-da-oferta\/#breadcrumb\"},\"inLanguage\":\"pt-PT\",\"potentialAction\":[{\"@type\":\"ReadAction\",\"target\":[\"https:\/\/portaltela.pt\/noticias\/2026\/04\/27\/benfica-sad-levanta-65-m-em-obrigacoes-com-procura-136x-acima-da-oferta\/\"]}]},{\"@type\":\"ImageObject\",\"inLanguage\":\"pt-PT\",\"@id\":\"https:\/\/portaltela.pt\/noticias\/2026\/04\/27\/benfica-sad-levanta-65-m-em-obrigacoes-com-procura-136x-acima-da-oferta\/#primaryimage\",\"url\":\"https:\/\/portaltela.pt\/s.01k8rhncp4jt1\/2026\/04\/CACHE_780X1200_ANALOG_WATERMARKED_47004441_6242814_27042026050415.jpg\",\"contentUrl\":\"https:\/\/portaltela.pt\/s.01k8rhncp4jt1\/2026\/04\/CACHE_780X1200_ANALOG_WATERMARKED_47004441_6242814_27042026050415.jpg\",\"width\":796,\"height\":448,\"caption\":\"Benfica SAD encaixa 65 ME em obriga\u00e7\u00f5es com procura 1,36 vezes superior \u00e0 oferta\"},{\"@type\":\"BreadcrumbList\",\"@id\":\"https:\/\/portaltela.pt\/noticias\/2026\/04\/27\/benfica-sad-levanta-65-m-em-obrigacoes-com-procura-136x-acima-da-oferta\/#breadcrumb\",\"itemListElement\":[{\"@type\":\"ListItem\",\"position\":1,\"name\":\"In\u00edcio\",\"item\":\"https:\/\/portaltela.pt\/\"},{\"@type\":\"ListItem\",\"position\":2,\"name\":\"Benfica SAD levanta 65 M\u20ac em obriga\u00e7\u00f5es com procura 1,36x acima da oferta\"}]},{\"@type\":\"WebSite\",\"@id\":\"https:\/\/portaltela.pt\/#website\",\"url\":\"https:\/\/portaltela.pt\/\",\"name\":\"Portal Tela Portugal\",\"description\":\"\",\"potentialAction\":[{\"@type\":\"SearchAction\",\"target\":{\"@type\":\"EntryPoint\",\"urlTemplate\":\"https:\/\/portaltela.pt\/?s={search_term_string}\"},\"query-input\":{\"@type\":\"PropertyValueSpecification\",\"valueRequired\":true,\"valueName\":\"search_term_string\"}}],\"inLanguage\":\"pt-PT\"},{\"@type\":\"Person\",\"@id\":\"https:\/\/portaltela.pt\/#\/schema\/person\/c4278d4a6028830caff9ee44b42d32ed\",\"name\":\"Telinha\",\"image\":{\"@type\":\"ImageObject\",\"inLanguage\":\"pt-PT\",\"@id\":\"https:\/\/portaltela.pt\/s.01k8rhncp4jt1\/2025\/11\/talking-bot-125x125.png\",\"url\":\"https:\/\/portaltela.pt\/s.01k8rhncp4jt1\/2025\/11\/talking-bot-125x125.png\",\"contentUrl\":\"https:\/\/portaltela.pt\/s.01k8rhncp4jt1\/2025\/11\/talking-bot-125x125.png\",\"caption\":\"Telinha\"},\"sameAs\":[\"https:\/\/portaltela.pt\/\"],\"url\":\"https:\/\/portaltela.pt\/por\/367410592786\/\"}]}<\/script>\n<!-- \/ Yoast SEO plugin. -->","yoast_head_json":{"title":"Benfica SAD levanta 65 M\u20ac em obriga\u00e7\u00f5es com procura 1,36x acima da oferta - Portal Tela Portugal","robots":{"index":"index","follow":"follow","max-snippet":"max-snippet:-1","max-image-preview":"max-image-preview:large","max-video-preview":"max-video-preview:-1"},"og_locale":"pt_PT","og_type":"article","og_title":"Benfica SAD levanta 65 M\u20ac em obriga\u00e7\u00f5es com procura 1,36x acima da oferta - Portal Tela Portugal","og_description":"Benfica SAD encaixa 65 ME em obriga\u00e7\u00f5es. A procura foi 1,36 vezes superior \u00e0 oferta.","og_url":"https:\/\/portaltela.pt\/noticias\/2026\/04\/27\/benfica-sad-levanta-65-m-em-obrigacoes-com-procura-136x-acima-da-oferta\/","og_site_name":"Portal Tela Portugal","article_published_time":"2026-04-27T17:17:50+00:00","author":"Telinha","twitter_card":"summary_large_image","twitter_misc":{"Escrito por":"Telinha","Tempo estimado de leitura":"1 minuto"},"schema":{"@context":"https:\/\/schema.org","@graph":[{"@type":"Article","@id":"https:\/\/portaltela.pt\/noticias\/2026\/04\/27\/benfica-sad-levanta-65-m-em-obrigacoes-com-procura-136x-acima-da-oferta\/#article","isPartOf":{"@id":"https:\/\/portaltela.pt\/noticias\/2026\/04\/27\/benfica-sad-levanta-65-m-em-obrigacoes-com-procura-136x-acima-da-oferta\/"},"author":{"name":"Telinha","@id":"https:\/\/portaltela.pt\/#\/schema\/person\/c4278d4a6028830caff9ee44b42d32ed"},"headline":"Benfica SAD levanta 65 M\u20ac em obriga\u00e7\u00f5es com procura 1,36x acima da oferta","datePublished":"2026-04-27T17:17:50+00:00","mainEntityOfPage":{"@id":"https:\/\/portaltela.pt\/noticias\/2026\/04\/27\/benfica-sad-levanta-65-m-em-obrigacoes-com-procura-136x-acima-da-oferta\/"},"wordCount":170,"image":{"@id":"https:\/\/portaltela.pt\/noticias\/2026\/04\/27\/benfica-sad-levanta-65-m-em-obrigacoes-com-procura-136x-acima-da-oferta\/#primaryimage"},"thumbnailUrl":"https:\/\/portaltela.pt\/s.01k8rhncp4jt1\/2026\/04\/CACHE_780X1200_ANALOG_WATERMARKED_47004441_6242814_27042026050415.jpg","keywords":["Benfica","Benfica SAD","cr\u00e9dito","economia","financiamento","investimento"],"articleSection":["Economia","Finan\u00e7as"],"inLanguage":"pt-PT"},{"@type":"WebPage","@id":"https:\/\/portaltela.pt\/noticias\/2026\/04\/27\/benfica-sad-levanta-65-m-em-obrigacoes-com-procura-136x-acima-da-oferta\/","url":"https:\/\/portaltela.pt\/noticias\/2026\/04\/27\/benfica-sad-levanta-65-m-em-obrigacoes-com-procura-136x-acima-da-oferta\/","name":"Benfica SAD levanta 65 M\u20ac em obriga\u00e7\u00f5es com procura 1,36x acima da oferta - Portal Tela Portugal","isPartOf":{"@id":"https:\/\/portaltela.pt\/#website"},"primaryImageOfPage":{"@id":"https:\/\/portaltela.pt\/noticias\/2026\/04\/27\/benfica-sad-levanta-65-m-em-obrigacoes-com-procura-136x-acima-da-oferta\/#primaryimage"},"image":{"@id":"https:\/\/portaltela.pt\/noticias\/2026\/04\/27\/benfica-sad-levanta-65-m-em-obrigacoes-com-procura-136x-acima-da-oferta\/#primaryimage"},"thumbnailUrl":"https:\/\/portaltela.pt\/s.01k8rhncp4jt1\/2026\/04\/CACHE_780X1200_ANALOG_WATERMARKED_47004441_6242814_27042026050415.jpg","datePublished":"2026-04-27T17:17:50+00:00","author":{"@id":"https:\/\/portaltela.pt\/#\/schema\/person\/c4278d4a6028830caff9ee44b42d32ed"},"breadcrumb":{"@id":"https:\/\/portaltela.pt\/noticias\/2026\/04\/27\/benfica-sad-levanta-65-m-em-obrigacoes-com-procura-136x-acima-da-oferta\/#breadcrumb"},"inLanguage":"pt-PT","potentialAction":[{"@type":"ReadAction","target":["https:\/\/portaltela.pt\/noticias\/2026\/04\/27\/benfica-sad-levanta-65-m-em-obrigacoes-com-procura-136x-acima-da-oferta\/"]}]},{"@type":"ImageObject","inLanguage":"pt-PT","@id":"https:\/\/portaltela.pt\/noticias\/2026\/04\/27\/benfica-sad-levanta-65-m-em-obrigacoes-com-procura-136x-acima-da-oferta\/#primaryimage","url":"https:\/\/portaltela.pt\/s.01k8rhncp4jt1\/2026\/04\/CACHE_780X1200_ANALOG_WATERMARKED_47004441_6242814_27042026050415.jpg","contentUrl":"https:\/\/portaltela.pt\/s.01k8rhncp4jt1\/2026\/04\/CACHE_780X1200_ANALOG_WATERMARKED_47004441_6242814_27042026050415.jpg","width":796,"height":448,"caption":"Benfica SAD encaixa 65 ME em obriga\u00e7\u00f5es com procura 1,36 vezes superior \u00e0 oferta"},{"@type":"BreadcrumbList","@id":"https:\/\/portaltela.pt\/noticias\/2026\/04\/27\/benfica-sad-levanta-65-m-em-obrigacoes-com-procura-136x-acima-da-oferta\/#breadcrumb","itemListElement":[{"@type":"ListItem","position":1,"name":"In\u00edcio","item":"https:\/\/portaltela.pt\/"},{"@type":"ListItem","position":2,"name":"Benfica SAD levanta 65 M\u20ac em obriga\u00e7\u00f5es com procura 1,36x acima da oferta"}]},{"@type":"WebSite","@id":"https:\/\/portaltela.pt\/#website","url":"https:\/\/portaltela.pt\/","name":"Portal Tela Portugal","description":"","potentialAction":[{"@type":"SearchAction","target":{"@type":"EntryPoint","urlTemplate":"https:\/\/portaltela.pt\/?s={search_term_string}"},"query-input":{"@type":"PropertyValueSpecification","valueRequired":true,"valueName":"search_term_string"}}],"inLanguage":"pt-PT"},{"@type":"Person","@id":"https:\/\/portaltela.pt\/#\/schema\/person\/c4278d4a6028830caff9ee44b42d32ed","name":"Telinha","image":{"@type":"ImageObject","inLanguage":"pt-PT","@id":"https:\/\/portaltela.pt\/s.01k8rhncp4jt1\/2025\/11\/talking-bot-125x125.png","url":"https:\/\/portaltela.pt\/s.01k8rhncp4jt1\/2025\/11\/talking-bot-125x125.png","contentUrl":"https:\/\/portaltela.pt\/s.01k8rhncp4jt1\/2025\/11\/talking-bot-125x125.png","caption":"Telinha"},"sameAs":["https:\/\/portaltela.pt\/"],"url":"https:\/\/portaltela.pt\/por\/367410592786\/"}]}},"_links":{"self":[{"href":"https:\/\/portaltela.pt\/api\/wp\/v2\/posts\/458667","targetHints":{"allow":["GET"]}}],"collection":[{"href":"https:\/\/portaltela.pt\/api\/wp\/v2\/posts"}],"about":[{"href":"https:\/\/portaltela.pt\/api\/wp\/v2\/types\/post"}],"author":[{"embeddable":true,"href":"https:\/\/portaltela.pt\/api\/wp\/v2\/users\/2"}],"replies":[{"embeddable":true,"href":"https:\/\/portaltela.pt\/api\/wp\/v2\/comments?post=458667"}],"version-history":[{"count":0,"href":"https:\/\/portaltela.pt\/api\/wp\/v2\/posts\/458667\/revisions"}],"wp:featuredmedia":[{"embeddable":true,"href":"https:\/\/portaltela.pt\/api\/wp\/v2\/media\/458668"}],"wp:attachment":[{"href":"https:\/\/portaltela.pt\/api\/wp\/v2\/media?parent=458667"}],"wp:term":[{"taxonomy":"category","embeddable":true,"href":"https:\/\/portaltela.pt\/api\/wp\/v2\/categories?post=458667"},{"taxonomy":"post_tag","embeddable":true,"href":"https:\/\/portaltela.pt\/api\/wp\/v2\/tags?post=458667"}],"curies":[{"name":"wp","href":"https:\/\/api.w.org\/{rel}","templated":true}]}}