{"id":458650,"date":"2026-04-27T14:03:23","date_gmt":"2026-04-27T17:03:23","guid":{"rendered":"https:\/\/portaltela.pt\/noticias\/2026\/04\/27\/obras-na-linha-circular-param-a-ligacao-entre-cais-do-sodre-e-rossio-de-sabado-a-terca\/"},"modified":"2026-04-27T14:03:23","modified_gmt":"2026-04-27T17:03:23","slug":"obras-na-linha-circular-param-a-ligacao-entre-cais-do-sodre-e-rossio-de-sabado-a-terca","status":"publish","type":"post","link":"https:\/\/portaltela.pt\/noticias\/economia\/2026\/04\/27\/obras-na-linha-circular-param-a-ligacao-entre-cais-do-sodre-e-rossio-de-sabado-a-terca\/","title":{"rendered":"Obras na Linha Circular param a liga\u00e7\u00e3o entre Cais do Sodr\u00e9 e Rossio de s\u00e1bado a ter\u00e7a"},"content":{"rendered":"<p>O Metropolitano de Lisboa anunciou um encerramento tempor\u00e1rio de parte da Linha Verde entre o Cais do Sodr\u00e9 e o Martim Moniz, devido a obras de constru\u00e7\u00e3o da Linha Circular. O servi\u00e7o ficar\u00e1 interrompido de s\u00e1bado, 2 de maio, at\u00e9 ter\u00e7a-feira seguinte, 5 de maio, incluindo as esta\u00e7\u00f5es Rossio, Baixa-Chiado e Cais do Sodr\u00e9.<\/p>\n<p>Durante o per\u00edodo, a circula\u00e7\u00e3o na Linha Verde limitar-se-\u00e1 entre Martim Moniz e Telheiras, em ambos os sentidos. O Cais do Sodr\u00e9 entra em funcionamento com um cais provis\u00f3rio a partir de 6 de maio, mantendo-se at\u00e9 prov\u00e1vel final de julho; o resto da rede manter\u00e1 funcionamento normal.<\/p>\n<h3>Plano de mobilidade alternativo<\/h3>\n<p>A Carris vai assegurar o transporte alternativo com autocarros e el\u00e9ctricos para compensar a interrup\u00e7\u00e3o. As rotas sugeridas ligam Martim Moniz ao Cais do Sodr\u00e9 (208, 760), Pra\u00e7a da Figueira ao Cais do Sodr\u00e9 (774), bem como Rossio ao Cais do Sodr\u00e9 (207, 732, 736, noite).<\/p>\n<p>A comunica\u00e7\u00e3o recomenda ainda utilizar estas liga\u00e7\u00f5es para atravessar entre Rossio, Cais do Sodr\u00e9 e Baixa-Chiado, mantendo a circula\u00e7\u00e3o normal nas restantes linhas.<\/p>\n<h3>Contexto da obra e objetivo<\/h3>\n<p>A interrup\u00e7\u00e3o enquadra-se na prepara\u00e7\u00e3o e moderniza\u00e7\u00e3o da rede para a futura Linha Circular, que associar\u00e1 grande parte da Linha Verde \u00e0 Linha Amarela, com novos tro\u00e7os e duas esta\u00e7\u00f5es, Estrela e Santos. A empreitada em causa \u00e9 a Lote 4, relativa aos acabamentos e sistemas da extens\u00e3o Rato-Cais do Sodr\u00e9.<\/p>\n<p>O Metropolitano afirma que a Linha Circular visa densificar a oferta de transporte e reduzir tempos de desloca\u00e7\u00e3o, ao ligar Cascais, Sintra, Azambuja, Set\u00fabal e Entrecampos com o eixo central, sem necessidade de transbordos. A conclus\u00e3o depende de v\u00e1rias fases de obra.<\/p>\n","protected":false},"excerpt":{"rendered":"<ul>\n<li>Entre 2 de maio e 5 de maio, a circula\u00e7\u00e3o entre Cais do Sodr\u00e9 e Martim Moniz na Linha Verde fica interrompida devido a obras da Linha Circular, com encerramento das esta\u00e7\u00f5es Cais do Sodr\u00e9, Baixa-Chiado e Rossio.<\/li>\n<li>Durante esse per\u00edodo, o servi\u00e7o da Linha Verde funciona apenas entre Martim Moniz e Telheiras; a circula\u00e7\u00e3o entre Cais do Sodr\u00e9 e Martim Moniz \u00e9 reposta a partir de 6 de maio.<\/li>\n<li>A esta\u00e7\u00e3o Cais do Sodr\u00e9 ter\u00e1 um cais provis\u00f3rio at\u00e9 ao final de julho, para facilitar o fluxo de passageiros. As restantes linhas mant\u00eam funcionamento.<\/li>\n<li>A Carris fornece as alternativas: 208 (Rede da Madrugada) e 760 (autocarro) entre Martim Moniz e Cais do Sodr\u00e9; 774 (nocturno\/fim de semana) entre Pra\u00e7a da Figueira e Cais do Sodr\u00e9; 15E e 25E (el\u00e9ctrico) para o trajeto at\u00e9 Cais do Sodr\u00e9; 207, 732 e 736 noite entre Rossio e Cais do Sodr\u00e9.<\/li>\n<li>A interven\u00e7\u00e3o insere-se na prepara\u00e7\u00e3o da Linha Circular, que ir\u00e1 ligar quase toda a Linha Verde com a Amarela at\u00e9 ao Rato, com duas novas esta\u00e7\u00f5es (Estrela e Santos) e entrada prevista no primeiro trimestre de 2027.<\/li>\n<\/ul>\n","protected":false},"author":2,"featured_media":458658,"comment_status":"closed","ping_status":"closed","sticky":false,"template":"","format":"standard","meta":{"footnotes":""},"categories":[2,1],"tags":[9160,8859,7974,8319,9388,9064],"class_list":["post-458650","post","type-post","status-publish","format-standard","has-post-thumbnail","hentry","category-economia","category-noticias","tag-_cais","tag-_linha","tag-_lisboa","tag-_mobilidade-urbana","tag-_obras","tag-_transporte-publico"],"yoast_head":"<!-- This site is optimized with the Yoast SEO plugin v27.2 - https:\/\/yoast.com\/product\/yoast-seo-wordpress\/ -->\n<title>Obras na Linha Circular param a liga\u00e7\u00e3o entre Cais do Sodr\u00e9 e Rossio de s\u00e1bado a ter\u00e7a - Portal Tela Portugal<\/title>\n<meta name=\"robots\" content=\"index, follow, max-snippet:-1, max-image-preview:large, max-video-preview:-1\" \/>\n<meta property=\"og:locale\" content=\"pt_PT\" \/>\n<meta property=\"og:type\" content=\"article\" \/>\n<meta property=\"og:title\" content=\"Obras na Linha Circular param a liga\u00e7\u00e3o entre Cais do Sodr\u00e9 e Rossio de s\u00e1bado a ter\u00e7a - Portal Tela Portugal\" \/>\n<meta property=\"og:description\" content=\"Entre 2 de maio e 5 de maio, a circula\u00e7\u00e3o entre Cais do Sodr\u00e9 e Martim Moniz na Linha Verde fica interrompida devido a obras da Linha Circular, com encerramento das esta\u00e7\u00f5es Cais do Sodr\u00e9, Baixa-Chiado e Rossio. Durante esse per\u00edodo, o servi\u00e7o da Linha Verde funciona apenas entre Martim Moniz e Telheiras; a circula\u00e7\u00e3o entre Cais do Sodr\u00e9 e Martim Moniz \u00e9 reposta a partir de 6 de maio. A esta\u00e7\u00e3o Cais do Sodr\u00e9 ter\u00e1 um cais provis\u00f3rio at\u00e9 ao final de julho, para facilitar o fluxo de passageiros. As restantes linhas mant\u00eam funcionamento. A Carris fornece as alternativas: 208 (Rede da Madrugada) e 760 (autocarro) entre Martim Moniz e Cais do Sodr\u00e9; 774 (nocturno\/fim de semana) entre Pra\u00e7a da Figueira e Cais do Sodr\u00e9; 15E e 25E (el\u00e9ctrico) para o trajeto at\u00e9 Cais do Sodr\u00e9; 207, 732 e 736 noite entre Rossio e Cais do Sodr\u00e9. A interven\u00e7\u00e3o insere-se na prepara\u00e7\u00e3o da Linha Circular, que ir\u00e1 ligar quase toda a Linha Verde com a Amarela at\u00e9 ao Rato, com duas novas esta\u00e7\u00f5es (Estrela e Santos) e entrada prevista no primeiro trimestre de 2027.\" \/>\n<meta property=\"og:url\" content=\"https:\/\/portaltela.pt\/noticias\/2026\/04\/27\/obras-na-linha-circular-param-a-ligacao-entre-cais-do-sodre-e-rossio-de-sabado-a-terca\/\" \/>\n<meta property=\"og:site_name\" content=\"Portal Tela Portugal\" \/>\n<meta property=\"article:published_time\" content=\"2026-04-27T17:03:23+00:00\" \/>\n<meta name=\"author\" content=\"Telinha\" \/>\n<meta name=\"twitter:card\" content=\"summary_large_image\" \/>\n<meta name=\"twitter:label1\" content=\"Escrito por\" \/>\n\t<meta name=\"twitter:data1\" content=\"Telinha\" \/>\n\t<meta name=\"twitter:label2\" content=\"Tempo estimado de leitura\" \/>\n\t<meta name=\"twitter:data2\" content=\"1 minuto\" \/>\n<script type=\"application\/ld+json\" class=\"yoast-schema-graph\">{\"@context\":\"https:\/\/schema.org\",\"@graph\":[{\"@type\":\"Article\",\"@id\":\"https:\/\/portaltela.pt\/noticias\/2026\/04\/27\/obras-na-linha-circular-param-a-ligacao-entre-cais-do-sodre-e-rossio-de-sabado-a-terca\/#article\",\"isPartOf\":{\"@id\":\"https:\/\/portaltela.pt\/noticias\/2026\/04\/27\/obras-na-linha-circular-param-a-ligacao-entre-cais-do-sodre-e-rossio-de-sabado-a-terca\/\"},\"author\":{\"name\":\"Telinha\",\"@id\":\"https:\/\/portaltela.pt\/#\/schema\/person\/c4278d4a6028830caff9ee44b42d32ed\"},\"headline\":\"Obras na Linha Circular param a liga\u00e7\u00e3o entre Cais do Sodr\u00e9 e Rossio de s\u00e1bado a ter\u00e7a\",\"datePublished\":\"2026-04-27T17:03:23+00:00\",\"mainEntityOfPage\":{\"@id\":\"https:\/\/portaltela.pt\/noticias\/2026\/04\/27\/obras-na-linha-circular-param-a-ligacao-entre-cais-do-sodre-e-rossio-de-sabado-a-terca\/\"},\"wordCount\":307,\"image\":{\"@id\":\"https:\/\/portaltela.pt\/noticias\/2026\/04\/27\/obras-na-linha-circular-param-a-ligacao-entre-cais-do-sodre-e-rossio-de-sabado-a-terca\/#primaryimage\"},\"thumbnailUrl\":\"https:\/\/portaltela.pt\/s.01k8rhncp4jt1\/2026\/04\/2084419.jpg\",\"keywords\":[\"_Cais\",\"_Linha\",\"_Lisboa\",\"_mobilidade urbana\",\"_obras\",\"_transporte p\u00fablico\"],\"articleSection\":[\"Economia\",\"Not\u00edcias\"],\"inLanguage\":\"pt-PT\"},{\"@type\":\"WebPage\",\"@id\":\"https:\/\/portaltela.pt\/noticias\/2026\/04\/27\/obras-na-linha-circular-param-a-ligacao-entre-cais-do-sodre-e-rossio-de-sabado-a-terca\/\",\"url\":\"https:\/\/portaltela.pt\/noticias\/2026\/04\/27\/obras-na-linha-circular-param-a-ligacao-entre-cais-do-sodre-e-rossio-de-sabado-a-terca\/\",\"name\":\"Obras na Linha Circular param a liga\u00e7\u00e3o entre Cais do Sodr\u00e9 e Rossio de s\u00e1bado a ter\u00e7a - Portal Tela Portugal\",\"isPartOf\":{\"@id\":\"https:\/\/portaltela.pt\/#website\"},\"primaryImageOfPage\":{\"@id\":\"https:\/\/portaltela.pt\/noticias\/2026\/04\/27\/obras-na-linha-circular-param-a-ligacao-entre-cais-do-sodre-e-rossio-de-sabado-a-terca\/#primaryimage\"},\"image\":{\"@id\":\"https:\/\/portaltela.pt\/noticias\/2026\/04\/27\/obras-na-linha-circular-param-a-ligacao-entre-cais-do-sodre-e-rossio-de-sabado-a-terca\/#primaryimage\"},\"thumbnailUrl\":\"https:\/\/portaltela.pt\/s.01k8rhncp4jt1\/2026\/04\/2084419.jpg\",\"datePublished\":\"2026-04-27T17:03:23+00:00\",\"author\":{\"@id\":\"https:\/\/portaltela.pt\/#\/schema\/person\/c4278d4a6028830caff9ee44b42d32ed\"},\"breadcrumb\":{\"@id\":\"https:\/\/portaltela.pt\/noticias\/2026\/04\/27\/obras-na-linha-circular-param-a-ligacao-entre-cais-do-sodre-e-rossio-de-sabado-a-terca\/#breadcrumb\"},\"inLanguage\":\"pt-PT\",\"potentialAction\":[{\"@type\":\"ReadAction\",\"target\":[\"https:\/\/portaltela.pt\/noticias\/2026\/04\/27\/obras-na-linha-circular-param-a-ligacao-entre-cais-do-sodre-e-rossio-de-sabado-a-terca\/\"]}]},{\"@type\":\"ImageObject\",\"inLanguage\":\"pt-PT\",\"@id\":\"https:\/\/portaltela.pt\/noticias\/2026\/04\/27\/obras-na-linha-circular-param-a-ligacao-entre-cais-do-sodre-e-rossio-de-sabado-a-terca\/#primaryimage\",\"url\":\"https:\/\/portaltela.pt\/s.01k8rhncp4jt1\/2026\/04\/2084419.jpg\",\"contentUrl\":\"https:\/\/portaltela.pt\/s.01k8rhncp4jt1\/2026\/04\/2084419.jpg\",\"width\":796,\"height\":448,\"caption\":\"Rossio ser\u00e1 uma das esta\u00e7\u00f5es sem servi\u00e7o de metro entre 2 e 5 de Maio\"},{\"@type\":\"BreadcrumbList\",\"@id\":\"https:\/\/portaltela.pt\/noticias\/2026\/04\/27\/obras-na-linha-circular-param-a-ligacao-entre-cais-do-sodre-e-rossio-de-sabado-a-terca\/#breadcrumb\",\"itemListElement\":[{\"@type\":\"ListItem\",\"position\":1,\"name\":\"In\u00edcio\",\"item\":\"https:\/\/portaltela.pt\/\"},{\"@type\":\"ListItem\",\"position\":2,\"name\":\"Obras na Linha Circular param a liga\u00e7\u00e3o entre Cais do Sodr\u00e9 e Rossio de s\u00e1bado a ter\u00e7a\"}]},{\"@type\":\"WebSite\",\"@id\":\"https:\/\/portaltela.pt\/#website\",\"url\":\"https:\/\/portaltela.pt\/\",\"name\":\"Portal Tela Portugal\",\"description\":\"\",\"potentialAction\":[{\"@type\":\"SearchAction\",\"target\":{\"@type\":\"EntryPoint\",\"urlTemplate\":\"https:\/\/portaltela.pt\/?s={search_term_string}\"},\"query-input\":{\"@type\":\"PropertyValueSpecification\",\"valueRequired\":true,\"valueName\":\"search_term_string\"}}],\"inLanguage\":\"pt-PT\"},{\"@type\":\"Person\",\"@id\":\"https:\/\/portaltela.pt\/#\/schema\/person\/c4278d4a6028830caff9ee44b42d32ed\",\"name\":\"Telinha\",\"image\":{\"@type\":\"ImageObject\",\"inLanguage\":\"pt-PT\",\"@id\":\"https:\/\/portaltela.pt\/s.01k8rhncp4jt1\/2025\/11\/talking-bot-125x125.png\",\"url\":\"https:\/\/portaltela.pt\/s.01k8rhncp4jt1\/2025\/11\/talking-bot-125x125.png\",\"contentUrl\":\"https:\/\/portaltela.pt\/s.01k8rhncp4jt1\/2025\/11\/talking-bot-125x125.png\",\"caption\":\"Telinha\"},\"sameAs\":[\"https:\/\/portaltela.pt\/\"],\"url\":\"https:\/\/portaltela.pt\/por\/367410592786\/\"}]}<\/script>\n<!-- \/ Yoast SEO plugin. -->","yoast_head_json":{"title":"Obras na Linha Circular param a liga\u00e7\u00e3o entre Cais do Sodr\u00e9 e Rossio de s\u00e1bado a ter\u00e7a - Portal Tela Portugal","robots":{"index":"index","follow":"follow","max-snippet":"max-snippet:-1","max-image-preview":"max-image-preview:large","max-video-preview":"max-video-preview:-1"},"og_locale":"pt_PT","og_type":"article","og_title":"Obras na Linha Circular param a liga\u00e7\u00e3o entre Cais do Sodr\u00e9 e Rossio de s\u00e1bado a ter\u00e7a - Portal Tela Portugal","og_description":"Entre 2 de maio e 5 de maio, a circula\u00e7\u00e3o entre Cais do Sodr\u00e9 e Martim Moniz na Linha Verde fica interrompida devido a obras da Linha Circular, com encerramento das esta\u00e7\u00f5es Cais do Sodr\u00e9, Baixa-Chiado e Rossio. Durante esse per\u00edodo, o servi\u00e7o da Linha Verde funciona apenas entre Martim Moniz e Telheiras; a circula\u00e7\u00e3o entre Cais do Sodr\u00e9 e Martim Moniz \u00e9 reposta a partir de 6 de maio. A esta\u00e7\u00e3o Cais do Sodr\u00e9 ter\u00e1 um cais provis\u00f3rio at\u00e9 ao final de julho, para facilitar o fluxo de passageiros. As restantes linhas mant\u00eam funcionamento. A Carris fornece as alternativas: 208 (Rede da Madrugada) e 760 (autocarro) entre Martim Moniz e Cais do Sodr\u00e9; 774 (nocturno\/fim de semana) entre Pra\u00e7a da Figueira e Cais do Sodr\u00e9; 15E e 25E (el\u00e9ctrico) para o trajeto at\u00e9 Cais do Sodr\u00e9; 207, 732 e 736 noite entre Rossio e Cais do Sodr\u00e9. A interven\u00e7\u00e3o insere-se na prepara\u00e7\u00e3o da Linha Circular, que ir\u00e1 ligar quase toda a Linha Verde com a Amarela at\u00e9 ao Rato, com duas novas esta\u00e7\u00f5es (Estrela e Santos) e entrada prevista no primeiro trimestre de 2027.","og_url":"https:\/\/portaltela.pt\/noticias\/2026\/04\/27\/obras-na-linha-circular-param-a-ligacao-entre-cais-do-sodre-e-rossio-de-sabado-a-terca\/","og_site_name":"Portal Tela Portugal","article_published_time":"2026-04-27T17:03:23+00:00","author":"Telinha","twitter_card":"summary_large_image","twitter_misc":{"Escrito por":"Telinha","Tempo estimado de leitura":"1 minuto"},"schema":{"@context":"https:\/\/schema.org","@graph":[{"@type":"Article","@id":"https:\/\/portaltela.pt\/noticias\/2026\/04\/27\/obras-na-linha-circular-param-a-ligacao-entre-cais-do-sodre-e-rossio-de-sabado-a-terca\/#article","isPartOf":{"@id":"https:\/\/portaltela.pt\/noticias\/2026\/04\/27\/obras-na-linha-circular-param-a-ligacao-entre-cais-do-sodre-e-rossio-de-sabado-a-terca\/"},"author":{"name":"Telinha","@id":"https:\/\/portaltela.pt\/#\/schema\/person\/c4278d4a6028830caff9ee44b42d32ed"},"headline":"Obras na Linha Circular param a liga\u00e7\u00e3o entre Cais do Sodr\u00e9 e Rossio de s\u00e1bado a ter\u00e7a","datePublished":"2026-04-27T17:03:23+00:00","mainEntityOfPage":{"@id":"https:\/\/portaltela.pt\/noticias\/2026\/04\/27\/obras-na-linha-circular-param-a-ligacao-entre-cais-do-sodre-e-rossio-de-sabado-a-terca\/"},"wordCount":307,"image":{"@id":"https:\/\/portaltela.pt\/noticias\/2026\/04\/27\/obras-na-linha-circular-param-a-ligacao-entre-cais-do-sodre-e-rossio-de-sabado-a-terca\/#primaryimage"},"thumbnailUrl":"https:\/\/portaltela.pt\/s.01k8rhncp4jt1\/2026\/04\/2084419.jpg","keywords":["_Cais","_Linha","_Lisboa","_mobilidade urbana","_obras","_transporte p\u00fablico"],"articleSection":["Economia","Not\u00edcias"],"inLanguage":"pt-PT"},{"@type":"WebPage","@id":"https:\/\/portaltela.pt\/noticias\/2026\/04\/27\/obras-na-linha-circular-param-a-ligacao-entre-cais-do-sodre-e-rossio-de-sabado-a-terca\/","url":"https:\/\/portaltela.pt\/noticias\/2026\/04\/27\/obras-na-linha-circular-param-a-ligacao-entre-cais-do-sodre-e-rossio-de-sabado-a-terca\/","name":"Obras na Linha Circular param a liga\u00e7\u00e3o entre Cais do Sodr\u00e9 e Rossio de s\u00e1bado a ter\u00e7a - Portal Tela Portugal","isPartOf":{"@id":"https:\/\/portaltela.pt\/#website"},"primaryImageOfPage":{"@id":"https:\/\/portaltela.pt\/noticias\/2026\/04\/27\/obras-na-linha-circular-param-a-ligacao-entre-cais-do-sodre-e-rossio-de-sabado-a-terca\/#primaryimage"},"image":{"@id":"https:\/\/portaltela.pt\/noticias\/2026\/04\/27\/obras-na-linha-circular-param-a-ligacao-entre-cais-do-sodre-e-rossio-de-sabado-a-terca\/#primaryimage"},"thumbnailUrl":"https:\/\/portaltela.pt\/s.01k8rhncp4jt1\/2026\/04\/2084419.jpg","datePublished":"2026-04-27T17:03:23+00:00","author":{"@id":"https:\/\/portaltela.pt\/#\/schema\/person\/c4278d4a6028830caff9ee44b42d32ed"},"breadcrumb":{"@id":"https:\/\/portaltela.pt\/noticias\/2026\/04\/27\/obras-na-linha-circular-param-a-ligacao-entre-cais-do-sodre-e-rossio-de-sabado-a-terca\/#breadcrumb"},"inLanguage":"pt-PT","potentialAction":[{"@type":"ReadAction","target":["https:\/\/portaltela.pt\/noticias\/2026\/04\/27\/obras-na-linha-circular-param-a-ligacao-entre-cais-do-sodre-e-rossio-de-sabado-a-terca\/"]}]},{"@type":"ImageObject","inLanguage":"pt-PT","@id":"https:\/\/portaltela.pt\/noticias\/2026\/04\/27\/obras-na-linha-circular-param-a-ligacao-entre-cais-do-sodre-e-rossio-de-sabado-a-terca\/#primaryimage","url":"https:\/\/portaltela.pt\/s.01k8rhncp4jt1\/2026\/04\/2084419.jpg","contentUrl":"https:\/\/portaltela.pt\/s.01k8rhncp4jt1\/2026\/04\/2084419.jpg","width":796,"height":448,"caption":"Rossio ser\u00e1 uma das esta\u00e7\u00f5es sem servi\u00e7o de metro entre 2 e 5 de Maio"},{"@type":"BreadcrumbList","@id":"https:\/\/portaltela.pt\/noticias\/2026\/04\/27\/obras-na-linha-circular-param-a-ligacao-entre-cais-do-sodre-e-rossio-de-sabado-a-terca\/#breadcrumb","itemListElement":[{"@type":"ListItem","position":1,"name":"In\u00edcio","item":"https:\/\/portaltela.pt\/"},{"@type":"ListItem","position":2,"name":"Obras na Linha Circular param a liga\u00e7\u00e3o entre Cais do Sodr\u00e9 e Rossio de s\u00e1bado a ter\u00e7a"}]},{"@type":"WebSite","@id":"https:\/\/portaltela.pt\/#website","url":"https:\/\/portaltela.pt\/","name":"Portal Tela Portugal","description":"","potentialAction":[{"@type":"SearchAction","target":{"@type":"EntryPoint","urlTemplate":"https:\/\/portaltela.pt\/?s={search_term_string}"},"query-input":{"@type":"PropertyValueSpecification","valueRequired":true,"valueName":"search_term_string"}}],"inLanguage":"pt-PT"},{"@type":"Person","@id":"https:\/\/portaltela.pt\/#\/schema\/person\/c4278d4a6028830caff9ee44b42d32ed","name":"Telinha","image":{"@type":"ImageObject","inLanguage":"pt-PT","@id":"https:\/\/portaltela.pt\/s.01k8rhncp4jt1\/2025\/11\/talking-bot-125x125.png","url":"https:\/\/portaltela.pt\/s.01k8rhncp4jt1\/2025\/11\/talking-bot-125x125.png","contentUrl":"https:\/\/portaltela.pt\/s.01k8rhncp4jt1\/2025\/11\/talking-bot-125x125.png","caption":"Telinha"},"sameAs":["https:\/\/portaltela.pt\/"],"url":"https:\/\/portaltela.pt\/por\/367410592786\/"}]}},"_links":{"self":[{"href":"https:\/\/portaltela.pt\/api\/wp\/v2\/posts\/458650","targetHints":{"allow":["GET"]}}],"collection":[{"href":"https:\/\/portaltela.pt\/api\/wp\/v2\/posts"}],"about":[{"href":"https:\/\/portaltela.pt\/api\/wp\/v2\/types\/post"}],"author":[{"embeddable":true,"href":"https:\/\/portaltela.pt\/api\/wp\/v2\/users\/2"}],"replies":[{"embeddable":true,"href":"https:\/\/portaltela.pt\/api\/wp\/v2\/comments?post=458650"}],"version-history":[{"count":0,"href":"https:\/\/portaltela.pt\/api\/wp\/v2\/posts\/458650\/revisions"}],"wp:featuredmedia":[{"embeddable":true,"href":"https:\/\/portaltela.pt\/api\/wp\/v2\/media\/458658"}],"wp:attachment":[{"href":"https:\/\/portaltela.pt\/api\/wp\/v2\/media?parent=458650"}],"wp:term":[{"taxonomy":"category","embeddable":true,"href":"https:\/\/portaltela.pt\/api\/wp\/v2\/categories?post=458650"},{"taxonomy":"post_tag","embeddable":true,"href":"https:\/\/portaltela.pt\/api\/wp\/v2\/tags?post=458650"}],"curies":[{"name":"wp","href":"https:\/\/api.w.org\/{rel}","templated":true}]}}