{"id":458640,"date":"2026-04-27T14:02:55","date_gmt":"2026-04-27T17:02:55","guid":{"rendered":"https:\/\/portaltela.pt\/noticias\/2026\/04\/27\/carolina-ferreira-deixa-o-maritimo-para-reforcar-o-fc-porto\/"},"modified":"2026-04-27T14:02:55","modified_gmt":"2026-04-27T17:02:55","slug":"carolina-ferreira-deixa-o-maritimo-para-reforcar-o-fc-porto","status":"publish","type":"post","link":"https:\/\/portaltela.pt\/desporto\/futebol\/2026\/04\/27\/carolina-ferreira-deixa-o-maritimo-para-reforcar-o-fc-porto\/","title":{"rendered":"Carolina Ferreira deixa o Mar\u00edtimo para refor\u00e7ar o FC Porto"},"content":{"rendered":"<p>Carolina Ferreira, avan\u00e7ada de 19 anos, deixa o Mar\u00edtimo para assinar pelo FC Porto, rec\u00e9m-promovido \u00e0 Liga BPI. A jogadora proveniente da cidade do Funchal integra o plantel liderado por Daniel Chaves. A mudan\u00e7a ocorre num momento de afirma\u00e7\u00e3o da express\u00e3o jovem no clube azul e branco.<\/p>\n<p>A jovem tem vindo a sobressair nas camadas jovens do Mar\u00edtimo, incluindo os escal\u00f5es de sub-19, onde marcou 30 golos em 38 jogos. Conta ainda com 20 presen\u00e7as pela equipa principal do clube nos dois \u00faltimos anos.<\/p>\n<h3>Dados da jogadora<\/h3>\n<p>A transfer\u00eancia coloca Carolina Ferreira no plantel do FC Porto para competir no campeonato nacional e aumentar o leque de op\u00e7\u00f5es ofensivas da equipa. A jogadora segue para crescer num registo competitivo de alto n\u00edvel.<\/p>\n<p>A mudan\u00e7a acontece ap\u00f3s a \u00e9poca em que mostrou consist\u00eancia no radar dos clubes da primeira linha nacional, refor\u00e7ando o objetivo portista de montar um ataque com jovens promissores. O FC Porto n\u00e3o divulgou detalhes financeiros da opera\u00e7\u00e3o.<\/p>\n","protected":false},"excerpt":{"rendered":"<ul>\n<li>Carolina Ferreira, avan\u00e7ada de 19 anos, natural do Funchal, vai deixar o Mar\u00edtimo para assinar pelo FC Porto, rec\u00e9m-promovido \u00e0 Liga BPI.<\/li>\n<li>A jogadora vai integrar o plantel dos azuis e brancos, aos comandos de Daniel Chaves.<\/li>\n<li>Nas sub-19 do Mar\u00edtimo, soma 30 golos em 38 jogos, contando tamb\u00e9m 20 partidas pela equipa principal nas duas \u00faltimas \u00e9pocas.<\/li>\n<li>A transfer\u00eancia representa um passo importante na carreira da atleta ao mudar-se para a Invicta em busca de novas oportunidades.<\/li>\n<\/ul>\n","protected":false},"author":2,"featured_media":458642,"comment_status":"closed","ping_status":"closed","sticky":false,"template":"","format":"standard","meta":{"footnotes":""},"categories":[21,24],"tags":[2028,32,2844,859,3097,982],"class_list":["post-458640","post","type-post","status-publish","format-standard","has-post-thumbnail","hentry","category-desporto","category-futebol","tag-fc-porto","tag-futebol","tag-jovens","tag-madeira","tag-maritimo","tag-porto"],"yoast_head":"<!-- This site is optimized with the Yoast SEO plugin v27.2 - https:\/\/yoast.com\/product\/yoast-seo-wordpress\/ -->\n<title>Carolina Ferreira deixa o Mar\u00edtimo para refor\u00e7ar o FC Porto - Portal Tela Portugal<\/title>\n<meta name=\"robots\" content=\"index, follow, max-snippet:-1, max-image-preview:large, max-video-preview:-1\" \/>\n<meta property=\"og:locale\" content=\"pt_PT\" \/>\n<meta property=\"og:type\" content=\"article\" \/>\n<meta property=\"og:title\" content=\"Carolina Ferreira deixa o Mar\u00edtimo para refor\u00e7ar o FC Porto - Portal Tela Portugal\" \/>\n<meta property=\"og:description\" content=\"Carolina Ferreira, avan\u00e7ada de 19 anos, natural do Funchal, vai deixar o Mar\u00edtimo para assinar pelo FC Porto, rec\u00e9m-promovido \u00e0 Liga BPI. A jogadora vai integrar o plantel dos azuis e brancos, aos comandos de Daniel Chaves. Nas sub-19 do Mar\u00edtimo, soma 30 golos em 38 jogos, contando tamb\u00e9m 20 partidas pela equipa principal nas duas \u00faltimas \u00e9pocas. A transfer\u00eancia representa um passo importante na carreira da atleta ao mudar-se para a Invicta em busca de novas oportunidades.\" \/>\n<meta property=\"og:url\" content=\"https:\/\/portaltela.pt\/noticias\/2026\/04\/27\/carolina-ferreira-deixa-o-maritimo-para-reforcar-o-fc-porto\/\" \/>\n<meta property=\"og:site_name\" content=\"Portal Tela Portugal\" \/>\n<meta property=\"article:published_time\" content=\"2026-04-27T17:02:55+00:00\" \/>\n<meta name=\"author\" content=\"Telinha\" \/>\n<meta name=\"twitter:card\" content=\"summary_large_image\" \/>\n<meta name=\"twitter:label1\" content=\"Escrito por\" \/>\n\t<meta name=\"twitter:data1\" content=\"Telinha\" \/>\n\t<meta name=\"twitter:label2\" content=\"Tempo estimado de leitura\" \/>\n\t<meta name=\"twitter:data2\" content=\"1 minuto\" \/>\n<script type=\"application\/ld+json\" class=\"yoast-schema-graph\">{\"@context\":\"https:\/\/schema.org\",\"@graph\":[{\"@type\":\"Article\",\"@id\":\"https:\/\/portaltela.pt\/noticias\/2026\/04\/27\/carolina-ferreira-deixa-o-maritimo-para-reforcar-o-fc-porto\/#article\",\"isPartOf\":{\"@id\":\"https:\/\/portaltela.pt\/noticias\/2026\/04\/27\/carolina-ferreira-deixa-o-maritimo-para-reforcar-o-fc-porto\/\"},\"author\":{\"name\":\"Telinha\",\"@id\":\"https:\/\/portaltela.pt\/#\/schema\/person\/c4278d4a6028830caff9ee44b42d32ed\"},\"headline\":\"Carolina Ferreira deixa o Mar\u00edtimo para refor\u00e7ar o FC Porto\",\"datePublished\":\"2026-04-27T17:02:55+00:00\",\"mainEntityOfPage\":{\"@id\":\"https:\/\/portaltela.pt\/noticias\/2026\/04\/27\/carolina-ferreira-deixa-o-maritimo-para-reforcar-o-fc-porto\/\"},\"wordCount\":185,\"image\":{\"@id\":\"https:\/\/portaltela.pt\/noticias\/2026\/04\/27\/carolina-ferreira-deixa-o-maritimo-para-reforcar-o-fc-porto\/#primaryimage\"},\"thumbnailUrl\":\"https:\/\/portaltela.pt\/s.01k8rhncp4jt1\/2026\/04\/img_920x518uu2026-04-27-17-33-12-2435603-im-639129093086814297.jpg\",\"keywords\":[\"FC Porto\",\"futebol\",\"jovens\",\"Madeira\",\"Mar\u00edtimo\",\"Porto\"],\"articleSection\":[\"Desporto\",\"Futebol\"],\"inLanguage\":\"pt-PT\"},{\"@type\":\"WebPage\",\"@id\":\"https:\/\/portaltela.pt\/noticias\/2026\/04\/27\/carolina-ferreira-deixa-o-maritimo-para-reforcar-o-fc-porto\/\",\"url\":\"https:\/\/portaltela.pt\/noticias\/2026\/04\/27\/carolina-ferreira-deixa-o-maritimo-para-reforcar-o-fc-porto\/\",\"name\":\"Carolina Ferreira deixa o Mar\u00edtimo para refor\u00e7ar o FC Porto - Portal Tela Portugal\",\"isPartOf\":{\"@id\":\"https:\/\/portaltela.pt\/#website\"},\"primaryImageOfPage\":{\"@id\":\"https:\/\/portaltela.pt\/noticias\/2026\/04\/27\/carolina-ferreira-deixa-o-maritimo-para-reforcar-o-fc-porto\/#primaryimage\"},\"image\":{\"@id\":\"https:\/\/portaltela.pt\/noticias\/2026\/04\/27\/carolina-ferreira-deixa-o-maritimo-para-reforcar-o-fc-porto\/#primaryimage\"},\"thumbnailUrl\":\"https:\/\/portaltela.pt\/s.01k8rhncp4jt1\/2026\/04\/img_920x518uu2026-04-27-17-33-12-2435603-im-639129093086814297.jpg\",\"datePublished\":\"2026-04-27T17:02:55+00:00\",\"author\":{\"@id\":\"https:\/\/portaltela.pt\/#\/schema\/person\/c4278d4a6028830caff9ee44b42d32ed\"},\"breadcrumb\":{\"@id\":\"https:\/\/portaltela.pt\/noticias\/2026\/04\/27\/carolina-ferreira-deixa-o-maritimo-para-reforcar-o-fc-porto\/#breadcrumb\"},\"inLanguage\":\"pt-PT\",\"potentialAction\":[{\"@type\":\"ReadAction\",\"target\":[\"https:\/\/portaltela.pt\/noticias\/2026\/04\/27\/carolina-ferreira-deixa-o-maritimo-para-reforcar-o-fc-porto\/\"]}]},{\"@type\":\"ImageObject\",\"inLanguage\":\"pt-PT\",\"@id\":\"https:\/\/portaltela.pt\/noticias\/2026\/04\/27\/carolina-ferreira-deixa-o-maritimo-para-reforcar-o-fc-porto\/#primaryimage\",\"url\":\"https:\/\/portaltela.pt\/s.01k8rhncp4jt1\/2026\/04\/img_920x518uu2026-04-27-17-33-12-2435603-im-639129093086814297.jpg\",\"contentUrl\":\"https:\/\/portaltela.pt\/s.01k8rhncp4jt1\/2026\/04\/img_920x518uu2026-04-27-17-33-12-2435603-im-639129093086814297.jpg\",\"width\":796,\"height\":448,\"caption\":\"Carolina Ferreira (dta.) vai deixar o Mar\u00edtimo para representar um grande\"},{\"@type\":\"BreadcrumbList\",\"@id\":\"https:\/\/portaltela.pt\/noticias\/2026\/04\/27\/carolina-ferreira-deixa-o-maritimo-para-reforcar-o-fc-porto\/#breadcrumb\",\"itemListElement\":[{\"@type\":\"ListItem\",\"position\":1,\"name\":\"In\u00edcio\",\"item\":\"https:\/\/portaltela.pt\/\"},{\"@type\":\"ListItem\",\"position\":2,\"name\":\"Carolina Ferreira deixa o Mar\u00edtimo para refor\u00e7ar o FC Porto\"}]},{\"@type\":\"WebSite\",\"@id\":\"https:\/\/portaltela.pt\/#website\",\"url\":\"https:\/\/portaltela.pt\/\",\"name\":\"Portal Tela Portugal\",\"description\":\"\",\"potentialAction\":[{\"@type\":\"SearchAction\",\"target\":{\"@type\":\"EntryPoint\",\"urlTemplate\":\"https:\/\/portaltela.pt\/?s={search_term_string}\"},\"query-input\":{\"@type\":\"PropertyValueSpecification\",\"valueRequired\":true,\"valueName\":\"search_term_string\"}}],\"inLanguage\":\"pt-PT\"},{\"@type\":\"Person\",\"@id\":\"https:\/\/portaltela.pt\/#\/schema\/person\/c4278d4a6028830caff9ee44b42d32ed\",\"name\":\"Telinha\",\"image\":{\"@type\":\"ImageObject\",\"inLanguage\":\"pt-PT\",\"@id\":\"https:\/\/portaltela.pt\/s.01k8rhncp4jt1\/2025\/11\/talking-bot-125x125.png\",\"url\":\"https:\/\/portaltela.pt\/s.01k8rhncp4jt1\/2025\/11\/talking-bot-125x125.png\",\"contentUrl\":\"https:\/\/portaltela.pt\/s.01k8rhncp4jt1\/2025\/11\/talking-bot-125x125.png\",\"caption\":\"Telinha\"},\"sameAs\":[\"https:\/\/portaltela.pt\/\"],\"url\":\"https:\/\/portaltela.pt\/por\/367410592786\/\"}]}<\/script>\n<!-- \/ Yoast SEO plugin. -->","yoast_head_json":{"title":"Carolina Ferreira deixa o Mar\u00edtimo para refor\u00e7ar o FC Porto - Portal Tela Portugal","robots":{"index":"index","follow":"follow","max-snippet":"max-snippet:-1","max-image-preview":"max-image-preview:large","max-video-preview":"max-video-preview:-1"},"og_locale":"pt_PT","og_type":"article","og_title":"Carolina Ferreira deixa o Mar\u00edtimo para refor\u00e7ar o FC Porto - Portal Tela Portugal","og_description":"Carolina Ferreira, avan\u00e7ada de 19 anos, natural do Funchal, vai deixar o Mar\u00edtimo para assinar pelo FC Porto, rec\u00e9m-promovido \u00e0 Liga BPI. A jogadora vai integrar o plantel dos azuis e brancos, aos comandos de Daniel Chaves. Nas sub-19 do Mar\u00edtimo, soma 30 golos em 38 jogos, contando tamb\u00e9m 20 partidas pela equipa principal nas duas \u00faltimas \u00e9pocas. A transfer\u00eancia representa um passo importante na carreira da atleta ao mudar-se para a Invicta em busca de novas oportunidades.","og_url":"https:\/\/portaltela.pt\/noticias\/2026\/04\/27\/carolina-ferreira-deixa-o-maritimo-para-reforcar-o-fc-porto\/","og_site_name":"Portal Tela Portugal","article_published_time":"2026-04-27T17:02:55+00:00","author":"Telinha","twitter_card":"summary_large_image","twitter_misc":{"Escrito por":"Telinha","Tempo estimado de leitura":"1 minuto"},"schema":{"@context":"https:\/\/schema.org","@graph":[{"@type":"Article","@id":"https:\/\/portaltela.pt\/noticias\/2026\/04\/27\/carolina-ferreira-deixa-o-maritimo-para-reforcar-o-fc-porto\/#article","isPartOf":{"@id":"https:\/\/portaltela.pt\/noticias\/2026\/04\/27\/carolina-ferreira-deixa-o-maritimo-para-reforcar-o-fc-porto\/"},"author":{"name":"Telinha","@id":"https:\/\/portaltela.pt\/#\/schema\/person\/c4278d4a6028830caff9ee44b42d32ed"},"headline":"Carolina Ferreira deixa o Mar\u00edtimo para refor\u00e7ar o FC Porto","datePublished":"2026-04-27T17:02:55+00:00","mainEntityOfPage":{"@id":"https:\/\/portaltela.pt\/noticias\/2026\/04\/27\/carolina-ferreira-deixa-o-maritimo-para-reforcar-o-fc-porto\/"},"wordCount":185,"image":{"@id":"https:\/\/portaltela.pt\/noticias\/2026\/04\/27\/carolina-ferreira-deixa-o-maritimo-para-reforcar-o-fc-porto\/#primaryimage"},"thumbnailUrl":"https:\/\/portaltela.pt\/s.01k8rhncp4jt1\/2026\/04\/img_920x518uu2026-04-27-17-33-12-2435603-im-639129093086814297.jpg","keywords":["FC Porto","futebol","jovens","Madeira","Mar\u00edtimo","Porto"],"articleSection":["Desporto","Futebol"],"inLanguage":"pt-PT"},{"@type":"WebPage","@id":"https:\/\/portaltela.pt\/noticias\/2026\/04\/27\/carolina-ferreira-deixa-o-maritimo-para-reforcar-o-fc-porto\/","url":"https:\/\/portaltela.pt\/noticias\/2026\/04\/27\/carolina-ferreira-deixa-o-maritimo-para-reforcar-o-fc-porto\/","name":"Carolina Ferreira deixa o Mar\u00edtimo para refor\u00e7ar o FC Porto - Portal Tela Portugal","isPartOf":{"@id":"https:\/\/portaltela.pt\/#website"},"primaryImageOfPage":{"@id":"https:\/\/portaltela.pt\/noticias\/2026\/04\/27\/carolina-ferreira-deixa-o-maritimo-para-reforcar-o-fc-porto\/#primaryimage"},"image":{"@id":"https:\/\/portaltela.pt\/noticias\/2026\/04\/27\/carolina-ferreira-deixa-o-maritimo-para-reforcar-o-fc-porto\/#primaryimage"},"thumbnailUrl":"https:\/\/portaltela.pt\/s.01k8rhncp4jt1\/2026\/04\/img_920x518uu2026-04-27-17-33-12-2435603-im-639129093086814297.jpg","datePublished":"2026-04-27T17:02:55+00:00","author":{"@id":"https:\/\/portaltela.pt\/#\/schema\/person\/c4278d4a6028830caff9ee44b42d32ed"},"breadcrumb":{"@id":"https:\/\/portaltela.pt\/noticias\/2026\/04\/27\/carolina-ferreira-deixa-o-maritimo-para-reforcar-o-fc-porto\/#breadcrumb"},"inLanguage":"pt-PT","potentialAction":[{"@type":"ReadAction","target":["https:\/\/portaltela.pt\/noticias\/2026\/04\/27\/carolina-ferreira-deixa-o-maritimo-para-reforcar-o-fc-porto\/"]}]},{"@type":"ImageObject","inLanguage":"pt-PT","@id":"https:\/\/portaltela.pt\/noticias\/2026\/04\/27\/carolina-ferreira-deixa-o-maritimo-para-reforcar-o-fc-porto\/#primaryimage","url":"https:\/\/portaltela.pt\/s.01k8rhncp4jt1\/2026\/04\/img_920x518uu2026-04-27-17-33-12-2435603-im-639129093086814297.jpg","contentUrl":"https:\/\/portaltela.pt\/s.01k8rhncp4jt1\/2026\/04\/img_920x518uu2026-04-27-17-33-12-2435603-im-639129093086814297.jpg","width":796,"height":448,"caption":"Carolina Ferreira (dta.) vai deixar o Mar\u00edtimo para representar um grande"},{"@type":"BreadcrumbList","@id":"https:\/\/portaltela.pt\/noticias\/2026\/04\/27\/carolina-ferreira-deixa-o-maritimo-para-reforcar-o-fc-porto\/#breadcrumb","itemListElement":[{"@type":"ListItem","position":1,"name":"In\u00edcio","item":"https:\/\/portaltela.pt\/"},{"@type":"ListItem","position":2,"name":"Carolina Ferreira deixa o Mar\u00edtimo para refor\u00e7ar o FC Porto"}]},{"@type":"WebSite","@id":"https:\/\/portaltela.pt\/#website","url":"https:\/\/portaltela.pt\/","name":"Portal Tela Portugal","description":"","potentialAction":[{"@type":"SearchAction","target":{"@type":"EntryPoint","urlTemplate":"https:\/\/portaltela.pt\/?s={search_term_string}"},"query-input":{"@type":"PropertyValueSpecification","valueRequired":true,"valueName":"search_term_string"}}],"inLanguage":"pt-PT"},{"@type":"Person","@id":"https:\/\/portaltela.pt\/#\/schema\/person\/c4278d4a6028830caff9ee44b42d32ed","name":"Telinha","image":{"@type":"ImageObject","inLanguage":"pt-PT","@id":"https:\/\/portaltela.pt\/s.01k8rhncp4jt1\/2025\/11\/talking-bot-125x125.png","url":"https:\/\/portaltela.pt\/s.01k8rhncp4jt1\/2025\/11\/talking-bot-125x125.png","contentUrl":"https:\/\/portaltela.pt\/s.01k8rhncp4jt1\/2025\/11\/talking-bot-125x125.png","caption":"Telinha"},"sameAs":["https:\/\/portaltela.pt\/"],"url":"https:\/\/portaltela.pt\/por\/367410592786\/"}]}},"_links":{"self":[{"href":"https:\/\/portaltela.pt\/api\/wp\/v2\/posts\/458640","targetHints":{"allow":["GET"]}}],"collection":[{"href":"https:\/\/portaltela.pt\/api\/wp\/v2\/posts"}],"about":[{"href":"https:\/\/portaltela.pt\/api\/wp\/v2\/types\/post"}],"author":[{"embeddable":true,"href":"https:\/\/portaltela.pt\/api\/wp\/v2\/users\/2"}],"replies":[{"embeddable":true,"href":"https:\/\/portaltela.pt\/api\/wp\/v2\/comments?post=458640"}],"version-history":[{"count":0,"href":"https:\/\/portaltela.pt\/api\/wp\/v2\/posts\/458640\/revisions"}],"wp:featuredmedia":[{"embeddable":true,"href":"https:\/\/portaltela.pt\/api\/wp\/v2\/media\/458642"}],"wp:attachment":[{"href":"https:\/\/portaltela.pt\/api\/wp\/v2\/media?parent=458640"}],"wp:term":[{"taxonomy":"category","embeddable":true,"href":"https:\/\/portaltela.pt\/api\/wp\/v2\/categories?post=458640"},{"taxonomy":"post_tag","embeddable":true,"href":"https:\/\/portaltela.pt\/api\/wp\/v2\/tags?post=458640"}],"curies":[{"name":"wp","href":"https:\/\/api.w.org\/{rel}","templated":true}]}}