{"id":45863,"date":"2025-12-02T13:37:00","date_gmt":"2025-12-02T16:37:00","guid":{"rendered":"https:\/\/portaltela.pt\/noticias\/2025\/12\/02\/gala-do-desporto-de-tabua-distingue-agentes-desportivos-do-concelho\/"},"modified":"2025-12-02T13:37:00","modified_gmt":"2025-12-02T16:37:00","slug":"gala-do-desporto-de-tabua-distingue-agentes-desportivos-do-concelho","status":"publish","type":"post","link":"https:\/\/portaltela.pt\/desporto\/2025\/12\/02\/gala-do-desporto-de-tabua-distingue-agentes-desportivos-do-concelho\/","title":{"rendered":"Gala do Desporto de T\u00e1bua distingue agentes desportivos do concelho"},"content":{"rendered":"<p>O Centro Cultural de T\u00e1bua foi o palco da Gala Municipal do Desporto 2025, promovida pelo Munic\u00edpio de T\u00e1bua para reconhecer o m\u00e9rito de agentes desportivos na \u00c9poca 2024\/2025. O evento enfatizou o papel de atletas, treinadores, dirigentes, equipas e associa\u00e7\u00f5es, bem como a participa\u00e7\u00e3o de fam\u00edlias e escolas na promo\u00e7\u00e3o do desporto.<\/p>\n<p>Ao longo da cerim\u00f3nia, foram anunciadas diversas distin\u00e7\u00f5es que destacam conquistas individuais e coletivas no concelho. Entre os reconhecimentos, destacam-se pr\u00e9mios para dirigentes, revela\u00e7\u00f5es em desporto individual e coletivo, m\u00e9rito desportivo e treinador do ano.<\/p>\n<h3>Distin\u00e7\u00f5es principais<\/h3>\n<ul>\n<li>Dirigente do Ano: Jos\u00e9 Pedro Sim\u00f5es (BTT\u00e1bua)<\/li>\n<li>Revela\u00e7\u00e3o do Ano \u2013 Desporto Individual: Bianca Pegado (Academia Portuguesa de Kenpo e Artes de Combate)<\/li>\n<li>Revela\u00e7\u00e3o do Ano \u2013 Desporto Coletivo: Lara Amaral (Grupo Desportivo Tabuense)<\/li>\n<li>Desporto Escolar: Joaquim Monteiro (Atletismo)<\/li>\n<li>M\u00e9rito Desportivo: Equipa E-Sports (Grupo Desportivo Tourizense)<\/li>\n<li>Treinador do Ano: Fernando Eliseu (Grupo Desportivo Tabuense)<\/li>\n<li>Atleta do Ano: Duarte Marques (Escola de Ciclismo BTT\u00e1bua)<\/li>\n<li>Evento Desportivo do Ano: Campeonato de Portugal de Trial 4\u00d74 \u2013 TABUADURA (Associa\u00e7\u00e3o MK Makinas)<\/li>\n<li>Associa\u00e7\u00e3o Desportiva do Ano: Associa\u00e7\u00e3o MK Makinas<\/li>\n<li>Equipa do Ano: Equipa de Juvenis Sub-17 (Grupo Desportivo Tabuense)<\/li>\n<li>Reconhecimento Municipal: Maria Correia<\/li>\n<li>Pr\u00e9mio Incentivo: Associa\u00e7\u00e3o Recreativa e Cultural de Espariz (ARCE)<\/li>\n<li>Pr\u00e9mio Dedica\u00e7\u00e3o: V\u00edtor Costa (Grupo Desportivo Tourizense)<\/li>\n<\/ul>\n<p>O Munic\u00edpio de T\u00e1bua agradece a todos os homenageados e nomeados o contributo para o desenvolvimento desportivo local, reiterando o apoio a associa\u00e7\u00f5es e projetos. T\u00e1bua permanece dedicada a valorizar o talento, o esfor\u00e7o e o compromisso da comunidade desportiva.<\/p>\n","protected":false},"excerpt":{"rendered":"<ul>\n<li>O Centro Cultural de T\u00e1bua acolheu, no passado dia 29 de novembro, a Gala Municipal do Desporto 2025, promovida pelo Munic\u00edpio de T\u00e1bua para reconhecer o m\u00e9rito da \u00c9poca Desportiva 2024\/2025.<\/li>\n<li>Foram atribu\u00eddas distin\u00e7\u00f5es como Dirigente do Ano a Jos\u00e9 Pedro Sim\u00f5es, Revela\u00e7\u00e3o do Ano \u2013 Desporto Individual a Bianca Pegado e Revela\u00e7\u00e3o do Ano \u2013 Desporto Coletivo a Lara Amaral.<\/li>\n<li>Outras distin\u00e7\u00f5es incluem Desporto Escolar a Joaquim Monteiro, M\u00e9rito Desportivo \u00e0 Equipa E-Sports, Treinador do Ano a Fernando Eliseu e Atleta do Ano a Duarte Marques.<\/li>\n<li>O evento destacou o papel de fam\u00edlias, escolas e movimento associativo na promo\u00e7\u00e3o de pr\u00e1ticas desportivas, sa\u00fade e coes\u00e3o social.<\/li>\n<li>O Munic\u00edpio de T\u00e1bua reafirmou o compromisso de apoiar as associa\u00e7\u00f5es e projetos desportivos locais, mantendo T\u00e1bua como Munic\u00edpio Amigo do Desporto.<\/li>\n<\/ul>\n","protected":false},"author":2,"featured_media":45864,"comment_status":"closed","ping_status":"closed","sticky":false,"template":"","format":"standard","meta":{"footnotes":""},"categories":[21],"tags":[278,279,144,152,236,280],"class_list":["post-45863","post","type-post","status-publish","format-standard","has-post-thumbnail","hentry","category-desporto","tag-associacao-desportiva-do-ano","tag-atleta-do-ano","tag-concelho","tag-desporto","tag-desporto-escolar","tag-treinador-do-ano"],"yoast_head":"<!-- This site is optimized with the Yoast SEO plugin v27.2 - https:\/\/yoast.com\/product\/yoast-seo-wordpress\/ -->\n<title>Gala do Desporto de T\u00e1bua distingue agentes desportivos do concelho - Portal Tela Portugal<\/title>\n<meta name=\"robots\" content=\"index, follow, max-snippet:-1, max-image-preview:large, max-video-preview:-1\" \/>\n<meta property=\"og:locale\" content=\"pt_PT\" \/>\n<meta property=\"og:type\" content=\"article\" \/>\n<meta property=\"og:title\" content=\"Gala do Desporto de T\u00e1bua distingue agentes desportivos do concelho - Portal Tela Portugal\" \/>\n<meta property=\"og:description\" content=\"O Centro Cultural de T\u00e1bua acolheu, no passado dia 29 de novembro, a Gala Municipal do Desporto 2025, promovida pelo Munic\u00edpio de T\u00e1bua para reconhecer o m\u00e9rito da \u00c9poca Desportiva 2024\/2025. Foram atribu\u00eddas distin\u00e7\u00f5es como Dirigente do Ano a Jos\u00e9 Pedro Sim\u00f5es, Revela\u00e7\u00e3o do Ano \u2013 Desporto Individual a Bianca Pegado e Revela\u00e7\u00e3o do Ano \u2013 Desporto Coletivo a Lara Amaral. Outras distin\u00e7\u00f5es incluem Desporto Escolar a Joaquim Monteiro, M\u00e9rito Desportivo \u00e0 Equipa E-Sports, Treinador do Ano a Fernando Eliseu e Atleta do Ano a Duarte Marques. O evento destacou o papel de fam\u00edlias, escolas e movimento associativo na promo\u00e7\u00e3o de pr\u00e1ticas desportivas, sa\u00fade e coes\u00e3o social. O Munic\u00edpio de T\u00e1bua reafirmou o compromisso de apoiar as associa\u00e7\u00f5es e projetos desportivos locais, mantendo T\u00e1bua como Munic\u00edpio Amigo do Desporto.\" \/>\n<meta property=\"og:url\" content=\"https:\/\/portaltela.pt\/noticias\/2025\/12\/02\/gala-do-desporto-de-tabua-distingue-agentes-desportivos-do-concelho\/\" \/>\n<meta property=\"og:site_name\" content=\"Portal Tela Portugal\" \/>\n<meta property=\"article:published_time\" content=\"2025-12-02T16:37:00+00:00\" \/>\n<meta name=\"author\" content=\"Telinha\" \/>\n<meta name=\"twitter:card\" content=\"summary_large_image\" \/>\n<meta name=\"twitter:label1\" content=\"Escrito por\" \/>\n\t<meta name=\"twitter:data1\" content=\"Telinha\" \/>\n\t<meta name=\"twitter:label2\" content=\"Tempo estimado de leitura\" \/>\n\t<meta name=\"twitter:data2\" content=\"1 minuto\" \/>\n<script type=\"application\/ld+json\" class=\"yoast-schema-graph\">{\"@context\":\"https:\/\/schema.org\",\"@graph\":[{\"@type\":\"Article\",\"@id\":\"https:\/\/portaltela.pt\/noticias\/2025\/12\/02\/gala-do-desporto-de-tabua-distingue-agentes-desportivos-do-concelho\/#article\",\"isPartOf\":{\"@id\":\"https:\/\/portaltela.pt\/noticias\/2025\/12\/02\/gala-do-desporto-de-tabua-distingue-agentes-desportivos-do-concelho\/\"},\"author\":{\"name\":\"Telinha\",\"@id\":\"https:\/\/portaltela.pt\/#\/schema\/person\/c4278d4a6028830caff9ee44b42d32ed\"},\"headline\":\"Gala do Desporto de T\u00e1bua distingue agentes desportivos do concelho\",\"datePublished\":\"2025-12-02T16:37:00+00:00\",\"mainEntityOfPage\":{\"@id\":\"https:\/\/portaltela.pt\/noticias\/2025\/12\/02\/gala-do-desporto-de-tabua-distingue-agentes-desportivos-do-concelho\/\"},\"wordCount\":283,\"image\":{\"@id\":\"https:\/\/portaltela.pt\/noticias\/2025\/12\/02\/gala-do-desporto-de-tabua-distingue-agentes-desportivos-do-concelho\/#primaryimage\"},\"thumbnailUrl\":\"https:\/\/portaltela.pt\/s.01k8rhncp4jt1\/2025\/12\/unnamed-file-10.jpg\",\"keywords\":[\"Associa\u00e7\u00e3o Desportiva do Ano\",\"Atleta do Ano\",\"concelho\",\"desporto\",\"desporto escolar\",\"Treinador do Ano\"],\"articleSection\":[\"Desporto\"],\"inLanguage\":\"pt-PT\"},{\"@type\":\"WebPage\",\"@id\":\"https:\/\/portaltela.pt\/noticias\/2025\/12\/02\/gala-do-desporto-de-tabua-distingue-agentes-desportivos-do-concelho\/\",\"url\":\"https:\/\/portaltela.pt\/noticias\/2025\/12\/02\/gala-do-desporto-de-tabua-distingue-agentes-desportivos-do-concelho\/\",\"name\":\"Gala do Desporto de T\u00e1bua distingue agentes desportivos do concelho - Portal Tela Portugal\",\"isPartOf\":{\"@id\":\"https:\/\/portaltela.pt\/#website\"},\"primaryImageOfPage\":{\"@id\":\"https:\/\/portaltela.pt\/noticias\/2025\/12\/02\/gala-do-desporto-de-tabua-distingue-agentes-desportivos-do-concelho\/#primaryimage\"},\"image\":{\"@id\":\"https:\/\/portaltela.pt\/noticias\/2025\/12\/02\/gala-do-desporto-de-tabua-distingue-agentes-desportivos-do-concelho\/#primaryimage\"},\"thumbnailUrl\":\"https:\/\/portaltela.pt\/s.01k8rhncp4jt1\/2025\/12\/unnamed-file-10.jpg\",\"datePublished\":\"2025-12-02T16:37:00+00:00\",\"author\":{\"@id\":\"https:\/\/portaltela.pt\/#\/schema\/person\/c4278d4a6028830caff9ee44b42d32ed\"},\"breadcrumb\":{\"@id\":\"https:\/\/portaltela.pt\/noticias\/2025\/12\/02\/gala-do-desporto-de-tabua-distingue-agentes-desportivos-do-concelho\/#breadcrumb\"},\"inLanguage\":\"pt-PT\",\"potentialAction\":[{\"@type\":\"ReadAction\",\"target\":[\"https:\/\/portaltela.pt\/noticias\/2025\/12\/02\/gala-do-desporto-de-tabua-distingue-agentes-desportivos-do-concelho\/\"]}]},{\"@type\":\"ImageObject\",\"inLanguage\":\"pt-PT\",\"@id\":\"https:\/\/portaltela.pt\/noticias\/2025\/12\/02\/gala-do-desporto-de-tabua-distingue-agentes-desportivos-do-concelho\/#primaryimage\",\"url\":\"https:\/\/portaltela.pt\/s.01k8rhncp4jt1\/2025\/12\/unnamed-file-10.jpg\",\"contentUrl\":\"https:\/\/portaltela.pt\/s.01k8rhncp4jt1\/2025\/12\/unnamed-file-10.jpg\",\"width\":796,\"height\":448,\"caption\":\"Photo\"},{\"@type\":\"BreadcrumbList\",\"@id\":\"https:\/\/portaltela.pt\/noticias\/2025\/12\/02\/gala-do-desporto-de-tabua-distingue-agentes-desportivos-do-concelho\/#breadcrumb\",\"itemListElement\":[{\"@type\":\"ListItem\",\"position\":1,\"name\":\"In\u00edcio\",\"item\":\"https:\/\/portaltela.pt\/\"},{\"@type\":\"ListItem\",\"position\":2,\"name\":\"Gala do Desporto de T\u00e1bua distingue agentes desportivos do concelho\"}]},{\"@type\":\"WebSite\",\"@id\":\"https:\/\/portaltela.pt\/#website\",\"url\":\"https:\/\/portaltela.pt\/\",\"name\":\"Portal Tela Portugal\",\"description\":\"\",\"potentialAction\":[{\"@type\":\"SearchAction\",\"target\":{\"@type\":\"EntryPoint\",\"urlTemplate\":\"https:\/\/portaltela.pt\/?s={search_term_string}\"},\"query-input\":{\"@type\":\"PropertyValueSpecification\",\"valueRequired\":true,\"valueName\":\"search_term_string\"}}],\"inLanguage\":\"pt-PT\"},{\"@type\":\"Person\",\"@id\":\"https:\/\/portaltela.pt\/#\/schema\/person\/c4278d4a6028830caff9ee44b42d32ed\",\"name\":\"Telinha\",\"image\":{\"@type\":\"ImageObject\",\"inLanguage\":\"pt-PT\",\"@id\":\"https:\/\/portaltela.pt\/s.01k8rhncp4jt1\/2025\/11\/talking-bot-125x125.png\",\"url\":\"https:\/\/portaltela.pt\/s.01k8rhncp4jt1\/2025\/11\/talking-bot-125x125.png\",\"contentUrl\":\"https:\/\/portaltela.pt\/s.01k8rhncp4jt1\/2025\/11\/talking-bot-125x125.png\",\"caption\":\"Telinha\"},\"sameAs\":[\"https:\/\/portaltela.pt\/\"],\"url\":\"https:\/\/portaltela.pt\/por\/367410592786\/\"}]}<\/script>\n<!-- \/ Yoast SEO plugin. -->","yoast_head_json":{"title":"Gala do Desporto de T\u00e1bua distingue agentes desportivos do concelho - Portal Tela Portugal","robots":{"index":"index","follow":"follow","max-snippet":"max-snippet:-1","max-image-preview":"max-image-preview:large","max-video-preview":"max-video-preview:-1"},"og_locale":"pt_PT","og_type":"article","og_title":"Gala do Desporto de T\u00e1bua distingue agentes desportivos do concelho - Portal Tela Portugal","og_description":"O Centro Cultural de T\u00e1bua acolheu, no passado dia 29 de novembro, a Gala Municipal do Desporto 2025, promovida pelo Munic\u00edpio de T\u00e1bua para reconhecer o m\u00e9rito da \u00c9poca Desportiva 2024\/2025. Foram atribu\u00eddas distin\u00e7\u00f5es como Dirigente do Ano a Jos\u00e9 Pedro Sim\u00f5es, Revela\u00e7\u00e3o do Ano \u2013 Desporto Individual a Bianca Pegado e Revela\u00e7\u00e3o do Ano \u2013 Desporto Coletivo a Lara Amaral. Outras distin\u00e7\u00f5es incluem Desporto Escolar a Joaquim Monteiro, M\u00e9rito Desportivo \u00e0 Equipa E-Sports, Treinador do Ano a Fernando Eliseu e Atleta do Ano a Duarte Marques. O evento destacou o papel de fam\u00edlias, escolas e movimento associativo na promo\u00e7\u00e3o de pr\u00e1ticas desportivas, sa\u00fade e coes\u00e3o social. O Munic\u00edpio de T\u00e1bua reafirmou o compromisso de apoiar as associa\u00e7\u00f5es e projetos desportivos locais, mantendo T\u00e1bua como Munic\u00edpio Amigo do Desporto.","og_url":"https:\/\/portaltela.pt\/noticias\/2025\/12\/02\/gala-do-desporto-de-tabua-distingue-agentes-desportivos-do-concelho\/","og_site_name":"Portal Tela Portugal","article_published_time":"2025-12-02T16:37:00+00:00","author":"Telinha","twitter_card":"summary_large_image","twitter_misc":{"Escrito por":"Telinha","Tempo estimado de leitura":"1 minuto"},"schema":{"@context":"https:\/\/schema.org","@graph":[{"@type":"Article","@id":"https:\/\/portaltela.pt\/noticias\/2025\/12\/02\/gala-do-desporto-de-tabua-distingue-agentes-desportivos-do-concelho\/#article","isPartOf":{"@id":"https:\/\/portaltela.pt\/noticias\/2025\/12\/02\/gala-do-desporto-de-tabua-distingue-agentes-desportivos-do-concelho\/"},"author":{"name":"Telinha","@id":"https:\/\/portaltela.pt\/#\/schema\/person\/c4278d4a6028830caff9ee44b42d32ed"},"headline":"Gala do Desporto de T\u00e1bua distingue agentes desportivos do concelho","datePublished":"2025-12-02T16:37:00+00:00","mainEntityOfPage":{"@id":"https:\/\/portaltela.pt\/noticias\/2025\/12\/02\/gala-do-desporto-de-tabua-distingue-agentes-desportivos-do-concelho\/"},"wordCount":283,"image":{"@id":"https:\/\/portaltela.pt\/noticias\/2025\/12\/02\/gala-do-desporto-de-tabua-distingue-agentes-desportivos-do-concelho\/#primaryimage"},"thumbnailUrl":"https:\/\/portaltela.pt\/s.01k8rhncp4jt1\/2025\/12\/unnamed-file-10.jpg","keywords":["Associa\u00e7\u00e3o Desportiva do Ano","Atleta do Ano","concelho","desporto","desporto escolar","Treinador do Ano"],"articleSection":["Desporto"],"inLanguage":"pt-PT"},{"@type":"WebPage","@id":"https:\/\/portaltela.pt\/noticias\/2025\/12\/02\/gala-do-desporto-de-tabua-distingue-agentes-desportivos-do-concelho\/","url":"https:\/\/portaltela.pt\/noticias\/2025\/12\/02\/gala-do-desporto-de-tabua-distingue-agentes-desportivos-do-concelho\/","name":"Gala do Desporto de T\u00e1bua distingue agentes desportivos do concelho - Portal Tela Portugal","isPartOf":{"@id":"https:\/\/portaltela.pt\/#website"},"primaryImageOfPage":{"@id":"https:\/\/portaltela.pt\/noticias\/2025\/12\/02\/gala-do-desporto-de-tabua-distingue-agentes-desportivos-do-concelho\/#primaryimage"},"image":{"@id":"https:\/\/portaltela.pt\/noticias\/2025\/12\/02\/gala-do-desporto-de-tabua-distingue-agentes-desportivos-do-concelho\/#primaryimage"},"thumbnailUrl":"https:\/\/portaltela.pt\/s.01k8rhncp4jt1\/2025\/12\/unnamed-file-10.jpg","datePublished":"2025-12-02T16:37:00+00:00","author":{"@id":"https:\/\/portaltela.pt\/#\/schema\/person\/c4278d4a6028830caff9ee44b42d32ed"},"breadcrumb":{"@id":"https:\/\/portaltela.pt\/noticias\/2025\/12\/02\/gala-do-desporto-de-tabua-distingue-agentes-desportivos-do-concelho\/#breadcrumb"},"inLanguage":"pt-PT","potentialAction":[{"@type":"ReadAction","target":["https:\/\/portaltela.pt\/noticias\/2025\/12\/02\/gala-do-desporto-de-tabua-distingue-agentes-desportivos-do-concelho\/"]}]},{"@type":"ImageObject","inLanguage":"pt-PT","@id":"https:\/\/portaltela.pt\/noticias\/2025\/12\/02\/gala-do-desporto-de-tabua-distingue-agentes-desportivos-do-concelho\/#primaryimage","url":"https:\/\/portaltela.pt\/s.01k8rhncp4jt1\/2025\/12\/unnamed-file-10.jpg","contentUrl":"https:\/\/portaltela.pt\/s.01k8rhncp4jt1\/2025\/12\/unnamed-file-10.jpg","width":796,"height":448,"caption":"Photo"},{"@type":"BreadcrumbList","@id":"https:\/\/portaltela.pt\/noticias\/2025\/12\/02\/gala-do-desporto-de-tabua-distingue-agentes-desportivos-do-concelho\/#breadcrumb","itemListElement":[{"@type":"ListItem","position":1,"name":"In\u00edcio","item":"https:\/\/portaltela.pt\/"},{"@type":"ListItem","position":2,"name":"Gala do Desporto de T\u00e1bua distingue agentes desportivos do concelho"}]},{"@type":"WebSite","@id":"https:\/\/portaltela.pt\/#website","url":"https:\/\/portaltela.pt\/","name":"Portal Tela Portugal","description":"","potentialAction":[{"@type":"SearchAction","target":{"@type":"EntryPoint","urlTemplate":"https:\/\/portaltela.pt\/?s={search_term_string}"},"query-input":{"@type":"PropertyValueSpecification","valueRequired":true,"valueName":"search_term_string"}}],"inLanguage":"pt-PT"},{"@type":"Person","@id":"https:\/\/portaltela.pt\/#\/schema\/person\/c4278d4a6028830caff9ee44b42d32ed","name":"Telinha","image":{"@type":"ImageObject","inLanguage":"pt-PT","@id":"https:\/\/portaltela.pt\/s.01k8rhncp4jt1\/2025\/11\/talking-bot-125x125.png","url":"https:\/\/portaltela.pt\/s.01k8rhncp4jt1\/2025\/11\/talking-bot-125x125.png","contentUrl":"https:\/\/portaltela.pt\/s.01k8rhncp4jt1\/2025\/11\/talking-bot-125x125.png","caption":"Telinha"},"sameAs":["https:\/\/portaltela.pt\/"],"url":"https:\/\/portaltela.pt\/por\/367410592786\/"}]}},"_links":{"self":[{"href":"https:\/\/portaltela.pt\/api\/wp\/v2\/posts\/45863","targetHints":{"allow":["GET"]}}],"collection":[{"href":"https:\/\/portaltela.pt\/api\/wp\/v2\/posts"}],"about":[{"href":"https:\/\/portaltela.pt\/api\/wp\/v2\/types\/post"}],"author":[{"embeddable":true,"href":"https:\/\/portaltela.pt\/api\/wp\/v2\/users\/2"}],"replies":[{"embeddable":true,"href":"https:\/\/portaltela.pt\/api\/wp\/v2\/comments?post=45863"}],"version-history":[{"count":0,"href":"https:\/\/portaltela.pt\/api\/wp\/v2\/posts\/45863\/revisions"}],"wp:featuredmedia":[{"embeddable":true,"href":"https:\/\/portaltela.pt\/api\/wp\/v2\/media\/45864"}],"wp:attachment":[{"href":"https:\/\/portaltela.pt\/api\/wp\/v2\/media?parent=45863"}],"wp:term":[{"taxonomy":"category","embeddable":true,"href":"https:\/\/portaltela.pt\/api\/wp\/v2\/categories?post=45863"},{"taxonomy":"post_tag","embeddable":true,"href":"https:\/\/portaltela.pt\/api\/wp\/v2\/tags?post=45863"}],"curies":[{"name":"wp","href":"https:\/\/api.w.org\/{rel}","templated":true}]}}