{"id":458594,"date":"2026-04-27T13:33:29","date_gmt":"2026-04-27T16:33:29","guid":{"rendered":"https:\/\/portaltela.pt\/noticias\/2026\/04\/27\/viery-agrada-benfica-mas-e-caro-ponto-sobre-o-dossie-do-jovem-central\/"},"modified":"2026-04-27T13:33:29","modified_gmt":"2026-04-27T16:33:29","slug":"viery-agrada-benfica-mas-e-caro-ponto-sobre-o-dossie-do-jovem-central","status":"publish","type":"post","link":"https:\/\/portaltela.pt\/desporto\/futebol\/2026\/04\/27\/viery-agrada-benfica-mas-e-caro-ponto-sobre-o-dossie-do-jovem-central\/","title":{"rendered":"Viery agrada Benfica, mas \u00e9 caro; ponto sobre o dossi\u00ea do jovem central"},"content":{"rendered":"<p>O Benfica est\u00e1 a analisar um central do Gr\u00eamio e j\u00e1 identificou Viery como op\u00e7\u00e3o. O neg\u00f3cio parece de dif\u00edcil concretiza\u00e7\u00e3o devido ao pre\u00e7o pedido, apurou o Record. O jogador tem 21 anos e \u00e9 visto como talento de encaixe para o plantel.<\/p>\n<p>Viery \u00e9 dos mais jovens do Gr\u00eamio e tem sido usado em 18 jogos na temporada, com um golo e uma assist\u00eancia. A equipa brasileira reconhece o seu elevado potencial.<\/p>\n<p>O encaixe estimado pelos representantes do Gr\u00eamio aponta para cerca de 20 milh\u00f5es de euros. Ainda n\u00e3o houve acordo entre as partes, o que torna a transfer\u00eancia incerta neste momento.<\/p>\n<h3>Ponto-chave do interesse<\/h3>\n<p>O clube brasileiro v\u00ea no jovem central um valor de venda significativo, que pode condicionar qualquer avan\u00e7ar no processo. N\u00e3o houve confirma\u00e7\u00e3o oficial por parte do Benfica ou do Gr\u00eamio.<\/p>\n","protected":false},"excerpt":{"rendered":"<ul>\n<li>Benfica est\u00e1 a acompanhar Viery, central do Gr\u00e9mio, e j\u00e1 identificou o jogador que aprecia.<\/li>\n<li>O jogador tem 21 anos e \u00e9 visto como uma op\u00e7\u00e3o com potencial pela estrutura encarnada, mas o neg\u00f3cio \u00e9 considerado dif\u00edcil.<\/li>\n<li>O Gr\u00e9mio aponta para um encaixe de cerca de 20 milh\u00f5es de euros em eventual transfer\u00eancia.<\/li>\n<li>Viery tem sido una pe\u00e7a importante no Gr\u00e9mio, tendo sido utilizado em 18 jogos esta \u00e9poca, com um golo e uma assist\u00eancia.<\/li>\n<\/ul>\n","protected":false},"author":2,"featured_media":458599,"comment_status":"closed","ping_status":"closed","sticky":false,"template":"","format":"standard","meta":{"footnotes":""},"categories":[21,24],"tags":[1946,32,6693,242,50,1633],"class_list":["post-458594","post","type-post","status-publish","format-standard","has-post-thumbnail","hentry","category-desporto","category-futebol","tag-benfica","tag-futebol","tag-futebol-brasileiro","tag-jogadores","tag-mercado-da-bola","tag-transferencias-internacionais"],"yoast_head":"<!-- This site is optimized with the Yoast SEO plugin v27.2 - https:\/\/yoast.com\/product\/yoast-seo-wordpress\/ -->\n<title>Viery agrada Benfica, mas \u00e9 caro; ponto sobre o dossi\u00ea do jovem central - Portal Tela Portugal<\/title>\n<meta name=\"robots\" content=\"index, follow, max-snippet:-1, max-image-preview:large, max-video-preview:-1\" \/>\n<meta property=\"og:locale\" content=\"pt_PT\" \/>\n<meta property=\"og:type\" content=\"article\" \/>\n<meta property=\"og:title\" content=\"Viery agrada Benfica, mas \u00e9 caro; ponto sobre o dossi\u00ea do jovem central - Portal Tela Portugal\" \/>\n<meta property=\"og:description\" content=\"Benfica est\u00e1 a acompanhar Viery, central do Gr\u00e9mio, e j\u00e1 identificou o jogador que aprecia. O jogador tem 21 anos e \u00e9 visto como uma op\u00e7\u00e3o com potencial pela estrutura encarnada, mas o neg\u00f3cio \u00e9 considerado dif\u00edcil. O Gr\u00e9mio aponta para um encaixe de cerca de 20 milh\u00f5es de euros em eventual transfer\u00eancia. Viery tem sido una pe\u00e7a importante no Gr\u00e9mio, tendo sido utilizado em 18 jogos esta \u00e9poca, com um golo e uma assist\u00eancia.\" \/>\n<meta property=\"og:url\" content=\"https:\/\/portaltela.pt\/noticias\/2026\/04\/27\/viery-agrada-benfica-mas-e-caro-ponto-sobre-o-dossie-do-jovem-central\/\" \/>\n<meta property=\"og:site_name\" content=\"Portal Tela Portugal\" \/>\n<meta property=\"article:published_time\" content=\"2026-04-27T16:33:29+00:00\" \/>\n<meta name=\"author\" content=\"Telinha\" \/>\n<meta name=\"twitter:card\" content=\"summary_large_image\" \/>\n<meta name=\"twitter:label1\" content=\"Escrito por\" \/>\n\t<meta name=\"twitter:data1\" content=\"Telinha\" \/>\n\t<meta name=\"twitter:label2\" content=\"Tempo estimado de leitura\" \/>\n\t<meta name=\"twitter:data2\" content=\"1 minuto\" \/>\n<script type=\"application\/ld+json\" class=\"yoast-schema-graph\">{\"@context\":\"https:\/\/schema.org\",\"@graph\":[{\"@type\":\"Article\",\"@id\":\"https:\/\/portaltela.pt\/noticias\/2026\/04\/27\/viery-agrada-benfica-mas-e-caro-ponto-sobre-o-dossie-do-jovem-central\/#article\",\"isPartOf\":{\"@id\":\"https:\/\/portaltela.pt\/noticias\/2026\/04\/27\/viery-agrada-benfica-mas-e-caro-ponto-sobre-o-dossie-do-jovem-central\/\"},\"author\":{\"name\":\"Telinha\",\"@id\":\"https:\/\/portaltela.pt\/#\/schema\/person\/c4278d4a6028830caff9ee44b42d32ed\"},\"headline\":\"Viery agrada Benfica, mas \u00e9 caro; ponto sobre o dossi\u00ea do jovem central\",\"datePublished\":\"2026-04-27T16:33:29+00:00\",\"mainEntityOfPage\":{\"@id\":\"https:\/\/portaltela.pt\/noticias\/2026\/04\/27\/viery-agrada-benfica-mas-e-caro-ponto-sobre-o-dossie-do-jovem-central\/\"},\"wordCount\":159,\"image\":{\"@id\":\"https:\/\/portaltela.pt\/noticias\/2026\/04\/27\/viery-agrada-benfica-mas-e-caro-ponto-sobre-o-dossie-do-jovem-central\/#primaryimage\"},\"thumbnailUrl\":\"https:\/\/portaltela.pt\/s.01k8rhncp4jt1\/2026\/04\/img_920x518uu2026-04-27-17-23-25-2435601.jpg\",\"keywords\":[\"Benfica\",\"futebol\",\"futebol brasileiro\",\"jogadores\",\"mercado da bola\",\"transfer\u00eancias internacionais\"],\"articleSection\":[\"Desporto\",\"Futebol\"],\"inLanguage\":\"pt-PT\"},{\"@type\":\"WebPage\",\"@id\":\"https:\/\/portaltela.pt\/noticias\/2026\/04\/27\/viery-agrada-benfica-mas-e-caro-ponto-sobre-o-dossie-do-jovem-central\/\",\"url\":\"https:\/\/portaltela.pt\/noticias\/2026\/04\/27\/viery-agrada-benfica-mas-e-caro-ponto-sobre-o-dossie-do-jovem-central\/\",\"name\":\"Viery agrada Benfica, mas \u00e9 caro; ponto sobre o dossi\u00ea do jovem central - Portal Tela Portugal\",\"isPartOf\":{\"@id\":\"https:\/\/portaltela.pt\/#website\"},\"primaryImageOfPage\":{\"@id\":\"https:\/\/portaltela.pt\/noticias\/2026\/04\/27\/viery-agrada-benfica-mas-e-caro-ponto-sobre-o-dossie-do-jovem-central\/#primaryimage\"},\"image\":{\"@id\":\"https:\/\/portaltela.pt\/noticias\/2026\/04\/27\/viery-agrada-benfica-mas-e-caro-ponto-sobre-o-dossie-do-jovem-central\/#primaryimage\"},\"thumbnailUrl\":\"https:\/\/portaltela.pt\/s.01k8rhncp4jt1\/2026\/04\/img_920x518uu2026-04-27-17-23-25-2435601.jpg\",\"datePublished\":\"2026-04-27T16:33:29+00:00\",\"author\":{\"@id\":\"https:\/\/portaltela.pt\/#\/schema\/person\/c4278d4a6028830caff9ee44b42d32ed\"},\"breadcrumb\":{\"@id\":\"https:\/\/portaltela.pt\/noticias\/2026\/04\/27\/viery-agrada-benfica-mas-e-caro-ponto-sobre-o-dossie-do-jovem-central\/#breadcrumb\"},\"inLanguage\":\"pt-PT\",\"potentialAction\":[{\"@type\":\"ReadAction\",\"target\":[\"https:\/\/portaltela.pt\/noticias\/2026\/04\/27\/viery-agrada-benfica-mas-e-caro-ponto-sobre-o-dossie-do-jovem-central\/\"]}]},{\"@type\":\"ImageObject\",\"inLanguage\":\"pt-PT\",\"@id\":\"https:\/\/portaltela.pt\/noticias\/2026\/04\/27\/viery-agrada-benfica-mas-e-caro-ponto-sobre-o-dossie-do-jovem-central\/#primaryimage\",\"url\":\"https:\/\/portaltela.pt\/s.01k8rhncp4jt1\/2026\/04\/img_920x518uu2026-04-27-17-23-25-2435601.jpg\",\"contentUrl\":\"https:\/\/portaltela.pt\/s.01k8rhncp4jt1\/2026\/04\/img_920x518uu2026-04-27-17-23-25-2435601.jpg\",\"width\":796,\"height\":448,\"caption\":\"Viery\"},{\"@type\":\"BreadcrumbList\",\"@id\":\"https:\/\/portaltela.pt\/noticias\/2026\/04\/27\/viery-agrada-benfica-mas-e-caro-ponto-sobre-o-dossie-do-jovem-central\/#breadcrumb\",\"itemListElement\":[{\"@type\":\"ListItem\",\"position\":1,\"name\":\"In\u00edcio\",\"item\":\"https:\/\/portaltela.pt\/\"},{\"@type\":\"ListItem\",\"position\":2,\"name\":\"Viery agrada Benfica, mas \u00e9 caro; ponto sobre o dossi\u00ea do jovem central\"}]},{\"@type\":\"WebSite\",\"@id\":\"https:\/\/portaltela.pt\/#website\",\"url\":\"https:\/\/portaltela.pt\/\",\"name\":\"Portal Tela Portugal\",\"description\":\"\",\"potentialAction\":[{\"@type\":\"SearchAction\",\"target\":{\"@type\":\"EntryPoint\",\"urlTemplate\":\"https:\/\/portaltela.pt\/?s={search_term_string}\"},\"query-input\":{\"@type\":\"PropertyValueSpecification\",\"valueRequired\":true,\"valueName\":\"search_term_string\"}}],\"inLanguage\":\"pt-PT\"},{\"@type\":\"Person\",\"@id\":\"https:\/\/portaltela.pt\/#\/schema\/person\/c4278d4a6028830caff9ee44b42d32ed\",\"name\":\"Telinha\",\"image\":{\"@type\":\"ImageObject\",\"inLanguage\":\"pt-PT\",\"@id\":\"https:\/\/portaltela.pt\/s.01k8rhncp4jt1\/2025\/11\/talking-bot-125x125.png\",\"url\":\"https:\/\/portaltela.pt\/s.01k8rhncp4jt1\/2025\/11\/talking-bot-125x125.png\",\"contentUrl\":\"https:\/\/portaltela.pt\/s.01k8rhncp4jt1\/2025\/11\/talking-bot-125x125.png\",\"caption\":\"Telinha\"},\"sameAs\":[\"https:\/\/portaltela.pt\/\"],\"url\":\"https:\/\/portaltela.pt\/por\/367410592786\/\"}]}<\/script>\n<!-- \/ Yoast SEO plugin. -->","yoast_head_json":{"title":"Viery agrada Benfica, mas \u00e9 caro; ponto sobre o dossi\u00ea do jovem central - Portal Tela Portugal","robots":{"index":"index","follow":"follow","max-snippet":"max-snippet:-1","max-image-preview":"max-image-preview:large","max-video-preview":"max-video-preview:-1"},"og_locale":"pt_PT","og_type":"article","og_title":"Viery agrada Benfica, mas \u00e9 caro; ponto sobre o dossi\u00ea do jovem central - Portal Tela Portugal","og_description":"Benfica est\u00e1 a acompanhar Viery, central do Gr\u00e9mio, e j\u00e1 identificou o jogador que aprecia. O jogador tem 21 anos e \u00e9 visto como uma op\u00e7\u00e3o com potencial pela estrutura encarnada, mas o neg\u00f3cio \u00e9 considerado dif\u00edcil. O Gr\u00e9mio aponta para um encaixe de cerca de 20 milh\u00f5es de euros em eventual transfer\u00eancia. Viery tem sido una pe\u00e7a importante no Gr\u00e9mio, tendo sido utilizado em 18 jogos esta \u00e9poca, com um golo e uma assist\u00eancia.","og_url":"https:\/\/portaltela.pt\/noticias\/2026\/04\/27\/viery-agrada-benfica-mas-e-caro-ponto-sobre-o-dossie-do-jovem-central\/","og_site_name":"Portal Tela Portugal","article_published_time":"2026-04-27T16:33:29+00:00","author":"Telinha","twitter_card":"summary_large_image","twitter_misc":{"Escrito por":"Telinha","Tempo estimado de leitura":"1 minuto"},"schema":{"@context":"https:\/\/schema.org","@graph":[{"@type":"Article","@id":"https:\/\/portaltela.pt\/noticias\/2026\/04\/27\/viery-agrada-benfica-mas-e-caro-ponto-sobre-o-dossie-do-jovem-central\/#article","isPartOf":{"@id":"https:\/\/portaltela.pt\/noticias\/2026\/04\/27\/viery-agrada-benfica-mas-e-caro-ponto-sobre-o-dossie-do-jovem-central\/"},"author":{"name":"Telinha","@id":"https:\/\/portaltela.pt\/#\/schema\/person\/c4278d4a6028830caff9ee44b42d32ed"},"headline":"Viery agrada Benfica, mas \u00e9 caro; ponto sobre o dossi\u00ea do jovem central","datePublished":"2026-04-27T16:33:29+00:00","mainEntityOfPage":{"@id":"https:\/\/portaltela.pt\/noticias\/2026\/04\/27\/viery-agrada-benfica-mas-e-caro-ponto-sobre-o-dossie-do-jovem-central\/"},"wordCount":159,"image":{"@id":"https:\/\/portaltela.pt\/noticias\/2026\/04\/27\/viery-agrada-benfica-mas-e-caro-ponto-sobre-o-dossie-do-jovem-central\/#primaryimage"},"thumbnailUrl":"https:\/\/portaltela.pt\/s.01k8rhncp4jt1\/2026\/04\/img_920x518uu2026-04-27-17-23-25-2435601.jpg","keywords":["Benfica","futebol","futebol brasileiro","jogadores","mercado da bola","transfer\u00eancias internacionais"],"articleSection":["Desporto","Futebol"],"inLanguage":"pt-PT"},{"@type":"WebPage","@id":"https:\/\/portaltela.pt\/noticias\/2026\/04\/27\/viery-agrada-benfica-mas-e-caro-ponto-sobre-o-dossie-do-jovem-central\/","url":"https:\/\/portaltela.pt\/noticias\/2026\/04\/27\/viery-agrada-benfica-mas-e-caro-ponto-sobre-o-dossie-do-jovem-central\/","name":"Viery agrada Benfica, mas \u00e9 caro; ponto sobre o dossi\u00ea do jovem central - Portal Tela Portugal","isPartOf":{"@id":"https:\/\/portaltela.pt\/#website"},"primaryImageOfPage":{"@id":"https:\/\/portaltela.pt\/noticias\/2026\/04\/27\/viery-agrada-benfica-mas-e-caro-ponto-sobre-o-dossie-do-jovem-central\/#primaryimage"},"image":{"@id":"https:\/\/portaltela.pt\/noticias\/2026\/04\/27\/viery-agrada-benfica-mas-e-caro-ponto-sobre-o-dossie-do-jovem-central\/#primaryimage"},"thumbnailUrl":"https:\/\/portaltela.pt\/s.01k8rhncp4jt1\/2026\/04\/img_920x518uu2026-04-27-17-23-25-2435601.jpg","datePublished":"2026-04-27T16:33:29+00:00","author":{"@id":"https:\/\/portaltela.pt\/#\/schema\/person\/c4278d4a6028830caff9ee44b42d32ed"},"breadcrumb":{"@id":"https:\/\/portaltela.pt\/noticias\/2026\/04\/27\/viery-agrada-benfica-mas-e-caro-ponto-sobre-o-dossie-do-jovem-central\/#breadcrumb"},"inLanguage":"pt-PT","potentialAction":[{"@type":"ReadAction","target":["https:\/\/portaltela.pt\/noticias\/2026\/04\/27\/viery-agrada-benfica-mas-e-caro-ponto-sobre-o-dossie-do-jovem-central\/"]}]},{"@type":"ImageObject","inLanguage":"pt-PT","@id":"https:\/\/portaltela.pt\/noticias\/2026\/04\/27\/viery-agrada-benfica-mas-e-caro-ponto-sobre-o-dossie-do-jovem-central\/#primaryimage","url":"https:\/\/portaltela.pt\/s.01k8rhncp4jt1\/2026\/04\/img_920x518uu2026-04-27-17-23-25-2435601.jpg","contentUrl":"https:\/\/portaltela.pt\/s.01k8rhncp4jt1\/2026\/04\/img_920x518uu2026-04-27-17-23-25-2435601.jpg","width":796,"height":448,"caption":"Viery"},{"@type":"BreadcrumbList","@id":"https:\/\/portaltela.pt\/noticias\/2026\/04\/27\/viery-agrada-benfica-mas-e-caro-ponto-sobre-o-dossie-do-jovem-central\/#breadcrumb","itemListElement":[{"@type":"ListItem","position":1,"name":"In\u00edcio","item":"https:\/\/portaltela.pt\/"},{"@type":"ListItem","position":2,"name":"Viery agrada Benfica, mas \u00e9 caro; ponto sobre o dossi\u00ea do jovem central"}]},{"@type":"WebSite","@id":"https:\/\/portaltela.pt\/#website","url":"https:\/\/portaltela.pt\/","name":"Portal Tela Portugal","description":"","potentialAction":[{"@type":"SearchAction","target":{"@type":"EntryPoint","urlTemplate":"https:\/\/portaltela.pt\/?s={search_term_string}"},"query-input":{"@type":"PropertyValueSpecification","valueRequired":true,"valueName":"search_term_string"}}],"inLanguage":"pt-PT"},{"@type":"Person","@id":"https:\/\/portaltela.pt\/#\/schema\/person\/c4278d4a6028830caff9ee44b42d32ed","name":"Telinha","image":{"@type":"ImageObject","inLanguage":"pt-PT","@id":"https:\/\/portaltela.pt\/s.01k8rhncp4jt1\/2025\/11\/talking-bot-125x125.png","url":"https:\/\/portaltela.pt\/s.01k8rhncp4jt1\/2025\/11\/talking-bot-125x125.png","contentUrl":"https:\/\/portaltela.pt\/s.01k8rhncp4jt1\/2025\/11\/talking-bot-125x125.png","caption":"Telinha"},"sameAs":["https:\/\/portaltela.pt\/"],"url":"https:\/\/portaltela.pt\/por\/367410592786\/"}]}},"_links":{"self":[{"href":"https:\/\/portaltela.pt\/api\/wp\/v2\/posts\/458594","targetHints":{"allow":["GET"]}}],"collection":[{"href":"https:\/\/portaltela.pt\/api\/wp\/v2\/posts"}],"about":[{"href":"https:\/\/portaltela.pt\/api\/wp\/v2\/types\/post"}],"author":[{"embeddable":true,"href":"https:\/\/portaltela.pt\/api\/wp\/v2\/users\/2"}],"replies":[{"embeddable":true,"href":"https:\/\/portaltela.pt\/api\/wp\/v2\/comments?post=458594"}],"version-history":[{"count":0,"href":"https:\/\/portaltela.pt\/api\/wp\/v2\/posts\/458594\/revisions"}],"wp:featuredmedia":[{"embeddable":true,"href":"https:\/\/portaltela.pt\/api\/wp\/v2\/media\/458599"}],"wp:attachment":[{"href":"https:\/\/portaltela.pt\/api\/wp\/v2\/media?parent=458594"}],"wp:term":[{"taxonomy":"category","embeddable":true,"href":"https:\/\/portaltela.pt\/api\/wp\/v2\/categories?post=458594"},{"taxonomy":"post_tag","embeddable":true,"href":"https:\/\/portaltela.pt\/api\/wp\/v2\/tags?post=458594"}],"curies":[{"name":"wp","href":"https:\/\/api.w.org\/{rel}","templated":true}]}}