{"id":458578,"date":"2026-04-27T13:18:44","date_gmt":"2026-04-27T16:18:44","guid":{"rendered":"https:\/\/portaltela.pt\/noticias\/2026\/04\/27\/circulacao-da-linha-verde-entre-rossio-e-cais-do-sodre-encerrada-2-a-5-de-maio\/"},"modified":"2026-04-27T13:18:44","modified_gmt":"2026-04-27T16:18:44","slug":"circulacao-da-linha-verde-entre-rossio-e-cais-do-sodre-encerrada-2-a-5-de-maio","status":"publish","type":"post","link":"https:\/\/portaltela.pt\/noticias\/economia\/2026\/04\/27\/circulacao-da-linha-verde-entre-rossio-e-cais-do-sodre-encerrada-2-a-5-de-maio\/","title":{"rendered":"Circula\u00e7\u00e3o da linha verde entre Rossio e Cais do Sodr\u00e9 encerrada 2 a 5 de maio"},"content":{"rendered":"<p>O tro\u00e7o da linha verde entre o Rossio e o Cais do Sodr\u00e9 ficar\u00e1 encerrado de 2 a 5 de maio, devido a trabalhos de constru\u00e7\u00e3o da futura linha circular. A circula\u00e7\u00e3o ser\u00e1 retomada no dia 6 de maio.<\/p>\n<p>As restantes linhas do Metropolitano de Lisboa funcionar\u00e3o normalmente. A esta\u00e7\u00e3o Baixa-Chiado, que d\u00e1 liga\u00e7\u00e3o com a linha verde, manter\u00e1 a correspond\u00eancia com as demais op\u00e7\u00f5es de transporte da rede.<\/p>\n<p>O Cais do Sodr\u00e9 passar\u00e1 a funcionar como cais provis\u00f3rio at\u00e9 ao final de julho de 2026, para facilitar o fluxo de passageiros nesta esta\u00e7\u00e3o.<\/p>\n<h3>Alternativas de circula\u00e7\u00e3o<\/h3>\n<ul>\n<li>Martim Moniz \u2192 Cais do Sodr\u00e9: 208 (Rede da Madrugada), 760<\/li>\n<li>Pra\u00e7a da Figueira \u2192 Cais do Sodr\u00e9: 774 (noturno e fim-de-semana), 15E, 25E<\/li>\n<li>Rossio \u2192 Cais do Sodr\u00e9: 207 (Rede da Madrugada), 732, 736 (noturno)<\/li>\n<\/ul>\n<p>A circular que vai ligar o Rato ao Cais do Sodr\u00e9 est\u00e1 prevista entrar em funcionamento no primeiro trimestre de 2027.<\/p>\n","protected":false},"excerpt":{"rendered":"<ul>\n<li>O tro\u00e7o da linha verde entre Rossio e Cais do Sodr\u00e9 fica encerrado entre dois e cinco de maio devido a obras para a futura linha circular.<\/li>\n<li>A circula\u00e7\u00e3o retorna a 6 de maio; as restantes linhas funcionam normalmente, incluindo Baixa-Chiado (conex\u00e3o com a linha verde).<\/li>\n<li>Como alternativa, a Carris sugere as seguintes carreiras: Martim Moniz \u00bb Cais do Sodr\u00e9: 208 (Rede da Madrugada), 760; Pra\u00e7a da Figueira \u00bb Cais do Sodr\u00e9: 774 (noturno e fim-de-semana), 15E, 25E; Rossio \u00bb Cais do Sodr\u00e9: 207 (Rede da Madrugada), 732, 736 (noturno).<\/li>\n<li>O Cais do Sodr\u00e9 passar\u00e1 a funcionar como cais provis\u00f3rio at\u00e9 previsivelmente final de julho de 2026 para facilitar o fluxo de passageiros.<\/li>\n<li>A linha circular vai ligar o Rato ao Cais do Sodr\u00e9 e dever\u00e1 entrar em funcionamento no primeiro trimestre de 2027.<\/li>\n<\/ul>\n","protected":false},"author":2,"featured_media":458581,"comment_status":"closed","ping_status":"closed","sticky":false,"template":"","format":"standard","meta":{"footnotes":""},"categories":[2,1],"tags":[5795,981,2110,4535],"class_list":["post-458578","post","type-post","status-publish","format-standard","has-post-thumbnail","hentry","category-economia","category-noticias","tag-linha","tag-lisboa","tag-mobilidade","tag-transporte-publico"],"yoast_head":"<!-- This site is optimized with the Yoast SEO plugin v27.2 - https:\/\/yoast.com\/product\/yoast-seo-wordpress\/ -->\n<title>Circula\u00e7\u00e3o da linha verde entre Rossio e Cais do Sodr\u00e9 encerrada 2 a 5 de maio - Portal Tela Portugal<\/title>\n<meta name=\"robots\" content=\"index, follow, max-snippet:-1, max-image-preview:large, max-video-preview:-1\" \/>\n<meta property=\"og:locale\" content=\"pt_PT\" \/>\n<meta property=\"og:type\" content=\"article\" \/>\n<meta property=\"og:title\" content=\"Circula\u00e7\u00e3o da linha verde entre Rossio e Cais do Sodr\u00e9 encerrada 2 a 5 de maio - Portal Tela Portugal\" \/>\n<meta property=\"og:description\" content=\"O tro\u00e7o da linha verde entre Rossio e Cais do Sodr\u00e9 fica encerrado entre dois e cinco de maio devido a obras para a futura linha circular. A circula\u00e7\u00e3o retorna a 6 de maio; as restantes linhas funcionam normalmente, incluindo Baixa-Chiado (conex\u00e3o com a linha verde). Como alternativa, a Carris sugere as seguintes carreiras: Martim Moniz \u00bb Cais do Sodr\u00e9: 208 (Rede da Madrugada), 760; Pra\u00e7a da Figueira \u00bb Cais do Sodr\u00e9: 774 (noturno e fim-de-semana), 15E, 25E; Rossio \u00bb Cais do Sodr\u00e9: 207 (Rede da Madrugada), 732, 736 (noturno). O Cais do Sodr\u00e9 passar\u00e1 a funcionar como cais provis\u00f3rio at\u00e9 previsivelmente final de julho de 2026 para facilitar o fluxo de passageiros. A linha circular vai ligar o Rato ao Cais do Sodr\u00e9 e dever\u00e1 entrar em funcionamento no primeiro trimestre de 2027.\" \/>\n<meta property=\"og:url\" content=\"https:\/\/portaltela.pt\/noticias\/2026\/04\/27\/circulacao-da-linha-verde-entre-rossio-e-cais-do-sodre-encerrada-2-a-5-de-maio\/\" \/>\n<meta property=\"og:site_name\" content=\"Portal Tela Portugal\" \/>\n<meta property=\"article:published_time\" content=\"2026-04-27T16:18:44+00:00\" \/>\n<meta name=\"author\" content=\"Telinha\" \/>\n<meta name=\"twitter:card\" content=\"summary_large_image\" \/>\n<meta name=\"twitter:label1\" content=\"Escrito por\" \/>\n\t<meta name=\"twitter:data1\" content=\"Telinha\" \/>\n\t<meta name=\"twitter:label2\" content=\"Tempo estimado de leitura\" \/>\n\t<meta name=\"twitter:data2\" content=\"1 minuto\" \/>\n<script type=\"application\/ld+json\" class=\"yoast-schema-graph\">{\"@context\":\"https:\/\/schema.org\",\"@graph\":[{\"@type\":\"Article\",\"@id\":\"https:\/\/portaltela.pt\/noticias\/2026\/04\/27\/circulacao-da-linha-verde-entre-rossio-e-cais-do-sodre-encerrada-2-a-5-de-maio\/#article\",\"isPartOf\":{\"@id\":\"https:\/\/portaltela.pt\/noticias\/2026\/04\/27\/circulacao-da-linha-verde-entre-rossio-e-cais-do-sodre-encerrada-2-a-5-de-maio\/\"},\"author\":{\"name\":\"Telinha\",\"@id\":\"https:\/\/portaltela.pt\/#\/schema\/person\/c4278d4a6028830caff9ee44b42d32ed\"},\"headline\":\"Circula\u00e7\u00e3o da linha verde entre Rossio e Cais do Sodr\u00e9 encerrada 2 a 5 de maio\",\"datePublished\":\"2026-04-27T16:18:44+00:00\",\"mainEntityOfPage\":{\"@id\":\"https:\/\/portaltela.pt\/noticias\/2026\/04\/27\/circulacao-da-linha-verde-entre-rossio-e-cais-do-sodre-encerrada-2-a-5-de-maio\/\"},\"wordCount\":167,\"image\":{\"@id\":\"https:\/\/portaltela.pt\/noticias\/2026\/04\/27\/circulacao-da-linha-verde-entre-rossio-e-cais-do-sodre-encerrada-2-a-5-de-maio\/#primaryimage\"},\"thumbnailUrl\":\"https:\/\/portaltela.pt\/s.01k8rhncp4jt1\/2026\/04\/img_1500x1000uu2024-10-30-13-54-00-2174355.jpg\",\"keywords\":[\"Linha\",\"Lisboa\",\"mobilidade\",\"transporte p\u00fablico\"],\"articleSection\":[\"Economia\",\"Not\u00edcias\"],\"inLanguage\":\"pt-PT\"},{\"@type\":\"WebPage\",\"@id\":\"https:\/\/portaltela.pt\/noticias\/2026\/04\/27\/circulacao-da-linha-verde-entre-rossio-e-cais-do-sodre-encerrada-2-a-5-de-maio\/\",\"url\":\"https:\/\/portaltela.pt\/noticias\/2026\/04\/27\/circulacao-da-linha-verde-entre-rossio-e-cais-do-sodre-encerrada-2-a-5-de-maio\/\",\"name\":\"Circula\u00e7\u00e3o da linha verde entre Rossio e Cais do Sodr\u00e9 encerrada 2 a 5 de maio - Portal Tela Portugal\",\"isPartOf\":{\"@id\":\"https:\/\/portaltela.pt\/#website\"},\"primaryImageOfPage\":{\"@id\":\"https:\/\/portaltela.pt\/noticias\/2026\/04\/27\/circulacao-da-linha-verde-entre-rossio-e-cais-do-sodre-encerrada-2-a-5-de-maio\/#primaryimage\"},\"image\":{\"@id\":\"https:\/\/portaltela.pt\/noticias\/2026\/04\/27\/circulacao-da-linha-verde-entre-rossio-e-cais-do-sodre-encerrada-2-a-5-de-maio\/#primaryimage\"},\"thumbnailUrl\":\"https:\/\/portaltela.pt\/s.01k8rhncp4jt1\/2026\/04\/img_1500x1000uu2024-10-30-13-54-00-2174355.jpg\",\"datePublished\":\"2026-04-27T16:18:44+00:00\",\"author\":{\"@id\":\"https:\/\/portaltela.pt\/#\/schema\/person\/c4278d4a6028830caff9ee44b42d32ed\"},\"breadcrumb\":{\"@id\":\"https:\/\/portaltela.pt\/noticias\/2026\/04\/27\/circulacao-da-linha-verde-entre-rossio-e-cais-do-sodre-encerrada-2-a-5-de-maio\/#breadcrumb\"},\"inLanguage\":\"pt-PT\",\"potentialAction\":[{\"@type\":\"ReadAction\",\"target\":[\"https:\/\/portaltela.pt\/noticias\/2026\/04\/27\/circulacao-da-linha-verde-entre-rossio-e-cais-do-sodre-encerrada-2-a-5-de-maio\/\"]}]},{\"@type\":\"ImageObject\",\"inLanguage\":\"pt-PT\",\"@id\":\"https:\/\/portaltela.pt\/noticias\/2026\/04\/27\/circulacao-da-linha-verde-entre-rossio-e-cais-do-sodre-encerrada-2-a-5-de-maio\/#primaryimage\",\"url\":\"https:\/\/portaltela.pt\/s.01k8rhncp4jt1\/2026\/04\/img_1500x1000uu2024-10-30-13-54-00-2174355.jpg\",\"contentUrl\":\"https:\/\/portaltela.pt\/s.01k8rhncp4jt1\/2026\/04\/img_1500x1000uu2024-10-30-13-54-00-2174355.jpg\",\"width\":796,\"height\":448,\"caption\":\"Metro de Lisboa\"},{\"@type\":\"BreadcrumbList\",\"@id\":\"https:\/\/portaltela.pt\/noticias\/2026\/04\/27\/circulacao-da-linha-verde-entre-rossio-e-cais-do-sodre-encerrada-2-a-5-de-maio\/#breadcrumb\",\"itemListElement\":[{\"@type\":\"ListItem\",\"position\":1,\"name\":\"In\u00edcio\",\"item\":\"https:\/\/portaltela.pt\/\"},{\"@type\":\"ListItem\",\"position\":2,\"name\":\"Circula\u00e7\u00e3o da linha verde entre Rossio e Cais do Sodr\u00e9 encerrada 2 a 5 de maio\"}]},{\"@type\":\"WebSite\",\"@id\":\"https:\/\/portaltela.pt\/#website\",\"url\":\"https:\/\/portaltela.pt\/\",\"name\":\"Portal Tela Portugal\",\"description\":\"\",\"potentialAction\":[{\"@type\":\"SearchAction\",\"target\":{\"@type\":\"EntryPoint\",\"urlTemplate\":\"https:\/\/portaltela.pt\/?s={search_term_string}\"},\"query-input\":{\"@type\":\"PropertyValueSpecification\",\"valueRequired\":true,\"valueName\":\"search_term_string\"}}],\"inLanguage\":\"pt-PT\"},{\"@type\":\"Person\",\"@id\":\"https:\/\/portaltela.pt\/#\/schema\/person\/c4278d4a6028830caff9ee44b42d32ed\",\"name\":\"Telinha\",\"image\":{\"@type\":\"ImageObject\",\"inLanguage\":\"pt-PT\",\"@id\":\"https:\/\/portaltela.pt\/s.01k8rhncp4jt1\/2025\/11\/talking-bot-125x125.png\",\"url\":\"https:\/\/portaltela.pt\/s.01k8rhncp4jt1\/2025\/11\/talking-bot-125x125.png\",\"contentUrl\":\"https:\/\/portaltela.pt\/s.01k8rhncp4jt1\/2025\/11\/talking-bot-125x125.png\",\"caption\":\"Telinha\"},\"sameAs\":[\"https:\/\/portaltela.pt\/\"],\"url\":\"https:\/\/portaltela.pt\/por\/367410592786\/\"}]}<\/script>\n<!-- \/ Yoast SEO plugin. -->","yoast_head_json":{"title":"Circula\u00e7\u00e3o da linha verde entre Rossio e Cais do Sodr\u00e9 encerrada 2 a 5 de maio - Portal Tela Portugal","robots":{"index":"index","follow":"follow","max-snippet":"max-snippet:-1","max-image-preview":"max-image-preview:large","max-video-preview":"max-video-preview:-1"},"og_locale":"pt_PT","og_type":"article","og_title":"Circula\u00e7\u00e3o da linha verde entre Rossio e Cais do Sodr\u00e9 encerrada 2 a 5 de maio - Portal Tela Portugal","og_description":"O tro\u00e7o da linha verde entre Rossio e Cais do Sodr\u00e9 fica encerrado entre dois e cinco de maio devido a obras para a futura linha circular. A circula\u00e7\u00e3o retorna a 6 de maio; as restantes linhas funcionam normalmente, incluindo Baixa-Chiado (conex\u00e3o com a linha verde). Como alternativa, a Carris sugere as seguintes carreiras: Martim Moniz \u00bb Cais do Sodr\u00e9: 208 (Rede da Madrugada), 760; Pra\u00e7a da Figueira \u00bb Cais do Sodr\u00e9: 774 (noturno e fim-de-semana), 15E, 25E; Rossio \u00bb Cais do Sodr\u00e9: 207 (Rede da Madrugada), 732, 736 (noturno). O Cais do Sodr\u00e9 passar\u00e1 a funcionar como cais provis\u00f3rio at\u00e9 previsivelmente final de julho de 2026 para facilitar o fluxo de passageiros. A linha circular vai ligar o Rato ao Cais do Sodr\u00e9 e dever\u00e1 entrar em funcionamento no primeiro trimestre de 2027.","og_url":"https:\/\/portaltela.pt\/noticias\/2026\/04\/27\/circulacao-da-linha-verde-entre-rossio-e-cais-do-sodre-encerrada-2-a-5-de-maio\/","og_site_name":"Portal Tela Portugal","article_published_time":"2026-04-27T16:18:44+00:00","author":"Telinha","twitter_card":"summary_large_image","twitter_misc":{"Escrito por":"Telinha","Tempo estimado de leitura":"1 minuto"},"schema":{"@context":"https:\/\/schema.org","@graph":[{"@type":"Article","@id":"https:\/\/portaltela.pt\/noticias\/2026\/04\/27\/circulacao-da-linha-verde-entre-rossio-e-cais-do-sodre-encerrada-2-a-5-de-maio\/#article","isPartOf":{"@id":"https:\/\/portaltela.pt\/noticias\/2026\/04\/27\/circulacao-da-linha-verde-entre-rossio-e-cais-do-sodre-encerrada-2-a-5-de-maio\/"},"author":{"name":"Telinha","@id":"https:\/\/portaltela.pt\/#\/schema\/person\/c4278d4a6028830caff9ee44b42d32ed"},"headline":"Circula\u00e7\u00e3o da linha verde entre Rossio e Cais do Sodr\u00e9 encerrada 2 a 5 de maio","datePublished":"2026-04-27T16:18:44+00:00","mainEntityOfPage":{"@id":"https:\/\/portaltela.pt\/noticias\/2026\/04\/27\/circulacao-da-linha-verde-entre-rossio-e-cais-do-sodre-encerrada-2-a-5-de-maio\/"},"wordCount":167,"image":{"@id":"https:\/\/portaltela.pt\/noticias\/2026\/04\/27\/circulacao-da-linha-verde-entre-rossio-e-cais-do-sodre-encerrada-2-a-5-de-maio\/#primaryimage"},"thumbnailUrl":"https:\/\/portaltela.pt\/s.01k8rhncp4jt1\/2026\/04\/img_1500x1000uu2024-10-30-13-54-00-2174355.jpg","keywords":["Linha","Lisboa","mobilidade","transporte p\u00fablico"],"articleSection":["Economia","Not\u00edcias"],"inLanguage":"pt-PT"},{"@type":"WebPage","@id":"https:\/\/portaltela.pt\/noticias\/2026\/04\/27\/circulacao-da-linha-verde-entre-rossio-e-cais-do-sodre-encerrada-2-a-5-de-maio\/","url":"https:\/\/portaltela.pt\/noticias\/2026\/04\/27\/circulacao-da-linha-verde-entre-rossio-e-cais-do-sodre-encerrada-2-a-5-de-maio\/","name":"Circula\u00e7\u00e3o da linha verde entre Rossio e Cais do Sodr\u00e9 encerrada 2 a 5 de maio - Portal Tela Portugal","isPartOf":{"@id":"https:\/\/portaltela.pt\/#website"},"primaryImageOfPage":{"@id":"https:\/\/portaltela.pt\/noticias\/2026\/04\/27\/circulacao-da-linha-verde-entre-rossio-e-cais-do-sodre-encerrada-2-a-5-de-maio\/#primaryimage"},"image":{"@id":"https:\/\/portaltela.pt\/noticias\/2026\/04\/27\/circulacao-da-linha-verde-entre-rossio-e-cais-do-sodre-encerrada-2-a-5-de-maio\/#primaryimage"},"thumbnailUrl":"https:\/\/portaltela.pt\/s.01k8rhncp4jt1\/2026\/04\/img_1500x1000uu2024-10-30-13-54-00-2174355.jpg","datePublished":"2026-04-27T16:18:44+00:00","author":{"@id":"https:\/\/portaltela.pt\/#\/schema\/person\/c4278d4a6028830caff9ee44b42d32ed"},"breadcrumb":{"@id":"https:\/\/portaltela.pt\/noticias\/2026\/04\/27\/circulacao-da-linha-verde-entre-rossio-e-cais-do-sodre-encerrada-2-a-5-de-maio\/#breadcrumb"},"inLanguage":"pt-PT","potentialAction":[{"@type":"ReadAction","target":["https:\/\/portaltela.pt\/noticias\/2026\/04\/27\/circulacao-da-linha-verde-entre-rossio-e-cais-do-sodre-encerrada-2-a-5-de-maio\/"]}]},{"@type":"ImageObject","inLanguage":"pt-PT","@id":"https:\/\/portaltela.pt\/noticias\/2026\/04\/27\/circulacao-da-linha-verde-entre-rossio-e-cais-do-sodre-encerrada-2-a-5-de-maio\/#primaryimage","url":"https:\/\/portaltela.pt\/s.01k8rhncp4jt1\/2026\/04\/img_1500x1000uu2024-10-30-13-54-00-2174355.jpg","contentUrl":"https:\/\/portaltela.pt\/s.01k8rhncp4jt1\/2026\/04\/img_1500x1000uu2024-10-30-13-54-00-2174355.jpg","width":796,"height":448,"caption":"Metro de Lisboa"},{"@type":"BreadcrumbList","@id":"https:\/\/portaltela.pt\/noticias\/2026\/04\/27\/circulacao-da-linha-verde-entre-rossio-e-cais-do-sodre-encerrada-2-a-5-de-maio\/#breadcrumb","itemListElement":[{"@type":"ListItem","position":1,"name":"In\u00edcio","item":"https:\/\/portaltela.pt\/"},{"@type":"ListItem","position":2,"name":"Circula\u00e7\u00e3o da linha verde entre Rossio e Cais do Sodr\u00e9 encerrada 2 a 5 de maio"}]},{"@type":"WebSite","@id":"https:\/\/portaltela.pt\/#website","url":"https:\/\/portaltela.pt\/","name":"Portal Tela Portugal","description":"","potentialAction":[{"@type":"SearchAction","target":{"@type":"EntryPoint","urlTemplate":"https:\/\/portaltela.pt\/?s={search_term_string}"},"query-input":{"@type":"PropertyValueSpecification","valueRequired":true,"valueName":"search_term_string"}}],"inLanguage":"pt-PT"},{"@type":"Person","@id":"https:\/\/portaltela.pt\/#\/schema\/person\/c4278d4a6028830caff9ee44b42d32ed","name":"Telinha","image":{"@type":"ImageObject","inLanguage":"pt-PT","@id":"https:\/\/portaltela.pt\/s.01k8rhncp4jt1\/2025\/11\/talking-bot-125x125.png","url":"https:\/\/portaltela.pt\/s.01k8rhncp4jt1\/2025\/11\/talking-bot-125x125.png","contentUrl":"https:\/\/portaltela.pt\/s.01k8rhncp4jt1\/2025\/11\/talking-bot-125x125.png","caption":"Telinha"},"sameAs":["https:\/\/portaltela.pt\/"],"url":"https:\/\/portaltela.pt\/por\/367410592786\/"}]}},"_links":{"self":[{"href":"https:\/\/portaltela.pt\/api\/wp\/v2\/posts\/458578","targetHints":{"allow":["GET"]}}],"collection":[{"href":"https:\/\/portaltela.pt\/api\/wp\/v2\/posts"}],"about":[{"href":"https:\/\/portaltela.pt\/api\/wp\/v2\/types\/post"}],"author":[{"embeddable":true,"href":"https:\/\/portaltela.pt\/api\/wp\/v2\/users\/2"}],"replies":[{"embeddable":true,"href":"https:\/\/portaltela.pt\/api\/wp\/v2\/comments?post=458578"}],"version-history":[{"count":0,"href":"https:\/\/portaltela.pt\/api\/wp\/v2\/posts\/458578\/revisions"}],"wp:featuredmedia":[{"embeddable":true,"href":"https:\/\/portaltela.pt\/api\/wp\/v2\/media\/458581"}],"wp:attachment":[{"href":"https:\/\/portaltela.pt\/api\/wp\/v2\/media?parent=458578"}],"wp:term":[{"taxonomy":"category","embeddable":true,"href":"https:\/\/portaltela.pt\/api\/wp\/v2\/categories?post=458578"},{"taxonomy":"post_tag","embeddable":true,"href":"https:\/\/portaltela.pt\/api\/wp\/v2\/tags?post=458578"}],"curies":[{"name":"wp","href":"https:\/\/api.w.org\/{rel}","templated":true}]}}