{"id":458570,"date":"2026-04-27T13:18:34","date_gmt":"2026-04-27T16:18:34","guid":{"rendered":"https:\/\/portaltela.pt\/noticias\/2026\/04\/27\/norberto-alves-eleito-treinador-da-fase-regular-da-liga-betclic\/"},"modified":"2026-04-27T13:18:34","modified_gmt":"2026-04-27T16:18:34","slug":"norberto-alves-eleito-treinador-da-fase-regular-da-liga-betclic","status":"publish","type":"post","link":"https:\/\/portaltela.pt\/desporto\/futebol\/2026\/04\/27\/norberto-alves-eleito-treinador-da-fase-regular-da-liga-betclic\/","title":{"rendered":"Norberto Alves eleito treinador da fase regular da Liga Betclic"},"content":{"rendered":"<p>Norberto Alves foi distinguido na Gala da Liga Betclic como Melhor Treinador do campeonato masculino. O titular do Benfica desde 2021\/22 recebeu o trof\u00e9u numa cerim\u00f3nia que reuniu figuras da competi\u00e7\u00e3o. O acto ocorreu na noite de 27 de abril, numa cerim\u00f3nia dedicada aos melhores da \u00e9poca.<\/p>\n<p>O treinador do Benfica, de 58 anos, recusou receber a distin\u00e7\u00e3o de forma isolada, destacando que o pr\u00e9mio \u00e9 o reconhecimento de todo o staff e dos jogadores. O t\u00e9cnico valorizou o papel coletivo e lembrou os seus v\u00e1rios t\u00edtulos enquanto treinador.<\/p>\n<p>A temporada da equipa da Luz terminou a fase regular no 1.\u00ba lugar. Alves apontou que a equipa tem registado n\u00fameros expressivos em pontos marcados, menor n\u00famero de derrota e lideran\u00e7a em v\u00e1rias estat\u00edsticas como assist\u00eancias, roubos de bola e ressaltos, atribu\u00eddos aos seus jogadores.<\/p>\n<p>Alves tamb\u00e9m apontou que a carreira tem sido uma constante reinven\u00e7\u00e3o, mencionando experi\u00eancias passadas no treino de equipas femininas. O t\u00e9cnico enfatizou que o objetivo \u00e9 ajudar os jogadores, mantendo a motiva\u00e7\u00e3o e a energia para continuar a trabalhar ao longo dos anos.<\/p>\n","protected":false},"excerpt":{"rendered":"<ul>\n<li>Norberto Alves recebeu o trof\u00e9u de Melhor Treinador do campeonato masculino na Gala da Liga Betclic.<\/li>\n<li>O treinador do Benfica desde 2021\/22 destacou que o pr\u00e9mio \u00e9 uma homenagem ao trabalho de equipa, ao staff e aos jogadores.<\/li>\n<li>O Benfica terminou a fase regular da Liga Betclic em primeiro lugar.<\/li>\n<li>Alves real\u00e7ou as estat\u00edsticas da equipa, que tem mais pontos marcados, menos pontos sofridos, mais assist\u00eancias, mais roubos de bola e mais ressaltos.<\/li>\n<li>O t\u00e9cnico enfatizou que o papel dele \u00e9 ajudar os jogadores e que a carreira tem sido reinventada ao longo dos anos, incluindo experi\u00eancia anterior no treino de basquetebol feminino.<\/li>\n<\/ul>\n","protected":false},"author":2,"featured_media":458579,"comment_status":"closed","ping_status":"closed","sticky":false,"template":"","format":"standard","meta":{"footnotes":""},"categories":[21,24],"tags":[4143,1946,152,6220,1786,2477],"class_list":["post-458570","post","type-post","status-publish","format-standard","has-post-thumbnail","hentry","category-desporto","category-futebol","tag-1-liga","tag-benfica","tag-desporto","tag-desporto-federado","tag-liga","tag-treinadores"],"yoast_head":"<!-- This site is optimized with the Yoast SEO plugin v27.2 - https:\/\/yoast.com\/product\/yoast-seo-wordpress\/ -->\n<title>Norberto Alves eleito treinador da fase regular da Liga Betclic - Portal Tela Portugal<\/title>\n<meta name=\"robots\" content=\"index, follow, max-snippet:-1, max-image-preview:large, max-video-preview:-1\" \/>\n<meta property=\"og:locale\" content=\"pt_PT\" \/>\n<meta property=\"og:type\" content=\"article\" \/>\n<meta property=\"og:title\" content=\"Norberto Alves eleito treinador da fase regular da Liga Betclic - Portal Tela Portugal\" \/>\n<meta property=\"og:description\" content=\"Norberto Alves recebeu o trof\u00e9u de Melhor Treinador do campeonato masculino na Gala da Liga Betclic. O treinador do Benfica desde 2021\/22 destacou que o pr\u00e9mio \u00e9 uma homenagem ao trabalho de equipa, ao staff e aos jogadores. O Benfica terminou a fase regular da Liga Betclic em primeiro lugar. Alves real\u00e7ou as estat\u00edsticas da equipa, que tem mais pontos marcados, menos pontos sofridos, mais assist\u00eancias, mais roubos de bola e mais ressaltos. O t\u00e9cnico enfatizou que o papel dele \u00e9 ajudar os jogadores e que a carreira tem sido reinventada ao longo dos anos, incluindo experi\u00eancia anterior no treino de basquetebol feminino.\" \/>\n<meta property=\"og:url\" content=\"https:\/\/portaltela.pt\/noticias\/2026\/04\/27\/norberto-alves-eleito-treinador-da-fase-regular-da-liga-betclic\/\" \/>\n<meta property=\"og:site_name\" content=\"Portal Tela Portugal\" \/>\n<meta property=\"article:published_time\" content=\"2026-04-27T16:18:34+00:00\" \/>\n<meta name=\"author\" content=\"Telinha\" \/>\n<meta name=\"twitter:card\" content=\"summary_large_image\" \/>\n<meta name=\"twitter:label1\" content=\"Escrito por\" \/>\n\t<meta name=\"twitter:data1\" content=\"Telinha\" \/>\n\t<meta name=\"twitter:label2\" content=\"Tempo estimado de leitura\" \/>\n\t<meta name=\"twitter:data2\" content=\"1 minuto\" \/>\n<script type=\"application\/ld+json\" class=\"yoast-schema-graph\">{\"@context\":\"https:\/\/schema.org\",\"@graph\":[{\"@type\":\"Article\",\"@id\":\"https:\/\/portaltela.pt\/noticias\/2026\/04\/27\/norberto-alves-eleito-treinador-da-fase-regular-da-liga-betclic\/#article\",\"isPartOf\":{\"@id\":\"https:\/\/portaltela.pt\/noticias\/2026\/04\/27\/norberto-alves-eleito-treinador-da-fase-regular-da-liga-betclic\/\"},\"author\":{\"name\":\"Telinha\",\"@id\":\"https:\/\/portaltela.pt\/#\/schema\/person\/c4278d4a6028830caff9ee44b42d32ed\"},\"headline\":\"Norberto Alves eleito treinador da fase regular da Liga Betclic\",\"datePublished\":\"2026-04-27T16:18:34+00:00\",\"mainEntityOfPage\":{\"@id\":\"https:\/\/portaltela.pt\/noticias\/2026\/04\/27\/norberto-alves-eleito-treinador-da-fase-regular-da-liga-betclic\/\"},\"wordCount\":202,\"image\":{\"@id\":\"https:\/\/portaltela.pt\/noticias\/2026\/04\/27\/norberto-alves-eleito-treinador-da-fase-regular-da-liga-betclic\/#primaryimage\"},\"thumbnailUrl\":\"https:\/\/portaltela.pt\/s.01k8rhncp4jt1\/2026\/04\/img_920x518uu2026-04-27-17-13-51-2435599.jpg\",\"keywords\":[\"1. Liga\",\"Benfica\",\"desporto\",\"Desporto Federado\",\"Liga\",\"treinadores\"],\"articleSection\":[\"Desporto\",\"Futebol\"],\"inLanguage\":\"pt-PT\"},{\"@type\":\"WebPage\",\"@id\":\"https:\/\/portaltela.pt\/noticias\/2026\/04\/27\/norberto-alves-eleito-treinador-da-fase-regular-da-liga-betclic\/\",\"url\":\"https:\/\/portaltela.pt\/noticias\/2026\/04\/27\/norberto-alves-eleito-treinador-da-fase-regular-da-liga-betclic\/\",\"name\":\"Norberto Alves eleito treinador da fase regular da Liga Betclic - Portal Tela Portugal\",\"isPartOf\":{\"@id\":\"https:\/\/portaltela.pt\/#website\"},\"primaryImageOfPage\":{\"@id\":\"https:\/\/portaltela.pt\/noticias\/2026\/04\/27\/norberto-alves-eleito-treinador-da-fase-regular-da-liga-betclic\/#primaryimage\"},\"image\":{\"@id\":\"https:\/\/portaltela.pt\/noticias\/2026\/04\/27\/norberto-alves-eleito-treinador-da-fase-regular-da-liga-betclic\/#primaryimage\"},\"thumbnailUrl\":\"https:\/\/portaltela.pt\/s.01k8rhncp4jt1\/2026\/04\/img_920x518uu2026-04-27-17-13-51-2435599.jpg\",\"datePublished\":\"2026-04-27T16:18:34+00:00\",\"author\":{\"@id\":\"https:\/\/portaltela.pt\/#\/schema\/person\/c4278d4a6028830caff9ee44b42d32ed\"},\"breadcrumb\":{\"@id\":\"https:\/\/portaltela.pt\/noticias\/2026\/04\/27\/norberto-alves-eleito-treinador-da-fase-regular-da-liga-betclic\/#breadcrumb\"},\"inLanguage\":\"pt-PT\",\"potentialAction\":[{\"@type\":\"ReadAction\",\"target\":[\"https:\/\/portaltela.pt\/noticias\/2026\/04\/27\/norberto-alves-eleito-treinador-da-fase-regular-da-liga-betclic\/\"]}]},{\"@type\":\"ImageObject\",\"inLanguage\":\"pt-PT\",\"@id\":\"https:\/\/portaltela.pt\/noticias\/2026\/04\/27\/norberto-alves-eleito-treinador-da-fase-regular-da-liga-betclic\/#primaryimage\",\"url\":\"https:\/\/portaltela.pt\/s.01k8rhncp4jt1\/2026\/04\/img_920x518uu2026-04-27-17-13-51-2435599.jpg\",\"contentUrl\":\"https:\/\/portaltela.pt\/s.01k8rhncp4jt1\/2026\/04\/img_920x518uu2026-04-27-17-13-51-2435599.jpg\",\"width\":796,\"height\":448,\"caption\":\"Norberto Alves, t\u00e9cnico do Benfica, distinguido na Liga Betclic\"},{\"@type\":\"BreadcrumbList\",\"@id\":\"https:\/\/portaltela.pt\/noticias\/2026\/04\/27\/norberto-alves-eleito-treinador-da-fase-regular-da-liga-betclic\/#breadcrumb\",\"itemListElement\":[{\"@type\":\"ListItem\",\"position\":1,\"name\":\"In\u00edcio\",\"item\":\"https:\/\/portaltela.pt\/\"},{\"@type\":\"ListItem\",\"position\":2,\"name\":\"Norberto Alves eleito treinador da fase regular da Liga Betclic\"}]},{\"@type\":\"WebSite\",\"@id\":\"https:\/\/portaltela.pt\/#website\",\"url\":\"https:\/\/portaltela.pt\/\",\"name\":\"Portal Tela Portugal\",\"description\":\"\",\"potentialAction\":[{\"@type\":\"SearchAction\",\"target\":{\"@type\":\"EntryPoint\",\"urlTemplate\":\"https:\/\/portaltela.pt\/?s={search_term_string}\"},\"query-input\":{\"@type\":\"PropertyValueSpecification\",\"valueRequired\":true,\"valueName\":\"search_term_string\"}}],\"inLanguage\":\"pt-PT\"},{\"@type\":\"Person\",\"@id\":\"https:\/\/portaltela.pt\/#\/schema\/person\/c4278d4a6028830caff9ee44b42d32ed\",\"name\":\"Telinha\",\"image\":{\"@type\":\"ImageObject\",\"inLanguage\":\"pt-PT\",\"@id\":\"https:\/\/portaltela.pt\/s.01k8rhncp4jt1\/2025\/11\/talking-bot-125x125.png\",\"url\":\"https:\/\/portaltela.pt\/s.01k8rhncp4jt1\/2025\/11\/talking-bot-125x125.png\",\"contentUrl\":\"https:\/\/portaltela.pt\/s.01k8rhncp4jt1\/2025\/11\/talking-bot-125x125.png\",\"caption\":\"Telinha\"},\"sameAs\":[\"https:\/\/portaltela.pt\/\"],\"url\":\"https:\/\/portaltela.pt\/por\/367410592786\/\"}]}<\/script>\n<!-- \/ Yoast SEO plugin. -->","yoast_head_json":{"title":"Norberto Alves eleito treinador da fase regular da Liga Betclic - Portal Tela Portugal","robots":{"index":"index","follow":"follow","max-snippet":"max-snippet:-1","max-image-preview":"max-image-preview:large","max-video-preview":"max-video-preview:-1"},"og_locale":"pt_PT","og_type":"article","og_title":"Norberto Alves eleito treinador da fase regular da Liga Betclic - Portal Tela Portugal","og_description":"Norberto Alves recebeu o trof\u00e9u de Melhor Treinador do campeonato masculino na Gala da Liga Betclic. O treinador do Benfica desde 2021\/22 destacou que o pr\u00e9mio \u00e9 uma homenagem ao trabalho de equipa, ao staff e aos jogadores. O Benfica terminou a fase regular da Liga Betclic em primeiro lugar. Alves real\u00e7ou as estat\u00edsticas da equipa, que tem mais pontos marcados, menos pontos sofridos, mais assist\u00eancias, mais roubos de bola e mais ressaltos. O t\u00e9cnico enfatizou que o papel dele \u00e9 ajudar os jogadores e que a carreira tem sido reinventada ao longo dos anos, incluindo experi\u00eancia anterior no treino de basquetebol feminino.","og_url":"https:\/\/portaltela.pt\/noticias\/2026\/04\/27\/norberto-alves-eleito-treinador-da-fase-regular-da-liga-betclic\/","og_site_name":"Portal Tela Portugal","article_published_time":"2026-04-27T16:18:34+00:00","author":"Telinha","twitter_card":"summary_large_image","twitter_misc":{"Escrito por":"Telinha","Tempo estimado de leitura":"1 minuto"},"schema":{"@context":"https:\/\/schema.org","@graph":[{"@type":"Article","@id":"https:\/\/portaltela.pt\/noticias\/2026\/04\/27\/norberto-alves-eleito-treinador-da-fase-regular-da-liga-betclic\/#article","isPartOf":{"@id":"https:\/\/portaltela.pt\/noticias\/2026\/04\/27\/norberto-alves-eleito-treinador-da-fase-regular-da-liga-betclic\/"},"author":{"name":"Telinha","@id":"https:\/\/portaltela.pt\/#\/schema\/person\/c4278d4a6028830caff9ee44b42d32ed"},"headline":"Norberto Alves eleito treinador da fase regular da Liga Betclic","datePublished":"2026-04-27T16:18:34+00:00","mainEntityOfPage":{"@id":"https:\/\/portaltela.pt\/noticias\/2026\/04\/27\/norberto-alves-eleito-treinador-da-fase-regular-da-liga-betclic\/"},"wordCount":202,"image":{"@id":"https:\/\/portaltela.pt\/noticias\/2026\/04\/27\/norberto-alves-eleito-treinador-da-fase-regular-da-liga-betclic\/#primaryimage"},"thumbnailUrl":"https:\/\/portaltela.pt\/s.01k8rhncp4jt1\/2026\/04\/img_920x518uu2026-04-27-17-13-51-2435599.jpg","keywords":["1. Liga","Benfica","desporto","Desporto Federado","Liga","treinadores"],"articleSection":["Desporto","Futebol"],"inLanguage":"pt-PT"},{"@type":"WebPage","@id":"https:\/\/portaltela.pt\/noticias\/2026\/04\/27\/norberto-alves-eleito-treinador-da-fase-regular-da-liga-betclic\/","url":"https:\/\/portaltela.pt\/noticias\/2026\/04\/27\/norberto-alves-eleito-treinador-da-fase-regular-da-liga-betclic\/","name":"Norberto Alves eleito treinador da fase regular da Liga Betclic - Portal Tela Portugal","isPartOf":{"@id":"https:\/\/portaltela.pt\/#website"},"primaryImageOfPage":{"@id":"https:\/\/portaltela.pt\/noticias\/2026\/04\/27\/norberto-alves-eleito-treinador-da-fase-regular-da-liga-betclic\/#primaryimage"},"image":{"@id":"https:\/\/portaltela.pt\/noticias\/2026\/04\/27\/norberto-alves-eleito-treinador-da-fase-regular-da-liga-betclic\/#primaryimage"},"thumbnailUrl":"https:\/\/portaltela.pt\/s.01k8rhncp4jt1\/2026\/04\/img_920x518uu2026-04-27-17-13-51-2435599.jpg","datePublished":"2026-04-27T16:18:34+00:00","author":{"@id":"https:\/\/portaltela.pt\/#\/schema\/person\/c4278d4a6028830caff9ee44b42d32ed"},"breadcrumb":{"@id":"https:\/\/portaltela.pt\/noticias\/2026\/04\/27\/norberto-alves-eleito-treinador-da-fase-regular-da-liga-betclic\/#breadcrumb"},"inLanguage":"pt-PT","potentialAction":[{"@type":"ReadAction","target":["https:\/\/portaltela.pt\/noticias\/2026\/04\/27\/norberto-alves-eleito-treinador-da-fase-regular-da-liga-betclic\/"]}]},{"@type":"ImageObject","inLanguage":"pt-PT","@id":"https:\/\/portaltela.pt\/noticias\/2026\/04\/27\/norberto-alves-eleito-treinador-da-fase-regular-da-liga-betclic\/#primaryimage","url":"https:\/\/portaltela.pt\/s.01k8rhncp4jt1\/2026\/04\/img_920x518uu2026-04-27-17-13-51-2435599.jpg","contentUrl":"https:\/\/portaltela.pt\/s.01k8rhncp4jt1\/2026\/04\/img_920x518uu2026-04-27-17-13-51-2435599.jpg","width":796,"height":448,"caption":"Norberto Alves, t\u00e9cnico do Benfica, distinguido na Liga Betclic"},{"@type":"BreadcrumbList","@id":"https:\/\/portaltela.pt\/noticias\/2026\/04\/27\/norberto-alves-eleito-treinador-da-fase-regular-da-liga-betclic\/#breadcrumb","itemListElement":[{"@type":"ListItem","position":1,"name":"In\u00edcio","item":"https:\/\/portaltela.pt\/"},{"@type":"ListItem","position":2,"name":"Norberto Alves eleito treinador da fase regular da Liga Betclic"}]},{"@type":"WebSite","@id":"https:\/\/portaltela.pt\/#website","url":"https:\/\/portaltela.pt\/","name":"Portal Tela Portugal","description":"","potentialAction":[{"@type":"SearchAction","target":{"@type":"EntryPoint","urlTemplate":"https:\/\/portaltela.pt\/?s={search_term_string}"},"query-input":{"@type":"PropertyValueSpecification","valueRequired":true,"valueName":"search_term_string"}}],"inLanguage":"pt-PT"},{"@type":"Person","@id":"https:\/\/portaltela.pt\/#\/schema\/person\/c4278d4a6028830caff9ee44b42d32ed","name":"Telinha","image":{"@type":"ImageObject","inLanguage":"pt-PT","@id":"https:\/\/portaltela.pt\/s.01k8rhncp4jt1\/2025\/11\/talking-bot-125x125.png","url":"https:\/\/portaltela.pt\/s.01k8rhncp4jt1\/2025\/11\/talking-bot-125x125.png","contentUrl":"https:\/\/portaltela.pt\/s.01k8rhncp4jt1\/2025\/11\/talking-bot-125x125.png","caption":"Telinha"},"sameAs":["https:\/\/portaltela.pt\/"],"url":"https:\/\/portaltela.pt\/por\/367410592786\/"}]}},"_links":{"self":[{"href":"https:\/\/portaltela.pt\/api\/wp\/v2\/posts\/458570","targetHints":{"allow":["GET"]}}],"collection":[{"href":"https:\/\/portaltela.pt\/api\/wp\/v2\/posts"}],"about":[{"href":"https:\/\/portaltela.pt\/api\/wp\/v2\/types\/post"}],"author":[{"embeddable":true,"href":"https:\/\/portaltela.pt\/api\/wp\/v2\/users\/2"}],"replies":[{"embeddable":true,"href":"https:\/\/portaltela.pt\/api\/wp\/v2\/comments?post=458570"}],"version-history":[{"count":0,"href":"https:\/\/portaltela.pt\/api\/wp\/v2\/posts\/458570\/revisions"}],"wp:featuredmedia":[{"embeddable":true,"href":"https:\/\/portaltela.pt\/api\/wp\/v2\/media\/458579"}],"wp:attachment":[{"href":"https:\/\/portaltela.pt\/api\/wp\/v2\/media?parent=458570"}],"wp:term":[{"taxonomy":"category","embeddable":true,"href":"https:\/\/portaltela.pt\/api\/wp\/v2\/categories?post=458570"},{"taxonomy":"post_tag","embeddable":true,"href":"https:\/\/portaltela.pt\/api\/wp\/v2\/tags?post=458570"}],"curies":[{"name":"wp","href":"https:\/\/api.w.org\/{rel}","templated":true}]}}