{"id":458569,"date":"2026-04-27T13:18:32","date_gmt":"2026-04-27T16:18:32","guid":{"rendered":"https:\/\/portaltela.pt\/noticias\/2026\/04\/27\/diretor-da-emirates-joao-almeida-em-altitude-desde-14-e-treinou-poucas-vezes\/"},"modified":"2026-04-27T13:18:32","modified_gmt":"2026-04-27T16:18:32","slug":"diretor-da-emirates-joao-almeida-em-altitude-desde-14-e-treinou-poucas-vezes","status":"publish","type":"post","link":"https:\/\/portaltela.pt\/desporto\/futebol\/2026\/04\/27\/diretor-da-emirates-joao-almeida-em-altitude-desde-14-e-treinou-poucas-vezes\/","title":{"rendered":"Diretor da Emirates: Jo\u00e3o Almeida em altitude desde 14 e treinou poucas vezes"},"content":{"rendered":"<p>O diretor desportivo da UAE Emirates, Joxean Matx\u00edn, revelou \u00e0 Record detalhes sobre o estado de Jo\u00e3o Almeida. O ciclista portugu\u00eas n\u00e3o compete desde 29 de mar\u00e7o, ap\u00f3s terminar a Volta \u00e0 Catalunha na 38.\u00aa posi\u00e7\u00e3o, com dificuldades f\u00edsicas.<\/p>\n<p>Matx\u00edn disse ainda que Almeida est\u00e1 em altitude desde o dia 14 e que s\u00f3 treinou duas vezes desde ent\u00e3o, o que condiciona o seu regresso \u00e0s competi\u00e7\u00f5es. O respons\u00e1vel da equipa n\u00e3o confirmou um retorno definitivo nem a participa\u00e7\u00e3o no Tour.<\/p>\n<h3>Poss\u00edvel regresso em junho<\/h3>\n<p>Segundo Matx\u00edn, o objetivo \u00e9 o Tour Auvergne &#8211; Rh\u00f4ne-Alpes, que ocorre a 7 de junho, sob a designa\u00e7\u00e3o antiga de Crit\u00e9rium du Dauphin\u00e9. A data \u00e9 provis\u00f3ria e o t\u00e9cnico n\u00e3o garantiu a presen\u00e7a de Almeida nesse evento nem de outras provas ao longo desse per\u00edodo. Aguardam-se evolu\u00e7\u00f5es m\u00e9dicas e de prepara\u00e7\u00e3o f\u00edsica.<\/p>\n","protected":false},"excerpt":{"rendered":"<ul>\n<li>Jo\u00e3o Almeida n\u00e3o compete desde 29 de mar\u00e7o, ap\u00f3s a Volta \u00e0 Catalunha, terminando em 38.\u00ba com dificuldades f\u00edsicas.<\/li>\n<li>A UAE Emirates aponta que o ciclista portugu\u00eas voltou a treinar apenas duas vezes, estando em altitude desde o dia 14.<\/li>\n<li>Joxean Matx\u00edn, diretor desportivo, revelou \u00e0 Record que o regresso poder\u00e1 acontecer no in\u00edcio de junho, mas sem garantias de participa\u00e7\u00e3o no Tour.<\/li>\n<li>O retorno est\u00e1 previsto para 7 de junho, no Tour Auvergne &#8211; Rh\u00f4ne Alpes (antigo Crit\u00e9rium du Dauphin\u00e8).<\/li>\n<\/ul>\n","protected":false},"author":2,"featured_media":458576,"comment_status":"closed","ping_status":"closed","sticky":false,"template":"","format":"standard","meta":{"footnotes":""},"categories":[21,24],"tags":[8451,7902,6069,6148,1014,1347],"class_list":["post-458569","post","type-post","status-publish","format-standard","has-post-thumbnail","hentry","category-desporto","category-futebol","tag-_ciclismo","tag-_desporto","tag-emirates","tag-joao-almeida","tag-portugal","tag-volta-a-catalunha"],"yoast_head":"<!-- This site is optimized with the Yoast SEO plugin v27.2 - https:\/\/yoast.com\/product\/yoast-seo-wordpress\/ -->\n<title>Diretor da Emirates: Jo\u00e3o Almeida em altitude desde 14 e treinou poucas vezes - Portal Tela Portugal<\/title>\n<meta name=\"robots\" content=\"index, follow, max-snippet:-1, max-image-preview:large, max-video-preview:-1\" \/>\n<meta property=\"og:locale\" content=\"pt_PT\" \/>\n<meta property=\"og:type\" content=\"article\" \/>\n<meta property=\"og:title\" content=\"Diretor da Emirates: Jo\u00e3o Almeida em altitude desde 14 e treinou poucas vezes - Portal Tela Portugal\" \/>\n<meta property=\"og:description\" content=\"Jo\u00e3o Almeida n\u00e3o compete desde 29 de mar\u00e7o, ap\u00f3s a Volta \u00e0 Catalunha, terminando em 38.\u00ba com dificuldades f\u00edsicas. A UAE Emirates aponta que o ciclista portugu\u00eas voltou a treinar apenas duas vezes, estando em altitude desde o dia 14. Joxean Matx\u00edn, diretor desportivo, revelou \u00e0 Record que o regresso poder\u00e1 acontecer no in\u00edcio de junho, mas sem garantias de participa\u00e7\u00e3o no Tour. O retorno est\u00e1 previsto para 7 de junho, no Tour Auvergne - Rh\u00f4ne Alpes (antigo Crit\u00e9rium du Dauphin\u00e8).\" \/>\n<meta property=\"og:url\" content=\"https:\/\/portaltela.pt\/noticias\/2026\/04\/27\/diretor-da-emirates-joao-almeida-em-altitude-desde-14-e-treinou-poucas-vezes\/\" \/>\n<meta property=\"og:site_name\" content=\"Portal Tela Portugal\" \/>\n<meta property=\"article:published_time\" content=\"2026-04-27T16:18:32+00:00\" \/>\n<meta name=\"author\" content=\"Telinha\" \/>\n<meta name=\"twitter:card\" content=\"summary_large_image\" \/>\n<meta name=\"twitter:label1\" content=\"Escrito por\" \/>\n\t<meta name=\"twitter:data1\" content=\"Telinha\" \/>\n\t<meta name=\"twitter:label2\" content=\"Tempo estimado de leitura\" \/>\n\t<meta name=\"twitter:data2\" content=\"1 minuto\" \/>\n<script type=\"application\/ld+json\" class=\"yoast-schema-graph\">{\"@context\":\"https:\/\/schema.org\",\"@graph\":[{\"@type\":\"Article\",\"@id\":\"https:\/\/portaltela.pt\/noticias\/2026\/04\/27\/diretor-da-emirates-joao-almeida-em-altitude-desde-14-e-treinou-poucas-vezes\/#article\",\"isPartOf\":{\"@id\":\"https:\/\/portaltela.pt\/noticias\/2026\/04\/27\/diretor-da-emirates-joao-almeida-em-altitude-desde-14-e-treinou-poucas-vezes\/\"},\"author\":{\"name\":\"Telinha\",\"@id\":\"https:\/\/portaltela.pt\/#\/schema\/person\/c4278d4a6028830caff9ee44b42d32ed\"},\"headline\":\"Diretor da Emirates: Jo\u00e3o Almeida em altitude desde 14 e treinou poucas vezes\",\"datePublished\":\"2026-04-27T16:18:32+00:00\",\"mainEntityOfPage\":{\"@id\":\"https:\/\/portaltela.pt\/noticias\/2026\/04\/27\/diretor-da-emirates-joao-almeida-em-altitude-desde-14-e-treinou-poucas-vezes\/\"},\"wordCount\":172,\"image\":{\"@id\":\"https:\/\/portaltela.pt\/noticias\/2026\/04\/27\/diretor-da-emirates-joao-almeida-em-altitude-desde-14-e-treinou-poucas-vezes\/#primaryimage\"},\"thumbnailUrl\":\"https:\/\/portaltela.pt\/s.01k8rhncp4jt1\/2026\/04\/img_920x518uu2026-02-08-16-46-56-2420301.jpg\",\"keywords\":[\"_ciclismo\",\"_desporto\",\"Emirates\",\"Jo\u00e3o Almeida\",\"Portugal\",\"Volta a Catalunha\"],\"articleSection\":[\"Desporto\",\"Futebol\"],\"inLanguage\":\"pt-PT\"},{\"@type\":\"WebPage\",\"@id\":\"https:\/\/portaltela.pt\/noticias\/2026\/04\/27\/diretor-da-emirates-joao-almeida-em-altitude-desde-14-e-treinou-poucas-vezes\/\",\"url\":\"https:\/\/portaltela.pt\/noticias\/2026\/04\/27\/diretor-da-emirates-joao-almeida-em-altitude-desde-14-e-treinou-poucas-vezes\/\",\"name\":\"Diretor da Emirates: Jo\u00e3o Almeida em altitude desde 14 e treinou poucas vezes - Portal Tela Portugal\",\"isPartOf\":{\"@id\":\"https:\/\/portaltela.pt\/#website\"},\"primaryImageOfPage\":{\"@id\":\"https:\/\/portaltela.pt\/noticias\/2026\/04\/27\/diretor-da-emirates-joao-almeida-em-altitude-desde-14-e-treinou-poucas-vezes\/#primaryimage\"},\"image\":{\"@id\":\"https:\/\/portaltela.pt\/noticias\/2026\/04\/27\/diretor-da-emirates-joao-almeida-em-altitude-desde-14-e-treinou-poucas-vezes\/#primaryimage\"},\"thumbnailUrl\":\"https:\/\/portaltela.pt\/s.01k8rhncp4jt1\/2026\/04\/img_920x518uu2026-02-08-16-46-56-2420301.jpg\",\"datePublished\":\"2026-04-27T16:18:32+00:00\",\"author\":{\"@id\":\"https:\/\/portaltela.pt\/#\/schema\/person\/c4278d4a6028830caff9ee44b42d32ed\"},\"breadcrumb\":{\"@id\":\"https:\/\/portaltela.pt\/noticias\/2026\/04\/27\/diretor-da-emirates-joao-almeida-em-altitude-desde-14-e-treinou-poucas-vezes\/#breadcrumb\"},\"inLanguage\":\"pt-PT\",\"potentialAction\":[{\"@type\":\"ReadAction\",\"target\":[\"https:\/\/portaltela.pt\/noticias\/2026\/04\/27\/diretor-da-emirates-joao-almeida-em-altitude-desde-14-e-treinou-poucas-vezes\/\"]}]},{\"@type\":\"ImageObject\",\"inLanguage\":\"pt-PT\",\"@id\":\"https:\/\/portaltela.pt\/noticias\/2026\/04\/27\/diretor-da-emirates-joao-almeida-em-altitude-desde-14-e-treinou-poucas-vezes\/#primaryimage\",\"url\":\"https:\/\/portaltela.pt\/s.01k8rhncp4jt1\/2026\/04\/img_920x518uu2026-02-08-16-46-56-2420301.jpg\",\"contentUrl\":\"https:\/\/portaltela.pt\/s.01k8rhncp4jt1\/2026\/04\/img_920x518uu2026-02-08-16-46-56-2420301.jpg\",\"width\":796,\"height\":448,\"caption\":\"Jo\u00e3o Almeida\"},{\"@type\":\"BreadcrumbList\",\"@id\":\"https:\/\/portaltela.pt\/noticias\/2026\/04\/27\/diretor-da-emirates-joao-almeida-em-altitude-desde-14-e-treinou-poucas-vezes\/#breadcrumb\",\"itemListElement\":[{\"@type\":\"ListItem\",\"position\":1,\"name\":\"In\u00edcio\",\"item\":\"https:\/\/portaltela.pt\/\"},{\"@type\":\"ListItem\",\"position\":2,\"name\":\"Diretor da Emirates: Jo\u00e3o Almeida em altitude desde 14 e treinou poucas vezes\"}]},{\"@type\":\"WebSite\",\"@id\":\"https:\/\/portaltela.pt\/#website\",\"url\":\"https:\/\/portaltela.pt\/\",\"name\":\"Portal Tela Portugal\",\"description\":\"\",\"potentialAction\":[{\"@type\":\"SearchAction\",\"target\":{\"@type\":\"EntryPoint\",\"urlTemplate\":\"https:\/\/portaltela.pt\/?s={search_term_string}\"},\"query-input\":{\"@type\":\"PropertyValueSpecification\",\"valueRequired\":true,\"valueName\":\"search_term_string\"}}],\"inLanguage\":\"pt-PT\"},{\"@type\":\"Person\",\"@id\":\"https:\/\/portaltela.pt\/#\/schema\/person\/c4278d4a6028830caff9ee44b42d32ed\",\"name\":\"Telinha\",\"image\":{\"@type\":\"ImageObject\",\"inLanguage\":\"pt-PT\",\"@id\":\"https:\/\/portaltela.pt\/s.01k8rhncp4jt1\/2025\/11\/talking-bot-125x125.png\",\"url\":\"https:\/\/portaltela.pt\/s.01k8rhncp4jt1\/2025\/11\/talking-bot-125x125.png\",\"contentUrl\":\"https:\/\/portaltela.pt\/s.01k8rhncp4jt1\/2025\/11\/talking-bot-125x125.png\",\"caption\":\"Telinha\"},\"sameAs\":[\"https:\/\/portaltela.pt\/\"],\"url\":\"https:\/\/portaltela.pt\/por\/367410592786\/\"}]}<\/script>\n<!-- \/ Yoast SEO plugin. -->","yoast_head_json":{"title":"Diretor da Emirates: Jo\u00e3o Almeida em altitude desde 14 e treinou poucas vezes - Portal Tela Portugal","robots":{"index":"index","follow":"follow","max-snippet":"max-snippet:-1","max-image-preview":"max-image-preview:large","max-video-preview":"max-video-preview:-1"},"og_locale":"pt_PT","og_type":"article","og_title":"Diretor da Emirates: Jo\u00e3o Almeida em altitude desde 14 e treinou poucas vezes - Portal Tela Portugal","og_description":"Jo\u00e3o Almeida n\u00e3o compete desde 29 de mar\u00e7o, ap\u00f3s a Volta \u00e0 Catalunha, terminando em 38.\u00ba com dificuldades f\u00edsicas. A UAE Emirates aponta que o ciclista portugu\u00eas voltou a treinar apenas duas vezes, estando em altitude desde o dia 14. Joxean Matx\u00edn, diretor desportivo, revelou \u00e0 Record que o regresso poder\u00e1 acontecer no in\u00edcio de junho, mas sem garantias de participa\u00e7\u00e3o no Tour. O retorno est\u00e1 previsto para 7 de junho, no Tour Auvergne - Rh\u00f4ne Alpes (antigo Crit\u00e9rium du Dauphin\u00e8).","og_url":"https:\/\/portaltela.pt\/noticias\/2026\/04\/27\/diretor-da-emirates-joao-almeida-em-altitude-desde-14-e-treinou-poucas-vezes\/","og_site_name":"Portal Tela Portugal","article_published_time":"2026-04-27T16:18:32+00:00","author":"Telinha","twitter_card":"summary_large_image","twitter_misc":{"Escrito por":"Telinha","Tempo estimado de leitura":"1 minuto"},"schema":{"@context":"https:\/\/schema.org","@graph":[{"@type":"Article","@id":"https:\/\/portaltela.pt\/noticias\/2026\/04\/27\/diretor-da-emirates-joao-almeida-em-altitude-desde-14-e-treinou-poucas-vezes\/#article","isPartOf":{"@id":"https:\/\/portaltela.pt\/noticias\/2026\/04\/27\/diretor-da-emirates-joao-almeida-em-altitude-desde-14-e-treinou-poucas-vezes\/"},"author":{"name":"Telinha","@id":"https:\/\/portaltela.pt\/#\/schema\/person\/c4278d4a6028830caff9ee44b42d32ed"},"headline":"Diretor da Emirates: Jo\u00e3o Almeida em altitude desde 14 e treinou poucas vezes","datePublished":"2026-04-27T16:18:32+00:00","mainEntityOfPage":{"@id":"https:\/\/portaltela.pt\/noticias\/2026\/04\/27\/diretor-da-emirates-joao-almeida-em-altitude-desde-14-e-treinou-poucas-vezes\/"},"wordCount":172,"image":{"@id":"https:\/\/portaltela.pt\/noticias\/2026\/04\/27\/diretor-da-emirates-joao-almeida-em-altitude-desde-14-e-treinou-poucas-vezes\/#primaryimage"},"thumbnailUrl":"https:\/\/portaltela.pt\/s.01k8rhncp4jt1\/2026\/04\/img_920x518uu2026-02-08-16-46-56-2420301.jpg","keywords":["_ciclismo","_desporto","Emirates","Jo\u00e3o Almeida","Portugal","Volta a Catalunha"],"articleSection":["Desporto","Futebol"],"inLanguage":"pt-PT"},{"@type":"WebPage","@id":"https:\/\/portaltela.pt\/noticias\/2026\/04\/27\/diretor-da-emirates-joao-almeida-em-altitude-desde-14-e-treinou-poucas-vezes\/","url":"https:\/\/portaltela.pt\/noticias\/2026\/04\/27\/diretor-da-emirates-joao-almeida-em-altitude-desde-14-e-treinou-poucas-vezes\/","name":"Diretor da Emirates: Jo\u00e3o Almeida em altitude desde 14 e treinou poucas vezes - Portal Tela Portugal","isPartOf":{"@id":"https:\/\/portaltela.pt\/#website"},"primaryImageOfPage":{"@id":"https:\/\/portaltela.pt\/noticias\/2026\/04\/27\/diretor-da-emirates-joao-almeida-em-altitude-desde-14-e-treinou-poucas-vezes\/#primaryimage"},"image":{"@id":"https:\/\/portaltela.pt\/noticias\/2026\/04\/27\/diretor-da-emirates-joao-almeida-em-altitude-desde-14-e-treinou-poucas-vezes\/#primaryimage"},"thumbnailUrl":"https:\/\/portaltela.pt\/s.01k8rhncp4jt1\/2026\/04\/img_920x518uu2026-02-08-16-46-56-2420301.jpg","datePublished":"2026-04-27T16:18:32+00:00","author":{"@id":"https:\/\/portaltela.pt\/#\/schema\/person\/c4278d4a6028830caff9ee44b42d32ed"},"breadcrumb":{"@id":"https:\/\/portaltela.pt\/noticias\/2026\/04\/27\/diretor-da-emirates-joao-almeida-em-altitude-desde-14-e-treinou-poucas-vezes\/#breadcrumb"},"inLanguage":"pt-PT","potentialAction":[{"@type":"ReadAction","target":["https:\/\/portaltela.pt\/noticias\/2026\/04\/27\/diretor-da-emirates-joao-almeida-em-altitude-desde-14-e-treinou-poucas-vezes\/"]}]},{"@type":"ImageObject","inLanguage":"pt-PT","@id":"https:\/\/portaltela.pt\/noticias\/2026\/04\/27\/diretor-da-emirates-joao-almeida-em-altitude-desde-14-e-treinou-poucas-vezes\/#primaryimage","url":"https:\/\/portaltela.pt\/s.01k8rhncp4jt1\/2026\/04\/img_920x518uu2026-02-08-16-46-56-2420301.jpg","contentUrl":"https:\/\/portaltela.pt\/s.01k8rhncp4jt1\/2026\/04\/img_920x518uu2026-02-08-16-46-56-2420301.jpg","width":796,"height":448,"caption":"Jo\u00e3o Almeida"},{"@type":"BreadcrumbList","@id":"https:\/\/portaltela.pt\/noticias\/2026\/04\/27\/diretor-da-emirates-joao-almeida-em-altitude-desde-14-e-treinou-poucas-vezes\/#breadcrumb","itemListElement":[{"@type":"ListItem","position":1,"name":"In\u00edcio","item":"https:\/\/portaltela.pt\/"},{"@type":"ListItem","position":2,"name":"Diretor da Emirates: Jo\u00e3o Almeida em altitude desde 14 e treinou poucas vezes"}]},{"@type":"WebSite","@id":"https:\/\/portaltela.pt\/#website","url":"https:\/\/portaltela.pt\/","name":"Portal Tela Portugal","description":"","potentialAction":[{"@type":"SearchAction","target":{"@type":"EntryPoint","urlTemplate":"https:\/\/portaltela.pt\/?s={search_term_string}"},"query-input":{"@type":"PropertyValueSpecification","valueRequired":true,"valueName":"search_term_string"}}],"inLanguage":"pt-PT"},{"@type":"Person","@id":"https:\/\/portaltela.pt\/#\/schema\/person\/c4278d4a6028830caff9ee44b42d32ed","name":"Telinha","image":{"@type":"ImageObject","inLanguage":"pt-PT","@id":"https:\/\/portaltela.pt\/s.01k8rhncp4jt1\/2025\/11\/talking-bot-125x125.png","url":"https:\/\/portaltela.pt\/s.01k8rhncp4jt1\/2025\/11\/talking-bot-125x125.png","contentUrl":"https:\/\/portaltela.pt\/s.01k8rhncp4jt1\/2025\/11\/talking-bot-125x125.png","caption":"Telinha"},"sameAs":["https:\/\/portaltela.pt\/"],"url":"https:\/\/portaltela.pt\/por\/367410592786\/"}]}},"_links":{"self":[{"href":"https:\/\/portaltela.pt\/api\/wp\/v2\/posts\/458569","targetHints":{"allow":["GET"]}}],"collection":[{"href":"https:\/\/portaltela.pt\/api\/wp\/v2\/posts"}],"about":[{"href":"https:\/\/portaltela.pt\/api\/wp\/v2\/types\/post"}],"author":[{"embeddable":true,"href":"https:\/\/portaltela.pt\/api\/wp\/v2\/users\/2"}],"replies":[{"embeddable":true,"href":"https:\/\/portaltela.pt\/api\/wp\/v2\/comments?post=458569"}],"version-history":[{"count":0,"href":"https:\/\/portaltela.pt\/api\/wp\/v2\/posts\/458569\/revisions"}],"wp:featuredmedia":[{"embeddable":true,"href":"https:\/\/portaltela.pt\/api\/wp\/v2\/media\/458576"}],"wp:attachment":[{"href":"https:\/\/portaltela.pt\/api\/wp\/v2\/media?parent=458569"}],"wp:term":[{"taxonomy":"category","embeddable":true,"href":"https:\/\/portaltela.pt\/api\/wp\/v2\/categories?post=458569"},{"taxonomy":"post_tag","embeddable":true,"href":"https:\/\/portaltela.pt\/api\/wp\/v2\/tags?post=458569"}],"curies":[{"name":"wp","href":"https:\/\/api.w.org\/{rel}","templated":true}]}}