{"id":458551,"date":"2026-04-27T13:03:27","date_gmt":"2026-04-27T16:03:27","guid":{"rendered":"https:\/\/portaltela.pt\/noticias\/2026\/04\/27\/mais-de-4-800-investidores-adquirem-65-milhoes-em-divida-do-benfica\/"},"modified":"2026-04-27T13:03:27","modified_gmt":"2026-04-27T16:03:27","slug":"mais-de-4-800-investidores-adquirem-65-milhoes-em-divida-do-benfica","status":"publish","type":"post","link":"https:\/\/portaltela.pt\/noticias\/economia\/2026\/04\/27\/mais-de-4-800-investidores-adquirem-65-milhoes-em-divida-do-benfica\/","title":{"rendered":"Mais de 4.800 investidores adquirem 65 milh\u00f5es em d\u00edvida do Benfica"},"content":{"rendered":"<p>A SAD do Sport Lisboa e Benfica (SLB) colocou 65 milh\u00f5es de euros em d\u00edvida junto de investidores de retalho, com a procura a ultrapassar a oferta em 1,36 vezes, totalizando 88,1 milh\u00f5es. A emiss\u00e3o combinou ofertas de subscri\u00e7\u00e3o e de troca.<\/p>\n<p>Ao longo das duas \u00faltimas semanas, 4.831 investidores subscreveram a nova linha de obriga\u00e7\u00f5es dos encarnados, de acordo com dados enviados \u00e0 CMVM. A maturidade \u00e9 de cinco anos e a taxa de juro fixa bruta \u00e9 de 4,65% ao ano.<\/p>\n<p>A procura elevada levou a SAD do SLB a aumentar a oferta inicial de 40 milh\u00f5es de euros na ter\u00e7a-feira final do prazo. No segundo dia, j\u00e1 tinham assegurado o montante pretendido para financiar parte do reembolso de um empr\u00e9stimo com vencimento no pr\u00f3ximo m\u00eas.<\/p>\n<h3>Objetivo da emiss\u00e3o<\/h3>\n<p>O dinheiro visa o reembolso parcial de d\u00edvida existente e refor\u00e7ar a posi\u00e7\u00e3o financeira da SAD, conforme comunicado aos investidores e \u00e0 CMVM. A opera\u00e7\u00e3o envolveu uma emiss\u00e3o de d\u00edvida destinada a investidores de retalho, com condi\u00e7\u00f5es j\u00e1 anunciadas.<\/p>\n","protected":false},"excerpt":{"rendered":"<ul>\n<li>A SAD do Benfica emitiu 65 milh\u00f5es de euros em d\u00edvida junto de investidores de retalho, com maturidade de cinco anos e taxa fixa bruta de 4,65% ao ano.<\/li>\n<li>A procura totalizou 88,1 milh\u00f5es de euros, superando a oferta em 1,36 vezes, em emiss\u00e3o composta por subscri\u00e7\u00e3o e troca.<\/li>\n<li>Nos \u00faltimos dois dias, 4.831 investidores subscreveram a nova linha de obriga\u00e7\u00f5es, segundo dados enviados \u00e0 CMVM.<\/li>\n<li>A oferta inicial era de 40 milh\u00f5es de euros e foi aumentada no \u00faltimo dia da opera\u00e7\u00e3o devido \u00e0 forte procura.<\/li>\n<li>O objetivo da emiss\u00e3o \u00e9 obter fundos para reembolsar parcialmente um empr\u00e9stimo com vencimento j\u00e1 no pr\u00f3ximo m\u00eas.<\/li>\n<\/ul>\n","protected":false},"author":2,"featured_media":458557,"comment_status":"closed","ping_status":"closed","sticky":false,"template":"","format":"standard","meta":{"footnotes":""},"categories":[2,6850],"tags":[8566,8613,6179,9729,2417,316],"class_list":["post-458551","post","type-post","status-publish","format-standard","has-post-thumbnail","hentry","category-economia","category-financas","tag-_benfica","tag-_benfica-sad","tag-cmvm","tag-emissao","tag-financiamento","tag-investimento"],"yoast_head":"<!-- This site is optimized with the Yoast SEO plugin v27.2 - https:\/\/yoast.com\/product\/yoast-seo-wordpress\/ -->\n<title>Mais de 4.800 investidores adquirem 65 milh\u00f5es em d\u00edvida do Benfica - Portal Tela Portugal<\/title>\n<meta name=\"robots\" content=\"index, follow, max-snippet:-1, max-image-preview:large, max-video-preview:-1\" \/>\n<meta property=\"og:locale\" content=\"pt_PT\" \/>\n<meta property=\"og:type\" content=\"article\" \/>\n<meta property=\"og:title\" content=\"Mais de 4.800 investidores adquirem 65 milh\u00f5es em d\u00edvida do Benfica - Portal Tela Portugal\" \/>\n<meta property=\"og:description\" content=\"A SAD do Benfica emitiu 65 milh\u00f5es de euros em d\u00edvida junto de investidores de retalho, com maturidade de cinco anos e taxa fixa bruta de 4,65% ao ano. A procura totalizou 88,1 milh\u00f5es de euros, superando a oferta em 1,36 vezes, em emiss\u00e3o composta por subscri\u00e7\u00e3o e troca. Nos \u00faltimos dois dias, 4.831 investidores subscreveram a nova linha de obriga\u00e7\u00f5es, segundo dados enviados \u00e0 CMVM. A oferta inicial era de 40 milh\u00f5es de euros e foi aumentada no \u00faltimo dia da opera\u00e7\u00e3o devido \u00e0 forte procura. O objetivo da emiss\u00e3o \u00e9 obter fundos para reembolsar parcialmente um empr\u00e9stimo com vencimento j\u00e1 no pr\u00f3ximo m\u00eas.\" \/>\n<meta property=\"og:url\" content=\"https:\/\/portaltela.pt\/noticias\/2026\/04\/27\/mais-de-4-800-investidores-adquirem-65-milhoes-em-divida-do-benfica\/\" \/>\n<meta property=\"og:site_name\" content=\"Portal Tela Portugal\" \/>\n<meta property=\"article:published_time\" content=\"2026-04-27T16:03:27+00:00\" \/>\n<meta name=\"author\" content=\"Telinha\" \/>\n<meta name=\"twitter:card\" content=\"summary_large_image\" \/>\n<meta name=\"twitter:label1\" content=\"Escrito por\" \/>\n\t<meta name=\"twitter:data1\" content=\"Telinha\" \/>\n\t<meta name=\"twitter:label2\" content=\"Tempo estimado de leitura\" \/>\n\t<meta name=\"twitter:data2\" content=\"1 minuto\" \/>\n<script type=\"application\/ld+json\" class=\"yoast-schema-graph\">{\"@context\":\"https:\/\/schema.org\",\"@graph\":[{\"@type\":\"Article\",\"@id\":\"https:\/\/portaltela.pt\/noticias\/2026\/04\/27\/mais-de-4-800-investidores-adquirem-65-milhoes-em-divida-do-benfica\/#article\",\"isPartOf\":{\"@id\":\"https:\/\/portaltela.pt\/noticias\/2026\/04\/27\/mais-de-4-800-investidores-adquirem-65-milhoes-em-divida-do-benfica\/\"},\"author\":{\"name\":\"Telinha\",\"@id\":\"https:\/\/portaltela.pt\/#\/schema\/person\/c4278d4a6028830caff9ee44b42d32ed\"},\"headline\":\"Mais de 4.800 investidores adquirem 65 milh\u00f5es em d\u00edvida do Benfica\",\"datePublished\":\"2026-04-27T16:03:27+00:00\",\"mainEntityOfPage\":{\"@id\":\"https:\/\/portaltela.pt\/noticias\/2026\/04\/27\/mais-de-4-800-investidores-adquirem-65-milhoes-em-divida-do-benfica\/\"},\"wordCount\":190,\"image\":{\"@id\":\"https:\/\/portaltela.pt\/noticias\/2026\/04\/27\/mais-de-4-800-investidores-adquirem-65-milhoes-em-divida-do-benfica\/#primaryimage\"},\"thumbnailUrl\":\"https:\/\/portaltela.pt\/s.01k8rhncp4jt1\/2026\/04\/img_920x518uu2025-04-30-01-48-08-2359577.jpg\",\"keywords\":[\"_Benfica\",\"_Benfica SAD\",\"CMVM\",\"emiss\u00e3o\",\"financiamento\",\"investimento\"],\"articleSection\":[\"Economia\",\"Finan\u00e7as\"],\"inLanguage\":\"pt-PT\"},{\"@type\":\"WebPage\",\"@id\":\"https:\/\/portaltela.pt\/noticias\/2026\/04\/27\/mais-de-4-800-investidores-adquirem-65-milhoes-em-divida-do-benfica\/\",\"url\":\"https:\/\/portaltela.pt\/noticias\/2026\/04\/27\/mais-de-4-800-investidores-adquirem-65-milhoes-em-divida-do-benfica\/\",\"name\":\"Mais de 4.800 investidores adquirem 65 milh\u00f5es em d\u00edvida do Benfica - Portal Tela Portugal\",\"isPartOf\":{\"@id\":\"https:\/\/portaltela.pt\/#website\"},\"primaryImageOfPage\":{\"@id\":\"https:\/\/portaltela.pt\/noticias\/2026\/04\/27\/mais-de-4-800-investidores-adquirem-65-milhoes-em-divida-do-benfica\/#primaryimage\"},\"image\":{\"@id\":\"https:\/\/portaltela.pt\/noticias\/2026\/04\/27\/mais-de-4-800-investidores-adquirem-65-milhoes-em-divida-do-benfica\/#primaryimage\"},\"thumbnailUrl\":\"https:\/\/portaltela.pt\/s.01k8rhncp4jt1\/2026\/04\/img_920x518uu2025-04-30-01-48-08-2359577.jpg\",\"datePublished\":\"2026-04-27T16:03:27+00:00\",\"author\":{\"@id\":\"https:\/\/portaltela.pt\/#\/schema\/person\/c4278d4a6028830caff9ee44b42d32ed\"},\"breadcrumb\":{\"@id\":\"https:\/\/portaltela.pt\/noticias\/2026\/04\/27\/mais-de-4-800-investidores-adquirem-65-milhoes-em-divida-do-benfica\/#breadcrumb\"},\"inLanguage\":\"pt-PT\",\"potentialAction\":[{\"@type\":\"ReadAction\",\"target\":[\"https:\/\/portaltela.pt\/noticias\/2026\/04\/27\/mais-de-4-800-investidores-adquirem-65-milhoes-em-divida-do-benfica\/\"]}]},{\"@type\":\"ImageObject\",\"inLanguage\":\"pt-PT\",\"@id\":\"https:\/\/portaltela.pt\/noticias\/2026\/04\/27\/mais-de-4-800-investidores-adquirem-65-milhoes-em-divida-do-benfica\/#primaryimage\",\"url\":\"https:\/\/portaltela.pt\/s.01k8rhncp4jt1\/2026\/04\/img_920x518uu2025-04-30-01-48-08-2359577.jpg\",\"contentUrl\":\"https:\/\/portaltela.pt\/s.01k8rhncp4jt1\/2026\/04\/img_920x518uu2025-04-30-01-48-08-2359577.jpg\",\"width\":796,\"height\":448,\"caption\":\"Adeptos do Benfica nas bancadas do Est\u00e1dio da Luz\"},{\"@type\":\"BreadcrumbList\",\"@id\":\"https:\/\/portaltela.pt\/noticias\/2026\/04\/27\/mais-de-4-800-investidores-adquirem-65-milhoes-em-divida-do-benfica\/#breadcrumb\",\"itemListElement\":[{\"@type\":\"ListItem\",\"position\":1,\"name\":\"In\u00edcio\",\"item\":\"https:\/\/portaltela.pt\/\"},{\"@type\":\"ListItem\",\"position\":2,\"name\":\"Mais de 4.800 investidores adquirem 65 milh\u00f5es em d\u00edvida do Benfica\"}]},{\"@type\":\"WebSite\",\"@id\":\"https:\/\/portaltela.pt\/#website\",\"url\":\"https:\/\/portaltela.pt\/\",\"name\":\"Portal Tela Portugal\",\"description\":\"\",\"potentialAction\":[{\"@type\":\"SearchAction\",\"target\":{\"@type\":\"EntryPoint\",\"urlTemplate\":\"https:\/\/portaltela.pt\/?s={search_term_string}\"},\"query-input\":{\"@type\":\"PropertyValueSpecification\",\"valueRequired\":true,\"valueName\":\"search_term_string\"}}],\"inLanguage\":\"pt-PT\"},{\"@type\":\"Person\",\"@id\":\"https:\/\/portaltela.pt\/#\/schema\/person\/c4278d4a6028830caff9ee44b42d32ed\",\"name\":\"Telinha\",\"image\":{\"@type\":\"ImageObject\",\"inLanguage\":\"pt-PT\",\"@id\":\"https:\/\/portaltela.pt\/s.01k8rhncp4jt1\/2025\/11\/talking-bot-125x125.png\",\"url\":\"https:\/\/portaltela.pt\/s.01k8rhncp4jt1\/2025\/11\/talking-bot-125x125.png\",\"contentUrl\":\"https:\/\/portaltela.pt\/s.01k8rhncp4jt1\/2025\/11\/talking-bot-125x125.png\",\"caption\":\"Telinha\"},\"sameAs\":[\"https:\/\/portaltela.pt\/\"],\"url\":\"https:\/\/portaltela.pt\/por\/367410592786\/\"}]}<\/script>\n<!-- \/ Yoast SEO plugin. -->","yoast_head_json":{"title":"Mais de 4.800 investidores adquirem 65 milh\u00f5es em d\u00edvida do Benfica - Portal Tela Portugal","robots":{"index":"index","follow":"follow","max-snippet":"max-snippet:-1","max-image-preview":"max-image-preview:large","max-video-preview":"max-video-preview:-1"},"og_locale":"pt_PT","og_type":"article","og_title":"Mais de 4.800 investidores adquirem 65 milh\u00f5es em d\u00edvida do Benfica - Portal Tela Portugal","og_description":"A SAD do Benfica emitiu 65 milh\u00f5es de euros em d\u00edvida junto de investidores de retalho, com maturidade de cinco anos e taxa fixa bruta de 4,65% ao ano. A procura totalizou 88,1 milh\u00f5es de euros, superando a oferta em 1,36 vezes, em emiss\u00e3o composta por subscri\u00e7\u00e3o e troca. Nos \u00faltimos dois dias, 4.831 investidores subscreveram a nova linha de obriga\u00e7\u00f5es, segundo dados enviados \u00e0 CMVM. A oferta inicial era de 40 milh\u00f5es de euros e foi aumentada no \u00faltimo dia da opera\u00e7\u00e3o devido \u00e0 forte procura. O objetivo da emiss\u00e3o \u00e9 obter fundos para reembolsar parcialmente um empr\u00e9stimo com vencimento j\u00e1 no pr\u00f3ximo m\u00eas.","og_url":"https:\/\/portaltela.pt\/noticias\/2026\/04\/27\/mais-de-4-800-investidores-adquirem-65-milhoes-em-divida-do-benfica\/","og_site_name":"Portal Tela Portugal","article_published_time":"2026-04-27T16:03:27+00:00","author":"Telinha","twitter_card":"summary_large_image","twitter_misc":{"Escrito por":"Telinha","Tempo estimado de leitura":"1 minuto"},"schema":{"@context":"https:\/\/schema.org","@graph":[{"@type":"Article","@id":"https:\/\/portaltela.pt\/noticias\/2026\/04\/27\/mais-de-4-800-investidores-adquirem-65-milhoes-em-divida-do-benfica\/#article","isPartOf":{"@id":"https:\/\/portaltela.pt\/noticias\/2026\/04\/27\/mais-de-4-800-investidores-adquirem-65-milhoes-em-divida-do-benfica\/"},"author":{"name":"Telinha","@id":"https:\/\/portaltela.pt\/#\/schema\/person\/c4278d4a6028830caff9ee44b42d32ed"},"headline":"Mais de 4.800 investidores adquirem 65 milh\u00f5es em d\u00edvida do Benfica","datePublished":"2026-04-27T16:03:27+00:00","mainEntityOfPage":{"@id":"https:\/\/portaltela.pt\/noticias\/2026\/04\/27\/mais-de-4-800-investidores-adquirem-65-milhoes-em-divida-do-benfica\/"},"wordCount":190,"image":{"@id":"https:\/\/portaltela.pt\/noticias\/2026\/04\/27\/mais-de-4-800-investidores-adquirem-65-milhoes-em-divida-do-benfica\/#primaryimage"},"thumbnailUrl":"https:\/\/portaltela.pt\/s.01k8rhncp4jt1\/2026\/04\/img_920x518uu2025-04-30-01-48-08-2359577.jpg","keywords":["_Benfica","_Benfica SAD","CMVM","emiss\u00e3o","financiamento","investimento"],"articleSection":["Economia","Finan\u00e7as"],"inLanguage":"pt-PT"},{"@type":"WebPage","@id":"https:\/\/portaltela.pt\/noticias\/2026\/04\/27\/mais-de-4-800-investidores-adquirem-65-milhoes-em-divida-do-benfica\/","url":"https:\/\/portaltela.pt\/noticias\/2026\/04\/27\/mais-de-4-800-investidores-adquirem-65-milhoes-em-divida-do-benfica\/","name":"Mais de 4.800 investidores adquirem 65 milh\u00f5es em d\u00edvida do Benfica - Portal Tela Portugal","isPartOf":{"@id":"https:\/\/portaltela.pt\/#website"},"primaryImageOfPage":{"@id":"https:\/\/portaltela.pt\/noticias\/2026\/04\/27\/mais-de-4-800-investidores-adquirem-65-milhoes-em-divida-do-benfica\/#primaryimage"},"image":{"@id":"https:\/\/portaltela.pt\/noticias\/2026\/04\/27\/mais-de-4-800-investidores-adquirem-65-milhoes-em-divida-do-benfica\/#primaryimage"},"thumbnailUrl":"https:\/\/portaltela.pt\/s.01k8rhncp4jt1\/2026\/04\/img_920x518uu2025-04-30-01-48-08-2359577.jpg","datePublished":"2026-04-27T16:03:27+00:00","author":{"@id":"https:\/\/portaltela.pt\/#\/schema\/person\/c4278d4a6028830caff9ee44b42d32ed"},"breadcrumb":{"@id":"https:\/\/portaltela.pt\/noticias\/2026\/04\/27\/mais-de-4-800-investidores-adquirem-65-milhoes-em-divida-do-benfica\/#breadcrumb"},"inLanguage":"pt-PT","potentialAction":[{"@type":"ReadAction","target":["https:\/\/portaltela.pt\/noticias\/2026\/04\/27\/mais-de-4-800-investidores-adquirem-65-milhoes-em-divida-do-benfica\/"]}]},{"@type":"ImageObject","inLanguage":"pt-PT","@id":"https:\/\/portaltela.pt\/noticias\/2026\/04\/27\/mais-de-4-800-investidores-adquirem-65-milhoes-em-divida-do-benfica\/#primaryimage","url":"https:\/\/portaltela.pt\/s.01k8rhncp4jt1\/2026\/04\/img_920x518uu2025-04-30-01-48-08-2359577.jpg","contentUrl":"https:\/\/portaltela.pt\/s.01k8rhncp4jt1\/2026\/04\/img_920x518uu2025-04-30-01-48-08-2359577.jpg","width":796,"height":448,"caption":"Adeptos do Benfica nas bancadas do Est\u00e1dio da Luz"},{"@type":"BreadcrumbList","@id":"https:\/\/portaltela.pt\/noticias\/2026\/04\/27\/mais-de-4-800-investidores-adquirem-65-milhoes-em-divida-do-benfica\/#breadcrumb","itemListElement":[{"@type":"ListItem","position":1,"name":"In\u00edcio","item":"https:\/\/portaltela.pt\/"},{"@type":"ListItem","position":2,"name":"Mais de 4.800 investidores adquirem 65 milh\u00f5es em d\u00edvida do Benfica"}]},{"@type":"WebSite","@id":"https:\/\/portaltela.pt\/#website","url":"https:\/\/portaltela.pt\/","name":"Portal Tela Portugal","description":"","potentialAction":[{"@type":"SearchAction","target":{"@type":"EntryPoint","urlTemplate":"https:\/\/portaltela.pt\/?s={search_term_string}"},"query-input":{"@type":"PropertyValueSpecification","valueRequired":true,"valueName":"search_term_string"}}],"inLanguage":"pt-PT"},{"@type":"Person","@id":"https:\/\/portaltela.pt\/#\/schema\/person\/c4278d4a6028830caff9ee44b42d32ed","name":"Telinha","image":{"@type":"ImageObject","inLanguage":"pt-PT","@id":"https:\/\/portaltela.pt\/s.01k8rhncp4jt1\/2025\/11\/talking-bot-125x125.png","url":"https:\/\/portaltela.pt\/s.01k8rhncp4jt1\/2025\/11\/talking-bot-125x125.png","contentUrl":"https:\/\/portaltela.pt\/s.01k8rhncp4jt1\/2025\/11\/talking-bot-125x125.png","caption":"Telinha"},"sameAs":["https:\/\/portaltela.pt\/"],"url":"https:\/\/portaltela.pt\/por\/367410592786\/"}]}},"_links":{"self":[{"href":"https:\/\/portaltela.pt\/api\/wp\/v2\/posts\/458551","targetHints":{"allow":["GET"]}}],"collection":[{"href":"https:\/\/portaltela.pt\/api\/wp\/v2\/posts"}],"about":[{"href":"https:\/\/portaltela.pt\/api\/wp\/v2\/types\/post"}],"author":[{"embeddable":true,"href":"https:\/\/portaltela.pt\/api\/wp\/v2\/users\/2"}],"replies":[{"embeddable":true,"href":"https:\/\/portaltela.pt\/api\/wp\/v2\/comments?post=458551"}],"version-history":[{"count":0,"href":"https:\/\/portaltela.pt\/api\/wp\/v2\/posts\/458551\/revisions"}],"wp:featuredmedia":[{"embeddable":true,"href":"https:\/\/portaltela.pt\/api\/wp\/v2\/media\/458557"}],"wp:attachment":[{"href":"https:\/\/portaltela.pt\/api\/wp\/v2\/media?parent=458551"}],"wp:term":[{"taxonomy":"category","embeddable":true,"href":"https:\/\/portaltela.pt\/api\/wp\/v2\/categories?post=458551"},{"taxonomy":"post_tag","embeddable":true,"href":"https:\/\/portaltela.pt\/api\/wp\/v2\/tags?post=458551"}],"curies":[{"name":"wp","href":"https:\/\/api.w.org\/{rel}","templated":true}]}}