{"id":458547,"date":"2026-04-27T13:03:24","date_gmt":"2026-04-27T16:03:24","guid":{"rendered":"https:\/\/portaltela.pt\/noticias\/2026\/04\/27\/braga-poupa-no-estadio-municipal-para-reabilitar-1-o-de-maio\/"},"modified":"2026-04-27T13:03:24","modified_gmt":"2026-04-27T16:03:24","slug":"braga-poupa-no-estadio-municipal-para-reabilitar-1-o-de-maio","status":"publish","type":"post","link":"https:\/\/portaltela.pt\/desporto\/futebol\/2026\/04\/27\/braga-poupa-no-estadio-municipal-para-reabilitar-1-o-de-maio\/","title":{"rendered":"Braga poupa no Est\u00e1dio Municipal para reabilitar 1.\u00ba de Maio"},"content":{"rendered":"<p>Braga avan\u00e7a com um modelo de gest\u00e3o do Est\u00e1dio Municipal que pode gerar poupan\u00e7as, afim de financiar obras no Est\u00e1dio 1.\u00ba de Maio. A medida est\u00e1 a ser discutida com o SC Braga e visa canalizar eventuais ganhos para a reabilita\u00e7\u00e3o do equipamento mais antigo.<\/p>\n<p>O presidente da C\u00e2mara, Jo\u00e3o Rodrigues, indicou que a poupan\u00e7a resultante do novo modelo de gest\u00e3o ser\u00e1 dedicada a interven\u00e7\u00f5es no 1.\u00ba de Maio, onde a c\u00e2mara reconhece a necessidade de obras. A autarquia j\u00e1 est\u00e1 a trabalhar no projeto de interven\u00e7\u00e3o para esse espa\u00e7o.<\/p>\n<p>De acordo com o que foi apresentado, a prioridade \u00e9 assegurar obras urgentes no antigo est\u00e1dio do SC Braga, mantendo o foco numa gest\u00e3o financeira sustent\u00e1vel para manter o patrim\u00f3nio desportivo da cidade. O calend\u00e1rio de a\u00e7\u00f5es depende das negocia\u00e7\u00f5es com o clube e de eventuais aprova\u00e7\u00f5es municipais.<\/p>\n<h3>Plano de interven\u00e7\u00e3o<\/h3>\n<p>A autarquia enfatiza a necessidade de uma reabilita\u00e7\u00e3o adequada do 1.\u00ba de Maio para &#8220;garantir condi\u00e7\u00f5es seguras&#8221; e prolongar a vida \u00fatil do equipamento. Os detalhes sobre o cronograma e os investimentos ainda dependem do acordo com o SC Braga.<\/p>\n<p>Fonte: Jornal de Not\u00edcias<\/p>\n","protected":false},"excerpt":{"rendered":"<ul>\n<li>O presidente da C\u00e2mara de Braga, Jo\u00e3o Rodrigues, afirmou que as poupan\u00e7as de um novo modelo de gest\u00e3o do Est\u00e1dio Municipal ser\u00e3o usadas na reabilita\u00e7\u00e3o do Est\u00e1dio 1.\u00ba de Maio.<\/li>\n<li>A reabilita\u00e7\u00e3o do 1.\u00ba de Maio \u00e9 apresentada como \u201cabsoluta necessidade\u201d pela autarquia.<\/li>\n<li>A c\u00e2mara est\u00e1 a trabalhar num projeto de interven\u00e7\u00e3o para o est\u00e1dio antigo do SC Braga.<\/li>\n<li>As obras s\u00e3o priorit\u00e1rias, com o munic\u00edpio a discutir o financiamento e a gest\u00e3o com o SC Braga.<\/li>\n<\/ul>\n","protected":false},"author":2,"featured_media":458559,"comment_status":"closed","ping_status":"closed","sticky":false,"template":"","format":"standard","meta":{"footnotes":""},"categories":[21,24],"tags":[7973,7902,8422,8112,9730],"class_list":["post-458547","post","type-post","status-publish","format-standard","has-post-thumbnail","hentry","category-desporto","category-futebol","tag-_braga","tag-_desporto","tag-_gestao-publica","tag-_patrimonio","tag-_reabilitacao-urbana"],"yoast_head":"<!-- This site is optimized with the Yoast SEO plugin v27.2 - https:\/\/yoast.com\/product\/yoast-seo-wordpress\/ -->\n<title>Braga poupa no Est\u00e1dio Municipal para reabilitar 1.\u00ba de Maio - Portal Tela Portugal<\/title>\n<meta name=\"robots\" content=\"index, follow, max-snippet:-1, max-image-preview:large, max-video-preview:-1\" \/>\n<meta property=\"og:locale\" content=\"pt_PT\" \/>\n<meta property=\"og:type\" content=\"article\" \/>\n<meta property=\"og:title\" content=\"Braga poupa no Est\u00e1dio Municipal para reabilitar 1.\u00ba de Maio - Portal Tela Portugal\" \/>\n<meta property=\"og:description\" content=\"O presidente da C\u00e2mara de Braga, Jo\u00e3o Rodrigues, afirmou que as poupan\u00e7as de um novo modelo de gest\u00e3o do Est\u00e1dio Municipal ser\u00e3o usadas na reabilita\u00e7\u00e3o do Est\u00e1dio 1.\u00ba de Maio. A reabilita\u00e7\u00e3o do 1.\u00ba de Maio \u00e9 apresentada como \u201cabsoluta necessidade\u201d pela autarquia. A c\u00e2mara est\u00e1 a trabalhar num projeto de interven\u00e7\u00e3o para o est\u00e1dio antigo do SC Braga. As obras s\u00e3o priorit\u00e1rias, com o munic\u00edpio a discutir o financiamento e a gest\u00e3o com o SC Braga.\" \/>\n<meta property=\"og:url\" content=\"https:\/\/portaltela.pt\/noticias\/2026\/04\/27\/braga-poupa-no-estadio-municipal-para-reabilitar-1-o-de-maio\/\" \/>\n<meta property=\"og:site_name\" content=\"Portal Tela Portugal\" \/>\n<meta property=\"article:published_time\" content=\"2026-04-27T16:03:24+00:00\" \/>\n<meta name=\"author\" content=\"Telinha\" \/>\n<meta name=\"twitter:card\" content=\"summary_large_image\" \/>\n<meta name=\"twitter:label1\" content=\"Escrito por\" \/>\n\t<meta name=\"twitter:data1\" content=\"Telinha\" \/>\n\t<meta name=\"twitter:label2\" content=\"Tempo estimado de leitura\" \/>\n\t<meta name=\"twitter:data2\" content=\"1 minuto\" \/>\n<script type=\"application\/ld+json\" class=\"yoast-schema-graph\">{\"@context\":\"https:\/\/schema.org\",\"@graph\":[{\"@type\":\"Article\",\"@id\":\"https:\/\/portaltela.pt\/noticias\/2026\/04\/27\/braga-poupa-no-estadio-municipal-para-reabilitar-1-o-de-maio\/#article\",\"isPartOf\":{\"@id\":\"https:\/\/portaltela.pt\/noticias\/2026\/04\/27\/braga-poupa-no-estadio-municipal-para-reabilitar-1-o-de-maio\/\"},\"author\":{\"name\":\"Telinha\",\"@id\":\"https:\/\/portaltela.pt\/#\/schema\/person\/c4278d4a6028830caff9ee44b42d32ed\"},\"headline\":\"Braga poupa no Est\u00e1dio Municipal para reabilitar 1.\u00ba de Maio\",\"datePublished\":\"2026-04-27T16:03:24+00:00\",\"mainEntityOfPage\":{\"@id\":\"https:\/\/portaltela.pt\/noticias\/2026\/04\/27\/braga-poupa-no-estadio-municipal-para-reabilitar-1-o-de-maio\/\"},\"wordCount\":217,\"image\":{\"@id\":\"https:\/\/portaltela.pt\/noticias\/2026\/04\/27\/braga-poupa-no-estadio-municipal-para-reabilitar-1-o-de-maio\/#primaryimage\"},\"thumbnailUrl\":\"https:\/\/portaltela.pt\/s.01k8rhncp4jt1\/2026\/04\/image-1531.jpg\",\"keywords\":[\"_Braga\",\"_desporto\",\"_gest\u00e3o p\u00fablica\",\"_patrim\u00f3nio\",\"_reabilita\u00e7\u00e3o urbana\"],\"articleSection\":[\"Desporto\",\"Futebol\"],\"inLanguage\":\"pt-PT\"},{\"@type\":\"WebPage\",\"@id\":\"https:\/\/portaltela.pt\/noticias\/2026\/04\/27\/braga-poupa-no-estadio-municipal-para-reabilitar-1-o-de-maio\/\",\"url\":\"https:\/\/portaltela.pt\/noticias\/2026\/04\/27\/braga-poupa-no-estadio-municipal-para-reabilitar-1-o-de-maio\/\",\"name\":\"Braga poupa no Est\u00e1dio Municipal para reabilitar 1.\u00ba de Maio - Portal Tela Portugal\",\"isPartOf\":{\"@id\":\"https:\/\/portaltela.pt\/#website\"},\"primaryImageOfPage\":{\"@id\":\"https:\/\/portaltela.pt\/noticias\/2026\/04\/27\/braga-poupa-no-estadio-municipal-para-reabilitar-1-o-de-maio\/#primaryimage\"},\"image\":{\"@id\":\"https:\/\/portaltela.pt\/noticias\/2026\/04\/27\/braga-poupa-no-estadio-municipal-para-reabilitar-1-o-de-maio\/#primaryimage\"},\"thumbnailUrl\":\"https:\/\/portaltela.pt\/s.01k8rhncp4jt1\/2026\/04\/image-1531.jpg\",\"datePublished\":\"2026-04-27T16:03:24+00:00\",\"author\":{\"@id\":\"https:\/\/portaltela.pt\/#\/schema\/person\/c4278d4a6028830caff9ee44b42d32ed\"},\"breadcrumb\":{\"@id\":\"https:\/\/portaltela.pt\/noticias\/2026\/04\/27\/braga-poupa-no-estadio-municipal-para-reabilitar-1-o-de-maio\/#breadcrumb\"},\"inLanguage\":\"pt-PT\",\"potentialAction\":[{\"@type\":\"ReadAction\",\"target\":[\"https:\/\/portaltela.pt\/noticias\/2026\/04\/27\/braga-poupa-no-estadio-municipal-para-reabilitar-1-o-de-maio\/\"]}]},{\"@type\":\"ImageObject\",\"inLanguage\":\"pt-PT\",\"@id\":\"https:\/\/portaltela.pt\/noticias\/2026\/04\/27\/braga-poupa-no-estadio-municipal-para-reabilitar-1-o-de-maio\/#primaryimage\",\"url\":\"https:\/\/portaltela.pt\/s.01k8rhncp4jt1\/2026\/04\/image-1531.jpg\",\"contentUrl\":\"https:\/\/portaltela.pt\/s.01k8rhncp4jt1\/2026\/04\/image-1531.jpg\",\"width\":796,\"height\":448,\"caption\":\"Jo\u00e3o Rodrigues garantiu que o munic\u00edpio est\u00e1 a \\\"preparar projetos de recupera\u00e7\u00e3o\\\" do est\u00e1dio\"},{\"@type\":\"BreadcrumbList\",\"@id\":\"https:\/\/portaltela.pt\/noticias\/2026\/04\/27\/braga-poupa-no-estadio-municipal-para-reabilitar-1-o-de-maio\/#breadcrumb\",\"itemListElement\":[{\"@type\":\"ListItem\",\"position\":1,\"name\":\"In\u00edcio\",\"item\":\"https:\/\/portaltela.pt\/\"},{\"@type\":\"ListItem\",\"position\":2,\"name\":\"Braga poupa no Est\u00e1dio Municipal para reabilitar 1.\u00ba de Maio\"}]},{\"@type\":\"WebSite\",\"@id\":\"https:\/\/portaltela.pt\/#website\",\"url\":\"https:\/\/portaltela.pt\/\",\"name\":\"Portal Tela Portugal\",\"description\":\"\",\"potentialAction\":[{\"@type\":\"SearchAction\",\"target\":{\"@type\":\"EntryPoint\",\"urlTemplate\":\"https:\/\/portaltela.pt\/?s={search_term_string}\"},\"query-input\":{\"@type\":\"PropertyValueSpecification\",\"valueRequired\":true,\"valueName\":\"search_term_string\"}}],\"inLanguage\":\"pt-PT\"},{\"@type\":\"Person\",\"@id\":\"https:\/\/portaltela.pt\/#\/schema\/person\/c4278d4a6028830caff9ee44b42d32ed\",\"name\":\"Telinha\",\"image\":{\"@type\":\"ImageObject\",\"inLanguage\":\"pt-PT\",\"@id\":\"https:\/\/portaltela.pt\/s.01k8rhncp4jt1\/2025\/11\/talking-bot-125x125.png\",\"url\":\"https:\/\/portaltela.pt\/s.01k8rhncp4jt1\/2025\/11\/talking-bot-125x125.png\",\"contentUrl\":\"https:\/\/portaltela.pt\/s.01k8rhncp4jt1\/2025\/11\/talking-bot-125x125.png\",\"caption\":\"Telinha\"},\"sameAs\":[\"https:\/\/portaltela.pt\/\"],\"url\":\"https:\/\/portaltela.pt\/por\/367410592786\/\"}]}<\/script>\n<!-- \/ Yoast SEO plugin. -->","yoast_head_json":{"title":"Braga poupa no Est\u00e1dio Municipal para reabilitar 1.\u00ba de Maio - Portal Tela Portugal","robots":{"index":"index","follow":"follow","max-snippet":"max-snippet:-1","max-image-preview":"max-image-preview:large","max-video-preview":"max-video-preview:-1"},"og_locale":"pt_PT","og_type":"article","og_title":"Braga poupa no Est\u00e1dio Municipal para reabilitar 1.\u00ba de Maio - Portal Tela Portugal","og_description":"O presidente da C\u00e2mara de Braga, Jo\u00e3o Rodrigues, afirmou que as poupan\u00e7as de um novo modelo de gest\u00e3o do Est\u00e1dio Municipal ser\u00e3o usadas na reabilita\u00e7\u00e3o do Est\u00e1dio 1.\u00ba de Maio. A reabilita\u00e7\u00e3o do 1.\u00ba de Maio \u00e9 apresentada como \u201cabsoluta necessidade\u201d pela autarquia. A c\u00e2mara est\u00e1 a trabalhar num projeto de interven\u00e7\u00e3o para o est\u00e1dio antigo do SC Braga. As obras s\u00e3o priorit\u00e1rias, com o munic\u00edpio a discutir o financiamento e a gest\u00e3o com o SC Braga.","og_url":"https:\/\/portaltela.pt\/noticias\/2026\/04\/27\/braga-poupa-no-estadio-municipal-para-reabilitar-1-o-de-maio\/","og_site_name":"Portal Tela Portugal","article_published_time":"2026-04-27T16:03:24+00:00","author":"Telinha","twitter_card":"summary_large_image","twitter_misc":{"Escrito por":"Telinha","Tempo estimado de leitura":"1 minuto"},"schema":{"@context":"https:\/\/schema.org","@graph":[{"@type":"Article","@id":"https:\/\/portaltela.pt\/noticias\/2026\/04\/27\/braga-poupa-no-estadio-municipal-para-reabilitar-1-o-de-maio\/#article","isPartOf":{"@id":"https:\/\/portaltela.pt\/noticias\/2026\/04\/27\/braga-poupa-no-estadio-municipal-para-reabilitar-1-o-de-maio\/"},"author":{"name":"Telinha","@id":"https:\/\/portaltela.pt\/#\/schema\/person\/c4278d4a6028830caff9ee44b42d32ed"},"headline":"Braga poupa no Est\u00e1dio Municipal para reabilitar 1.\u00ba de Maio","datePublished":"2026-04-27T16:03:24+00:00","mainEntityOfPage":{"@id":"https:\/\/portaltela.pt\/noticias\/2026\/04\/27\/braga-poupa-no-estadio-municipal-para-reabilitar-1-o-de-maio\/"},"wordCount":217,"image":{"@id":"https:\/\/portaltela.pt\/noticias\/2026\/04\/27\/braga-poupa-no-estadio-municipal-para-reabilitar-1-o-de-maio\/#primaryimage"},"thumbnailUrl":"https:\/\/portaltela.pt\/s.01k8rhncp4jt1\/2026\/04\/image-1531.jpg","keywords":["_Braga","_desporto","_gest\u00e3o p\u00fablica","_patrim\u00f3nio","_reabilita\u00e7\u00e3o urbana"],"articleSection":["Desporto","Futebol"],"inLanguage":"pt-PT"},{"@type":"WebPage","@id":"https:\/\/portaltela.pt\/noticias\/2026\/04\/27\/braga-poupa-no-estadio-municipal-para-reabilitar-1-o-de-maio\/","url":"https:\/\/portaltela.pt\/noticias\/2026\/04\/27\/braga-poupa-no-estadio-municipal-para-reabilitar-1-o-de-maio\/","name":"Braga poupa no Est\u00e1dio Municipal para reabilitar 1.\u00ba de Maio - Portal Tela Portugal","isPartOf":{"@id":"https:\/\/portaltela.pt\/#website"},"primaryImageOfPage":{"@id":"https:\/\/portaltela.pt\/noticias\/2026\/04\/27\/braga-poupa-no-estadio-municipal-para-reabilitar-1-o-de-maio\/#primaryimage"},"image":{"@id":"https:\/\/portaltela.pt\/noticias\/2026\/04\/27\/braga-poupa-no-estadio-municipal-para-reabilitar-1-o-de-maio\/#primaryimage"},"thumbnailUrl":"https:\/\/portaltela.pt\/s.01k8rhncp4jt1\/2026\/04\/image-1531.jpg","datePublished":"2026-04-27T16:03:24+00:00","author":{"@id":"https:\/\/portaltela.pt\/#\/schema\/person\/c4278d4a6028830caff9ee44b42d32ed"},"breadcrumb":{"@id":"https:\/\/portaltela.pt\/noticias\/2026\/04\/27\/braga-poupa-no-estadio-municipal-para-reabilitar-1-o-de-maio\/#breadcrumb"},"inLanguage":"pt-PT","potentialAction":[{"@type":"ReadAction","target":["https:\/\/portaltela.pt\/noticias\/2026\/04\/27\/braga-poupa-no-estadio-municipal-para-reabilitar-1-o-de-maio\/"]}]},{"@type":"ImageObject","inLanguage":"pt-PT","@id":"https:\/\/portaltela.pt\/noticias\/2026\/04\/27\/braga-poupa-no-estadio-municipal-para-reabilitar-1-o-de-maio\/#primaryimage","url":"https:\/\/portaltela.pt\/s.01k8rhncp4jt1\/2026\/04\/image-1531.jpg","contentUrl":"https:\/\/portaltela.pt\/s.01k8rhncp4jt1\/2026\/04\/image-1531.jpg","width":796,"height":448,"caption":"Jo\u00e3o Rodrigues garantiu que o munic\u00edpio est\u00e1 a \"preparar projetos de recupera\u00e7\u00e3o\" do est\u00e1dio"},{"@type":"BreadcrumbList","@id":"https:\/\/portaltela.pt\/noticias\/2026\/04\/27\/braga-poupa-no-estadio-municipal-para-reabilitar-1-o-de-maio\/#breadcrumb","itemListElement":[{"@type":"ListItem","position":1,"name":"In\u00edcio","item":"https:\/\/portaltela.pt\/"},{"@type":"ListItem","position":2,"name":"Braga poupa no Est\u00e1dio Municipal para reabilitar 1.\u00ba de Maio"}]},{"@type":"WebSite","@id":"https:\/\/portaltela.pt\/#website","url":"https:\/\/portaltela.pt\/","name":"Portal Tela Portugal","description":"","potentialAction":[{"@type":"SearchAction","target":{"@type":"EntryPoint","urlTemplate":"https:\/\/portaltela.pt\/?s={search_term_string}"},"query-input":{"@type":"PropertyValueSpecification","valueRequired":true,"valueName":"search_term_string"}}],"inLanguage":"pt-PT"},{"@type":"Person","@id":"https:\/\/portaltela.pt\/#\/schema\/person\/c4278d4a6028830caff9ee44b42d32ed","name":"Telinha","image":{"@type":"ImageObject","inLanguage":"pt-PT","@id":"https:\/\/portaltela.pt\/s.01k8rhncp4jt1\/2025\/11\/talking-bot-125x125.png","url":"https:\/\/portaltela.pt\/s.01k8rhncp4jt1\/2025\/11\/talking-bot-125x125.png","contentUrl":"https:\/\/portaltela.pt\/s.01k8rhncp4jt1\/2025\/11\/talking-bot-125x125.png","caption":"Telinha"},"sameAs":["https:\/\/portaltela.pt\/"],"url":"https:\/\/portaltela.pt\/por\/367410592786\/"}]}},"_links":{"self":[{"href":"https:\/\/portaltela.pt\/api\/wp\/v2\/posts\/458547","targetHints":{"allow":["GET"]}}],"collection":[{"href":"https:\/\/portaltela.pt\/api\/wp\/v2\/posts"}],"about":[{"href":"https:\/\/portaltela.pt\/api\/wp\/v2\/types\/post"}],"author":[{"embeddable":true,"href":"https:\/\/portaltela.pt\/api\/wp\/v2\/users\/2"}],"replies":[{"embeddable":true,"href":"https:\/\/portaltela.pt\/api\/wp\/v2\/comments?post=458547"}],"version-history":[{"count":0,"href":"https:\/\/portaltela.pt\/api\/wp\/v2\/posts\/458547\/revisions"}],"wp:featuredmedia":[{"embeddable":true,"href":"https:\/\/portaltela.pt\/api\/wp\/v2\/media\/458559"}],"wp:attachment":[{"href":"https:\/\/portaltela.pt\/api\/wp\/v2\/media?parent=458547"}],"wp:term":[{"taxonomy":"category","embeddable":true,"href":"https:\/\/portaltela.pt\/api\/wp\/v2\/categories?post=458547"},{"taxonomy":"post_tag","embeddable":true,"href":"https:\/\/portaltela.pt\/api\/wp\/v2\/tags?post=458547"}],"curies":[{"name":"wp","href":"https:\/\/api.w.org\/{rel}","templated":true}]}}