{"id":458546,"date":"2026-04-27T13:03:20","date_gmt":"2026-04-27T16:03:20","guid":{"rendered":"https:\/\/portaltela.pt\/noticias\/2026\/04\/27\/ex-candidato-a-presidencia-do-sporting-deixa-mensagem-enigmatica\/"},"modified":"2026-04-27T13:03:20","modified_gmt":"2026-04-27T16:03:20","slug":"ex-candidato-a-presidencia-do-sporting-deixa-mensagem-enigmatica","status":"publish","type":"post","link":"https:\/\/portaltela.pt\/desporto\/futebol\/2026\/04\/27\/ex-candidato-a-presidencia-do-sporting-deixa-mensagem-enigmatica\/","title":{"rendered":"Ex-candidato \u00e0 presid\u00eancia do Sporting deixa mensagem enigm\u00e1tica"},"content":{"rendered":"<p>Bruno Sorreluz, ex-candidato \u00e0 presid\u00eancia do Sporting, deixou uma mensagem enigm\u00e1tica no Instagram poucas horas ap\u00f3s a equipa verde e branca ceder pontos na desloca\u00e7\u00e3o a Vila das Aves. O empate complicou as contas para o clube na luta pelo 2.\u00ba lugar, que d\u00e1 acesso \u00e0 3.\u00aa pr\u00e9-eliminat\u00f3ria da Liga dos Campe\u00f5es.<\/p>\n<p>O empres\u00e1rio, que no passado m\u00eas de mar\u00e7o saiu derrotado das elei\u00e7\u00f5es do emblema leonino, recolheu apenas 6,28% dos votos frente aos 89,47% de Frederico Varandas, atual presidente. Durante a sua candidatura, Sorreluz enalteceu o trabalho de Rui Borges, que acusa de falta de projeto no Sporting desde a sa\u00edda de Ruben Amorim.<\/p>\n<h3>Desfecho da luta pelo t\u00edtulo e consequ\u00eancias para a Liga dos Campe\u00f5es<\/h3>\n<p>O empate com AVS SAD deixou o Sporting praticamente fora da luta pelo t\u00edtulo. O FC Porto precisa de apenas mais 2 pontos para assegurar o campeonato. Mesmo vencendo o jogo em atraso frente ao Tondela, o Sporting fica dependente de resultados de terceiros para aspirar ao 2.\u00ba lugar.<\/p>\n","protected":false},"excerpt":{"rendered":"<ul>\n<li>Bruno Sorreluz, ex-candidato \u00e0 presid\u00eancia do Sporting, publicou no Instagram uma mensagem enigm\u00e1tica: \u201cQuem te avisa, teu amigo \u00e9&#8230;\u201d.<\/li>\n<li>A mensagem surgiu poucas horas ap\u00f3s o Sporting empatar com a AVS SAD na Vila das Aves, o que complicou a luta pelo 2.\u00ba lugar e pelo acesso \u00e0 3.\u00aa pr\u00e9-eliminat\u00f3ria da Liga dos Campe\u00f5es.<\/li>\n<li>Em mar\u00e7o, Sorreluz foi derrotado nas elei\u00e7\u00f5es do clube, com 6,28% dos votos, contra 89,47% de Frederico Varandas.<\/li>\n<li>Durante a campanha, o empres\u00e1rio enalteceu Rui Borges, que enfrenta cr\u00edticas por supostamente n\u00e3o apresentar um projeto claro desde a sa\u00edda de Ruben Amorim.<\/li>\n<li>O empate com a AVS deixa o Sporting praticamente fora da luta pelo t\u00edtulo; o FC Porto precisa de dois pontos, e o Sporting depende de poss\u00edveis deslizes do Benfica para lutar pelo 2.\u00ba lugar.<\/li>\n<\/ul>\n","protected":false},"author":2,"featured_media":458550,"comment_status":"closed","ping_status":"closed","sticky":false,"template":"","format":"standard","meta":{"footnotes":""},"categories":[21,24],"tags":[1984,3577,32,1786,982,1652],"class_list":["post-458546","post","type-post","status-publish","format-standard","has-post-thumbnail","hentry","category-desporto","category-futebol","tag-avs-sad","tag-champions-league","tag-futebol","tag-liga","tag-porto","tag-sporting"],"yoast_head":"<!-- This site is optimized with the Yoast SEO plugin v27.2 - https:\/\/yoast.com\/product\/yoast-seo-wordpress\/ -->\n<title>Ex-candidato \u00e0 presid\u00eancia do Sporting deixa mensagem enigm\u00e1tica - Portal Tela Portugal<\/title>\n<meta name=\"robots\" content=\"index, follow, max-snippet:-1, max-image-preview:large, max-video-preview:-1\" \/>\n<meta property=\"og:locale\" content=\"pt_PT\" \/>\n<meta property=\"og:type\" content=\"article\" \/>\n<meta property=\"og:title\" content=\"Ex-candidato \u00e0 presid\u00eancia do Sporting deixa mensagem enigm\u00e1tica - Portal Tela Portugal\" \/>\n<meta property=\"og:description\" content=\"Bruno Sorreluz, ex-candidato \u00e0 presid\u00eancia do Sporting, publicou no Instagram uma mensagem enigm\u00e1tica: \u201cQuem te avisa, teu amigo \u00e9...\u201d. A mensagem surgiu poucas horas ap\u00f3s o Sporting empatar com a AVS SAD na Vila das Aves, o que complicou a luta pelo 2.\u00ba lugar e pelo acesso \u00e0 3.\u00aa pr\u00e9-eliminat\u00f3ria da Liga dos Campe\u00f5es. Em mar\u00e7o, Sorreluz foi derrotado nas elei\u00e7\u00f5es do clube, com 6,28% dos votos, contra 89,47% de Frederico Varandas. Durante a campanha, o empres\u00e1rio enalteceu Rui Borges, que enfrenta cr\u00edticas por supostamente n\u00e3o apresentar um projeto claro desde a sa\u00edda de Ruben Amorim. O empate com a AVS deixa o Sporting praticamente fora da luta pelo t\u00edtulo; o FC Porto precisa de dois pontos, e o Sporting depende de poss\u00edveis deslizes do Benfica para lutar pelo 2.\u00ba lugar.\" \/>\n<meta property=\"og:url\" content=\"https:\/\/portaltela.pt\/noticias\/2026\/04\/27\/ex-candidato-a-presidencia-do-sporting-deixa-mensagem-enigmatica\/\" \/>\n<meta property=\"og:site_name\" content=\"Portal Tela Portugal\" \/>\n<meta property=\"article:published_time\" content=\"2026-04-27T16:03:20+00:00\" \/>\n<meta name=\"author\" content=\"Telinha\" \/>\n<meta name=\"twitter:card\" content=\"summary_large_image\" \/>\n<meta name=\"twitter:label1\" content=\"Escrito por\" \/>\n\t<meta name=\"twitter:data1\" content=\"Telinha\" \/>\n\t<meta name=\"twitter:label2\" content=\"Tempo estimado de leitura\" \/>\n\t<meta name=\"twitter:data2\" content=\"1 minuto\" \/>\n<script type=\"application\/ld+json\" class=\"yoast-schema-graph\">{\"@context\":\"https:\/\/schema.org\",\"@graph\":[{\"@type\":\"Article\",\"@id\":\"https:\/\/portaltela.pt\/noticias\/2026\/04\/27\/ex-candidato-a-presidencia-do-sporting-deixa-mensagem-enigmatica\/#article\",\"isPartOf\":{\"@id\":\"https:\/\/portaltela.pt\/noticias\/2026\/04\/27\/ex-candidato-a-presidencia-do-sporting-deixa-mensagem-enigmatica\/\"},\"author\":{\"name\":\"Telinha\",\"@id\":\"https:\/\/portaltela.pt\/#\/schema\/person\/c4278d4a6028830caff9ee44b42d32ed\"},\"headline\":\"Ex-candidato \u00e0 presid\u00eancia do Sporting deixa mensagem enigm\u00e1tica\",\"datePublished\":\"2026-04-27T16:03:20+00:00\",\"mainEntityOfPage\":{\"@id\":\"https:\/\/portaltela.pt\/noticias\/2026\/04\/27\/ex-candidato-a-presidencia-do-sporting-deixa-mensagem-enigmatica\/\"},\"wordCount\":183,\"image\":{\"@id\":\"https:\/\/portaltela.pt\/noticias\/2026\/04\/27\/ex-candidato-a-presidencia-do-sporting-deixa-mensagem-enigmatica\/#primaryimage\"},\"thumbnailUrl\":\"https:\/\/portaltela.pt\/s.01k8rhncp4jt1\/2026\/04\/img_293x165uu2026-02-21-00-11-49-2422835-im-639129043125510912.jpg\",\"keywords\":[\"AVS SAD\",\"Champions League\",\"futebol\",\"Liga\",\"Porto\",\"Sporting\"],\"articleSection\":[\"Desporto\",\"Futebol\"],\"inLanguage\":\"pt-PT\"},{\"@type\":\"WebPage\",\"@id\":\"https:\/\/portaltela.pt\/noticias\/2026\/04\/27\/ex-candidato-a-presidencia-do-sporting-deixa-mensagem-enigmatica\/\",\"url\":\"https:\/\/portaltela.pt\/noticias\/2026\/04\/27\/ex-candidato-a-presidencia-do-sporting-deixa-mensagem-enigmatica\/\",\"name\":\"Ex-candidato \u00e0 presid\u00eancia do Sporting deixa mensagem enigm\u00e1tica - Portal Tela Portugal\",\"isPartOf\":{\"@id\":\"https:\/\/portaltela.pt\/#website\"},\"primaryImageOfPage\":{\"@id\":\"https:\/\/portaltela.pt\/noticias\/2026\/04\/27\/ex-candidato-a-presidencia-do-sporting-deixa-mensagem-enigmatica\/#primaryimage\"},\"image\":{\"@id\":\"https:\/\/portaltela.pt\/noticias\/2026\/04\/27\/ex-candidato-a-presidencia-do-sporting-deixa-mensagem-enigmatica\/#primaryimage\"},\"thumbnailUrl\":\"https:\/\/portaltela.pt\/s.01k8rhncp4jt1\/2026\/04\/img_293x165uu2026-02-21-00-11-49-2422835-im-639129043125510912.jpg\",\"datePublished\":\"2026-04-27T16:03:20+00:00\",\"author\":{\"@id\":\"https:\/\/portaltela.pt\/#\/schema\/person\/c4278d4a6028830caff9ee44b42d32ed\"},\"breadcrumb\":{\"@id\":\"https:\/\/portaltela.pt\/noticias\/2026\/04\/27\/ex-candidato-a-presidencia-do-sporting-deixa-mensagem-enigmatica\/#breadcrumb\"},\"inLanguage\":\"pt-PT\",\"potentialAction\":[{\"@type\":\"ReadAction\",\"target\":[\"https:\/\/portaltela.pt\/noticias\/2026\/04\/27\/ex-candidato-a-presidencia-do-sporting-deixa-mensagem-enigmatica\/\"]}]},{\"@type\":\"ImageObject\",\"inLanguage\":\"pt-PT\",\"@id\":\"https:\/\/portaltela.pt\/noticias\/2026\/04\/27\/ex-candidato-a-presidencia-do-sporting-deixa-mensagem-enigmatica\/#primaryimage\",\"url\":\"https:\/\/portaltela.pt\/s.01k8rhncp4jt1\/2026\/04\/img_293x165uu2026-02-21-00-11-49-2422835-im-639129043125510912.jpg\",\"contentUrl\":\"https:\/\/portaltela.pt\/s.01k8rhncp4jt1\/2026\/04\/img_293x165uu2026-02-21-00-11-49-2422835-im-639129043125510912.jpg\",\"width\":796,\"height\":448,\"caption\":\"Ex-candidato \u00e0 presid\u00eancia do Sporting deixa mensagem enigm\u00e1tica: \u00abQuem te avisa, teu amigo \u00e9...\u00bb\"},{\"@type\":\"BreadcrumbList\",\"@id\":\"https:\/\/portaltela.pt\/noticias\/2026\/04\/27\/ex-candidato-a-presidencia-do-sporting-deixa-mensagem-enigmatica\/#breadcrumb\",\"itemListElement\":[{\"@type\":\"ListItem\",\"position\":1,\"name\":\"In\u00edcio\",\"item\":\"https:\/\/portaltela.pt\/\"},{\"@type\":\"ListItem\",\"position\":2,\"name\":\"Ex-candidato \u00e0 presid\u00eancia do Sporting deixa mensagem enigm\u00e1tica\"}]},{\"@type\":\"WebSite\",\"@id\":\"https:\/\/portaltela.pt\/#website\",\"url\":\"https:\/\/portaltela.pt\/\",\"name\":\"Portal Tela Portugal\",\"description\":\"\",\"potentialAction\":[{\"@type\":\"SearchAction\",\"target\":{\"@type\":\"EntryPoint\",\"urlTemplate\":\"https:\/\/portaltela.pt\/?s={search_term_string}\"},\"query-input\":{\"@type\":\"PropertyValueSpecification\",\"valueRequired\":true,\"valueName\":\"search_term_string\"}}],\"inLanguage\":\"pt-PT\"},{\"@type\":\"Person\",\"@id\":\"https:\/\/portaltela.pt\/#\/schema\/person\/c4278d4a6028830caff9ee44b42d32ed\",\"name\":\"Telinha\",\"image\":{\"@type\":\"ImageObject\",\"inLanguage\":\"pt-PT\",\"@id\":\"https:\/\/portaltela.pt\/s.01k8rhncp4jt1\/2025\/11\/talking-bot-125x125.png\",\"url\":\"https:\/\/portaltela.pt\/s.01k8rhncp4jt1\/2025\/11\/talking-bot-125x125.png\",\"contentUrl\":\"https:\/\/portaltela.pt\/s.01k8rhncp4jt1\/2025\/11\/talking-bot-125x125.png\",\"caption\":\"Telinha\"},\"sameAs\":[\"https:\/\/portaltela.pt\/\"],\"url\":\"https:\/\/portaltela.pt\/por\/367410592786\/\"}]}<\/script>\n<!-- \/ Yoast SEO plugin. -->","yoast_head_json":{"title":"Ex-candidato \u00e0 presid\u00eancia do Sporting deixa mensagem enigm\u00e1tica - Portal Tela Portugal","robots":{"index":"index","follow":"follow","max-snippet":"max-snippet:-1","max-image-preview":"max-image-preview:large","max-video-preview":"max-video-preview:-1"},"og_locale":"pt_PT","og_type":"article","og_title":"Ex-candidato \u00e0 presid\u00eancia do Sporting deixa mensagem enigm\u00e1tica - Portal Tela Portugal","og_description":"Bruno Sorreluz, ex-candidato \u00e0 presid\u00eancia do Sporting, publicou no Instagram uma mensagem enigm\u00e1tica: \u201cQuem te avisa, teu amigo \u00e9...\u201d. A mensagem surgiu poucas horas ap\u00f3s o Sporting empatar com a AVS SAD na Vila das Aves, o que complicou a luta pelo 2.\u00ba lugar e pelo acesso \u00e0 3.\u00aa pr\u00e9-eliminat\u00f3ria da Liga dos Campe\u00f5es. Em mar\u00e7o, Sorreluz foi derrotado nas elei\u00e7\u00f5es do clube, com 6,28% dos votos, contra 89,47% de Frederico Varandas. Durante a campanha, o empres\u00e1rio enalteceu Rui Borges, que enfrenta cr\u00edticas por supostamente n\u00e3o apresentar um projeto claro desde a sa\u00edda de Ruben Amorim. O empate com a AVS deixa o Sporting praticamente fora da luta pelo t\u00edtulo; o FC Porto precisa de dois pontos, e o Sporting depende de poss\u00edveis deslizes do Benfica para lutar pelo 2.\u00ba lugar.","og_url":"https:\/\/portaltela.pt\/noticias\/2026\/04\/27\/ex-candidato-a-presidencia-do-sporting-deixa-mensagem-enigmatica\/","og_site_name":"Portal Tela Portugal","article_published_time":"2026-04-27T16:03:20+00:00","author":"Telinha","twitter_card":"summary_large_image","twitter_misc":{"Escrito por":"Telinha","Tempo estimado de leitura":"1 minuto"},"schema":{"@context":"https:\/\/schema.org","@graph":[{"@type":"Article","@id":"https:\/\/portaltela.pt\/noticias\/2026\/04\/27\/ex-candidato-a-presidencia-do-sporting-deixa-mensagem-enigmatica\/#article","isPartOf":{"@id":"https:\/\/portaltela.pt\/noticias\/2026\/04\/27\/ex-candidato-a-presidencia-do-sporting-deixa-mensagem-enigmatica\/"},"author":{"name":"Telinha","@id":"https:\/\/portaltela.pt\/#\/schema\/person\/c4278d4a6028830caff9ee44b42d32ed"},"headline":"Ex-candidato \u00e0 presid\u00eancia do Sporting deixa mensagem enigm\u00e1tica","datePublished":"2026-04-27T16:03:20+00:00","mainEntityOfPage":{"@id":"https:\/\/portaltela.pt\/noticias\/2026\/04\/27\/ex-candidato-a-presidencia-do-sporting-deixa-mensagem-enigmatica\/"},"wordCount":183,"image":{"@id":"https:\/\/portaltela.pt\/noticias\/2026\/04\/27\/ex-candidato-a-presidencia-do-sporting-deixa-mensagem-enigmatica\/#primaryimage"},"thumbnailUrl":"https:\/\/portaltela.pt\/s.01k8rhncp4jt1\/2026\/04\/img_293x165uu2026-02-21-00-11-49-2422835-im-639129043125510912.jpg","keywords":["AVS SAD","Champions League","futebol","Liga","Porto","Sporting"],"articleSection":["Desporto","Futebol"],"inLanguage":"pt-PT"},{"@type":"WebPage","@id":"https:\/\/portaltela.pt\/noticias\/2026\/04\/27\/ex-candidato-a-presidencia-do-sporting-deixa-mensagem-enigmatica\/","url":"https:\/\/portaltela.pt\/noticias\/2026\/04\/27\/ex-candidato-a-presidencia-do-sporting-deixa-mensagem-enigmatica\/","name":"Ex-candidato \u00e0 presid\u00eancia do Sporting deixa mensagem enigm\u00e1tica - Portal Tela Portugal","isPartOf":{"@id":"https:\/\/portaltela.pt\/#website"},"primaryImageOfPage":{"@id":"https:\/\/portaltela.pt\/noticias\/2026\/04\/27\/ex-candidato-a-presidencia-do-sporting-deixa-mensagem-enigmatica\/#primaryimage"},"image":{"@id":"https:\/\/portaltela.pt\/noticias\/2026\/04\/27\/ex-candidato-a-presidencia-do-sporting-deixa-mensagem-enigmatica\/#primaryimage"},"thumbnailUrl":"https:\/\/portaltela.pt\/s.01k8rhncp4jt1\/2026\/04\/img_293x165uu2026-02-21-00-11-49-2422835-im-639129043125510912.jpg","datePublished":"2026-04-27T16:03:20+00:00","author":{"@id":"https:\/\/portaltela.pt\/#\/schema\/person\/c4278d4a6028830caff9ee44b42d32ed"},"breadcrumb":{"@id":"https:\/\/portaltela.pt\/noticias\/2026\/04\/27\/ex-candidato-a-presidencia-do-sporting-deixa-mensagem-enigmatica\/#breadcrumb"},"inLanguage":"pt-PT","potentialAction":[{"@type":"ReadAction","target":["https:\/\/portaltela.pt\/noticias\/2026\/04\/27\/ex-candidato-a-presidencia-do-sporting-deixa-mensagem-enigmatica\/"]}]},{"@type":"ImageObject","inLanguage":"pt-PT","@id":"https:\/\/portaltela.pt\/noticias\/2026\/04\/27\/ex-candidato-a-presidencia-do-sporting-deixa-mensagem-enigmatica\/#primaryimage","url":"https:\/\/portaltela.pt\/s.01k8rhncp4jt1\/2026\/04\/img_293x165uu2026-02-21-00-11-49-2422835-im-639129043125510912.jpg","contentUrl":"https:\/\/portaltela.pt\/s.01k8rhncp4jt1\/2026\/04\/img_293x165uu2026-02-21-00-11-49-2422835-im-639129043125510912.jpg","width":796,"height":448,"caption":"Ex-candidato \u00e0 presid\u00eancia do Sporting deixa mensagem enigm\u00e1tica: \u00abQuem te avisa, teu amigo \u00e9...\u00bb"},{"@type":"BreadcrumbList","@id":"https:\/\/portaltela.pt\/noticias\/2026\/04\/27\/ex-candidato-a-presidencia-do-sporting-deixa-mensagem-enigmatica\/#breadcrumb","itemListElement":[{"@type":"ListItem","position":1,"name":"In\u00edcio","item":"https:\/\/portaltela.pt\/"},{"@type":"ListItem","position":2,"name":"Ex-candidato \u00e0 presid\u00eancia do Sporting deixa mensagem enigm\u00e1tica"}]},{"@type":"WebSite","@id":"https:\/\/portaltela.pt\/#website","url":"https:\/\/portaltela.pt\/","name":"Portal Tela Portugal","description":"","potentialAction":[{"@type":"SearchAction","target":{"@type":"EntryPoint","urlTemplate":"https:\/\/portaltela.pt\/?s={search_term_string}"},"query-input":{"@type":"PropertyValueSpecification","valueRequired":true,"valueName":"search_term_string"}}],"inLanguage":"pt-PT"},{"@type":"Person","@id":"https:\/\/portaltela.pt\/#\/schema\/person\/c4278d4a6028830caff9ee44b42d32ed","name":"Telinha","image":{"@type":"ImageObject","inLanguage":"pt-PT","@id":"https:\/\/portaltela.pt\/s.01k8rhncp4jt1\/2025\/11\/talking-bot-125x125.png","url":"https:\/\/portaltela.pt\/s.01k8rhncp4jt1\/2025\/11\/talking-bot-125x125.png","contentUrl":"https:\/\/portaltela.pt\/s.01k8rhncp4jt1\/2025\/11\/talking-bot-125x125.png","caption":"Telinha"},"sameAs":["https:\/\/portaltela.pt\/"],"url":"https:\/\/portaltela.pt\/por\/367410592786\/"}]}},"_links":{"self":[{"href":"https:\/\/portaltela.pt\/api\/wp\/v2\/posts\/458546","targetHints":{"allow":["GET"]}}],"collection":[{"href":"https:\/\/portaltela.pt\/api\/wp\/v2\/posts"}],"about":[{"href":"https:\/\/portaltela.pt\/api\/wp\/v2\/types\/post"}],"author":[{"embeddable":true,"href":"https:\/\/portaltela.pt\/api\/wp\/v2\/users\/2"}],"replies":[{"embeddable":true,"href":"https:\/\/portaltela.pt\/api\/wp\/v2\/comments?post=458546"}],"version-history":[{"count":0,"href":"https:\/\/portaltela.pt\/api\/wp\/v2\/posts\/458546\/revisions"}],"wp:featuredmedia":[{"embeddable":true,"href":"https:\/\/portaltela.pt\/api\/wp\/v2\/media\/458550"}],"wp:attachment":[{"href":"https:\/\/portaltela.pt\/api\/wp\/v2\/media?parent=458546"}],"wp:term":[{"taxonomy":"category","embeddable":true,"href":"https:\/\/portaltela.pt\/api\/wp\/v2\/categories?post=458546"},{"taxonomy":"post_tag","embeddable":true,"href":"https:\/\/portaltela.pt\/api\/wp\/v2\/tags?post=458546"}],"curies":[{"name":"wp","href":"https:\/\/api.w.org\/{rel}","templated":true}]}}