{"id":458519,"date":"2026-04-27T12:47:59","date_gmt":"2026-04-27T15:47:59","guid":{"rendered":"https:\/\/portaltela.pt\/noticias\/2026\/04\/27\/orcamento-participativo-e-conselho-de-cidadaos-de-lisboa-continuam-paralisados\/"},"modified":"2026-04-27T12:47:59","modified_gmt":"2026-04-27T15:47:59","slug":"orcamento-participativo-e-conselho-de-cidadaos-de-lisboa-continuam-paralisados","status":"publish","type":"post","link":"https:\/\/portaltela.pt\/noticias\/politica\/2026\/04\/27\/orcamento-participativo-e-conselho-de-cidadaos-de-lisboa-continuam-paralisados\/","title":{"rendered":"Or\u00e7amento Participativo e Conselho de Cidad\u00e3os de Lisboa continuam paralisados"},"content":{"rendered":"<p>O Or\u00e7amento Participativo (OP) e o Conselho de Cidad\u00e3os (CC) de Lisboa est\u00e3o paralisados, sem sinais de atividade ou novidades sobre a edi\u00e7\u00e3o deste ano. A atual ina\u00e7\u00e3o afeta os dois instrumentos centrais da democracia participativa na capital.<\/p>\n<p>O OP permanece sem relan\u00e7amento desde 2022, data em que o Executivo liderado por Carlos Moedas decidiu interromp\u00ea-lo para repensar o modelo e concluir projetos j\u00e1 em curso. A posi\u00e7\u00e3o municipal n\u00e3o tinha sido atualizada sobre o pr\u00f3ximo passo.<\/p>\n<p>Quanto ao CC, o impasse tamb\u00e9m persiste. N\u00e3o h\u00e1 divulga\u00e7\u00e3o de temas nem de datas para a edi\u00e7\u00e3o deste ano, o que aumenta a incerteza entre participantes e interessados. O afastamento de avan\u00e7os \u00e9 visto como indicativo de atraso na implementa\u00e7\u00e3o do programa.<\/p>\n<p>O munic\u00edpio n\u00e3o esclarece o que est\u00e1 a atrasar o processo, enquanto os partidos da oposi\u00e7\u00e3o acusam o Executivo de usar a paralisa\u00e7\u00e3o para propaganda, sem apresentar prazos ou crit\u00e9rios de decis\u00e3o. A situa\u00e7\u00e3o mant\u00e9m-se sem prioridade anunciada.<\/p>\n<p>Perante este quadro, n\u00e3o h\u00e1 confirma\u00e7\u00e3o de calend\u00e1rio ou metas espec\u00edficas para os dois instrumentos, deixando moradores sem informa\u00e7\u00f5es sobre como devem participar ou qual \u00e9 o rumo da participa\u00e7\u00e3o c\u00edvica na cidade.<\/p>\n","protected":false},"excerpt":{"rendered":"<ul>\n<li>Os instrumentos de democracia participativa de Lisboa \u2014 Or\u00e7amento Participativo (OP) e Conselho de Cidad\u00e3os (CC) \u2014 est\u00e3o paralisados, sem sinais de atividade.<\/li>\n<li>N\u00e3o h\u00e1 novidades quanto \u00e0 edi\u00e7\u00e3o deste ano do Conselho de Cidad\u00e3os; o governo municipal de Carlos Moedas n\u00e3o esclarece a situa\u00e7\u00e3o.<\/li>\n<li>O OP ainda n\u00e3o foi relan\u00e7ado desde 2022, quando o executivo decidiu interromp\u00ea-lo para repensar o programa e concluir projetos em curso.<\/li>\n<li>Partidos acusam Moedas de usar a situa\u00e7\u00e3o como propaganda, enquanto o CC tamb\u00e9m permanece em impasse, sem divulga\u00e7\u00e3o de temas ou datas.<\/li>\n<\/ul>\n","protected":false},"author":2,"featured_media":458522,"comment_status":"closed","ping_status":"closed","sticky":false,"template":"","format":"standard","meta":{"footnotes":""},"categories":[5,6871],"tags":[373,9726,2795,981,4477,1249],"class_list":["post-458519","post","type-post","status-publish","format-standard","has-post-thumbnail","hentry","category-politica","category-sociedade","tag-concelhos","tag-conselho-municipal","tag-democracia","tag-lisboa","tag-orcamento-participativo","tag-participacao"],"yoast_head":"<!-- This site is optimized with the Yoast SEO plugin v27.2 - https:\/\/yoast.com\/product\/yoast-seo-wordpress\/ -->\n<title>Or\u00e7amento Participativo e Conselho de Cidad\u00e3os de Lisboa continuam paralisados - Portal Tela Portugal<\/title>\n<meta name=\"robots\" content=\"index, follow, max-snippet:-1, max-image-preview:large, max-video-preview:-1\" \/>\n<meta property=\"og:locale\" content=\"pt_PT\" \/>\n<meta property=\"og:type\" content=\"article\" \/>\n<meta property=\"og:title\" content=\"Or\u00e7amento Participativo e Conselho de Cidad\u00e3os de Lisboa continuam paralisados - Portal Tela Portugal\" \/>\n<meta property=\"og:description\" content=\"Os instrumentos de democracia participativa de Lisboa \u2014 Or\u00e7amento Participativo (OP) e Conselho de Cidad\u00e3os (CC) \u2014 est\u00e3o paralisados, sem sinais de atividade. N\u00e3o h\u00e1 novidades quanto \u00e0 edi\u00e7\u00e3o deste ano do Conselho de Cidad\u00e3os; o governo municipal de Carlos Moedas n\u00e3o esclarece a situa\u00e7\u00e3o. O OP ainda n\u00e3o foi relan\u00e7ado desde 2022, quando o executivo decidiu interromp\u00ea-lo para repensar o programa e concluir projetos em curso. Partidos acusam Moedas de usar a situa\u00e7\u00e3o como propaganda, enquanto o CC tamb\u00e9m permanece em impasse, sem divulga\u00e7\u00e3o de temas ou datas.\" \/>\n<meta property=\"og:url\" content=\"https:\/\/portaltela.pt\/noticias\/2026\/04\/27\/orcamento-participativo-e-conselho-de-cidadaos-de-lisboa-continuam-paralisados\/\" \/>\n<meta property=\"og:site_name\" content=\"Portal Tela Portugal\" \/>\n<meta property=\"article:published_time\" content=\"2026-04-27T15:47:59+00:00\" \/>\n<meta name=\"author\" content=\"Telinha\" \/>\n<meta name=\"twitter:card\" content=\"summary_large_image\" \/>\n<meta name=\"twitter:label1\" content=\"Escrito por\" \/>\n\t<meta name=\"twitter:data1\" content=\"Telinha\" \/>\n\t<meta name=\"twitter:label2\" content=\"Tempo estimado de leitura\" \/>\n\t<meta name=\"twitter:data2\" content=\"1 minuto\" \/>\n<script type=\"application\/ld+json\" class=\"yoast-schema-graph\">{\"@context\":\"https:\/\/schema.org\",\"@graph\":[{\"@type\":\"Article\",\"@id\":\"https:\/\/portaltela.pt\/noticias\/2026\/04\/27\/orcamento-participativo-e-conselho-de-cidadaos-de-lisboa-continuam-paralisados\/#article\",\"isPartOf\":{\"@id\":\"https:\/\/portaltela.pt\/noticias\/2026\/04\/27\/orcamento-participativo-e-conselho-de-cidadaos-de-lisboa-continuam-paralisados\/\"},\"author\":{\"name\":\"Telinha\",\"@id\":\"https:\/\/portaltela.pt\/#\/schema\/person\/c4278d4a6028830caff9ee44b42d32ed\"},\"headline\":\"Or\u00e7amento Participativo e Conselho de Cidad\u00e3os de Lisboa continuam paralisados\",\"datePublished\":\"2026-04-27T15:47:59+00:00\",\"mainEntityOfPage\":{\"@id\":\"https:\/\/portaltela.pt\/noticias\/2026\/04\/27\/orcamento-participativo-e-conselho-de-cidadaos-de-lisboa-continuam-paralisados\/\"},\"wordCount\":231,\"image\":{\"@id\":\"https:\/\/portaltela.pt\/noticias\/2026\/04\/27\/orcamento-participativo-e-conselho-de-cidadaos-de-lisboa-continuam-paralisados\/#primaryimage\"},\"thumbnailUrl\":\"https:\/\/portaltela.pt\/s.01k8rhncp4jt1\/2026\/04\/2082026.jpg\",\"keywords\":[\"concelhos\",\"Conselho Municipal\",\"democracia\",\"Lisboa\",\"Or\u00e7amento Participativo\",\"participa\u00e7\u00e3o\"],\"articleSection\":[\"Pol\u00edtica\",\"Sociedade\"],\"inLanguage\":\"pt-PT\"},{\"@type\":\"WebPage\",\"@id\":\"https:\/\/portaltela.pt\/noticias\/2026\/04\/27\/orcamento-participativo-e-conselho-de-cidadaos-de-lisboa-continuam-paralisados\/\",\"url\":\"https:\/\/portaltela.pt\/noticias\/2026\/04\/27\/orcamento-participativo-e-conselho-de-cidadaos-de-lisboa-continuam-paralisados\/\",\"name\":\"Or\u00e7amento Participativo e Conselho de Cidad\u00e3os de Lisboa continuam paralisados - Portal Tela Portugal\",\"isPartOf\":{\"@id\":\"https:\/\/portaltela.pt\/#website\"},\"primaryImageOfPage\":{\"@id\":\"https:\/\/portaltela.pt\/noticias\/2026\/04\/27\/orcamento-participativo-e-conselho-de-cidadaos-de-lisboa-continuam-paralisados\/#primaryimage\"},\"image\":{\"@id\":\"https:\/\/portaltela.pt\/noticias\/2026\/04\/27\/orcamento-participativo-e-conselho-de-cidadaos-de-lisboa-continuam-paralisados\/#primaryimage\"},\"thumbnailUrl\":\"https:\/\/portaltela.pt\/s.01k8rhncp4jt1\/2026\/04\/2082026.jpg\",\"datePublished\":\"2026-04-27T15:47:59+00:00\",\"author\":{\"@id\":\"https:\/\/portaltela.pt\/#\/schema\/person\/c4278d4a6028830caff9ee44b42d32ed\"},\"breadcrumb\":{\"@id\":\"https:\/\/portaltela.pt\/noticias\/2026\/04\/27\/orcamento-participativo-e-conselho-de-cidadaos-de-lisboa-continuam-paralisados\/#breadcrumb\"},\"inLanguage\":\"pt-PT\",\"potentialAction\":[{\"@type\":\"ReadAction\",\"target\":[\"https:\/\/portaltela.pt\/noticias\/2026\/04\/27\/orcamento-participativo-e-conselho-de-cidadaos-de-lisboa-continuam-paralisados\/\"]}]},{\"@type\":\"ImageObject\",\"inLanguage\":\"pt-PT\",\"@id\":\"https:\/\/portaltela.pt\/noticias\/2026\/04\/27\/orcamento-participativo-e-conselho-de-cidadaos-de-lisboa-continuam-paralisados\/#primaryimage\",\"url\":\"https:\/\/portaltela.pt\/s.01k8rhncp4jt1\/2026\/04\/2082026.jpg\",\"contentUrl\":\"https:\/\/portaltela.pt\/s.01k8rhncp4jt1\/2026\/04\/2082026.jpg\",\"width\":796,\"height\":448,\"caption\":\"Lisboa est\u00e1 sem instrumentos de demoracia participativa no activo e Moedas nada diz\"},{\"@type\":\"BreadcrumbList\",\"@id\":\"https:\/\/portaltela.pt\/noticias\/2026\/04\/27\/orcamento-participativo-e-conselho-de-cidadaos-de-lisboa-continuam-paralisados\/#breadcrumb\",\"itemListElement\":[{\"@type\":\"ListItem\",\"position\":1,\"name\":\"In\u00edcio\",\"item\":\"https:\/\/portaltela.pt\/\"},{\"@type\":\"ListItem\",\"position\":2,\"name\":\"Or\u00e7amento Participativo e Conselho de Cidad\u00e3os de Lisboa continuam paralisados\"}]},{\"@type\":\"WebSite\",\"@id\":\"https:\/\/portaltela.pt\/#website\",\"url\":\"https:\/\/portaltela.pt\/\",\"name\":\"Portal Tela Portugal\",\"description\":\"\",\"potentialAction\":[{\"@type\":\"SearchAction\",\"target\":{\"@type\":\"EntryPoint\",\"urlTemplate\":\"https:\/\/portaltela.pt\/?s={search_term_string}\"},\"query-input\":{\"@type\":\"PropertyValueSpecification\",\"valueRequired\":true,\"valueName\":\"search_term_string\"}}],\"inLanguage\":\"pt-PT\"},{\"@type\":\"Person\",\"@id\":\"https:\/\/portaltela.pt\/#\/schema\/person\/c4278d4a6028830caff9ee44b42d32ed\",\"name\":\"Telinha\",\"image\":{\"@type\":\"ImageObject\",\"inLanguage\":\"pt-PT\",\"@id\":\"https:\/\/portaltela.pt\/s.01k8rhncp4jt1\/2025\/11\/talking-bot-125x125.png\",\"url\":\"https:\/\/portaltela.pt\/s.01k8rhncp4jt1\/2025\/11\/talking-bot-125x125.png\",\"contentUrl\":\"https:\/\/portaltela.pt\/s.01k8rhncp4jt1\/2025\/11\/talking-bot-125x125.png\",\"caption\":\"Telinha\"},\"sameAs\":[\"https:\/\/portaltela.pt\/\"],\"url\":\"https:\/\/portaltela.pt\/por\/367410592786\/\"}]}<\/script>\n<!-- \/ Yoast SEO plugin. -->","yoast_head_json":{"title":"Or\u00e7amento Participativo e Conselho de Cidad\u00e3os de Lisboa continuam paralisados - Portal Tela Portugal","robots":{"index":"index","follow":"follow","max-snippet":"max-snippet:-1","max-image-preview":"max-image-preview:large","max-video-preview":"max-video-preview:-1"},"og_locale":"pt_PT","og_type":"article","og_title":"Or\u00e7amento Participativo e Conselho de Cidad\u00e3os de Lisboa continuam paralisados - Portal Tela Portugal","og_description":"Os instrumentos de democracia participativa de Lisboa \u2014 Or\u00e7amento Participativo (OP) e Conselho de Cidad\u00e3os (CC) \u2014 est\u00e3o paralisados, sem sinais de atividade. N\u00e3o h\u00e1 novidades quanto \u00e0 edi\u00e7\u00e3o deste ano do Conselho de Cidad\u00e3os; o governo municipal de Carlos Moedas n\u00e3o esclarece a situa\u00e7\u00e3o. O OP ainda n\u00e3o foi relan\u00e7ado desde 2022, quando o executivo decidiu interromp\u00ea-lo para repensar o programa e concluir projetos em curso. Partidos acusam Moedas de usar a situa\u00e7\u00e3o como propaganda, enquanto o CC tamb\u00e9m permanece em impasse, sem divulga\u00e7\u00e3o de temas ou datas.","og_url":"https:\/\/portaltela.pt\/noticias\/2026\/04\/27\/orcamento-participativo-e-conselho-de-cidadaos-de-lisboa-continuam-paralisados\/","og_site_name":"Portal Tela Portugal","article_published_time":"2026-04-27T15:47:59+00:00","author":"Telinha","twitter_card":"summary_large_image","twitter_misc":{"Escrito por":"Telinha","Tempo estimado de leitura":"1 minuto"},"schema":{"@context":"https:\/\/schema.org","@graph":[{"@type":"Article","@id":"https:\/\/portaltela.pt\/noticias\/2026\/04\/27\/orcamento-participativo-e-conselho-de-cidadaos-de-lisboa-continuam-paralisados\/#article","isPartOf":{"@id":"https:\/\/portaltela.pt\/noticias\/2026\/04\/27\/orcamento-participativo-e-conselho-de-cidadaos-de-lisboa-continuam-paralisados\/"},"author":{"name":"Telinha","@id":"https:\/\/portaltela.pt\/#\/schema\/person\/c4278d4a6028830caff9ee44b42d32ed"},"headline":"Or\u00e7amento Participativo e Conselho de Cidad\u00e3os de Lisboa continuam paralisados","datePublished":"2026-04-27T15:47:59+00:00","mainEntityOfPage":{"@id":"https:\/\/portaltela.pt\/noticias\/2026\/04\/27\/orcamento-participativo-e-conselho-de-cidadaos-de-lisboa-continuam-paralisados\/"},"wordCount":231,"image":{"@id":"https:\/\/portaltela.pt\/noticias\/2026\/04\/27\/orcamento-participativo-e-conselho-de-cidadaos-de-lisboa-continuam-paralisados\/#primaryimage"},"thumbnailUrl":"https:\/\/portaltela.pt\/s.01k8rhncp4jt1\/2026\/04\/2082026.jpg","keywords":["concelhos","Conselho Municipal","democracia","Lisboa","Or\u00e7amento Participativo","participa\u00e7\u00e3o"],"articleSection":["Pol\u00edtica","Sociedade"],"inLanguage":"pt-PT"},{"@type":"WebPage","@id":"https:\/\/portaltela.pt\/noticias\/2026\/04\/27\/orcamento-participativo-e-conselho-de-cidadaos-de-lisboa-continuam-paralisados\/","url":"https:\/\/portaltela.pt\/noticias\/2026\/04\/27\/orcamento-participativo-e-conselho-de-cidadaos-de-lisboa-continuam-paralisados\/","name":"Or\u00e7amento Participativo e Conselho de Cidad\u00e3os de Lisboa continuam paralisados - Portal Tela Portugal","isPartOf":{"@id":"https:\/\/portaltela.pt\/#website"},"primaryImageOfPage":{"@id":"https:\/\/portaltela.pt\/noticias\/2026\/04\/27\/orcamento-participativo-e-conselho-de-cidadaos-de-lisboa-continuam-paralisados\/#primaryimage"},"image":{"@id":"https:\/\/portaltela.pt\/noticias\/2026\/04\/27\/orcamento-participativo-e-conselho-de-cidadaos-de-lisboa-continuam-paralisados\/#primaryimage"},"thumbnailUrl":"https:\/\/portaltela.pt\/s.01k8rhncp4jt1\/2026\/04\/2082026.jpg","datePublished":"2026-04-27T15:47:59+00:00","author":{"@id":"https:\/\/portaltela.pt\/#\/schema\/person\/c4278d4a6028830caff9ee44b42d32ed"},"breadcrumb":{"@id":"https:\/\/portaltela.pt\/noticias\/2026\/04\/27\/orcamento-participativo-e-conselho-de-cidadaos-de-lisboa-continuam-paralisados\/#breadcrumb"},"inLanguage":"pt-PT","potentialAction":[{"@type":"ReadAction","target":["https:\/\/portaltela.pt\/noticias\/2026\/04\/27\/orcamento-participativo-e-conselho-de-cidadaos-de-lisboa-continuam-paralisados\/"]}]},{"@type":"ImageObject","inLanguage":"pt-PT","@id":"https:\/\/portaltela.pt\/noticias\/2026\/04\/27\/orcamento-participativo-e-conselho-de-cidadaos-de-lisboa-continuam-paralisados\/#primaryimage","url":"https:\/\/portaltela.pt\/s.01k8rhncp4jt1\/2026\/04\/2082026.jpg","contentUrl":"https:\/\/portaltela.pt\/s.01k8rhncp4jt1\/2026\/04\/2082026.jpg","width":796,"height":448,"caption":"Lisboa est\u00e1 sem instrumentos de demoracia participativa no activo e Moedas nada diz"},{"@type":"BreadcrumbList","@id":"https:\/\/portaltela.pt\/noticias\/2026\/04\/27\/orcamento-participativo-e-conselho-de-cidadaos-de-lisboa-continuam-paralisados\/#breadcrumb","itemListElement":[{"@type":"ListItem","position":1,"name":"In\u00edcio","item":"https:\/\/portaltela.pt\/"},{"@type":"ListItem","position":2,"name":"Or\u00e7amento Participativo e Conselho de Cidad\u00e3os de Lisboa continuam paralisados"}]},{"@type":"WebSite","@id":"https:\/\/portaltela.pt\/#website","url":"https:\/\/portaltela.pt\/","name":"Portal Tela Portugal","description":"","potentialAction":[{"@type":"SearchAction","target":{"@type":"EntryPoint","urlTemplate":"https:\/\/portaltela.pt\/?s={search_term_string}"},"query-input":{"@type":"PropertyValueSpecification","valueRequired":true,"valueName":"search_term_string"}}],"inLanguage":"pt-PT"},{"@type":"Person","@id":"https:\/\/portaltela.pt\/#\/schema\/person\/c4278d4a6028830caff9ee44b42d32ed","name":"Telinha","image":{"@type":"ImageObject","inLanguage":"pt-PT","@id":"https:\/\/portaltela.pt\/s.01k8rhncp4jt1\/2025\/11\/talking-bot-125x125.png","url":"https:\/\/portaltela.pt\/s.01k8rhncp4jt1\/2025\/11\/talking-bot-125x125.png","contentUrl":"https:\/\/portaltela.pt\/s.01k8rhncp4jt1\/2025\/11\/talking-bot-125x125.png","caption":"Telinha"},"sameAs":["https:\/\/portaltela.pt\/"],"url":"https:\/\/portaltela.pt\/por\/367410592786\/"}]}},"_links":{"self":[{"href":"https:\/\/portaltela.pt\/api\/wp\/v2\/posts\/458519","targetHints":{"allow":["GET"]}}],"collection":[{"href":"https:\/\/portaltela.pt\/api\/wp\/v2\/posts"}],"about":[{"href":"https:\/\/portaltela.pt\/api\/wp\/v2\/types\/post"}],"author":[{"embeddable":true,"href":"https:\/\/portaltela.pt\/api\/wp\/v2\/users\/2"}],"replies":[{"embeddable":true,"href":"https:\/\/portaltela.pt\/api\/wp\/v2\/comments?post=458519"}],"version-history":[{"count":0,"href":"https:\/\/portaltela.pt\/api\/wp\/v2\/posts\/458519\/revisions"}],"wp:featuredmedia":[{"embeddable":true,"href":"https:\/\/portaltela.pt\/api\/wp\/v2\/media\/458522"}],"wp:attachment":[{"href":"https:\/\/portaltela.pt\/api\/wp\/v2\/media?parent=458519"}],"wp:term":[{"taxonomy":"category","embeddable":true,"href":"https:\/\/portaltela.pt\/api\/wp\/v2\/categories?post=458519"},{"taxonomy":"post_tag","embeddable":true,"href":"https:\/\/portaltela.pt\/api\/wp\/v2\/tags?post=458519"}],"curies":[{"name":"wp","href":"https:\/\/api.w.org\/{rel}","templated":true}]}}