{"id":458516,"date":"2026-04-27T12:38:00","date_gmt":"2026-04-27T15:38:00","guid":{"rendered":"https:\/\/portaltela.pt\/noticias\/2026\/04\/27\/encontro-fora-da-caixa-discute-construir-um-pais-de-referencia\/"},"modified":"2026-04-27T12:38:00","modified_gmt":"2026-04-27T15:38:00","slug":"encontro-fora-da-caixa-discute-construir-um-pais-de-referencia","status":"publish","type":"post","link":"https:\/\/portaltela.pt\/noticias\/economia\/2026\/04\/27\/encontro-fora-da-caixa-discute-construir-um-pais-de-referencia\/","title":{"rendered":"Encontro Fora da Caixa discute construir um pa\u00eds de refer\u00eancia"},"content":{"rendered":"<p>No dia 28 de abril, \u00e0s 15h, a Caixa Geral de Dep\u00f3sitos realiza o Encontro Fora da Caixa &#8211; Construir um Pa\u00eds de Refer\u00eancia. O evento acontece no audit\u00f3rio do Ponto C &#8211; Cultura e Criatividade, em Penafiel, com o Jornal de Not\u00edcias como media partner.<\/p>\n<p>O encontro re\u00fane l\u00edderes empresariais, especialistas e personalidades da cultura para analisar temas que v\u00e3o desde o setor autom\u00f3vel, energia e mobilidade, at\u00e9 o papel do conhecimento e da cultura como pilares de um pa\u00eds de refer\u00eancia. Tamb\u00e9m haver\u00e1 an\u00e1lise de tend\u00eancias econ\u00f3micas e de mercados financeiros, al\u00e9m de um momento musical.<\/p>\n<h3>Programa e participantes<\/h3>\n<p>O evento conta com Modera\u00e7\u00e3o de In\u00eas Cardoso, Diretora-Geral Editorial do JN, e com a presen\u00e7a de Paulo Moita de Macedo, presidente da Comiss\u00e3o Executiva da Caixa.<\/p>\n<p>Entre os pain\u00e9is, destacam-se Tend\u00eancias Econ\u00f3micas e de Mercados Financeiros, com Rui Martins, da Caixa Gest\u00e3o de Ativos, e a entrevista com Ana Pinho, da Funda\u00e7\u00e3o de Serralves.<\/p>\n<p>Seguem pain\u00e9is sobre Empresas que Constroem um Pa\u00eds, com participa\u00e7\u00e3o de Carlos Pinto e Concei\u00e7\u00e3o Lucas, entre outros.<\/p>\n<p>O ciclo XXI Conversas para o S\u00e9culo XXI ter\u00e1 a participa\u00e7\u00e3o de Gon\u00e7alo M. Tavares e Manuel Sobrinho Sim\u00f5es.<\/p>\n<p>O programa encerra com um momento musical protagonizado por Tiago Nacarato.<\/p>\n","protected":false},"excerpt":{"rendered":"<ul>\n<li>A Caixa Geral de Dep\u00f3sitos realiza o Encontro Fora da Caixa &#8211; Construir um Pa\u00eds de Refer\u00eancia, no dia 28 de abril, \u00e0s 15h, no Ponto C &#8211; Cultura e Criatividade, em Penafiel, com o Jornal de Not\u00edcias como media partner.<\/li>\n<li>O evento re\u00fane l\u00edderes empresariais, especialistas e personalidades da cultura em pain\u00e9is sobre o setor autom\u00f3vel, energia e mobilidade, e o papel da cultura na constru\u00e7\u00e3o de um pa\u00eds de refer\u00eancia.<\/li>\n<li>Tamb\u00e9m haver\u00e1 an\u00e1lise de tend\u00eancias econ\u00f3micas e de mercados financeiros, incluindo um momento musical presidido por Tiago Nacarato.<\/li>\n<li>O programa inclui acredita\u00e7\u00e3o \u00e0s 14h30 e abertura \u00e0s 15h pela presidente da Comiss\u00e3o Executiva da Caixa Geral de Dep\u00f3sitos, seguida de entrevistas e pain\u00e9is com convidados como In\u00eas Cardoso e Ana Pinho.<\/li>\n<li>O encontro encerra com conversas para o s\u00e9culo XXI e, \u00e0s 17h35, um momento musical com Tiago Nacarato.<\/li>\n<\/ul>\n","protected":false},"author":2,"featured_media":458520,"comment_status":"closed","ping_status":"closed","sticky":false,"template":"","format":"standard","meta":{"footnotes":""},"categories":[2,6735],"tags":[3171,145,28,2697,6502,1993],"class_list":["post-458516","post","type-post","status-publish","format-standard","has-post-thumbnail","hentry","category-economia","category-negocios","tag-caixa-geral-de-depositos","tag-cultura","tag-economia","tag-empresas","tag-mercados","tag-penafiel"],"yoast_head":"<!-- This site is optimized with the Yoast SEO plugin v27.2 - https:\/\/yoast.com\/product\/yoast-seo-wordpress\/ -->\n<title>Encontro Fora da Caixa discute construir um pa\u00eds de refer\u00eancia - Portal Tela Portugal<\/title>\n<meta name=\"robots\" content=\"index, follow, max-snippet:-1, max-image-preview:large, max-video-preview:-1\" \/>\n<meta property=\"og:locale\" content=\"pt_PT\" \/>\n<meta property=\"og:type\" content=\"article\" \/>\n<meta property=\"og:title\" content=\"Encontro Fora da Caixa discute construir um pa\u00eds de refer\u00eancia - Portal Tela Portugal\" \/>\n<meta property=\"og:description\" content=\"A Caixa Geral de Dep\u00f3sitos realiza o Encontro Fora da Caixa - Construir um Pa\u00eds de Refer\u00eancia, no dia 28 de abril, \u00e0s 15h, no Ponto C - Cultura e Criatividade, em Penafiel, com o Jornal de Not\u00edcias como media partner. O evento re\u00fane l\u00edderes empresariais, especialistas e personalidades da cultura em pain\u00e9is sobre o setor autom\u00f3vel, energia e mobilidade, e o papel da cultura na constru\u00e7\u00e3o de um pa\u00eds de refer\u00eancia. Tamb\u00e9m haver\u00e1 an\u00e1lise de tend\u00eancias econ\u00f3micas e de mercados financeiros, incluindo um momento musical presidido por Tiago Nacarato. O programa inclui acredita\u00e7\u00e3o \u00e0s 14h30 e abertura \u00e0s 15h pela presidente da Comiss\u00e3o Executiva da Caixa Geral de Dep\u00f3sitos, seguida de entrevistas e pain\u00e9is com convidados como In\u00eas Cardoso e Ana Pinho. O encontro encerra com conversas para o s\u00e9culo XXI e, \u00e0s 17h35, um momento musical com Tiago Nacarato.\" \/>\n<meta property=\"og:url\" content=\"https:\/\/portaltela.pt\/noticias\/2026\/04\/27\/encontro-fora-da-caixa-discute-construir-um-pais-de-referencia\/\" \/>\n<meta property=\"og:site_name\" content=\"Portal Tela Portugal\" \/>\n<meta property=\"article:published_time\" content=\"2026-04-27T15:38:00+00:00\" \/>\n<meta name=\"author\" content=\"Telinha\" \/>\n<meta name=\"twitter:card\" content=\"summary_large_image\" \/>\n<meta name=\"twitter:label1\" content=\"Escrito por\" \/>\n\t<meta name=\"twitter:data1\" content=\"Telinha\" \/>\n\t<meta name=\"twitter:label2\" content=\"Tempo estimado de leitura\" \/>\n\t<meta name=\"twitter:data2\" content=\"1 minuto\" \/>\n<script type=\"application\/ld+json\" class=\"yoast-schema-graph\">{\"@context\":\"https:\/\/schema.org\",\"@graph\":[{\"@type\":\"Article\",\"@id\":\"https:\/\/portaltela.pt\/noticias\/2026\/04\/27\/encontro-fora-da-caixa-discute-construir-um-pais-de-referencia\/#article\",\"isPartOf\":{\"@id\":\"https:\/\/portaltela.pt\/noticias\/2026\/04\/27\/encontro-fora-da-caixa-discute-construir-um-pais-de-referencia\/\"},\"author\":{\"name\":\"Telinha\",\"@id\":\"https:\/\/portaltela.pt\/#\/schema\/person\/c4278d4a6028830caff9ee44b42d32ed\"},\"headline\":\"Encontro Fora da Caixa discute construir um pa\u00eds de refer\u00eancia\",\"datePublished\":\"2026-04-27T15:38:00+00:00\",\"mainEntityOfPage\":{\"@id\":\"https:\/\/portaltela.pt\/noticias\/2026\/04\/27\/encontro-fora-da-caixa-discute-construir-um-pais-de-referencia\/\"},\"wordCount\":248,\"image\":{\"@id\":\"https:\/\/portaltela.pt\/noticias\/2026\/04\/27\/encontro-fora-da-caixa-discute-construir-um-pais-de-referencia\/#primaryimage\"},\"thumbnailUrl\":\"https:\/\/portaltela.pt\/s.01k8rhncp4jt1\/2026\/04\/image-1529.jpg\",\"keywords\":[\"Caixa Geral de Dep\u00f3sitos\",\"cultura\",\"economia\",\"empresas\",\"mercados\",\"Penafiel\"],\"articleSection\":[\"Economia\",\"Neg\u00f3cios\"],\"inLanguage\":\"pt-PT\"},{\"@type\":\"WebPage\",\"@id\":\"https:\/\/portaltela.pt\/noticias\/2026\/04\/27\/encontro-fora-da-caixa-discute-construir-um-pais-de-referencia\/\",\"url\":\"https:\/\/portaltela.pt\/noticias\/2026\/04\/27\/encontro-fora-da-caixa-discute-construir-um-pais-de-referencia\/\",\"name\":\"Encontro Fora da Caixa discute construir um pa\u00eds de refer\u00eancia - Portal Tela Portugal\",\"isPartOf\":{\"@id\":\"https:\/\/portaltela.pt\/#website\"},\"primaryImageOfPage\":{\"@id\":\"https:\/\/portaltela.pt\/noticias\/2026\/04\/27\/encontro-fora-da-caixa-discute-construir-um-pais-de-referencia\/#primaryimage\"},\"image\":{\"@id\":\"https:\/\/portaltela.pt\/noticias\/2026\/04\/27\/encontro-fora-da-caixa-discute-construir-um-pais-de-referencia\/#primaryimage\"},\"thumbnailUrl\":\"https:\/\/portaltela.pt\/s.01k8rhncp4jt1\/2026\/04\/image-1529.jpg\",\"datePublished\":\"2026-04-27T15:38:00+00:00\",\"author\":{\"@id\":\"https:\/\/portaltela.pt\/#\/schema\/person\/c4278d4a6028830caff9ee44b42d32ed\"},\"breadcrumb\":{\"@id\":\"https:\/\/portaltela.pt\/noticias\/2026\/04\/27\/encontro-fora-da-caixa-discute-construir-um-pais-de-referencia\/#breadcrumb\"},\"inLanguage\":\"pt-PT\",\"potentialAction\":[{\"@type\":\"ReadAction\",\"target\":[\"https:\/\/portaltela.pt\/noticias\/2026\/04\/27\/encontro-fora-da-caixa-discute-construir-um-pais-de-referencia\/\"]}]},{\"@type\":\"ImageObject\",\"inLanguage\":\"pt-PT\",\"@id\":\"https:\/\/portaltela.pt\/noticias\/2026\/04\/27\/encontro-fora-da-caixa-discute-construir-um-pais-de-referencia\/#primaryimage\",\"url\":\"https:\/\/portaltela.pt\/s.01k8rhncp4jt1\/2026\/04\/image-1529.jpg\",\"contentUrl\":\"https:\/\/portaltela.pt\/s.01k8rhncp4jt1\/2026\/04\/image-1529.jpg\",\"width\":796,\"height\":448,\"caption\":\"Imagem de contexto do artigo Encontro Fora da Caixa - Construir um Pa\u00eds de Refer\u00eancia\"},{\"@type\":\"BreadcrumbList\",\"@id\":\"https:\/\/portaltela.pt\/noticias\/2026\/04\/27\/encontro-fora-da-caixa-discute-construir-um-pais-de-referencia\/#breadcrumb\",\"itemListElement\":[{\"@type\":\"ListItem\",\"position\":1,\"name\":\"In\u00edcio\",\"item\":\"https:\/\/portaltela.pt\/\"},{\"@type\":\"ListItem\",\"position\":2,\"name\":\"Encontro Fora da Caixa discute construir um pa\u00eds de refer\u00eancia\"}]},{\"@type\":\"WebSite\",\"@id\":\"https:\/\/portaltela.pt\/#website\",\"url\":\"https:\/\/portaltela.pt\/\",\"name\":\"Portal Tela Portugal\",\"description\":\"\",\"potentialAction\":[{\"@type\":\"SearchAction\",\"target\":{\"@type\":\"EntryPoint\",\"urlTemplate\":\"https:\/\/portaltela.pt\/?s={search_term_string}\"},\"query-input\":{\"@type\":\"PropertyValueSpecification\",\"valueRequired\":true,\"valueName\":\"search_term_string\"}}],\"inLanguage\":\"pt-PT\"},{\"@type\":\"Person\",\"@id\":\"https:\/\/portaltela.pt\/#\/schema\/person\/c4278d4a6028830caff9ee44b42d32ed\",\"name\":\"Telinha\",\"image\":{\"@type\":\"ImageObject\",\"inLanguage\":\"pt-PT\",\"@id\":\"https:\/\/portaltela.pt\/s.01k8rhncp4jt1\/2025\/11\/talking-bot-125x125.png\",\"url\":\"https:\/\/portaltela.pt\/s.01k8rhncp4jt1\/2025\/11\/talking-bot-125x125.png\",\"contentUrl\":\"https:\/\/portaltela.pt\/s.01k8rhncp4jt1\/2025\/11\/talking-bot-125x125.png\",\"caption\":\"Telinha\"},\"sameAs\":[\"https:\/\/portaltela.pt\/\"],\"url\":\"https:\/\/portaltela.pt\/por\/367410592786\/\"}]}<\/script>\n<!-- \/ Yoast SEO plugin. -->","yoast_head_json":{"title":"Encontro Fora da Caixa discute construir um pa\u00eds de refer\u00eancia - Portal Tela Portugal","robots":{"index":"index","follow":"follow","max-snippet":"max-snippet:-1","max-image-preview":"max-image-preview:large","max-video-preview":"max-video-preview:-1"},"og_locale":"pt_PT","og_type":"article","og_title":"Encontro Fora da Caixa discute construir um pa\u00eds de refer\u00eancia - Portal Tela Portugal","og_description":"A Caixa Geral de Dep\u00f3sitos realiza o Encontro Fora da Caixa - Construir um Pa\u00eds de Refer\u00eancia, no dia 28 de abril, \u00e0s 15h, no Ponto C - Cultura e Criatividade, em Penafiel, com o Jornal de Not\u00edcias como media partner. O evento re\u00fane l\u00edderes empresariais, especialistas e personalidades da cultura em pain\u00e9is sobre o setor autom\u00f3vel, energia e mobilidade, e o papel da cultura na constru\u00e7\u00e3o de um pa\u00eds de refer\u00eancia. Tamb\u00e9m haver\u00e1 an\u00e1lise de tend\u00eancias econ\u00f3micas e de mercados financeiros, incluindo um momento musical presidido por Tiago Nacarato. O programa inclui acredita\u00e7\u00e3o \u00e0s 14h30 e abertura \u00e0s 15h pela presidente da Comiss\u00e3o Executiva da Caixa Geral de Dep\u00f3sitos, seguida de entrevistas e pain\u00e9is com convidados como In\u00eas Cardoso e Ana Pinho. O encontro encerra com conversas para o s\u00e9culo XXI e, \u00e0s 17h35, um momento musical com Tiago Nacarato.","og_url":"https:\/\/portaltela.pt\/noticias\/2026\/04\/27\/encontro-fora-da-caixa-discute-construir-um-pais-de-referencia\/","og_site_name":"Portal Tela Portugal","article_published_time":"2026-04-27T15:38:00+00:00","author":"Telinha","twitter_card":"summary_large_image","twitter_misc":{"Escrito por":"Telinha","Tempo estimado de leitura":"1 minuto"},"schema":{"@context":"https:\/\/schema.org","@graph":[{"@type":"Article","@id":"https:\/\/portaltela.pt\/noticias\/2026\/04\/27\/encontro-fora-da-caixa-discute-construir-um-pais-de-referencia\/#article","isPartOf":{"@id":"https:\/\/portaltela.pt\/noticias\/2026\/04\/27\/encontro-fora-da-caixa-discute-construir-um-pais-de-referencia\/"},"author":{"name":"Telinha","@id":"https:\/\/portaltela.pt\/#\/schema\/person\/c4278d4a6028830caff9ee44b42d32ed"},"headline":"Encontro Fora da Caixa discute construir um pa\u00eds de refer\u00eancia","datePublished":"2026-04-27T15:38:00+00:00","mainEntityOfPage":{"@id":"https:\/\/portaltela.pt\/noticias\/2026\/04\/27\/encontro-fora-da-caixa-discute-construir-um-pais-de-referencia\/"},"wordCount":248,"image":{"@id":"https:\/\/portaltela.pt\/noticias\/2026\/04\/27\/encontro-fora-da-caixa-discute-construir-um-pais-de-referencia\/#primaryimage"},"thumbnailUrl":"https:\/\/portaltela.pt\/s.01k8rhncp4jt1\/2026\/04\/image-1529.jpg","keywords":["Caixa Geral de Dep\u00f3sitos","cultura","economia","empresas","mercados","Penafiel"],"articleSection":["Economia","Neg\u00f3cios"],"inLanguage":"pt-PT"},{"@type":"WebPage","@id":"https:\/\/portaltela.pt\/noticias\/2026\/04\/27\/encontro-fora-da-caixa-discute-construir-um-pais-de-referencia\/","url":"https:\/\/portaltela.pt\/noticias\/2026\/04\/27\/encontro-fora-da-caixa-discute-construir-um-pais-de-referencia\/","name":"Encontro Fora da Caixa discute construir um pa\u00eds de refer\u00eancia - Portal Tela Portugal","isPartOf":{"@id":"https:\/\/portaltela.pt\/#website"},"primaryImageOfPage":{"@id":"https:\/\/portaltela.pt\/noticias\/2026\/04\/27\/encontro-fora-da-caixa-discute-construir-um-pais-de-referencia\/#primaryimage"},"image":{"@id":"https:\/\/portaltela.pt\/noticias\/2026\/04\/27\/encontro-fora-da-caixa-discute-construir-um-pais-de-referencia\/#primaryimage"},"thumbnailUrl":"https:\/\/portaltela.pt\/s.01k8rhncp4jt1\/2026\/04\/image-1529.jpg","datePublished":"2026-04-27T15:38:00+00:00","author":{"@id":"https:\/\/portaltela.pt\/#\/schema\/person\/c4278d4a6028830caff9ee44b42d32ed"},"breadcrumb":{"@id":"https:\/\/portaltela.pt\/noticias\/2026\/04\/27\/encontro-fora-da-caixa-discute-construir-um-pais-de-referencia\/#breadcrumb"},"inLanguage":"pt-PT","potentialAction":[{"@type":"ReadAction","target":["https:\/\/portaltela.pt\/noticias\/2026\/04\/27\/encontro-fora-da-caixa-discute-construir-um-pais-de-referencia\/"]}]},{"@type":"ImageObject","inLanguage":"pt-PT","@id":"https:\/\/portaltela.pt\/noticias\/2026\/04\/27\/encontro-fora-da-caixa-discute-construir-um-pais-de-referencia\/#primaryimage","url":"https:\/\/portaltela.pt\/s.01k8rhncp4jt1\/2026\/04\/image-1529.jpg","contentUrl":"https:\/\/portaltela.pt\/s.01k8rhncp4jt1\/2026\/04\/image-1529.jpg","width":796,"height":448,"caption":"Imagem de contexto do artigo Encontro Fora da Caixa - Construir um Pa\u00eds de Refer\u00eancia"},{"@type":"BreadcrumbList","@id":"https:\/\/portaltela.pt\/noticias\/2026\/04\/27\/encontro-fora-da-caixa-discute-construir-um-pais-de-referencia\/#breadcrumb","itemListElement":[{"@type":"ListItem","position":1,"name":"In\u00edcio","item":"https:\/\/portaltela.pt\/"},{"@type":"ListItem","position":2,"name":"Encontro Fora da Caixa discute construir um pa\u00eds de refer\u00eancia"}]},{"@type":"WebSite","@id":"https:\/\/portaltela.pt\/#website","url":"https:\/\/portaltela.pt\/","name":"Portal Tela Portugal","description":"","potentialAction":[{"@type":"SearchAction","target":{"@type":"EntryPoint","urlTemplate":"https:\/\/portaltela.pt\/?s={search_term_string}"},"query-input":{"@type":"PropertyValueSpecification","valueRequired":true,"valueName":"search_term_string"}}],"inLanguage":"pt-PT"},{"@type":"Person","@id":"https:\/\/portaltela.pt\/#\/schema\/person\/c4278d4a6028830caff9ee44b42d32ed","name":"Telinha","image":{"@type":"ImageObject","inLanguage":"pt-PT","@id":"https:\/\/portaltela.pt\/s.01k8rhncp4jt1\/2025\/11\/talking-bot-125x125.png","url":"https:\/\/portaltela.pt\/s.01k8rhncp4jt1\/2025\/11\/talking-bot-125x125.png","contentUrl":"https:\/\/portaltela.pt\/s.01k8rhncp4jt1\/2025\/11\/talking-bot-125x125.png","caption":"Telinha"},"sameAs":["https:\/\/portaltela.pt\/"],"url":"https:\/\/portaltela.pt\/por\/367410592786\/"}]}},"_links":{"self":[{"href":"https:\/\/portaltela.pt\/api\/wp\/v2\/posts\/458516","targetHints":{"allow":["GET"]}}],"collection":[{"href":"https:\/\/portaltela.pt\/api\/wp\/v2\/posts"}],"about":[{"href":"https:\/\/portaltela.pt\/api\/wp\/v2\/types\/post"}],"author":[{"embeddable":true,"href":"https:\/\/portaltela.pt\/api\/wp\/v2\/users\/2"}],"replies":[{"embeddable":true,"href":"https:\/\/portaltela.pt\/api\/wp\/v2\/comments?post=458516"}],"version-history":[{"count":0,"href":"https:\/\/portaltela.pt\/api\/wp\/v2\/posts\/458516\/revisions"}],"wp:featuredmedia":[{"embeddable":true,"href":"https:\/\/portaltela.pt\/api\/wp\/v2\/media\/458520"}],"wp:attachment":[{"href":"https:\/\/portaltela.pt\/api\/wp\/v2\/media?parent=458516"}],"wp:term":[{"taxonomy":"category","embeddable":true,"href":"https:\/\/portaltela.pt\/api\/wp\/v2\/categories?post=458516"},{"taxonomy":"post_tag","embeddable":true,"href":"https:\/\/portaltela.pt\/api\/wp\/v2\/tags?post=458516"}],"curies":[{"name":"wp","href":"https:\/\/api.w.org\/{rel}","templated":true}]}}