{"id":458495,"date":"2026-04-27T12:33:48","date_gmt":"2026-04-27T15:33:48","guid":{"rendered":"https:\/\/portaltela.pt\/noticias\/2026\/04\/27\/barreira-das-duas-horas-na-maratona-e-quebrada-porque-agora\/"},"modified":"2026-04-27T12:33:48","modified_gmt":"2026-04-27T15:33:48","slug":"barreira-das-duas-horas-na-maratona-e-quebrada-porque-agora","status":"publish","type":"post","link":"https:\/\/portaltela.pt\/desporto\/futebol\/2026\/04\/27\/barreira-das-duas-horas-na-maratona-e-quebrada-porque-agora\/","title":{"rendered":"Barreira das duas horas na maratona \u00e9 quebrada: porqu\u00ea agora?"},"content":{"rendered":"<p>Dois corredores romperam a barreira das duas horas na maratona masculina de Londres, marcando uma mudan\u00e7a de era no atletismo de fundo. Sebastian Sawe, do Qu\u00e9nia, concluiu a prova em 1:59:30, enquanto Yomif Kejelcha, da Eti\u00f3pia, terminou em 1:59:41. Foi a primeira vez que uma maratona oficial registou tempos abaixo de 2 horas, em condi\u00e7\u00f5es normais de competi\u00e7\u00e3o.<\/p>\n<p>A prova, realizada em Londres, contou com cerca de 59 000 participantes. Sawe afirmou sentir-se motivado pelo apoio da multid\u00e3o e pela press\u00e3o positiva que o ambiente gerou. A presen\u00e7a de Kejelcha, pela primeira vez na maratona, tamb\u00e9m impactou o ritmo do duo ao longo dos 42,195 km.<\/p>\n<p>A quest\u00e3o que fica \u00e9 como este marco foi alcan\u00e7ado. Especialistas apontam para uma conjuga\u00e7\u00e3o de fatores que v\u00e3o al\u00e9m do talento individual. O clima na cidade, com temperaturas entre 10 e 15\u00b0C e vento favor\u00e1vel, foi citado como um elemento favor\u00e1vel ao desempenho.<\/p>\n<h3>Fatores e impactos<\/h3>\n<p>Analistas destacam a influ\u00eancia de pacemakers e do estado psicol\u00f3gico na obten\u00e7\u00e3o de tais tempos. A aus\u00eancia de condi\u00e7\u00f5es controladas, por\u00e9m, n\u00e3o impediu Sawe e Kejelcha de explorarem ao m\u00e1ximo o sistema de corrida. A ambi\u00eancia de apoio ao longo do percurso tamb\u00e9m \u00e9 mencionada como fator de est\u00edmulo.<\/p>\n<h3>Tecnologia e treino<\/h3>\n<p>Observa-se tamb\u00e9m a presen\u00e7a de tecnologia de reprodu\u00e7\u00e3o de corridas, com os atletas a utilizarem sapatos de peso muito reduzido, cerca de 97 gramas. Quase todos os primeiros cinco classificados tinham patroc\u00ednio da mesma marca, o que levanta quest\u00f5es sobre o peso da tecnologia na performance.<\/p>\n<h3>Perspectivas do esporte<\/h3>\n<p>Cientistas destacam que os supershoes podem aumentar a economia de corrida em at\u00e9 6%, com varia\u00e7\u00e3o entre atletas. A discuss\u00e3o aponta para a necessidade de enquadrar o progresso dentro de regras e de avaliar o que exatamente est\u00e1 a ser medido quando se batem recordes.<\/p>\n<h3>Futuro das maratonas<\/h3>\n<p>Mesmo com este marco, a maratona de Londres n\u00e3o \u00e9 a pista mais r\u00e1pida do circuito. Eventos como Berlim mant\u00eam condi\u00e7\u00f5es que costumam favorecer tempos ainda mais baixos. A evolu\u00e7\u00e3o poder\u00e1 seguir explorando tanto o lado humano como o tecnol\u00f3gico, sem conclus\u00f5es definitivas.<\/p>\n","protected":false},"excerpt":{"rendered":"<ul>\n<li>Dois atletas masculinos quebraram pela primeira vez a barreira das duas horas na maratona de Londres, com tempos de 1:59:30 e 1:59:41.<\/li>\n<li>Foi a primeira vez que uma prova oficial teve dois corredores abaixo das duas horas, diferente do que aconteceu em condi\u00e7\u00f5es controladas com Eliud Kipchoge.<\/li>\n<li>O ambiente da cidade, a participa\u00e7\u00e3o massiva e a presen\u00e7a de pacemakers contribu\u00edram para o desempenho, segundo especialistas e atletas.<\/li>\n<li>Factores tecnol\u00f3gicos, incluindo sapatilhas ultraleves, foram apontados como parte determinante no resultado, com atletas a usar modelos de cerca de 97 gramas.<\/li>\n<li>Analistas apontam que o sistema completo \u2014 treino, equipa, climatologia e tecnologia \u2014 explica, em parte, estes recordes, levantando a quest\u00e3o sobre at\u00e9 onde a tecnologia pode influenciar o desempenho humano.<\/li>\n<\/ul>\n","protected":false},"author":2,"featured_media":458506,"comment_status":"closed","ping_status":"closed","sticky":false,"template":"","format":"standard","meta":{"footnotes":""},"categories":[21,24],"tags":[8705,7902,9725,7989,2376,5777],"class_list":["post-458495","post","type-post","status-publish","format-standard","has-post-thumbnail","hentry","category-desporto","category-futebol","tag-_atletismo","tag-_desporto","tag-_sapatos","tag-_tecnologia","tag-londres","tag-pacemakers"],"yoast_head":"<!-- This site is optimized with the Yoast SEO plugin v27.2 - https:\/\/yoast.com\/product\/yoast-seo-wordpress\/ -->\n<title>Barreira das duas horas na maratona \u00e9 quebrada: porqu\u00ea agora? - Portal Tela Portugal<\/title>\n<meta name=\"robots\" content=\"index, follow, max-snippet:-1, max-image-preview:large, max-video-preview:-1\" \/>\n<meta property=\"og:locale\" content=\"pt_PT\" \/>\n<meta property=\"og:type\" content=\"article\" \/>\n<meta property=\"og:title\" content=\"Barreira das duas horas na maratona \u00e9 quebrada: porqu\u00ea agora? - Portal Tela Portugal\" \/>\n<meta property=\"og:description\" content=\"Dois atletas masculinos quebraram pela primeira vez a barreira das duas horas na maratona de Londres, com tempos de 1:59:30 e 1:59:41. Foi a primeira vez que uma prova oficial teve dois corredores abaixo das duas horas, diferente do que aconteceu em condi\u00e7\u00f5es controladas com Eliud Kipchoge. O ambiente da cidade, a participa\u00e7\u00e3o massiva e a presen\u00e7a de pacemakers contribu\u00edram para o desempenho, segundo especialistas e atletas. Factores tecnol\u00f3gicos, incluindo sapatilhas ultraleves, foram apontados como parte determinante no resultado, com atletas a usar modelos de cerca de 97 gramas. Analistas apontam que o sistema completo \u2014 treino, equipa, climatologia e tecnologia \u2014 explica, em parte, estes recordes, levantando a quest\u00e3o sobre at\u00e9 onde a tecnologia pode influenciar o desempenho humano.\" \/>\n<meta property=\"og:url\" content=\"https:\/\/portaltela.pt\/noticias\/2026\/04\/27\/barreira-das-duas-horas-na-maratona-e-quebrada-porque-agora\/\" \/>\n<meta property=\"og:site_name\" content=\"Portal Tela Portugal\" \/>\n<meta property=\"article:published_time\" content=\"2026-04-27T15:33:48+00:00\" \/>\n<meta name=\"author\" content=\"Telinha\" \/>\n<meta name=\"twitter:card\" content=\"summary_large_image\" \/>\n<meta name=\"twitter:label1\" content=\"Escrito por\" \/>\n\t<meta name=\"twitter:data1\" content=\"Telinha\" \/>\n\t<meta name=\"twitter:label2\" content=\"Tempo estimado de leitura\" \/>\n\t<meta name=\"twitter:data2\" content=\"2 minutos\" \/>\n<script type=\"application\/ld+json\" class=\"yoast-schema-graph\">{\"@context\":\"https:\/\/schema.org\",\"@graph\":[{\"@type\":\"Article\",\"@id\":\"https:\/\/portaltela.pt\/noticias\/2026\/04\/27\/barreira-das-duas-horas-na-maratona-e-quebrada-porque-agora\/#article\",\"isPartOf\":{\"@id\":\"https:\/\/portaltela.pt\/noticias\/2026\/04\/27\/barreira-das-duas-horas-na-maratona-e-quebrada-porque-agora\/\"},\"author\":{\"name\":\"Telinha\",\"@id\":\"https:\/\/portaltela.pt\/#\/schema\/person\/c4278d4a6028830caff9ee44b42d32ed\"},\"headline\":\"Barreira das duas horas na maratona \u00e9 quebrada: porqu\u00ea agora?\",\"datePublished\":\"2026-04-27T15:33:48+00:00\",\"mainEntityOfPage\":{\"@id\":\"https:\/\/portaltela.pt\/noticias\/2026\/04\/27\/barreira-das-duas-horas-na-maratona-e-quebrada-porque-agora\/\"},\"wordCount\":383,\"image\":{\"@id\":\"https:\/\/portaltela.pt\/noticias\/2026\/04\/27\/barreira-das-duas-horas-na-maratona-e-quebrada-porque-agora\/#primaryimage\"},\"thumbnailUrl\":\"https:\/\/portaltela.pt\/s.01k8rhncp4jt1\/2026\/04\/1536x864_cmsv2_4bac7ace-6076-51cd-bd13-1e83955e1131-9737783.jpg\",\"keywords\":[\"_atletismo\",\"_desporto\",\"_sapatos\",\"_tecnologia\",\"Londres\",\"pacemakers\"],\"articleSection\":[\"Desporto\",\"Futebol\"],\"inLanguage\":\"pt-PT\"},{\"@type\":\"WebPage\",\"@id\":\"https:\/\/portaltela.pt\/noticias\/2026\/04\/27\/barreira-das-duas-horas-na-maratona-e-quebrada-porque-agora\/\",\"url\":\"https:\/\/portaltela.pt\/noticias\/2026\/04\/27\/barreira-das-duas-horas-na-maratona-e-quebrada-porque-agora\/\",\"name\":\"Barreira das duas horas na maratona \u00e9 quebrada: porqu\u00ea agora? - Portal Tela Portugal\",\"isPartOf\":{\"@id\":\"https:\/\/portaltela.pt\/#website\"},\"primaryImageOfPage\":{\"@id\":\"https:\/\/portaltela.pt\/noticias\/2026\/04\/27\/barreira-das-duas-horas-na-maratona-e-quebrada-porque-agora\/#primaryimage\"},\"image\":{\"@id\":\"https:\/\/portaltela.pt\/noticias\/2026\/04\/27\/barreira-das-duas-horas-na-maratona-e-quebrada-porque-agora\/#primaryimage\"},\"thumbnailUrl\":\"https:\/\/portaltela.pt\/s.01k8rhncp4jt1\/2026\/04\/1536x864_cmsv2_4bac7ace-6076-51cd-bd13-1e83955e1131-9737783.jpg\",\"datePublished\":\"2026-04-27T15:33:48+00:00\",\"author\":{\"@id\":\"https:\/\/portaltela.pt\/#\/schema\/person\/c4278d4a6028830caff9ee44b42d32ed\"},\"breadcrumb\":{\"@id\":\"https:\/\/portaltela.pt\/noticias\/2026\/04\/27\/barreira-das-duas-horas-na-maratona-e-quebrada-porque-agora\/#breadcrumb\"},\"inLanguage\":\"pt-PT\",\"potentialAction\":[{\"@type\":\"ReadAction\",\"target\":[\"https:\/\/portaltela.pt\/noticias\/2026\/04\/27\/barreira-das-duas-horas-na-maratona-e-quebrada-porque-agora\/\"]}]},{\"@type\":\"ImageObject\",\"inLanguage\":\"pt-PT\",\"@id\":\"https:\/\/portaltela.pt\/noticias\/2026\/04\/27\/barreira-das-duas-horas-na-maratona-e-quebrada-porque-agora\/#primaryimage\",\"url\":\"https:\/\/portaltela.pt\/s.01k8rhncp4jt1\/2026\/04\/1536x864_cmsv2_4bac7ace-6076-51cd-bd13-1e83955e1131-9737783.jpg\",\"contentUrl\":\"https:\/\/portaltela.pt\/s.01k8rhncp4jt1\/2026\/04\/1536x864_cmsv2_4bac7ace-6076-51cd-bd13-1e83955e1131-9737783.jpg\",\"width\":796,\"height\":448,\"caption\":\"Sebastian Sawe e Yomif Kejelcha correram 42 quil\u00f3metros em menos de 2 horas. Os atletas mais bem sucedidos na maratona de Londres 2026 tinham uma coisa em comum.\"},{\"@type\":\"BreadcrumbList\",\"@id\":\"https:\/\/portaltela.pt\/noticias\/2026\/04\/27\/barreira-das-duas-horas-na-maratona-e-quebrada-porque-agora\/#breadcrumb\",\"itemListElement\":[{\"@type\":\"ListItem\",\"position\":1,\"name\":\"In\u00edcio\",\"item\":\"https:\/\/portaltela.pt\/\"},{\"@type\":\"ListItem\",\"position\":2,\"name\":\"Barreira das duas horas na maratona \u00e9 quebrada: porqu\u00ea agora?\"}]},{\"@type\":\"WebSite\",\"@id\":\"https:\/\/portaltela.pt\/#website\",\"url\":\"https:\/\/portaltela.pt\/\",\"name\":\"Portal Tela Portugal\",\"description\":\"\",\"potentialAction\":[{\"@type\":\"SearchAction\",\"target\":{\"@type\":\"EntryPoint\",\"urlTemplate\":\"https:\/\/portaltela.pt\/?s={search_term_string}\"},\"query-input\":{\"@type\":\"PropertyValueSpecification\",\"valueRequired\":true,\"valueName\":\"search_term_string\"}}],\"inLanguage\":\"pt-PT\"},{\"@type\":\"Person\",\"@id\":\"https:\/\/portaltela.pt\/#\/schema\/person\/c4278d4a6028830caff9ee44b42d32ed\",\"name\":\"Telinha\",\"image\":{\"@type\":\"ImageObject\",\"inLanguage\":\"pt-PT\",\"@id\":\"https:\/\/portaltela.pt\/s.01k8rhncp4jt1\/2025\/11\/talking-bot-125x125.png\",\"url\":\"https:\/\/portaltela.pt\/s.01k8rhncp4jt1\/2025\/11\/talking-bot-125x125.png\",\"contentUrl\":\"https:\/\/portaltela.pt\/s.01k8rhncp4jt1\/2025\/11\/talking-bot-125x125.png\",\"caption\":\"Telinha\"},\"sameAs\":[\"https:\/\/portaltela.pt\/\"],\"url\":\"https:\/\/portaltela.pt\/por\/367410592786\/\"}]}<\/script>\n<!-- \/ Yoast SEO plugin. -->","yoast_head_json":{"title":"Barreira das duas horas na maratona \u00e9 quebrada: porqu\u00ea agora? - Portal Tela Portugal","robots":{"index":"index","follow":"follow","max-snippet":"max-snippet:-1","max-image-preview":"max-image-preview:large","max-video-preview":"max-video-preview:-1"},"og_locale":"pt_PT","og_type":"article","og_title":"Barreira das duas horas na maratona \u00e9 quebrada: porqu\u00ea agora? - Portal Tela Portugal","og_description":"Dois atletas masculinos quebraram pela primeira vez a barreira das duas horas na maratona de Londres, com tempos de 1:59:30 e 1:59:41. Foi a primeira vez que uma prova oficial teve dois corredores abaixo das duas horas, diferente do que aconteceu em condi\u00e7\u00f5es controladas com Eliud Kipchoge. O ambiente da cidade, a participa\u00e7\u00e3o massiva e a presen\u00e7a de pacemakers contribu\u00edram para o desempenho, segundo especialistas e atletas. Factores tecnol\u00f3gicos, incluindo sapatilhas ultraleves, foram apontados como parte determinante no resultado, com atletas a usar modelos de cerca de 97 gramas. Analistas apontam que o sistema completo \u2014 treino, equipa, climatologia e tecnologia \u2014 explica, em parte, estes recordes, levantando a quest\u00e3o sobre at\u00e9 onde a tecnologia pode influenciar o desempenho humano.","og_url":"https:\/\/portaltela.pt\/noticias\/2026\/04\/27\/barreira-das-duas-horas-na-maratona-e-quebrada-porque-agora\/","og_site_name":"Portal Tela Portugal","article_published_time":"2026-04-27T15:33:48+00:00","author":"Telinha","twitter_card":"summary_large_image","twitter_misc":{"Escrito por":"Telinha","Tempo estimado de leitura":"2 minutos"},"schema":{"@context":"https:\/\/schema.org","@graph":[{"@type":"Article","@id":"https:\/\/portaltela.pt\/noticias\/2026\/04\/27\/barreira-das-duas-horas-na-maratona-e-quebrada-porque-agora\/#article","isPartOf":{"@id":"https:\/\/portaltela.pt\/noticias\/2026\/04\/27\/barreira-das-duas-horas-na-maratona-e-quebrada-porque-agora\/"},"author":{"name":"Telinha","@id":"https:\/\/portaltela.pt\/#\/schema\/person\/c4278d4a6028830caff9ee44b42d32ed"},"headline":"Barreira das duas horas na maratona \u00e9 quebrada: porqu\u00ea agora?","datePublished":"2026-04-27T15:33:48+00:00","mainEntityOfPage":{"@id":"https:\/\/portaltela.pt\/noticias\/2026\/04\/27\/barreira-das-duas-horas-na-maratona-e-quebrada-porque-agora\/"},"wordCount":383,"image":{"@id":"https:\/\/portaltela.pt\/noticias\/2026\/04\/27\/barreira-das-duas-horas-na-maratona-e-quebrada-porque-agora\/#primaryimage"},"thumbnailUrl":"https:\/\/portaltela.pt\/s.01k8rhncp4jt1\/2026\/04\/1536x864_cmsv2_4bac7ace-6076-51cd-bd13-1e83955e1131-9737783.jpg","keywords":["_atletismo","_desporto","_sapatos","_tecnologia","Londres","pacemakers"],"articleSection":["Desporto","Futebol"],"inLanguage":"pt-PT"},{"@type":"WebPage","@id":"https:\/\/portaltela.pt\/noticias\/2026\/04\/27\/barreira-das-duas-horas-na-maratona-e-quebrada-porque-agora\/","url":"https:\/\/portaltela.pt\/noticias\/2026\/04\/27\/barreira-das-duas-horas-na-maratona-e-quebrada-porque-agora\/","name":"Barreira das duas horas na maratona \u00e9 quebrada: porqu\u00ea agora? - Portal Tela Portugal","isPartOf":{"@id":"https:\/\/portaltela.pt\/#website"},"primaryImageOfPage":{"@id":"https:\/\/portaltela.pt\/noticias\/2026\/04\/27\/barreira-das-duas-horas-na-maratona-e-quebrada-porque-agora\/#primaryimage"},"image":{"@id":"https:\/\/portaltela.pt\/noticias\/2026\/04\/27\/barreira-das-duas-horas-na-maratona-e-quebrada-porque-agora\/#primaryimage"},"thumbnailUrl":"https:\/\/portaltela.pt\/s.01k8rhncp4jt1\/2026\/04\/1536x864_cmsv2_4bac7ace-6076-51cd-bd13-1e83955e1131-9737783.jpg","datePublished":"2026-04-27T15:33:48+00:00","author":{"@id":"https:\/\/portaltela.pt\/#\/schema\/person\/c4278d4a6028830caff9ee44b42d32ed"},"breadcrumb":{"@id":"https:\/\/portaltela.pt\/noticias\/2026\/04\/27\/barreira-das-duas-horas-na-maratona-e-quebrada-porque-agora\/#breadcrumb"},"inLanguage":"pt-PT","potentialAction":[{"@type":"ReadAction","target":["https:\/\/portaltela.pt\/noticias\/2026\/04\/27\/barreira-das-duas-horas-na-maratona-e-quebrada-porque-agora\/"]}]},{"@type":"ImageObject","inLanguage":"pt-PT","@id":"https:\/\/portaltela.pt\/noticias\/2026\/04\/27\/barreira-das-duas-horas-na-maratona-e-quebrada-porque-agora\/#primaryimage","url":"https:\/\/portaltela.pt\/s.01k8rhncp4jt1\/2026\/04\/1536x864_cmsv2_4bac7ace-6076-51cd-bd13-1e83955e1131-9737783.jpg","contentUrl":"https:\/\/portaltela.pt\/s.01k8rhncp4jt1\/2026\/04\/1536x864_cmsv2_4bac7ace-6076-51cd-bd13-1e83955e1131-9737783.jpg","width":796,"height":448,"caption":"Sebastian Sawe e Yomif Kejelcha correram 42 quil\u00f3metros em menos de 2 horas. Os atletas mais bem sucedidos na maratona de Londres 2026 tinham uma coisa em comum."},{"@type":"BreadcrumbList","@id":"https:\/\/portaltela.pt\/noticias\/2026\/04\/27\/barreira-das-duas-horas-na-maratona-e-quebrada-porque-agora\/#breadcrumb","itemListElement":[{"@type":"ListItem","position":1,"name":"In\u00edcio","item":"https:\/\/portaltela.pt\/"},{"@type":"ListItem","position":2,"name":"Barreira das duas horas na maratona \u00e9 quebrada: porqu\u00ea agora?"}]},{"@type":"WebSite","@id":"https:\/\/portaltela.pt\/#website","url":"https:\/\/portaltela.pt\/","name":"Portal Tela Portugal","description":"","potentialAction":[{"@type":"SearchAction","target":{"@type":"EntryPoint","urlTemplate":"https:\/\/portaltela.pt\/?s={search_term_string}"},"query-input":{"@type":"PropertyValueSpecification","valueRequired":true,"valueName":"search_term_string"}}],"inLanguage":"pt-PT"},{"@type":"Person","@id":"https:\/\/portaltela.pt\/#\/schema\/person\/c4278d4a6028830caff9ee44b42d32ed","name":"Telinha","image":{"@type":"ImageObject","inLanguage":"pt-PT","@id":"https:\/\/portaltela.pt\/s.01k8rhncp4jt1\/2025\/11\/talking-bot-125x125.png","url":"https:\/\/portaltela.pt\/s.01k8rhncp4jt1\/2025\/11\/talking-bot-125x125.png","contentUrl":"https:\/\/portaltela.pt\/s.01k8rhncp4jt1\/2025\/11\/talking-bot-125x125.png","caption":"Telinha"},"sameAs":["https:\/\/portaltela.pt\/"],"url":"https:\/\/portaltela.pt\/por\/367410592786\/"}]}},"_links":{"self":[{"href":"https:\/\/portaltela.pt\/api\/wp\/v2\/posts\/458495","targetHints":{"allow":["GET"]}}],"collection":[{"href":"https:\/\/portaltela.pt\/api\/wp\/v2\/posts"}],"about":[{"href":"https:\/\/portaltela.pt\/api\/wp\/v2\/types\/post"}],"author":[{"embeddable":true,"href":"https:\/\/portaltela.pt\/api\/wp\/v2\/users\/2"}],"replies":[{"embeddable":true,"href":"https:\/\/portaltela.pt\/api\/wp\/v2\/comments?post=458495"}],"version-history":[{"count":0,"href":"https:\/\/portaltela.pt\/api\/wp\/v2\/posts\/458495\/revisions"}],"wp:featuredmedia":[{"embeddable":true,"href":"https:\/\/portaltela.pt\/api\/wp\/v2\/media\/458506"}],"wp:attachment":[{"href":"https:\/\/portaltela.pt\/api\/wp\/v2\/media?parent=458495"}],"wp:term":[{"taxonomy":"category","embeddable":true,"href":"https:\/\/portaltela.pt\/api\/wp\/v2\/categories?post=458495"},{"taxonomy":"post_tag","embeddable":true,"href":"https:\/\/portaltela.pt\/api\/wp\/v2\/tags?post=458495"}],"curies":[{"name":"wp","href":"https:\/\/api.w.org\/{rel}","templated":true}]}}