{"id":458488,"date":"2026-04-27T12:33:42","date_gmt":"2026-04-27T15:33:42","guid":{"rendered":"https:\/\/portaltela.pt\/noticias\/2026\/04\/27\/toy-critica-donald-trump-com-palavras-contundentes-no-fala-barato\/"},"modified":"2026-04-27T12:33:42","modified_gmt":"2026-04-27T15:33:42","slug":"toy-critica-donald-trump-com-palavras-contundentes-no-fala-barato","status":"publish","type":"post","link":"https:\/\/portaltela.pt\/celebridades\/2026\/04\/27\/toy-critica-donald-trump-com-palavras-contundentes-no-fala-barato\/","title":{"rendered":"Toy critica Donald Trump com palavras contundentes no Fala Barato"},"content":{"rendered":"<p>A rubrica Fala Barato, apresentada por Eduardo Madeira na Correio da Manh\u00e3 R\u00e1dio, volta a colocar em debate as palavras proferidas por Toy sobre Donald Trump. A pergunta da rubrica \u00e9 clara: o que acharam as declara\u00e7\u00f5es do artista sobre o ex-presidente norte\u2011americano?<\/p>\n<p>O programa \u00e9 transmitido diariamente na Correio da Manh\u00e3 R\u00e1dio. Nesta edi\u00e7\u00e3o de 27 de abril de 2026, a discuss\u00e3o centrou\u2011se nas palavras contundentes de Toy dirigidas a Donald Trump, com Madeira a conduzir o debate ao longo do espa\u00e7o.<\/p>\n<p>N\u00e3o h\u00e1, neste momento, informa\u00e7\u00f5es adicionais sobre poss\u00edveis rea\u00e7\u00f5es de terceiros nem sobre consequ\u00eancias p\u00fablicas ou pol\u00edticas das declara\u00e7\u00f5es. O foco permanece na an\u00e1lise do conte\u00fado falado por Toy e na perspetiva apresentada por Eduardo Madeira.<\/p>\n","protected":false},"excerpt":{"rendered":"<ul>\n<li>O programa &#8220;Fala Barato&#8221; \u00e9 assinado por Eduardo Madeira e vai ao ar na Correio da Manh\u00e3 R\u00e1dio.<\/li>\n<li>O tema em foco \u00e9 as palavras contundentes de Toy contra Donald Trump.<\/li>\n<li>O conte\u00fado \u00e9 apresentado atrav\u00e9s de uma pergunta central sobre a opini\u00e3o do p\u00fablico.<\/li>\n<li>A p\u00e1gina inclui uma imagem associada ao &#8220;Fala Barato&#8221; com refer\u00eancia \u00e0 rubrica.<\/li>\n<\/ul>\n","protected":false},"author":2,"featured_media":458496,"comment_status":"closed","ping_status":"closed","sticky":false,"template":"","format":"standard","meta":{"footnotes":""},"categories":[6675],"tags":[76,7766,4953,6101,2832,7439],"class_list":["post-458488","post","type-post","status-publish","format-standard","has-post-thumbnail","hentry","category-celebridades","tag-celebridades","tag-criticas","tag-donald-trump","tag-entrevistas","tag-politica","tag-politica-externa"],"yoast_head":"<!-- This site is optimized with the Yoast SEO plugin v27.2 - https:\/\/yoast.com\/product\/yoast-seo-wordpress\/ -->\n<title>Toy critica Donald Trump com palavras contundentes no Fala Barato - Portal Tela Portugal<\/title>\n<meta name=\"robots\" content=\"index, follow, max-snippet:-1, max-image-preview:large, max-video-preview:-1\" \/>\n<meta property=\"og:locale\" content=\"pt_PT\" \/>\n<meta property=\"og:type\" content=\"article\" \/>\n<meta property=\"og:title\" content=\"Toy critica Donald Trump com palavras contundentes no Fala Barato - Portal Tela Portugal\" \/>\n<meta property=\"og:description\" content=\"O programa &quot;Fala Barato&quot; \u00e9 assinado por Eduardo Madeira e vai ao ar na Correio da Manh\u00e3 R\u00e1dio. O tema em foco \u00e9 as palavras contundentes de Toy contra Donald Trump. O conte\u00fado \u00e9 apresentado atrav\u00e9s de uma pergunta central sobre a opini\u00e3o do p\u00fablico. A p\u00e1gina inclui uma imagem associada ao &quot;Fala Barato&quot; com refer\u00eancia \u00e0 rubrica.\" \/>\n<meta property=\"og:url\" content=\"https:\/\/portaltela.pt\/noticias\/2026\/04\/27\/toy-critica-donald-trump-com-palavras-contundentes-no-fala-barato\/\" \/>\n<meta property=\"og:site_name\" content=\"Portal Tela Portugal\" \/>\n<meta property=\"article:published_time\" content=\"2026-04-27T15:33:42+00:00\" \/>\n<meta name=\"author\" content=\"Telinha\" \/>\n<meta name=\"twitter:card\" content=\"summary_large_image\" \/>\n<meta name=\"twitter:label1\" content=\"Escrito por\" \/>\n\t<meta name=\"twitter:data1\" content=\"Telinha\" \/>\n\t<meta name=\"twitter:label2\" content=\"Tempo estimado de leitura\" \/>\n\t<meta name=\"twitter:data2\" content=\"1 minuto\" \/>\n<script type=\"application\/ld+json\" class=\"yoast-schema-graph\">{\"@context\":\"https:\/\/schema.org\",\"@graph\":[{\"@type\":\"Article\",\"@id\":\"https:\/\/portaltela.pt\/noticias\/2026\/04\/27\/toy-critica-donald-trump-com-palavras-contundentes-no-fala-barato\/#article\",\"isPartOf\":{\"@id\":\"https:\/\/portaltela.pt\/noticias\/2026\/04\/27\/toy-critica-donald-trump-com-palavras-contundentes-no-fala-barato\/\"},\"author\":{\"name\":\"Telinha\",\"@id\":\"https:\/\/portaltela.pt\/#\/schema\/person\/c4278d4a6028830caff9ee44b42d32ed\"},\"headline\":\"Toy critica Donald Trump com palavras contundentes no Fala Barato\",\"datePublished\":\"2026-04-27T15:33:42+00:00\",\"mainEntityOfPage\":{\"@id\":\"https:\/\/portaltela.pt\/noticias\/2026\/04\/27\/toy-critica-donald-trump-com-palavras-contundentes-no-fala-barato\/\"},\"wordCount\":143,\"image\":{\"@id\":\"https:\/\/portaltela.pt\/noticias\/2026\/04\/27\/toy-critica-donald-trump-com-palavras-contundentes-no-fala-barato\/#primaryimage\"},\"thumbnailUrl\":\"https:\/\/portaltela.pt\/s.01k8rhncp4jt1\/2026\/04\/img_1280x722uu2026-04-27-16-17-45-2281360.jpg\",\"keywords\":[\"celebridades\",\"cr\u00edticas\",\"Donald Trump\",\"entrevistas\",\"pol\u00edtica\",\"pol\u00edtica externa\"],\"articleSection\":[\"Celebridades\"],\"inLanguage\":\"pt-PT\"},{\"@type\":\"WebPage\",\"@id\":\"https:\/\/portaltela.pt\/noticias\/2026\/04\/27\/toy-critica-donald-trump-com-palavras-contundentes-no-fala-barato\/\",\"url\":\"https:\/\/portaltela.pt\/noticias\/2026\/04\/27\/toy-critica-donald-trump-com-palavras-contundentes-no-fala-barato\/\",\"name\":\"Toy critica Donald Trump com palavras contundentes no Fala Barato - Portal Tela Portugal\",\"isPartOf\":{\"@id\":\"https:\/\/portaltela.pt\/#website\"},\"primaryImageOfPage\":{\"@id\":\"https:\/\/portaltela.pt\/noticias\/2026\/04\/27\/toy-critica-donald-trump-com-palavras-contundentes-no-fala-barato\/#primaryimage\"},\"image\":{\"@id\":\"https:\/\/portaltela.pt\/noticias\/2026\/04\/27\/toy-critica-donald-trump-com-palavras-contundentes-no-fala-barato\/#primaryimage\"},\"thumbnailUrl\":\"https:\/\/portaltela.pt\/s.01k8rhncp4jt1\/2026\/04\/img_1280x722uu2026-04-27-16-17-45-2281360.jpg\",\"datePublished\":\"2026-04-27T15:33:42+00:00\",\"author\":{\"@id\":\"https:\/\/portaltela.pt\/#\/schema\/person\/c4278d4a6028830caff9ee44b42d32ed\"},\"breadcrumb\":{\"@id\":\"https:\/\/portaltela.pt\/noticias\/2026\/04\/27\/toy-critica-donald-trump-com-palavras-contundentes-no-fala-barato\/#breadcrumb\"},\"inLanguage\":\"pt-PT\",\"potentialAction\":[{\"@type\":\"ReadAction\",\"target\":[\"https:\/\/portaltela.pt\/noticias\/2026\/04\/27\/toy-critica-donald-trump-com-palavras-contundentes-no-fala-barato\/\"]}]},{\"@type\":\"ImageObject\",\"inLanguage\":\"pt-PT\",\"@id\":\"https:\/\/portaltela.pt\/noticias\/2026\/04\/27\/toy-critica-donald-trump-com-palavras-contundentes-no-fala-barato\/#primaryimage\",\"url\":\"https:\/\/portaltela.pt\/s.01k8rhncp4jt1\/2026\/04\/img_1280x722uu2026-04-27-16-17-45-2281360.jpg\",\"contentUrl\":\"https:\/\/portaltela.pt\/s.01k8rhncp4jt1\/2026\/04\/img_1280x722uu2026-04-27-16-17-45-2281360.jpg\",\"width\":796,\"height\":448,\"caption\":\"Photo\"},{\"@type\":\"BreadcrumbList\",\"@id\":\"https:\/\/portaltela.pt\/noticias\/2026\/04\/27\/toy-critica-donald-trump-com-palavras-contundentes-no-fala-barato\/#breadcrumb\",\"itemListElement\":[{\"@type\":\"ListItem\",\"position\":1,\"name\":\"In\u00edcio\",\"item\":\"https:\/\/portaltela.pt\/\"},{\"@type\":\"ListItem\",\"position\":2,\"name\":\"Toy critica Donald Trump com palavras contundentes no Fala Barato\"}]},{\"@type\":\"WebSite\",\"@id\":\"https:\/\/portaltela.pt\/#website\",\"url\":\"https:\/\/portaltela.pt\/\",\"name\":\"Portal Tela Portugal\",\"description\":\"\",\"potentialAction\":[{\"@type\":\"SearchAction\",\"target\":{\"@type\":\"EntryPoint\",\"urlTemplate\":\"https:\/\/portaltela.pt\/?s={search_term_string}\"},\"query-input\":{\"@type\":\"PropertyValueSpecification\",\"valueRequired\":true,\"valueName\":\"search_term_string\"}}],\"inLanguage\":\"pt-PT\"},{\"@type\":\"Person\",\"@id\":\"https:\/\/portaltela.pt\/#\/schema\/person\/c4278d4a6028830caff9ee44b42d32ed\",\"name\":\"Telinha\",\"image\":{\"@type\":\"ImageObject\",\"inLanguage\":\"pt-PT\",\"@id\":\"https:\/\/portaltela.pt\/s.01k8rhncp4jt1\/2025\/11\/talking-bot-125x125.png\",\"url\":\"https:\/\/portaltela.pt\/s.01k8rhncp4jt1\/2025\/11\/talking-bot-125x125.png\",\"contentUrl\":\"https:\/\/portaltela.pt\/s.01k8rhncp4jt1\/2025\/11\/talking-bot-125x125.png\",\"caption\":\"Telinha\"},\"sameAs\":[\"https:\/\/portaltela.pt\/\"],\"url\":\"https:\/\/portaltela.pt\/por\/367410592786\/\"}]}<\/script>\n<!-- \/ Yoast SEO plugin. -->","yoast_head_json":{"title":"Toy critica Donald Trump com palavras contundentes no Fala Barato - Portal Tela Portugal","robots":{"index":"index","follow":"follow","max-snippet":"max-snippet:-1","max-image-preview":"max-image-preview:large","max-video-preview":"max-video-preview:-1"},"og_locale":"pt_PT","og_type":"article","og_title":"Toy critica Donald Trump com palavras contundentes no Fala Barato - Portal Tela Portugal","og_description":"O programa \"Fala Barato\" \u00e9 assinado por Eduardo Madeira e vai ao ar na Correio da Manh\u00e3 R\u00e1dio. O tema em foco \u00e9 as palavras contundentes de Toy contra Donald Trump. O conte\u00fado \u00e9 apresentado atrav\u00e9s de uma pergunta central sobre a opini\u00e3o do p\u00fablico. A p\u00e1gina inclui uma imagem associada ao \"Fala Barato\" com refer\u00eancia \u00e0 rubrica.","og_url":"https:\/\/portaltela.pt\/noticias\/2026\/04\/27\/toy-critica-donald-trump-com-palavras-contundentes-no-fala-barato\/","og_site_name":"Portal Tela Portugal","article_published_time":"2026-04-27T15:33:42+00:00","author":"Telinha","twitter_card":"summary_large_image","twitter_misc":{"Escrito por":"Telinha","Tempo estimado de leitura":"1 minuto"},"schema":{"@context":"https:\/\/schema.org","@graph":[{"@type":"Article","@id":"https:\/\/portaltela.pt\/noticias\/2026\/04\/27\/toy-critica-donald-trump-com-palavras-contundentes-no-fala-barato\/#article","isPartOf":{"@id":"https:\/\/portaltela.pt\/noticias\/2026\/04\/27\/toy-critica-donald-trump-com-palavras-contundentes-no-fala-barato\/"},"author":{"name":"Telinha","@id":"https:\/\/portaltela.pt\/#\/schema\/person\/c4278d4a6028830caff9ee44b42d32ed"},"headline":"Toy critica Donald Trump com palavras contundentes no Fala Barato","datePublished":"2026-04-27T15:33:42+00:00","mainEntityOfPage":{"@id":"https:\/\/portaltela.pt\/noticias\/2026\/04\/27\/toy-critica-donald-trump-com-palavras-contundentes-no-fala-barato\/"},"wordCount":143,"image":{"@id":"https:\/\/portaltela.pt\/noticias\/2026\/04\/27\/toy-critica-donald-trump-com-palavras-contundentes-no-fala-barato\/#primaryimage"},"thumbnailUrl":"https:\/\/portaltela.pt\/s.01k8rhncp4jt1\/2026\/04\/img_1280x722uu2026-04-27-16-17-45-2281360.jpg","keywords":["celebridades","cr\u00edticas","Donald Trump","entrevistas","pol\u00edtica","pol\u00edtica externa"],"articleSection":["Celebridades"],"inLanguage":"pt-PT"},{"@type":"WebPage","@id":"https:\/\/portaltela.pt\/noticias\/2026\/04\/27\/toy-critica-donald-trump-com-palavras-contundentes-no-fala-barato\/","url":"https:\/\/portaltela.pt\/noticias\/2026\/04\/27\/toy-critica-donald-trump-com-palavras-contundentes-no-fala-barato\/","name":"Toy critica Donald Trump com palavras contundentes no Fala Barato - Portal Tela Portugal","isPartOf":{"@id":"https:\/\/portaltela.pt\/#website"},"primaryImageOfPage":{"@id":"https:\/\/portaltela.pt\/noticias\/2026\/04\/27\/toy-critica-donald-trump-com-palavras-contundentes-no-fala-barato\/#primaryimage"},"image":{"@id":"https:\/\/portaltela.pt\/noticias\/2026\/04\/27\/toy-critica-donald-trump-com-palavras-contundentes-no-fala-barato\/#primaryimage"},"thumbnailUrl":"https:\/\/portaltela.pt\/s.01k8rhncp4jt1\/2026\/04\/img_1280x722uu2026-04-27-16-17-45-2281360.jpg","datePublished":"2026-04-27T15:33:42+00:00","author":{"@id":"https:\/\/portaltela.pt\/#\/schema\/person\/c4278d4a6028830caff9ee44b42d32ed"},"breadcrumb":{"@id":"https:\/\/portaltela.pt\/noticias\/2026\/04\/27\/toy-critica-donald-trump-com-palavras-contundentes-no-fala-barato\/#breadcrumb"},"inLanguage":"pt-PT","potentialAction":[{"@type":"ReadAction","target":["https:\/\/portaltela.pt\/noticias\/2026\/04\/27\/toy-critica-donald-trump-com-palavras-contundentes-no-fala-barato\/"]}]},{"@type":"ImageObject","inLanguage":"pt-PT","@id":"https:\/\/portaltela.pt\/noticias\/2026\/04\/27\/toy-critica-donald-trump-com-palavras-contundentes-no-fala-barato\/#primaryimage","url":"https:\/\/portaltela.pt\/s.01k8rhncp4jt1\/2026\/04\/img_1280x722uu2026-04-27-16-17-45-2281360.jpg","contentUrl":"https:\/\/portaltela.pt\/s.01k8rhncp4jt1\/2026\/04\/img_1280x722uu2026-04-27-16-17-45-2281360.jpg","width":796,"height":448,"caption":"Photo"},{"@type":"BreadcrumbList","@id":"https:\/\/portaltela.pt\/noticias\/2026\/04\/27\/toy-critica-donald-trump-com-palavras-contundentes-no-fala-barato\/#breadcrumb","itemListElement":[{"@type":"ListItem","position":1,"name":"In\u00edcio","item":"https:\/\/portaltela.pt\/"},{"@type":"ListItem","position":2,"name":"Toy critica Donald Trump com palavras contundentes no Fala Barato"}]},{"@type":"WebSite","@id":"https:\/\/portaltela.pt\/#website","url":"https:\/\/portaltela.pt\/","name":"Portal Tela Portugal","description":"","potentialAction":[{"@type":"SearchAction","target":{"@type":"EntryPoint","urlTemplate":"https:\/\/portaltela.pt\/?s={search_term_string}"},"query-input":{"@type":"PropertyValueSpecification","valueRequired":true,"valueName":"search_term_string"}}],"inLanguage":"pt-PT"},{"@type":"Person","@id":"https:\/\/portaltela.pt\/#\/schema\/person\/c4278d4a6028830caff9ee44b42d32ed","name":"Telinha","image":{"@type":"ImageObject","inLanguage":"pt-PT","@id":"https:\/\/portaltela.pt\/s.01k8rhncp4jt1\/2025\/11\/talking-bot-125x125.png","url":"https:\/\/portaltela.pt\/s.01k8rhncp4jt1\/2025\/11\/talking-bot-125x125.png","contentUrl":"https:\/\/portaltela.pt\/s.01k8rhncp4jt1\/2025\/11\/talking-bot-125x125.png","caption":"Telinha"},"sameAs":["https:\/\/portaltela.pt\/"],"url":"https:\/\/portaltela.pt\/por\/367410592786\/"}]}},"_links":{"self":[{"href":"https:\/\/portaltela.pt\/api\/wp\/v2\/posts\/458488","targetHints":{"allow":["GET"]}}],"collection":[{"href":"https:\/\/portaltela.pt\/api\/wp\/v2\/posts"}],"about":[{"href":"https:\/\/portaltela.pt\/api\/wp\/v2\/types\/post"}],"author":[{"embeddable":true,"href":"https:\/\/portaltela.pt\/api\/wp\/v2\/users\/2"}],"replies":[{"embeddable":true,"href":"https:\/\/portaltela.pt\/api\/wp\/v2\/comments?post=458488"}],"version-history":[{"count":0,"href":"https:\/\/portaltela.pt\/api\/wp\/v2\/posts\/458488\/revisions"}],"wp:featuredmedia":[{"embeddable":true,"href":"https:\/\/portaltela.pt\/api\/wp\/v2\/media\/458496"}],"wp:attachment":[{"href":"https:\/\/portaltela.pt\/api\/wp\/v2\/media?parent=458488"}],"wp:term":[{"taxonomy":"category","embeddable":true,"href":"https:\/\/portaltela.pt\/api\/wp\/v2\/categories?post=458488"},{"taxonomy":"post_tag","embeddable":true,"href":"https:\/\/portaltela.pt\/api\/wp\/v2\/tags?post=458488"}],"curies":[{"name":"wp","href":"https:\/\/api.w.org\/{rel}","templated":true}]}}