{"id":458473,"date":"2026-04-27T12:18:20","date_gmt":"2026-04-27T15:18:20","guid":{"rendered":"https:\/\/portaltela.pt\/noticias\/2026\/04\/27\/terca-e-dia-de-explorar-musica-viva-e-aceder-ao-arquivo-de-lucio-costa\/"},"modified":"2026-04-27T12:18:20","modified_gmt":"2026-04-27T15:18:20","slug":"terca-e-dia-de-explorar-musica-viva-e-aceder-ao-arquivo-de-lucio-costa","status":"publish","type":"post","link":"https:\/\/portaltela.pt\/musica\/2026\/04\/27\/terca-e-dia-de-explorar-musica-viva-e-aceder-ao-arquivo-de-lucio-costa\/","title":{"rendered":"Ter\u00e7a \u00e9 dia de explorar M\u00fasica Viva e aceder ao arquivo de L\u00facio Costa"},"content":{"rendered":"<p>O que fazer nesta semana envolve explorar o Arquivo de L\u00facio Costa e revelar parte da sua trajet\u00f3ria profissional e pessoal. Em Matosinhos, a Casa da Arquitectura recebe a mostra integrada nas celebra\u00e7\u00f5es dos 200 anos de rela\u00e7\u00f5es entre Portugal e o Brasil. A exposi\u00e7\u00e3o vai de 18\/4 a 13\/9, com hor\u00e1rios variados ao longo da semana e ingresso de 10\u20ac.<\/p>\n<p>O esp\u00f3lio de L\u00facio Costa (1902-1998) organiza-se em seis m\u00f3dulos: Fam\u00edlia, Escritos, Portugal, Plano Piloto, Bras\u00edlia e Desenho. A curadoria \u00e9 de Ana Vaz Milheiro, com documentos originais do Plano-Piloto de Bras\u00edlia expostos pela primeira vez na Europa.<\/p>\n<p>A mostra incide na dimens\u00e3o profissional e na esfera \u00edntima do arquiteto, convidando o p\u00fablico a refletir sobre motiva\u00e7\u00f5es, influ\u00eancias e o impacto da arquitetura modernista na nova capital brasileira. Programas paralelos incluem debates, m\u00fasica e visitas orientadas.<\/p>\n<h3>Festival M\u00fasica Viva<\/h3>\n<p>A 32.\u00aa edi\u00e7\u00e3o do Festival M\u00fasica Viva, em Lisboa, decorre no S\u00e3o Luiz Teatro Municipal de 28\/4 a 3\/5, com bilhetes entre 12\u20ac e 15\u20ac. O tema central \u00e9 Insurg\u00eancia, descrita como po\u00e9tica e pol\u00edtica pela organiza\u00e7\u00e3o Miso Music Portugal e S\u00e3o Luiz.<\/p>\n<p>O festival afirma ser um espa\u00e7o de resist\u00eancia est\u00e9tica e \u00e9tica, reunindo m\u00fasica e poesia com artistas que questionam realidades sociais. A abertura acontece hoje, \u00e0s 20h, com o Sond\u2019Ar-te Electric Ensemble e a leitura de Chuva de Jasmim pela poeta Shahd Wadi.<\/p>\n<p>Entre os dias seguintes, o cartaz inclui Ensemble MPMP, Miso String Quartet, Sinfonietta de Braga, Orquestra Metropolitana de Lisboa, Grupo de Percuss\u00e3o da OCP e artistas como Gisela Casimiro, Rosinda Costa, Mrika Sefa, Joana Santos e Miguel Azguime.<\/p>\n<h3>Raquel Martins<\/h3>\n<p>No Porto, o Teatro Rivoli recebe Raquel Martins a 28\/4, \u00e0s 21h30, com bilheteira entre 6\u20ac e 9\u20ac. A artista portuguesa, natural do Porto e residente em Londres, apresenta o \u00e1lbum de estreia London, When Are You Gonna Feel Like Home?<\/p>\n<p>O trabalho aborda perten\u00e7a, identidade e a ideia de casa, explorando temas de autodescoberta e transforma\u00e7\u00e3o. O concerto inclui faixas como Ningu\u00e9m, I wanna live next to the sea e Little boy, no alinhamento.<\/p>\n<h3>Nena &amp; Joana Almeirante: 2 Pares de Botas<\/h3>\n<p>A 28 e 29\/4, no Teatro Maria Matos, em Lisboa, sobem ao palco Nena e Joana Almeirante com o projeto 2 Pares de Botas. A dupla \u00e9 acompanhada por B\u00e1rbara Tinoco e Jo\u00e3o S\u00f3, com refer\u00eancias a country e int\u00e9rpretes como Dolly Parton, John Denver e The Chicks.<\/p>\n<p>A r\u00e9cita combina temas de ambas as artistas, criando uma apresenta\u00e7\u00e3o que junta estilos e influ\u00eancias, num formato de duo com convidados especiais para enriquecer o repert\u00f3rio. Os ingressos variam entre 18\u20ac e 25\u20ac.<\/p>\n<h3>Lula Pena<\/h3>\n<p>Lula Pena atua no Teatro do Bairro Alto, em Lisboa, a 28\/4, \u00e0s 19h30, com bilheteira entre 12\u20ac e 25\u20ac. Reconhecida por fundir fado com sonoridades \u00e1rabes e africanas, a cantora apresenta um percurso que cruza guitarra, voz e tempo.<\/p>\n<p>No espet\u00e1culo, a artista revisita temas da sua discografia, incluindo o \u00e1lbum Archivo Pittoresco (2017), explorando o terreno do intimismo e da performance. A apresenta\u00e7\u00e3o ocorre numa linha de fado expandido e experimental.<\/p>\n","protected":false},"excerpt":{"rendered":"<ul>\n<li>Exposi\u00e7\u00e3o sobre o arquivo de L\u00facio Costa em Matosinhos, na Casa da Arquitectura, de 18 de abril a 13 de setembro, com hor\u00e1rio de ter\u00e7a a sexta das 10h \u00e0s 18h e fins de semana at\u00e9 as 19h; entrada a 10\u20ac.<\/li>\n<li>A mostra integra seis m\u00f3dulos sobre a vida e obra do arquitecto brasileiro, destacando originais do Plano-Piloto de Bras\u00edlia e promovendo debates, visitas orientadas e um semin\u00e1rio.<\/li>\n<li>Festival M\u00fasica Viva, em Lisboa, no S\u00e3o Luiz Teatro Municipal, de 28 de abril a 3 de maio, com entradas entre 12\u20ac e 15\u20ac, centrado no tema Insurg\u00eancia e com programa\u00e7\u00e3o que inclui o Sond\u2019Ar-te Electric Ensemble e leitura de poesia.<\/li>\n<li>Raquel Martins apresenta o seu \u00e1lbum de estreia, London, When Are You Gonna Feel Like Home?, no Teatro Rivoli, no Porto, a 28 de abril \u00e0s 21h30, com bilheteira a 9\u20ac.<\/li>\n<li>Nena &amp; Joana Almeirante apresentam 2 Pares de Botas no Teatro Maria Matos, em Lisboa, nos dias 28 e 29 de abril, \u00e0s 21h, com bilhetes entre 18\u20ac e 25\u20ac.<\/li>\n<li>Lula Pena atua no Teatro do Bairro Alto, em Lisboa, a 28 de abril \u00e0s 19h30, com bilheteira a 12\u20ac.<\/li>\n<\/ul>\n","protected":false},"author":2,"featured_media":458481,"comment_status":"closed","ping_status":"closed","sticky":false,"template":"","format":"standard","meta":{"footnotes":""},"categories":[7375,6676],"tags":[7975,7756,8233,1868,981,982],"class_list":["post-458473","post","type-post","status-publish","format-standard","has-post-thumbnail","hentry","category-cultura","category-musica","tag-_arquitetura","tag-_cultura","tag-_musica","tag-arquivos","tag-lisboa","tag-porto"],"yoast_head":"<!-- This site is optimized with the Yoast SEO plugin v27.2 - https:\/\/yoast.com\/product\/yoast-seo-wordpress\/ -->\n<title>Ter\u00e7a \u00e9 dia de explorar M\u00fasica Viva e aceder ao arquivo de L\u00facio Costa - Portal Tela Portugal<\/title>\n<meta name=\"robots\" content=\"index, follow, max-snippet:-1, max-image-preview:large, max-video-preview:-1\" \/>\n<meta property=\"og:locale\" content=\"pt_PT\" \/>\n<meta property=\"og:type\" content=\"article\" \/>\n<meta property=\"og:title\" content=\"Ter\u00e7a \u00e9 dia de explorar M\u00fasica Viva e aceder ao arquivo de L\u00facio Costa - Portal Tela Portugal\" \/>\n<meta property=\"og:description\" content=\"Exposi\u00e7\u00e3o sobre o arquivo de L\u00facio Costa em Matosinhos, na Casa da Arquitectura, de 18 de abril a 13 de setembro, com hor\u00e1rio de ter\u00e7a a sexta das 10h \u00e0s 18h e fins de semana at\u00e9 as 19h; entrada a 10\u20ac. A mostra integra seis m\u00f3dulos sobre a vida e obra do arquitecto brasileiro, destacando originais do Plano-Piloto de Bras\u00edlia e promovendo debates, visitas orientadas e um semin\u00e1rio. Festival M\u00fasica Viva, em Lisboa, no S\u00e3o Luiz Teatro Municipal, de 28 de abril a 3 de maio, com entradas entre 12\u20ac e 15\u20ac, centrado no tema Insurg\u00eancia e com programa\u00e7\u00e3o que inclui o Sond\u2019Ar-te Electric Ensemble e leitura de poesia. Raquel Martins apresenta o seu \u00e1lbum de estreia, London, When Are You Gonna Feel Like Home?, no Teatro Rivoli, no Porto, a 28 de abril \u00e0s 21h30, com bilheteira a 9\u20ac. Nena &amp; Joana Almeirante apresentam 2 Pares de Botas no Teatro Maria Matos, em Lisboa, nos dias 28 e 29 de abril, \u00e0s 21h, com bilhetes entre 18\u20ac e 25\u20ac. Lula Pena atua no Teatro do Bairro Alto, em Lisboa, a 28 de abril \u00e0s 19h30, com bilheteira a 12\u20ac.\" \/>\n<meta property=\"og:url\" content=\"https:\/\/portaltela.pt\/noticias\/2026\/04\/27\/terca-e-dia-de-explorar-musica-viva-e-aceder-ao-arquivo-de-lucio-costa\/\" \/>\n<meta property=\"og:site_name\" content=\"Portal Tela Portugal\" \/>\n<meta property=\"article:published_time\" content=\"2026-04-27T15:18:20+00:00\" \/>\n<meta name=\"author\" content=\"Telinha\" \/>\n<meta name=\"twitter:card\" content=\"summary_large_image\" \/>\n<meta name=\"twitter:label1\" content=\"Escrito por\" \/>\n\t<meta name=\"twitter:data1\" content=\"Telinha\" \/>\n\t<meta name=\"twitter:label2\" content=\"Tempo estimado de leitura\" \/>\n\t<meta name=\"twitter:data2\" content=\"3 minutos\" \/>\n<script type=\"application\/ld+json\" class=\"yoast-schema-graph\">{\"@context\":\"https:\/\/schema.org\",\"@graph\":[{\"@type\":\"Article\",\"@id\":\"https:\/\/portaltela.pt\/noticias\/2026\/04\/27\/terca-e-dia-de-explorar-musica-viva-e-aceder-ao-arquivo-de-lucio-costa\/#article\",\"isPartOf\":{\"@id\":\"https:\/\/portaltela.pt\/noticias\/2026\/04\/27\/terca-e-dia-de-explorar-musica-viva-e-aceder-ao-arquivo-de-lucio-costa\/\"},\"author\":{\"name\":\"Telinha\",\"@id\":\"https:\/\/portaltela.pt\/#\/schema\/person\/c4278d4a6028830caff9ee44b42d32ed\"},\"headline\":\"Ter\u00e7a \u00e9 dia de explorar M\u00fasica Viva e aceder ao arquivo de L\u00facio Costa\",\"datePublished\":\"2026-04-27T15:18:20+00:00\",\"mainEntityOfPage\":{\"@id\":\"https:\/\/portaltela.pt\/noticias\/2026\/04\/27\/terca-e-dia-de-explorar-musica-viva-e-aceder-ao-arquivo-de-lucio-costa\/\"},\"wordCount\":542,\"image\":{\"@id\":\"https:\/\/portaltela.pt\/noticias\/2026\/04\/27\/terca-e-dia-de-explorar-musica-viva-e-aceder-ao-arquivo-de-lucio-costa\/#primaryimage\"},\"thumbnailUrl\":\"https:\/\/portaltela.pt\/s.01k8rhncp4jt1\/2026\/04\/2084365.jpg\",\"keywords\":[\"_arquitetura\",\"_cultura\",\"_m\u00fasica\",\"arquivos\",\"Lisboa\",\"Porto\"],\"articleSection\":[\"Cultura\",\"M\u00fasica\"],\"inLanguage\":\"pt-PT\"},{\"@type\":\"WebPage\",\"@id\":\"https:\/\/portaltela.pt\/noticias\/2026\/04\/27\/terca-e-dia-de-explorar-musica-viva-e-aceder-ao-arquivo-de-lucio-costa\/\",\"url\":\"https:\/\/portaltela.pt\/noticias\/2026\/04\/27\/terca-e-dia-de-explorar-musica-viva-e-aceder-ao-arquivo-de-lucio-costa\/\",\"name\":\"Ter\u00e7a \u00e9 dia de explorar M\u00fasica Viva e aceder ao arquivo de L\u00facio Costa - Portal Tela Portugal\",\"isPartOf\":{\"@id\":\"https:\/\/portaltela.pt\/#website\"},\"primaryImageOfPage\":{\"@id\":\"https:\/\/portaltela.pt\/noticias\/2026\/04\/27\/terca-e-dia-de-explorar-musica-viva-e-aceder-ao-arquivo-de-lucio-costa\/#primaryimage\"},\"image\":{\"@id\":\"https:\/\/portaltela.pt\/noticias\/2026\/04\/27\/terca-e-dia-de-explorar-musica-viva-e-aceder-ao-arquivo-de-lucio-costa\/#primaryimage\"},\"thumbnailUrl\":\"https:\/\/portaltela.pt\/s.01k8rhncp4jt1\/2026\/04\/2084365.jpg\",\"datePublished\":\"2026-04-27T15:18:20+00:00\",\"author\":{\"@id\":\"https:\/\/portaltela.pt\/#\/schema\/person\/c4278d4a6028830caff9ee44b42d32ed\"},\"breadcrumb\":{\"@id\":\"https:\/\/portaltela.pt\/noticias\/2026\/04\/27\/terca-e-dia-de-explorar-musica-viva-e-aceder-ao-arquivo-de-lucio-costa\/#breadcrumb\"},\"inLanguage\":\"pt-PT\",\"potentialAction\":[{\"@type\":\"ReadAction\",\"target\":[\"https:\/\/portaltela.pt\/noticias\/2026\/04\/27\/terca-e-dia-de-explorar-musica-viva-e-aceder-ao-arquivo-de-lucio-costa\/\"]}]},{\"@type\":\"ImageObject\",\"inLanguage\":\"pt-PT\",\"@id\":\"https:\/\/portaltela.pt\/noticias\/2026\/04\/27\/terca-e-dia-de-explorar-musica-viva-e-aceder-ao-arquivo-de-lucio-costa\/#primaryimage\",\"url\":\"https:\/\/portaltela.pt\/s.01k8rhncp4jt1\/2026\/04\/2084365.jpg\",\"contentUrl\":\"https:\/\/portaltela.pt\/s.01k8rhncp4jt1\/2026\/04\/2084365.jpg\",\"width\":796,\"height\":448,\"caption\":\"Lucio Costa Arquivo\"},{\"@type\":\"BreadcrumbList\",\"@id\":\"https:\/\/portaltela.pt\/noticias\/2026\/04\/27\/terca-e-dia-de-explorar-musica-viva-e-aceder-ao-arquivo-de-lucio-costa\/#breadcrumb\",\"itemListElement\":[{\"@type\":\"ListItem\",\"position\":1,\"name\":\"In\u00edcio\",\"item\":\"https:\/\/portaltela.pt\/\"},{\"@type\":\"ListItem\",\"position\":2,\"name\":\"Ter\u00e7a \u00e9 dia de explorar M\u00fasica Viva e aceder ao arquivo de L\u00facio Costa\"}]},{\"@type\":\"WebSite\",\"@id\":\"https:\/\/portaltela.pt\/#website\",\"url\":\"https:\/\/portaltela.pt\/\",\"name\":\"Portal Tela Portugal\",\"description\":\"\",\"potentialAction\":[{\"@type\":\"SearchAction\",\"target\":{\"@type\":\"EntryPoint\",\"urlTemplate\":\"https:\/\/portaltela.pt\/?s={search_term_string}\"},\"query-input\":{\"@type\":\"PropertyValueSpecification\",\"valueRequired\":true,\"valueName\":\"search_term_string\"}}],\"inLanguage\":\"pt-PT\"},{\"@type\":\"Person\",\"@id\":\"https:\/\/portaltela.pt\/#\/schema\/person\/c4278d4a6028830caff9ee44b42d32ed\",\"name\":\"Telinha\",\"image\":{\"@type\":\"ImageObject\",\"inLanguage\":\"pt-PT\",\"@id\":\"https:\/\/portaltela.pt\/s.01k8rhncp4jt1\/2025\/11\/talking-bot-125x125.png\",\"url\":\"https:\/\/portaltela.pt\/s.01k8rhncp4jt1\/2025\/11\/talking-bot-125x125.png\",\"contentUrl\":\"https:\/\/portaltela.pt\/s.01k8rhncp4jt1\/2025\/11\/talking-bot-125x125.png\",\"caption\":\"Telinha\"},\"sameAs\":[\"https:\/\/portaltela.pt\/\"],\"url\":\"https:\/\/portaltela.pt\/por\/367410592786\/\"}]}<\/script>\n<!-- \/ Yoast SEO plugin. -->","yoast_head_json":{"title":"Ter\u00e7a \u00e9 dia de explorar M\u00fasica Viva e aceder ao arquivo de L\u00facio Costa - Portal Tela Portugal","robots":{"index":"index","follow":"follow","max-snippet":"max-snippet:-1","max-image-preview":"max-image-preview:large","max-video-preview":"max-video-preview:-1"},"og_locale":"pt_PT","og_type":"article","og_title":"Ter\u00e7a \u00e9 dia de explorar M\u00fasica Viva e aceder ao arquivo de L\u00facio Costa - Portal Tela Portugal","og_description":"Exposi\u00e7\u00e3o sobre o arquivo de L\u00facio Costa em Matosinhos, na Casa da Arquitectura, de 18 de abril a 13 de setembro, com hor\u00e1rio de ter\u00e7a a sexta das 10h \u00e0s 18h e fins de semana at\u00e9 as 19h; entrada a 10\u20ac. A mostra integra seis m\u00f3dulos sobre a vida e obra do arquitecto brasileiro, destacando originais do Plano-Piloto de Bras\u00edlia e promovendo debates, visitas orientadas e um semin\u00e1rio. Festival M\u00fasica Viva, em Lisboa, no S\u00e3o Luiz Teatro Municipal, de 28 de abril a 3 de maio, com entradas entre 12\u20ac e 15\u20ac, centrado no tema Insurg\u00eancia e com programa\u00e7\u00e3o que inclui o Sond\u2019Ar-te Electric Ensemble e leitura de poesia. Raquel Martins apresenta o seu \u00e1lbum de estreia, London, When Are You Gonna Feel Like Home?, no Teatro Rivoli, no Porto, a 28 de abril \u00e0s 21h30, com bilheteira a 9\u20ac. Nena &amp; Joana Almeirante apresentam 2 Pares de Botas no Teatro Maria Matos, em Lisboa, nos dias 28 e 29 de abril, \u00e0s 21h, com bilhetes entre 18\u20ac e 25\u20ac. Lula Pena atua no Teatro do Bairro Alto, em Lisboa, a 28 de abril \u00e0s 19h30, com bilheteira a 12\u20ac.","og_url":"https:\/\/portaltela.pt\/noticias\/2026\/04\/27\/terca-e-dia-de-explorar-musica-viva-e-aceder-ao-arquivo-de-lucio-costa\/","og_site_name":"Portal Tela Portugal","article_published_time":"2026-04-27T15:18:20+00:00","author":"Telinha","twitter_card":"summary_large_image","twitter_misc":{"Escrito por":"Telinha","Tempo estimado de leitura":"3 minutos"},"schema":{"@context":"https:\/\/schema.org","@graph":[{"@type":"Article","@id":"https:\/\/portaltela.pt\/noticias\/2026\/04\/27\/terca-e-dia-de-explorar-musica-viva-e-aceder-ao-arquivo-de-lucio-costa\/#article","isPartOf":{"@id":"https:\/\/portaltela.pt\/noticias\/2026\/04\/27\/terca-e-dia-de-explorar-musica-viva-e-aceder-ao-arquivo-de-lucio-costa\/"},"author":{"name":"Telinha","@id":"https:\/\/portaltela.pt\/#\/schema\/person\/c4278d4a6028830caff9ee44b42d32ed"},"headline":"Ter\u00e7a \u00e9 dia de explorar M\u00fasica Viva e aceder ao arquivo de L\u00facio Costa","datePublished":"2026-04-27T15:18:20+00:00","mainEntityOfPage":{"@id":"https:\/\/portaltela.pt\/noticias\/2026\/04\/27\/terca-e-dia-de-explorar-musica-viva-e-aceder-ao-arquivo-de-lucio-costa\/"},"wordCount":542,"image":{"@id":"https:\/\/portaltela.pt\/noticias\/2026\/04\/27\/terca-e-dia-de-explorar-musica-viva-e-aceder-ao-arquivo-de-lucio-costa\/#primaryimage"},"thumbnailUrl":"https:\/\/portaltela.pt\/s.01k8rhncp4jt1\/2026\/04\/2084365.jpg","keywords":["_arquitetura","_cultura","_m\u00fasica","arquivos","Lisboa","Porto"],"articleSection":["Cultura","M\u00fasica"],"inLanguage":"pt-PT"},{"@type":"WebPage","@id":"https:\/\/portaltela.pt\/noticias\/2026\/04\/27\/terca-e-dia-de-explorar-musica-viva-e-aceder-ao-arquivo-de-lucio-costa\/","url":"https:\/\/portaltela.pt\/noticias\/2026\/04\/27\/terca-e-dia-de-explorar-musica-viva-e-aceder-ao-arquivo-de-lucio-costa\/","name":"Ter\u00e7a \u00e9 dia de explorar M\u00fasica Viva e aceder ao arquivo de L\u00facio Costa - Portal Tela Portugal","isPartOf":{"@id":"https:\/\/portaltela.pt\/#website"},"primaryImageOfPage":{"@id":"https:\/\/portaltela.pt\/noticias\/2026\/04\/27\/terca-e-dia-de-explorar-musica-viva-e-aceder-ao-arquivo-de-lucio-costa\/#primaryimage"},"image":{"@id":"https:\/\/portaltela.pt\/noticias\/2026\/04\/27\/terca-e-dia-de-explorar-musica-viva-e-aceder-ao-arquivo-de-lucio-costa\/#primaryimage"},"thumbnailUrl":"https:\/\/portaltela.pt\/s.01k8rhncp4jt1\/2026\/04\/2084365.jpg","datePublished":"2026-04-27T15:18:20+00:00","author":{"@id":"https:\/\/portaltela.pt\/#\/schema\/person\/c4278d4a6028830caff9ee44b42d32ed"},"breadcrumb":{"@id":"https:\/\/portaltela.pt\/noticias\/2026\/04\/27\/terca-e-dia-de-explorar-musica-viva-e-aceder-ao-arquivo-de-lucio-costa\/#breadcrumb"},"inLanguage":"pt-PT","potentialAction":[{"@type":"ReadAction","target":["https:\/\/portaltela.pt\/noticias\/2026\/04\/27\/terca-e-dia-de-explorar-musica-viva-e-aceder-ao-arquivo-de-lucio-costa\/"]}]},{"@type":"ImageObject","inLanguage":"pt-PT","@id":"https:\/\/portaltela.pt\/noticias\/2026\/04\/27\/terca-e-dia-de-explorar-musica-viva-e-aceder-ao-arquivo-de-lucio-costa\/#primaryimage","url":"https:\/\/portaltela.pt\/s.01k8rhncp4jt1\/2026\/04\/2084365.jpg","contentUrl":"https:\/\/portaltela.pt\/s.01k8rhncp4jt1\/2026\/04\/2084365.jpg","width":796,"height":448,"caption":"Lucio Costa Arquivo"},{"@type":"BreadcrumbList","@id":"https:\/\/portaltela.pt\/noticias\/2026\/04\/27\/terca-e-dia-de-explorar-musica-viva-e-aceder-ao-arquivo-de-lucio-costa\/#breadcrumb","itemListElement":[{"@type":"ListItem","position":1,"name":"In\u00edcio","item":"https:\/\/portaltela.pt\/"},{"@type":"ListItem","position":2,"name":"Ter\u00e7a \u00e9 dia de explorar M\u00fasica Viva e aceder ao arquivo de L\u00facio Costa"}]},{"@type":"WebSite","@id":"https:\/\/portaltela.pt\/#website","url":"https:\/\/portaltela.pt\/","name":"Portal Tela Portugal","description":"","potentialAction":[{"@type":"SearchAction","target":{"@type":"EntryPoint","urlTemplate":"https:\/\/portaltela.pt\/?s={search_term_string}"},"query-input":{"@type":"PropertyValueSpecification","valueRequired":true,"valueName":"search_term_string"}}],"inLanguage":"pt-PT"},{"@type":"Person","@id":"https:\/\/portaltela.pt\/#\/schema\/person\/c4278d4a6028830caff9ee44b42d32ed","name":"Telinha","image":{"@type":"ImageObject","inLanguage":"pt-PT","@id":"https:\/\/portaltela.pt\/s.01k8rhncp4jt1\/2025\/11\/talking-bot-125x125.png","url":"https:\/\/portaltela.pt\/s.01k8rhncp4jt1\/2025\/11\/talking-bot-125x125.png","contentUrl":"https:\/\/portaltela.pt\/s.01k8rhncp4jt1\/2025\/11\/talking-bot-125x125.png","caption":"Telinha"},"sameAs":["https:\/\/portaltela.pt\/"],"url":"https:\/\/portaltela.pt\/por\/367410592786\/"}]}},"_links":{"self":[{"href":"https:\/\/portaltela.pt\/api\/wp\/v2\/posts\/458473","targetHints":{"allow":["GET"]}}],"collection":[{"href":"https:\/\/portaltela.pt\/api\/wp\/v2\/posts"}],"about":[{"href":"https:\/\/portaltela.pt\/api\/wp\/v2\/types\/post"}],"author":[{"embeddable":true,"href":"https:\/\/portaltela.pt\/api\/wp\/v2\/users\/2"}],"replies":[{"embeddable":true,"href":"https:\/\/portaltela.pt\/api\/wp\/v2\/comments?post=458473"}],"version-history":[{"count":0,"href":"https:\/\/portaltela.pt\/api\/wp\/v2\/posts\/458473\/revisions"}],"wp:featuredmedia":[{"embeddable":true,"href":"https:\/\/portaltela.pt\/api\/wp\/v2\/media\/458481"}],"wp:attachment":[{"href":"https:\/\/portaltela.pt\/api\/wp\/v2\/media?parent=458473"}],"wp:term":[{"taxonomy":"category","embeddable":true,"href":"https:\/\/portaltela.pt\/api\/wp\/v2\/categories?post=458473"},{"taxonomy":"post_tag","embeddable":true,"href":"https:\/\/portaltela.pt\/api\/wp\/v2\/tags?post=458473"}],"curies":[{"name":"wp","href":"https:\/\/api.w.org\/{rel}","templated":true}]}}