{"id":458456,"date":"2026-04-27T12:03:29","date_gmt":"2026-04-27T15:03:29","guid":{"rendered":"https:\/\/portaltela.pt\/noticias\/2026\/04\/27\/raquel-portela-nomeada-para-o-europeu-de-voleibol\/"},"modified":"2026-04-27T12:03:29","modified_gmt":"2026-04-27T15:03:29","slug":"raquel-portela-nomeada-para-o-europeu-de-voleibol","status":"publish","type":"post","link":"https:\/\/portaltela.pt\/desporto\/futebol\/2026\/04\/27\/raquel-portela-nomeada-para-o-europeu-de-voleibol\/","title":{"rendered":"Raquel Portela nomeada para o Europeu de voleibol"},"content":{"rendered":"<p>Raquel Portela matricula mais um marco na arbitragem portuguesa de voleibol. A \u00e1rbitra recebeu a nomea\u00e7\u00e3o para o Europeu feminino de 2026, soma\u2011se \u00e0 Liga das Na\u00e7\u00f5es e \u00e0s finais da Ta\u00e7a CEV, em contexto de \u00e9poca particularmente emotiva.<\/p>\n<p>A decis\u00e3o ocorreu ap\u00f3s a atua\u00e7\u00e3o recente em It\u00e1lia na final da Ta\u00e7a CEV e antes do duelo entre FC Porto e Benfica, pela meia\u2011final feminina, no Drag\u00e3o Arena. Portela confirmou as indica\u00e7\u00f5es \u00e0 competi\u00e7\u00e3o continental e \u00e0 Liga das Na\u00e7\u00f5es.<\/p>\n<p>O Europeu feminino, de 21 de agosto a 6 de setembro, ter\u00e1 o lote restrito de cinco ju\u00edzes, com participa\u00e7\u00e3o de Portugal, incluindo Portela. A \u00e1rbitra tamb\u00e9m integra, desde esta \u00e9poca, o grupo de mentoria da CEV.<\/p>\n<p>Al\u00e9m disso, Portela vai atuar na terceira semana da Liga das Na\u00e7\u00f5es Feminina, numa jornada disputada em Hong Kong, entre 8 e 12 de julho. A nomea\u00e7\u00e3o refor\u00e7a a presen\u00e7a portuguesa no torneio.<\/p>\n<p>Em termos de carreira, a \u00e1rbitra portuense foi promovida ao grupo de mentoria da CEV, o que pode abrir portas para dirige jogos da Liga dos Campe\u00f5es. O objetivo \u00e9 chegar aos Jogos Ol\u00edmpicos.<\/p>\n","protected":false},"excerpt":{"rendered":"<ul>\n<li>Raquel Portela foi nomeada para o Europeu feminino de voleibol de 2026, tornando-a a primeira \u00e1rbitra portuguesa a dirigir uma final de uma competi\u00e7\u00e3o europeia.<\/li>\n<li>A nomea\u00e7\u00e3o soma\u2011se \u00e0s escolhas recentes para a Liga das Na\u00e7\u00f5es e \u00e0 final da Ta\u00e7a CEV, que viu Portela atuar como segunda \u00e1rbitra na final masculina e dirigir o quinto jogo das meias\u2011finais femininos entre FC Porto e Benfica.<\/li>\n<li>O Europeu decorre entre 21 de agosto e 6 de setembro, com Portugal a participar e Portela integrada entre as cinco ju\u00edzas selecionadas para o torneio.<\/li>\n<li>Em mar\u00e7o, Portela foi confirmada para a Liga das Na\u00e7\u00f5es, fazendo parte do grupo de \u00e1rbitros que atuar\u00e1 em Hong Kong na terceira semana da prova feminina (8 a 12 de julho).<\/li>\n<li>A \u00e1rbitra foi promovida ao grupo de mentoria da Confedera\u00e7\u00e3o Europeia de Voleibol, com perspetiva de chegar aos Jogos Ol\u00edmpicos e de dirigir jogos da Liga dos Campe\u00f5es no futuro.<\/li>\n<\/ul>\n","protected":false},"author":2,"featured_media":458464,"comment_status":"closed","ping_status":"closed","sticky":false,"template":"","format":"standard","meta":{"footnotes":""},"categories":[21,24],"tags":[1336,6920,1946,1786,982,181],"class_list":["post-458456","post","type-post","status-publish","format-standard","has-post-thumbnail","hentry","category-desporto","category-futebol","tag-arbitro","tag-arbitros","tag-benfica","tag-liga","tag-porto","tag-voleibol"],"yoast_head":"<!-- This site is optimized with the Yoast SEO plugin v27.2 - https:\/\/yoast.com\/product\/yoast-seo-wordpress\/ -->\n<title>Raquel Portela nomeada para o Europeu de voleibol - Portal Tela Portugal<\/title>\n<meta name=\"robots\" content=\"index, follow, max-snippet:-1, max-image-preview:large, max-video-preview:-1\" \/>\n<meta property=\"og:locale\" content=\"pt_PT\" \/>\n<meta property=\"og:type\" content=\"article\" \/>\n<meta property=\"og:title\" content=\"Raquel Portela nomeada para o Europeu de voleibol - Portal Tela Portugal\" \/>\n<meta property=\"og:description\" content=\"Raquel Portela foi nomeada para o Europeu feminino de voleibol de 2026, tornando-a a primeira \u00e1rbitra portuguesa a dirigir uma final de uma competi\u00e7\u00e3o europeia. A nomea\u00e7\u00e3o soma\u2011se \u00e0s escolhas recentes para a Liga das Na\u00e7\u00f5es e \u00e0 final da Ta\u00e7a CEV, que viu Portela atuar como segunda \u00e1rbitra na final masculina e dirigir o quinto jogo das meias\u2011finais femininos entre FC Porto e Benfica. O Europeu decorre entre 21 de agosto e 6 de setembro, com Portugal a participar e Portela integrada entre as cinco ju\u00edzas selecionadas para o torneio. Em mar\u00e7o, Portela foi confirmada para a Liga das Na\u00e7\u00f5es, fazendo parte do grupo de \u00e1rbitros que atuar\u00e1 em Hong Kong na terceira semana da prova feminina (8 a 12 de julho). A \u00e1rbitra foi promovida ao grupo de mentoria da Confedera\u00e7\u00e3o Europeia de Voleibol, com perspetiva de chegar aos Jogos Ol\u00edmpicos e de dirigir jogos da Liga dos Campe\u00f5es no futuro.\" \/>\n<meta property=\"og:url\" content=\"https:\/\/portaltela.pt\/noticias\/2026\/04\/27\/raquel-portela-nomeada-para-o-europeu-de-voleibol\/\" \/>\n<meta property=\"og:site_name\" content=\"Portal Tela Portugal\" \/>\n<meta property=\"article:published_time\" content=\"2026-04-27T15:03:29+00:00\" \/>\n<meta name=\"author\" content=\"Telinha\" \/>\n<meta name=\"twitter:card\" content=\"summary_large_image\" \/>\n<meta name=\"twitter:label1\" content=\"Escrito por\" \/>\n\t<meta name=\"twitter:data1\" content=\"Telinha\" \/>\n\t<meta name=\"twitter:label2\" content=\"Tempo estimado de leitura\" \/>\n\t<meta name=\"twitter:data2\" content=\"1 minuto\" \/>\n<script type=\"application\/ld+json\" class=\"yoast-schema-graph\">{\"@context\":\"https:\/\/schema.org\",\"@graph\":[{\"@type\":\"Article\",\"@id\":\"https:\/\/portaltela.pt\/noticias\/2026\/04\/27\/raquel-portela-nomeada-para-o-europeu-de-voleibol\/#article\",\"isPartOf\":{\"@id\":\"https:\/\/portaltela.pt\/noticias\/2026\/04\/27\/raquel-portela-nomeada-para-o-europeu-de-voleibol\/\"},\"author\":{\"name\":\"Telinha\",\"@id\":\"https:\/\/portaltela.pt\/#\/schema\/person\/c4278d4a6028830caff9ee44b42d32ed\"},\"headline\":\"Raquel Portela nomeada para o Europeu de voleibol\",\"datePublished\":\"2026-04-27T15:03:29+00:00\",\"mainEntityOfPage\":{\"@id\":\"https:\/\/portaltela.pt\/noticias\/2026\/04\/27\/raquel-portela-nomeada-para-o-europeu-de-voleibol\/\"},\"wordCount\":207,\"image\":{\"@id\":\"https:\/\/portaltela.pt\/noticias\/2026\/04\/27\/raquel-portela-nomeada-para-o-europeu-de-voleibol\/#primaryimage\"},\"thumbnailUrl\":\"https:\/\/portaltela.pt\/s.01k8rhncp4jt1\/2026\/04\/img_920x518uu2026-04-27-15-45-54-2435580.jpg\",\"keywords\":[\"\u00e1rbitro\",\"\u00e1rbitros\",\"Benfica\",\"Liga\",\"Porto\",\"voleibol\"],\"articleSection\":[\"Desporto\",\"Futebol\"],\"inLanguage\":\"pt-PT\"},{\"@type\":\"WebPage\",\"@id\":\"https:\/\/portaltela.pt\/noticias\/2026\/04\/27\/raquel-portela-nomeada-para-o-europeu-de-voleibol\/\",\"url\":\"https:\/\/portaltela.pt\/noticias\/2026\/04\/27\/raquel-portela-nomeada-para-o-europeu-de-voleibol\/\",\"name\":\"Raquel Portela nomeada para o Europeu de voleibol - Portal Tela Portugal\",\"isPartOf\":{\"@id\":\"https:\/\/portaltela.pt\/#website\"},\"primaryImageOfPage\":{\"@id\":\"https:\/\/portaltela.pt\/noticias\/2026\/04\/27\/raquel-portela-nomeada-para-o-europeu-de-voleibol\/#primaryimage\"},\"image\":{\"@id\":\"https:\/\/portaltela.pt\/noticias\/2026\/04\/27\/raquel-portela-nomeada-para-o-europeu-de-voleibol\/#primaryimage\"},\"thumbnailUrl\":\"https:\/\/portaltela.pt\/s.01k8rhncp4jt1\/2026\/04\/img_920x518uu2026-04-27-15-45-54-2435580.jpg\",\"datePublished\":\"2026-04-27T15:03:29+00:00\",\"author\":{\"@id\":\"https:\/\/portaltela.pt\/#\/schema\/person\/c4278d4a6028830caff9ee44b42d32ed\"},\"breadcrumb\":{\"@id\":\"https:\/\/portaltela.pt\/noticias\/2026\/04\/27\/raquel-portela-nomeada-para-o-europeu-de-voleibol\/#breadcrumb\"},\"inLanguage\":\"pt-PT\",\"potentialAction\":[{\"@type\":\"ReadAction\",\"target\":[\"https:\/\/portaltela.pt\/noticias\/2026\/04\/27\/raquel-portela-nomeada-para-o-europeu-de-voleibol\/\"]}]},{\"@type\":\"ImageObject\",\"inLanguage\":\"pt-PT\",\"@id\":\"https:\/\/portaltela.pt\/noticias\/2026\/04\/27\/raquel-portela-nomeada-para-o-europeu-de-voleibol\/#primaryimage\",\"url\":\"https:\/\/portaltela.pt\/s.01k8rhncp4jt1\/2026\/04\/img_920x518uu2026-04-27-15-45-54-2435580.jpg\",\"contentUrl\":\"https:\/\/portaltela.pt\/s.01k8rhncp4jt1\/2026\/04\/img_920x518uu2026-04-27-15-45-54-2435580.jpg\",\"width\":796,\"height\":448,\"caption\":\"Raquel Portela\"},{\"@type\":\"BreadcrumbList\",\"@id\":\"https:\/\/portaltela.pt\/noticias\/2026\/04\/27\/raquel-portela-nomeada-para-o-europeu-de-voleibol\/#breadcrumb\",\"itemListElement\":[{\"@type\":\"ListItem\",\"position\":1,\"name\":\"In\u00edcio\",\"item\":\"https:\/\/portaltela.pt\/\"},{\"@type\":\"ListItem\",\"position\":2,\"name\":\"Raquel Portela nomeada para o Europeu de voleibol\"}]},{\"@type\":\"WebSite\",\"@id\":\"https:\/\/portaltela.pt\/#website\",\"url\":\"https:\/\/portaltela.pt\/\",\"name\":\"Portal Tela Portugal\",\"description\":\"\",\"potentialAction\":[{\"@type\":\"SearchAction\",\"target\":{\"@type\":\"EntryPoint\",\"urlTemplate\":\"https:\/\/portaltela.pt\/?s={search_term_string}\"},\"query-input\":{\"@type\":\"PropertyValueSpecification\",\"valueRequired\":true,\"valueName\":\"search_term_string\"}}],\"inLanguage\":\"pt-PT\"},{\"@type\":\"Person\",\"@id\":\"https:\/\/portaltela.pt\/#\/schema\/person\/c4278d4a6028830caff9ee44b42d32ed\",\"name\":\"Telinha\",\"image\":{\"@type\":\"ImageObject\",\"inLanguage\":\"pt-PT\",\"@id\":\"https:\/\/portaltela.pt\/s.01k8rhncp4jt1\/2025\/11\/talking-bot-125x125.png\",\"url\":\"https:\/\/portaltela.pt\/s.01k8rhncp4jt1\/2025\/11\/talking-bot-125x125.png\",\"contentUrl\":\"https:\/\/portaltela.pt\/s.01k8rhncp4jt1\/2025\/11\/talking-bot-125x125.png\",\"caption\":\"Telinha\"},\"sameAs\":[\"https:\/\/portaltela.pt\/\"],\"url\":\"https:\/\/portaltela.pt\/por\/367410592786\/\"}]}<\/script>\n<!-- \/ Yoast SEO plugin. -->","yoast_head_json":{"title":"Raquel Portela nomeada para o Europeu de voleibol - Portal Tela Portugal","robots":{"index":"index","follow":"follow","max-snippet":"max-snippet:-1","max-image-preview":"max-image-preview:large","max-video-preview":"max-video-preview:-1"},"og_locale":"pt_PT","og_type":"article","og_title":"Raquel Portela nomeada para o Europeu de voleibol - Portal Tela Portugal","og_description":"Raquel Portela foi nomeada para o Europeu feminino de voleibol de 2026, tornando-a a primeira \u00e1rbitra portuguesa a dirigir uma final de uma competi\u00e7\u00e3o europeia. A nomea\u00e7\u00e3o soma\u2011se \u00e0s escolhas recentes para a Liga das Na\u00e7\u00f5es e \u00e0 final da Ta\u00e7a CEV, que viu Portela atuar como segunda \u00e1rbitra na final masculina e dirigir o quinto jogo das meias\u2011finais femininos entre FC Porto e Benfica. O Europeu decorre entre 21 de agosto e 6 de setembro, com Portugal a participar e Portela integrada entre as cinco ju\u00edzas selecionadas para o torneio. Em mar\u00e7o, Portela foi confirmada para a Liga das Na\u00e7\u00f5es, fazendo parte do grupo de \u00e1rbitros que atuar\u00e1 em Hong Kong na terceira semana da prova feminina (8 a 12 de julho). A \u00e1rbitra foi promovida ao grupo de mentoria da Confedera\u00e7\u00e3o Europeia de Voleibol, com perspetiva de chegar aos Jogos Ol\u00edmpicos e de dirigir jogos da Liga dos Campe\u00f5es no futuro.","og_url":"https:\/\/portaltela.pt\/noticias\/2026\/04\/27\/raquel-portela-nomeada-para-o-europeu-de-voleibol\/","og_site_name":"Portal Tela Portugal","article_published_time":"2026-04-27T15:03:29+00:00","author":"Telinha","twitter_card":"summary_large_image","twitter_misc":{"Escrito por":"Telinha","Tempo estimado de leitura":"1 minuto"},"schema":{"@context":"https:\/\/schema.org","@graph":[{"@type":"Article","@id":"https:\/\/portaltela.pt\/noticias\/2026\/04\/27\/raquel-portela-nomeada-para-o-europeu-de-voleibol\/#article","isPartOf":{"@id":"https:\/\/portaltela.pt\/noticias\/2026\/04\/27\/raquel-portela-nomeada-para-o-europeu-de-voleibol\/"},"author":{"name":"Telinha","@id":"https:\/\/portaltela.pt\/#\/schema\/person\/c4278d4a6028830caff9ee44b42d32ed"},"headline":"Raquel Portela nomeada para o Europeu de voleibol","datePublished":"2026-04-27T15:03:29+00:00","mainEntityOfPage":{"@id":"https:\/\/portaltela.pt\/noticias\/2026\/04\/27\/raquel-portela-nomeada-para-o-europeu-de-voleibol\/"},"wordCount":207,"image":{"@id":"https:\/\/portaltela.pt\/noticias\/2026\/04\/27\/raquel-portela-nomeada-para-o-europeu-de-voleibol\/#primaryimage"},"thumbnailUrl":"https:\/\/portaltela.pt\/s.01k8rhncp4jt1\/2026\/04\/img_920x518uu2026-04-27-15-45-54-2435580.jpg","keywords":["\u00e1rbitro","\u00e1rbitros","Benfica","Liga","Porto","voleibol"],"articleSection":["Desporto","Futebol"],"inLanguage":"pt-PT"},{"@type":"WebPage","@id":"https:\/\/portaltela.pt\/noticias\/2026\/04\/27\/raquel-portela-nomeada-para-o-europeu-de-voleibol\/","url":"https:\/\/portaltela.pt\/noticias\/2026\/04\/27\/raquel-portela-nomeada-para-o-europeu-de-voleibol\/","name":"Raquel Portela nomeada para o Europeu de voleibol - Portal Tela Portugal","isPartOf":{"@id":"https:\/\/portaltela.pt\/#website"},"primaryImageOfPage":{"@id":"https:\/\/portaltela.pt\/noticias\/2026\/04\/27\/raquel-portela-nomeada-para-o-europeu-de-voleibol\/#primaryimage"},"image":{"@id":"https:\/\/portaltela.pt\/noticias\/2026\/04\/27\/raquel-portela-nomeada-para-o-europeu-de-voleibol\/#primaryimage"},"thumbnailUrl":"https:\/\/portaltela.pt\/s.01k8rhncp4jt1\/2026\/04\/img_920x518uu2026-04-27-15-45-54-2435580.jpg","datePublished":"2026-04-27T15:03:29+00:00","author":{"@id":"https:\/\/portaltela.pt\/#\/schema\/person\/c4278d4a6028830caff9ee44b42d32ed"},"breadcrumb":{"@id":"https:\/\/portaltela.pt\/noticias\/2026\/04\/27\/raquel-portela-nomeada-para-o-europeu-de-voleibol\/#breadcrumb"},"inLanguage":"pt-PT","potentialAction":[{"@type":"ReadAction","target":["https:\/\/portaltela.pt\/noticias\/2026\/04\/27\/raquel-portela-nomeada-para-o-europeu-de-voleibol\/"]}]},{"@type":"ImageObject","inLanguage":"pt-PT","@id":"https:\/\/portaltela.pt\/noticias\/2026\/04\/27\/raquel-portela-nomeada-para-o-europeu-de-voleibol\/#primaryimage","url":"https:\/\/portaltela.pt\/s.01k8rhncp4jt1\/2026\/04\/img_920x518uu2026-04-27-15-45-54-2435580.jpg","contentUrl":"https:\/\/portaltela.pt\/s.01k8rhncp4jt1\/2026\/04\/img_920x518uu2026-04-27-15-45-54-2435580.jpg","width":796,"height":448,"caption":"Raquel Portela"},{"@type":"BreadcrumbList","@id":"https:\/\/portaltela.pt\/noticias\/2026\/04\/27\/raquel-portela-nomeada-para-o-europeu-de-voleibol\/#breadcrumb","itemListElement":[{"@type":"ListItem","position":1,"name":"In\u00edcio","item":"https:\/\/portaltela.pt\/"},{"@type":"ListItem","position":2,"name":"Raquel Portela nomeada para o Europeu de voleibol"}]},{"@type":"WebSite","@id":"https:\/\/portaltela.pt\/#website","url":"https:\/\/portaltela.pt\/","name":"Portal Tela Portugal","description":"","potentialAction":[{"@type":"SearchAction","target":{"@type":"EntryPoint","urlTemplate":"https:\/\/portaltela.pt\/?s={search_term_string}"},"query-input":{"@type":"PropertyValueSpecification","valueRequired":true,"valueName":"search_term_string"}}],"inLanguage":"pt-PT"},{"@type":"Person","@id":"https:\/\/portaltela.pt\/#\/schema\/person\/c4278d4a6028830caff9ee44b42d32ed","name":"Telinha","image":{"@type":"ImageObject","inLanguage":"pt-PT","@id":"https:\/\/portaltela.pt\/s.01k8rhncp4jt1\/2025\/11\/talking-bot-125x125.png","url":"https:\/\/portaltela.pt\/s.01k8rhncp4jt1\/2025\/11\/talking-bot-125x125.png","contentUrl":"https:\/\/portaltela.pt\/s.01k8rhncp4jt1\/2025\/11\/talking-bot-125x125.png","caption":"Telinha"},"sameAs":["https:\/\/portaltela.pt\/"],"url":"https:\/\/portaltela.pt\/por\/367410592786\/"}]}},"_links":{"self":[{"href":"https:\/\/portaltela.pt\/api\/wp\/v2\/posts\/458456","targetHints":{"allow":["GET"]}}],"collection":[{"href":"https:\/\/portaltela.pt\/api\/wp\/v2\/posts"}],"about":[{"href":"https:\/\/portaltela.pt\/api\/wp\/v2\/types\/post"}],"author":[{"embeddable":true,"href":"https:\/\/portaltela.pt\/api\/wp\/v2\/users\/2"}],"replies":[{"embeddable":true,"href":"https:\/\/portaltela.pt\/api\/wp\/v2\/comments?post=458456"}],"version-history":[{"count":0,"href":"https:\/\/portaltela.pt\/api\/wp\/v2\/posts\/458456\/revisions"}],"wp:featuredmedia":[{"embeddable":true,"href":"https:\/\/portaltela.pt\/api\/wp\/v2\/media\/458464"}],"wp:attachment":[{"href":"https:\/\/portaltela.pt\/api\/wp\/v2\/media?parent=458456"}],"wp:term":[{"taxonomy":"category","embeddable":true,"href":"https:\/\/portaltela.pt\/api\/wp\/v2\/categories?post=458456"},{"taxonomy":"post_tag","embeddable":true,"href":"https:\/\/portaltela.pt\/api\/wp\/v2\/tags?post=458456"}],"curies":[{"name":"wp","href":"https:\/\/api.w.org\/{rel}","templated":true}]}}