{"id":458446,"date":"2026-04-27T12:03:19","date_gmt":"2026-04-27T15:03:19","guid":{"rendered":"https:\/\/portaltela.pt\/noticias\/2026\/04\/27\/la-fenice-despede-a-diretora-musical-nomeada-em-setembro\/"},"modified":"2026-04-27T12:03:19","modified_gmt":"2026-04-27T15:03:19","slug":"la-fenice-despede-a-diretora-musical-nomeada-em-setembro","status":"publish","type":"post","link":"https:\/\/portaltela.pt\/musica\/2026\/04\/27\/la-fenice-despede-a-diretora-musical-nomeada-em-setembro\/","title":{"rendered":"La Fenice despede a diretora musical nomeada em setembro"},"content":{"rendered":"<p>A La Fenice, em Veneza, anunciou a demiss\u00e3o da directora musical Beatrice Venezi, pondo fim a uma controv\u00e9rsia que se arrastava desde setembro. A decis\u00e3o foi comunicada pela casa de \u00f3pera italiana, ap\u00f3s cr\u00edticas p\u00fablicas da maestrina aos respons\u00e1veis do teatro.<\/p>\n<p>A controv\u00e9rsia surgiu quando Venezi, de 36 anos, foi nomeada directora musical pelo director-geral Nicola Colabianchi, ainda em setembro. Membros da orquestra e trabalhadores apresentaram uma carta aberta com objec\u00e7\u00f5es \u00e0 transpar\u00eancia do processo e ao facto de n\u00e3o terem sido consultados.<\/p>\n<p>A motiva\u00e7\u00e3o oficial, publicada no domingo pela institui\u00e7\u00e3o, aponta para declara\u00e7\u00f5es p\u00fablicas graves de Venezi que teriam prejudicado a reputa\u00e7\u00e3o art\u00edstica da La Fenice e da orquestra. A maestrina tinha concedido entrevista ao di\u00e1rio argentino La Naci\u00f3n.<\/p>\n<h3>Mudan\u00e7a de tema<\/h3>\n<p>A La Fenice sustenta que as acusa\u00e7\u00f5es de nepotismo n\u00e3o correspondem \u00e0 realidade, alegando que o ingresso na orquestra ocorre apenas ap\u00f3s audi\u00e7\u00f5es internacionais abertas. A porta-voz do teatro refere que o momento de nomea\u00e7\u00e3o n\u00e3o correspondeu a uma parceria est\u00e1vel j\u00e1 estabelecida.<\/p>\n<p>Em outubro, protestos contra Venezi levaram ao cancelamento da estreia de Wozzeck, de Alban Berg, e a manifesta\u00e7\u00f5es em Veneza envolvendo membros da orquestra e f\u00e3s de temporada. Pediam a demiss\u00e3o de Venezi e do director-geral Nicola Colabianchi.<\/p>\n<p>Na altura, o representante sindical Paolo Bertoldo comentou que, ao nomear um director musical, o habitual \u00e9 o pr\u00e9-trabalho com a orquestra para avaliar a parceria. A cr\u00edtica tamb\u00e9m incidiu sobre a juventude de Venezi para um teatro com tradi\u00e7\u00e3o de 1792.<\/p>\n<p>Beatrice Venezi \u00e9 associada ao partido Irm\u00e3os de It\u00e1lia, de Giorgia Meloni, e foi contratada como consultora musical do Minist\u00e9rio da Cultura ap\u00f3s a elei\u00e7\u00e3o de Meloni, em 2022. A primeira-ministra negou ter autorizado qualquer demiss\u00e3o.<\/p>\n<p>Para j\u00e1, a Reuters tentou contactar Venezi, sem obter resposta. A institui\u00e7\u00e3o n\u00e3o revelou outros pormenores sobre o futuro da direc\u00e7\u00e3o musical. A not\u00edcia mant\u00e9m o foco na substitui\u00e7\u00e3o da directora ap\u00f3s meses de atritos.<\/p>\n","protected":false},"excerpt":{"rendered":"<ul>\n<li>A casa de \u00f3pera La Fenice, de Veneza, despediu a directora musical Beatrice Venezi, pondo fim a uma disc\u00f3rdia que se arrastava desde setembro entre a maestrina e os m\u00fasicos e trabalhadores da casa.<\/li>\n<li>O motivo apresentado pela La Fenice foram as declara\u00e7\u00f5es p\u00fablicas graves da maestrina, que teriam prejudicado a reputa\u00e7\u00e3o art\u00edstica da casa, incluindo uma entrevista \u00e0 La Naci\u00f3n em que acusava nepotismo e dizia que cargos na orquestra eram transmitidos de pai para filho.<\/li>\n<li>A institui\u00e7\u00e3o rejeitou as acusa\u00e7\u00f5es, afirmando que as nomea\u00e7\u00f5es ocorrem apenas ap\u00f3s audi\u00e7\u00f5es internacionais abertas.<\/li>\n<li>Em outubro, os protestos contra Venezi levaram ao cancelamento da noite de estreia de Wozzeck, com manifesta\u00e7\u00f5es de membros da orquestra e de trabalhadores do teatro.<\/li>\n<li>Venezi, de 36 anos, \u00e9 considerada pr\u00f3xima do partido Irm\u00e3os de It\u00e1lia, de Giorgia Meloni, que numa declara\u00e7\u00e3o negou ter autorizado a demiss\u00e3o; a Reuters n\u00e3o conseguiu contactar a maestrina.<\/li>\n<\/ul>\n","protected":false},"author":2,"featured_media":458455,"comment_status":"closed","ping_status":"closed","sticky":false,"template":"","format":"standard","meta":{"footnotes":""},"categories":[7375,6676],"tags":[145,2939,1857,122,7221,119],"class_list":["post-458446","post","type-post","status-publish","format-standard","has-post-thumbnail","hentry","category-cultura","category-musica","tag-cultura","tag-direcao","tag-italia","tag-musica","tag-noticias","tag-teatro"],"yoast_head":"<!-- This site is optimized with the Yoast SEO plugin v27.2 - https:\/\/yoast.com\/product\/yoast-seo-wordpress\/ -->\n<title>La Fenice despede a diretora musical nomeada em setembro - Portal Tela Portugal<\/title>\n<meta name=\"robots\" content=\"index, follow, max-snippet:-1, max-image-preview:large, max-video-preview:-1\" \/>\n<meta property=\"og:locale\" content=\"pt_PT\" \/>\n<meta property=\"og:type\" content=\"article\" \/>\n<meta property=\"og:title\" content=\"La Fenice despede a diretora musical nomeada em setembro - Portal Tela Portugal\" \/>\n<meta property=\"og:description\" content=\"A casa de \u00f3pera La Fenice, de Veneza, despediu a directora musical Beatrice Venezi, pondo fim a uma disc\u00f3rdia que se arrastava desde setembro entre a maestrina e os m\u00fasicos e trabalhadores da casa. O motivo apresentado pela La Fenice foram as declara\u00e7\u00f5es p\u00fablicas graves da maestrina, que teriam prejudicado a reputa\u00e7\u00e3o art\u00edstica da casa, incluindo uma entrevista \u00e0 La Naci\u00f3n em que acusava nepotismo e dizia que cargos na orquestra eram transmitidos de pai para filho. A institui\u00e7\u00e3o rejeitou as acusa\u00e7\u00f5es, afirmando que as nomea\u00e7\u00f5es ocorrem apenas ap\u00f3s audi\u00e7\u00f5es internacionais abertas. Em outubro, os protestos contra Venezi levaram ao cancelamento da noite de estreia de Wozzeck, com manifesta\u00e7\u00f5es de membros da orquestra e de trabalhadores do teatro. Venezi, de 36 anos, \u00e9 considerada pr\u00f3xima do partido Irm\u00e3os de It\u00e1lia, de Giorgia Meloni, que numa declara\u00e7\u00e3o negou ter autorizado a demiss\u00e3o; a Reuters n\u00e3o conseguiu contactar a maestrina.\" \/>\n<meta property=\"og:url\" content=\"https:\/\/portaltela.pt\/noticias\/2026\/04\/27\/la-fenice-despede-a-diretora-musical-nomeada-em-setembro\/\" \/>\n<meta property=\"og:site_name\" content=\"Portal Tela Portugal\" \/>\n<meta property=\"article:published_time\" content=\"2026-04-27T15:03:19+00:00\" \/>\n<meta name=\"author\" content=\"Telinha\" \/>\n<meta name=\"twitter:card\" content=\"summary_large_image\" \/>\n<meta name=\"twitter:label1\" content=\"Escrito por\" \/>\n\t<meta name=\"twitter:data1\" content=\"Telinha\" \/>\n\t<meta name=\"twitter:label2\" content=\"Tempo estimado de leitura\" \/>\n\t<meta name=\"twitter:data2\" content=\"2 minutos\" \/>\n<script type=\"application\/ld+json\" class=\"yoast-schema-graph\">{\"@context\":\"https:\/\/schema.org\",\"@graph\":[{\"@type\":\"Article\",\"@id\":\"https:\/\/portaltela.pt\/noticias\/2026\/04\/27\/la-fenice-despede-a-diretora-musical-nomeada-em-setembro\/#article\",\"isPartOf\":{\"@id\":\"https:\/\/portaltela.pt\/noticias\/2026\/04\/27\/la-fenice-despede-a-diretora-musical-nomeada-em-setembro\/\"},\"author\":{\"name\":\"Telinha\",\"@id\":\"https:\/\/portaltela.pt\/#\/schema\/person\/c4278d4a6028830caff9ee44b42d32ed\"},\"headline\":\"La Fenice despede a diretora musical nomeada em setembro\",\"datePublished\":\"2026-04-27T15:03:19+00:00\",\"mainEntityOfPage\":{\"@id\":\"https:\/\/portaltela.pt\/noticias\/2026\/04\/27\/la-fenice-despede-a-diretora-musical-nomeada-em-setembro\/\"},\"wordCount\":366,\"image\":{\"@id\":\"https:\/\/portaltela.pt\/noticias\/2026\/04\/27\/la-fenice-despede-a-diretora-musical-nomeada-em-setembro\/#primaryimage\"},\"thumbnailUrl\":\"https:\/\/portaltela.pt\/s.01k8rhncp4jt1\/2026\/04\/2084368.jpg\",\"keywords\":[\"cultura\",\"Dire\u00e7\u00e3o\",\"It\u00e1lia\",\"m\u00fasica\",\"not\u00edcias\",\"teatro\"],\"articleSection\":[\"Cultura\",\"M\u00fasica\"],\"inLanguage\":\"pt-PT\"},{\"@type\":\"WebPage\",\"@id\":\"https:\/\/portaltela.pt\/noticias\/2026\/04\/27\/la-fenice-despede-a-diretora-musical-nomeada-em-setembro\/\",\"url\":\"https:\/\/portaltela.pt\/noticias\/2026\/04\/27\/la-fenice-despede-a-diretora-musical-nomeada-em-setembro\/\",\"name\":\"La Fenice despede a diretora musical nomeada em setembro - Portal Tela Portugal\",\"isPartOf\":{\"@id\":\"https:\/\/portaltela.pt\/#website\"},\"primaryImageOfPage\":{\"@id\":\"https:\/\/portaltela.pt\/noticias\/2026\/04\/27\/la-fenice-despede-a-diretora-musical-nomeada-em-setembro\/#primaryimage\"},\"image\":{\"@id\":\"https:\/\/portaltela.pt\/noticias\/2026\/04\/27\/la-fenice-despede-a-diretora-musical-nomeada-em-setembro\/#primaryimage\"},\"thumbnailUrl\":\"https:\/\/portaltela.pt\/s.01k8rhncp4jt1\/2026\/04\/2084368.jpg\",\"datePublished\":\"2026-04-27T15:03:19+00:00\",\"author\":{\"@id\":\"https:\/\/portaltela.pt\/#\/schema\/person\/c4278d4a6028830caff9ee44b42d32ed\"},\"breadcrumb\":{\"@id\":\"https:\/\/portaltela.pt\/noticias\/2026\/04\/27\/la-fenice-despede-a-diretora-musical-nomeada-em-setembro\/#breadcrumb\"},\"inLanguage\":\"pt-PT\",\"potentialAction\":[{\"@type\":\"ReadAction\",\"target\":[\"https:\/\/portaltela.pt\/noticias\/2026\/04\/27\/la-fenice-despede-a-diretora-musical-nomeada-em-setembro\/\"]}]},{\"@type\":\"ImageObject\",\"inLanguage\":\"pt-PT\",\"@id\":\"https:\/\/portaltela.pt\/noticias\/2026\/04\/27\/la-fenice-despede-a-diretora-musical-nomeada-em-setembro\/#primaryimage\",\"url\":\"https:\/\/portaltela.pt\/s.01k8rhncp4jt1\/2026\/04\/2084368.jpg\",\"contentUrl\":\"https:\/\/portaltela.pt\/s.01k8rhncp4jt1\/2026\/04\/2084368.jpg\",\"width\":796,\"height\":448,\"caption\":\"Beatrice Venezi, apoiante de Giorgia Meloni, foi despedida da La Fenice\"},{\"@type\":\"BreadcrumbList\",\"@id\":\"https:\/\/portaltela.pt\/noticias\/2026\/04\/27\/la-fenice-despede-a-diretora-musical-nomeada-em-setembro\/#breadcrumb\",\"itemListElement\":[{\"@type\":\"ListItem\",\"position\":1,\"name\":\"In\u00edcio\",\"item\":\"https:\/\/portaltela.pt\/\"},{\"@type\":\"ListItem\",\"position\":2,\"name\":\"La Fenice despede a diretora musical nomeada em setembro\"}]},{\"@type\":\"WebSite\",\"@id\":\"https:\/\/portaltela.pt\/#website\",\"url\":\"https:\/\/portaltela.pt\/\",\"name\":\"Portal Tela Portugal\",\"description\":\"\",\"potentialAction\":[{\"@type\":\"SearchAction\",\"target\":{\"@type\":\"EntryPoint\",\"urlTemplate\":\"https:\/\/portaltela.pt\/?s={search_term_string}\"},\"query-input\":{\"@type\":\"PropertyValueSpecification\",\"valueRequired\":true,\"valueName\":\"search_term_string\"}}],\"inLanguage\":\"pt-PT\"},{\"@type\":\"Person\",\"@id\":\"https:\/\/portaltela.pt\/#\/schema\/person\/c4278d4a6028830caff9ee44b42d32ed\",\"name\":\"Telinha\",\"image\":{\"@type\":\"ImageObject\",\"inLanguage\":\"pt-PT\",\"@id\":\"https:\/\/portaltela.pt\/s.01k8rhncp4jt1\/2025\/11\/talking-bot-125x125.png\",\"url\":\"https:\/\/portaltela.pt\/s.01k8rhncp4jt1\/2025\/11\/talking-bot-125x125.png\",\"contentUrl\":\"https:\/\/portaltela.pt\/s.01k8rhncp4jt1\/2025\/11\/talking-bot-125x125.png\",\"caption\":\"Telinha\"},\"sameAs\":[\"https:\/\/portaltela.pt\/\"],\"url\":\"https:\/\/portaltela.pt\/por\/367410592786\/\"}]}<\/script>\n<!-- \/ Yoast SEO plugin. -->","yoast_head_json":{"title":"La Fenice despede a diretora musical nomeada em setembro - Portal Tela Portugal","robots":{"index":"index","follow":"follow","max-snippet":"max-snippet:-1","max-image-preview":"max-image-preview:large","max-video-preview":"max-video-preview:-1"},"og_locale":"pt_PT","og_type":"article","og_title":"La Fenice despede a diretora musical nomeada em setembro - Portal Tela Portugal","og_description":"A casa de \u00f3pera La Fenice, de Veneza, despediu a directora musical Beatrice Venezi, pondo fim a uma disc\u00f3rdia que se arrastava desde setembro entre a maestrina e os m\u00fasicos e trabalhadores da casa. O motivo apresentado pela La Fenice foram as declara\u00e7\u00f5es p\u00fablicas graves da maestrina, que teriam prejudicado a reputa\u00e7\u00e3o art\u00edstica da casa, incluindo uma entrevista \u00e0 La Naci\u00f3n em que acusava nepotismo e dizia que cargos na orquestra eram transmitidos de pai para filho. A institui\u00e7\u00e3o rejeitou as acusa\u00e7\u00f5es, afirmando que as nomea\u00e7\u00f5es ocorrem apenas ap\u00f3s audi\u00e7\u00f5es internacionais abertas. Em outubro, os protestos contra Venezi levaram ao cancelamento da noite de estreia de Wozzeck, com manifesta\u00e7\u00f5es de membros da orquestra e de trabalhadores do teatro. Venezi, de 36 anos, \u00e9 considerada pr\u00f3xima do partido Irm\u00e3os de It\u00e1lia, de Giorgia Meloni, que numa declara\u00e7\u00e3o negou ter autorizado a demiss\u00e3o; a Reuters n\u00e3o conseguiu contactar a maestrina.","og_url":"https:\/\/portaltela.pt\/noticias\/2026\/04\/27\/la-fenice-despede-a-diretora-musical-nomeada-em-setembro\/","og_site_name":"Portal Tela Portugal","article_published_time":"2026-04-27T15:03:19+00:00","author":"Telinha","twitter_card":"summary_large_image","twitter_misc":{"Escrito por":"Telinha","Tempo estimado de leitura":"2 minutos"},"schema":{"@context":"https:\/\/schema.org","@graph":[{"@type":"Article","@id":"https:\/\/portaltela.pt\/noticias\/2026\/04\/27\/la-fenice-despede-a-diretora-musical-nomeada-em-setembro\/#article","isPartOf":{"@id":"https:\/\/portaltela.pt\/noticias\/2026\/04\/27\/la-fenice-despede-a-diretora-musical-nomeada-em-setembro\/"},"author":{"name":"Telinha","@id":"https:\/\/portaltela.pt\/#\/schema\/person\/c4278d4a6028830caff9ee44b42d32ed"},"headline":"La Fenice despede a diretora musical nomeada em setembro","datePublished":"2026-04-27T15:03:19+00:00","mainEntityOfPage":{"@id":"https:\/\/portaltela.pt\/noticias\/2026\/04\/27\/la-fenice-despede-a-diretora-musical-nomeada-em-setembro\/"},"wordCount":366,"image":{"@id":"https:\/\/portaltela.pt\/noticias\/2026\/04\/27\/la-fenice-despede-a-diretora-musical-nomeada-em-setembro\/#primaryimage"},"thumbnailUrl":"https:\/\/portaltela.pt\/s.01k8rhncp4jt1\/2026\/04\/2084368.jpg","keywords":["cultura","Dire\u00e7\u00e3o","It\u00e1lia","m\u00fasica","not\u00edcias","teatro"],"articleSection":["Cultura","M\u00fasica"],"inLanguage":"pt-PT"},{"@type":"WebPage","@id":"https:\/\/portaltela.pt\/noticias\/2026\/04\/27\/la-fenice-despede-a-diretora-musical-nomeada-em-setembro\/","url":"https:\/\/portaltela.pt\/noticias\/2026\/04\/27\/la-fenice-despede-a-diretora-musical-nomeada-em-setembro\/","name":"La Fenice despede a diretora musical nomeada em setembro - Portal Tela Portugal","isPartOf":{"@id":"https:\/\/portaltela.pt\/#website"},"primaryImageOfPage":{"@id":"https:\/\/portaltela.pt\/noticias\/2026\/04\/27\/la-fenice-despede-a-diretora-musical-nomeada-em-setembro\/#primaryimage"},"image":{"@id":"https:\/\/portaltela.pt\/noticias\/2026\/04\/27\/la-fenice-despede-a-diretora-musical-nomeada-em-setembro\/#primaryimage"},"thumbnailUrl":"https:\/\/portaltela.pt\/s.01k8rhncp4jt1\/2026\/04\/2084368.jpg","datePublished":"2026-04-27T15:03:19+00:00","author":{"@id":"https:\/\/portaltela.pt\/#\/schema\/person\/c4278d4a6028830caff9ee44b42d32ed"},"breadcrumb":{"@id":"https:\/\/portaltela.pt\/noticias\/2026\/04\/27\/la-fenice-despede-a-diretora-musical-nomeada-em-setembro\/#breadcrumb"},"inLanguage":"pt-PT","potentialAction":[{"@type":"ReadAction","target":["https:\/\/portaltela.pt\/noticias\/2026\/04\/27\/la-fenice-despede-a-diretora-musical-nomeada-em-setembro\/"]}]},{"@type":"ImageObject","inLanguage":"pt-PT","@id":"https:\/\/portaltela.pt\/noticias\/2026\/04\/27\/la-fenice-despede-a-diretora-musical-nomeada-em-setembro\/#primaryimage","url":"https:\/\/portaltela.pt\/s.01k8rhncp4jt1\/2026\/04\/2084368.jpg","contentUrl":"https:\/\/portaltela.pt\/s.01k8rhncp4jt1\/2026\/04\/2084368.jpg","width":796,"height":448,"caption":"Beatrice Venezi, apoiante de Giorgia Meloni, foi despedida da La Fenice"},{"@type":"BreadcrumbList","@id":"https:\/\/portaltela.pt\/noticias\/2026\/04\/27\/la-fenice-despede-a-diretora-musical-nomeada-em-setembro\/#breadcrumb","itemListElement":[{"@type":"ListItem","position":1,"name":"In\u00edcio","item":"https:\/\/portaltela.pt\/"},{"@type":"ListItem","position":2,"name":"La Fenice despede a diretora musical nomeada em setembro"}]},{"@type":"WebSite","@id":"https:\/\/portaltela.pt\/#website","url":"https:\/\/portaltela.pt\/","name":"Portal Tela Portugal","description":"","potentialAction":[{"@type":"SearchAction","target":{"@type":"EntryPoint","urlTemplate":"https:\/\/portaltela.pt\/?s={search_term_string}"},"query-input":{"@type":"PropertyValueSpecification","valueRequired":true,"valueName":"search_term_string"}}],"inLanguage":"pt-PT"},{"@type":"Person","@id":"https:\/\/portaltela.pt\/#\/schema\/person\/c4278d4a6028830caff9ee44b42d32ed","name":"Telinha","image":{"@type":"ImageObject","inLanguage":"pt-PT","@id":"https:\/\/portaltela.pt\/s.01k8rhncp4jt1\/2025\/11\/talking-bot-125x125.png","url":"https:\/\/portaltela.pt\/s.01k8rhncp4jt1\/2025\/11\/talking-bot-125x125.png","contentUrl":"https:\/\/portaltela.pt\/s.01k8rhncp4jt1\/2025\/11\/talking-bot-125x125.png","caption":"Telinha"},"sameAs":["https:\/\/portaltela.pt\/"],"url":"https:\/\/portaltela.pt\/por\/367410592786\/"}]}},"_links":{"self":[{"href":"https:\/\/portaltela.pt\/api\/wp\/v2\/posts\/458446","targetHints":{"allow":["GET"]}}],"collection":[{"href":"https:\/\/portaltela.pt\/api\/wp\/v2\/posts"}],"about":[{"href":"https:\/\/portaltela.pt\/api\/wp\/v2\/types\/post"}],"author":[{"embeddable":true,"href":"https:\/\/portaltela.pt\/api\/wp\/v2\/users\/2"}],"replies":[{"embeddable":true,"href":"https:\/\/portaltela.pt\/api\/wp\/v2\/comments?post=458446"}],"version-history":[{"count":0,"href":"https:\/\/portaltela.pt\/api\/wp\/v2\/posts\/458446\/revisions"}],"wp:featuredmedia":[{"embeddable":true,"href":"https:\/\/portaltela.pt\/api\/wp\/v2\/media\/458455"}],"wp:attachment":[{"href":"https:\/\/portaltela.pt\/api\/wp\/v2\/media?parent=458446"}],"wp:term":[{"taxonomy":"category","embeddable":true,"href":"https:\/\/portaltela.pt\/api\/wp\/v2\/categories?post=458446"},{"taxonomy":"post_tag","embeddable":true,"href":"https:\/\/portaltela.pt\/api\/wp\/v2\/tags?post=458446"}],"curies":[{"name":"wp","href":"https:\/\/api.w.org\/{rel}","templated":true}]}}