{"id":458435,"date":"2026-04-27T12:03:10","date_gmt":"2026-04-27T15:03:10","guid":{"rendered":"https:\/\/portaltela.pt\/noticias\/2026\/04\/27\/sporting-fica-em-11-o-no-ranking-para-o-mundial-de-clubes-de-2029\/"},"modified":"2026-04-27T12:03:10","modified_gmt":"2026-04-27T15:03:10","slug":"sporting-fica-em-11-o-no-ranking-para-o-mundial-de-clubes-de-2029","status":"publish","type":"post","link":"https:\/\/portaltela.pt\/desporto\/futebol\/2026\/04\/27\/sporting-fica-em-11-o-no-ranking-para-o-mundial-de-clubes-de-2029\/","title":{"rendered":"Sporting fica em 11.\u00ba no ranking para o Mundial de clubes de 2029"},"content":{"rendered":"<p>O Sporting est\u00e1 colocado na 11.\u00aa posi\u00e7\u00e3o do ranking para o Mundial de clubes de 2029, de acordo com a informa\u00e7\u00e3o divulgada pela ag\u00eancia Lusa. A classifica\u00e7\u00e3o reporta-se a perspetivas para o torneio a realizar nesse ano e indica a posi\u00e7\u00e3o ocupada pelo clube verde e branco no topo da lista.<\/p>\n<p>Segundo o texto, a informa\u00e7\u00e3o completa est\u00e1 dispon\u00edvel apenas para subscritores, o que limita o acesso a dados adicionais sobre o m\u00e9todo de c\u00e1lculo do ranking ou os crit\u00e9rios em vigor. O conte\u00fado pode incluir detalhes sobre outras equipas e as mudan\u00e7as esperadas na composi\u00e7\u00e3o do torneio.<\/p>\n<p>O artigo n\u00e3o fornece, nesta vers\u00e3o, detalhes sobre dados estat\u00edsticos, cronologias ou declara\u00e7\u00f5es de representantes do Sporting. Assim, n\u00e3o s\u00e3o inclu\u00eddas informa\u00e7\u00f5es adicionais sobre condi\u00e7\u00f5es de elegibilidade, datas espec\u00edficas ou locais onde decorrer\u00e1 o Mundial de clubes de 2029.<\/p>\n","protected":false},"excerpt":{"rendered":"<ul>\n<li>Sporting fica em 11.\u00ba lugar no ranking para o Mundial de clubes de 2029.<\/li>\n<li>A not\u00edcia apenas indica a posi\u00e7\u00e3o no ranking, sem apresentar mais dados no corpo vis\u00edvel.<\/li>\n<li>O conte\u00fado completo est\u00e1 acess\u00edvel apenas para subscritores.<\/li>\n<\/ul>\n","protected":false},"author":2,"featured_media":458447,"comment_status":"closed","ping_status":"closed","sticky":false,"template":"","format":"standard","meta":{"footnotes":""},"categories":[21,24],"tags":[1367,152,32,47,1014,1652],"class_list":["post-458435","post","type-post","status-publish","format-standard","has-post-thumbnail","hentry","category-desporto","category-futebol","tag-clubes","tag-desporto","tag-futebol","tag-mundial","tag-portugal","tag-sporting"],"yoast_head":"<!-- This site is optimized with the Yoast SEO plugin v27.2 - https:\/\/yoast.com\/product\/yoast-seo-wordpress\/ -->\n<title>Sporting fica em 11.\u00ba no ranking para o Mundial de clubes de 2029 - Portal Tela Portugal<\/title>\n<meta name=\"robots\" content=\"index, follow, max-snippet:-1, max-image-preview:large, max-video-preview:-1\" \/>\n<meta property=\"og:locale\" content=\"pt_PT\" \/>\n<meta property=\"og:type\" content=\"article\" \/>\n<meta property=\"og:title\" content=\"Sporting fica em 11.\u00ba no ranking para o Mundial de clubes de 2029 - Portal Tela Portugal\" \/>\n<meta property=\"og:description\" content=\"Sporting fica em 11.\u00ba lugar no ranking para o Mundial de clubes de 2029. A not\u00edcia apenas indica a posi\u00e7\u00e3o no ranking, sem apresentar mais dados no corpo vis\u00edvel. O conte\u00fado completo est\u00e1 acess\u00edvel apenas para subscritores.\" \/>\n<meta property=\"og:url\" content=\"https:\/\/portaltela.pt\/noticias\/2026\/04\/27\/sporting-fica-em-11-o-no-ranking-para-o-mundial-de-clubes-de-2029\/\" \/>\n<meta property=\"og:site_name\" content=\"Portal Tela Portugal\" \/>\n<meta property=\"article:published_time\" content=\"2026-04-27T15:03:10+00:00\" \/>\n<meta name=\"author\" content=\"Telinha\" \/>\n<meta name=\"twitter:card\" content=\"summary_large_image\" \/>\n<meta name=\"twitter:label1\" content=\"Escrito por\" \/>\n\t<meta name=\"twitter:data1\" content=\"Telinha\" \/>\n\t<meta name=\"twitter:label2\" content=\"Tempo estimado de leitura\" \/>\n\t<meta name=\"twitter:data2\" content=\"1 minuto\" \/>\n<script type=\"application\/ld+json\" class=\"yoast-schema-graph\">{\"@context\":\"https:\/\/schema.org\",\"@graph\":[{\"@type\":\"Article\",\"@id\":\"https:\/\/portaltela.pt\/noticias\/2026\/04\/27\/sporting-fica-em-11-o-no-ranking-para-o-mundial-de-clubes-de-2029\/#article\",\"isPartOf\":{\"@id\":\"https:\/\/portaltela.pt\/noticias\/2026\/04\/27\/sporting-fica-em-11-o-no-ranking-para-o-mundial-de-clubes-de-2029\/\"},\"author\":{\"name\":\"Telinha\",\"@id\":\"https:\/\/portaltela.pt\/#\/schema\/person\/c4278d4a6028830caff9ee44b42d32ed\"},\"headline\":\"Sporting fica em 11.\u00ba no ranking para o Mundial de clubes de 2029\",\"datePublished\":\"2026-04-27T15:03:10+00:00\",\"mainEntityOfPage\":{\"@id\":\"https:\/\/portaltela.pt\/noticias\/2026\/04\/27\/sporting-fica-em-11-o-no-ranking-para-o-mundial-de-clubes-de-2029\/\"},\"wordCount\":168,\"image\":{\"@id\":\"https:\/\/portaltela.pt\/noticias\/2026\/04\/27\/sporting-fica-em-11-o-no-ranking-para-o-mundial-de-clubes-de-2029\/#primaryimage\"},\"thumbnailUrl\":\"https:\/\/portaltela.pt\/s.01k8rhncp4jt1\/2026\/04\/CACHE_780X1200_ANALOG_WATERMARKED_47000671_2590876_26042026095952.jpg\",\"keywords\":[\"clubes\",\"desporto\",\"futebol\",\"mundial\",\"Portugal\",\"Sporting\"],\"articleSection\":[\"Desporto\",\"Futebol\"],\"inLanguage\":\"pt-PT\"},{\"@type\":\"WebPage\",\"@id\":\"https:\/\/portaltela.pt\/noticias\/2026\/04\/27\/sporting-fica-em-11-o-no-ranking-para-o-mundial-de-clubes-de-2029\/\",\"url\":\"https:\/\/portaltela.pt\/noticias\/2026\/04\/27\/sporting-fica-em-11-o-no-ranking-para-o-mundial-de-clubes-de-2029\/\",\"name\":\"Sporting fica em 11.\u00ba no ranking para o Mundial de clubes de 2029 - Portal Tela Portugal\",\"isPartOf\":{\"@id\":\"https:\/\/portaltela.pt\/#website\"},\"primaryImageOfPage\":{\"@id\":\"https:\/\/portaltela.pt\/noticias\/2026\/04\/27\/sporting-fica-em-11-o-no-ranking-para-o-mundial-de-clubes-de-2029\/#primaryimage\"},\"image\":{\"@id\":\"https:\/\/portaltela.pt\/noticias\/2026\/04\/27\/sporting-fica-em-11-o-no-ranking-para-o-mundial-de-clubes-de-2029\/#primaryimage\"},\"thumbnailUrl\":\"https:\/\/portaltela.pt\/s.01k8rhncp4jt1\/2026\/04\/CACHE_780X1200_ANALOG_WATERMARKED_47000671_2590876_26042026095952.jpg\",\"datePublished\":\"2026-04-27T15:03:10+00:00\",\"author\":{\"@id\":\"https:\/\/portaltela.pt\/#\/schema\/person\/c4278d4a6028830caff9ee44b42d32ed\"},\"breadcrumb\":{\"@id\":\"https:\/\/portaltela.pt\/noticias\/2026\/04\/27\/sporting-fica-em-11-o-no-ranking-para-o-mundial-de-clubes-de-2029\/#breadcrumb\"},\"inLanguage\":\"pt-PT\",\"potentialAction\":[{\"@type\":\"ReadAction\",\"target\":[\"https:\/\/portaltela.pt\/noticias\/2026\/04\/27\/sporting-fica-em-11-o-no-ranking-para-o-mundial-de-clubes-de-2029\/\"]}]},{\"@type\":\"ImageObject\",\"inLanguage\":\"pt-PT\",\"@id\":\"https:\/\/portaltela.pt\/noticias\/2026\/04\/27\/sporting-fica-em-11-o-no-ranking-para-o-mundial-de-clubes-de-2029\/#primaryimage\",\"url\":\"https:\/\/portaltela.pt\/s.01k8rhncp4jt1\/2026\/04\/CACHE_780X1200_ANALOG_WATERMARKED_47000671_2590876_26042026095952.jpg\",\"contentUrl\":\"https:\/\/portaltela.pt\/s.01k8rhncp4jt1\/2026\/04\/CACHE_780X1200_ANALOG_WATERMARKED_47000671_2590876_26042026095952.jpg\",\"width\":796,\"height\":448,\"caption\":\"Sporting em 11.\u00ba no ranking para o Mundial de clubes de 2029\"},{\"@type\":\"BreadcrumbList\",\"@id\":\"https:\/\/portaltela.pt\/noticias\/2026\/04\/27\/sporting-fica-em-11-o-no-ranking-para-o-mundial-de-clubes-de-2029\/#breadcrumb\",\"itemListElement\":[{\"@type\":\"ListItem\",\"position\":1,\"name\":\"In\u00edcio\",\"item\":\"https:\/\/portaltela.pt\/\"},{\"@type\":\"ListItem\",\"position\":2,\"name\":\"Sporting fica em 11.\u00ba no ranking para o Mundial de clubes de 2029\"}]},{\"@type\":\"WebSite\",\"@id\":\"https:\/\/portaltela.pt\/#website\",\"url\":\"https:\/\/portaltela.pt\/\",\"name\":\"Portal Tela Portugal\",\"description\":\"\",\"potentialAction\":[{\"@type\":\"SearchAction\",\"target\":{\"@type\":\"EntryPoint\",\"urlTemplate\":\"https:\/\/portaltela.pt\/?s={search_term_string}\"},\"query-input\":{\"@type\":\"PropertyValueSpecification\",\"valueRequired\":true,\"valueName\":\"search_term_string\"}}],\"inLanguage\":\"pt-PT\"},{\"@type\":\"Person\",\"@id\":\"https:\/\/portaltela.pt\/#\/schema\/person\/c4278d4a6028830caff9ee44b42d32ed\",\"name\":\"Telinha\",\"image\":{\"@type\":\"ImageObject\",\"inLanguage\":\"pt-PT\",\"@id\":\"https:\/\/portaltela.pt\/s.01k8rhncp4jt1\/2025\/11\/talking-bot-125x125.png\",\"url\":\"https:\/\/portaltela.pt\/s.01k8rhncp4jt1\/2025\/11\/talking-bot-125x125.png\",\"contentUrl\":\"https:\/\/portaltela.pt\/s.01k8rhncp4jt1\/2025\/11\/talking-bot-125x125.png\",\"caption\":\"Telinha\"},\"sameAs\":[\"https:\/\/portaltela.pt\/\"],\"url\":\"https:\/\/portaltela.pt\/por\/367410592786\/\"}]}<\/script>\n<!-- \/ Yoast SEO plugin. -->","yoast_head_json":{"title":"Sporting fica em 11.\u00ba no ranking para o Mundial de clubes de 2029 - Portal Tela Portugal","robots":{"index":"index","follow":"follow","max-snippet":"max-snippet:-1","max-image-preview":"max-image-preview:large","max-video-preview":"max-video-preview:-1"},"og_locale":"pt_PT","og_type":"article","og_title":"Sporting fica em 11.\u00ba no ranking para o Mundial de clubes de 2029 - Portal Tela Portugal","og_description":"Sporting fica em 11.\u00ba lugar no ranking para o Mundial de clubes de 2029. A not\u00edcia apenas indica a posi\u00e7\u00e3o no ranking, sem apresentar mais dados no corpo vis\u00edvel. O conte\u00fado completo est\u00e1 acess\u00edvel apenas para subscritores.","og_url":"https:\/\/portaltela.pt\/noticias\/2026\/04\/27\/sporting-fica-em-11-o-no-ranking-para-o-mundial-de-clubes-de-2029\/","og_site_name":"Portal Tela Portugal","article_published_time":"2026-04-27T15:03:10+00:00","author":"Telinha","twitter_card":"summary_large_image","twitter_misc":{"Escrito por":"Telinha","Tempo estimado de leitura":"1 minuto"},"schema":{"@context":"https:\/\/schema.org","@graph":[{"@type":"Article","@id":"https:\/\/portaltela.pt\/noticias\/2026\/04\/27\/sporting-fica-em-11-o-no-ranking-para-o-mundial-de-clubes-de-2029\/#article","isPartOf":{"@id":"https:\/\/portaltela.pt\/noticias\/2026\/04\/27\/sporting-fica-em-11-o-no-ranking-para-o-mundial-de-clubes-de-2029\/"},"author":{"name":"Telinha","@id":"https:\/\/portaltela.pt\/#\/schema\/person\/c4278d4a6028830caff9ee44b42d32ed"},"headline":"Sporting fica em 11.\u00ba no ranking para o Mundial de clubes de 2029","datePublished":"2026-04-27T15:03:10+00:00","mainEntityOfPage":{"@id":"https:\/\/portaltela.pt\/noticias\/2026\/04\/27\/sporting-fica-em-11-o-no-ranking-para-o-mundial-de-clubes-de-2029\/"},"wordCount":168,"image":{"@id":"https:\/\/portaltela.pt\/noticias\/2026\/04\/27\/sporting-fica-em-11-o-no-ranking-para-o-mundial-de-clubes-de-2029\/#primaryimage"},"thumbnailUrl":"https:\/\/portaltela.pt\/s.01k8rhncp4jt1\/2026\/04\/CACHE_780X1200_ANALOG_WATERMARKED_47000671_2590876_26042026095952.jpg","keywords":["clubes","desporto","futebol","mundial","Portugal","Sporting"],"articleSection":["Desporto","Futebol"],"inLanguage":"pt-PT"},{"@type":"WebPage","@id":"https:\/\/portaltela.pt\/noticias\/2026\/04\/27\/sporting-fica-em-11-o-no-ranking-para-o-mundial-de-clubes-de-2029\/","url":"https:\/\/portaltela.pt\/noticias\/2026\/04\/27\/sporting-fica-em-11-o-no-ranking-para-o-mundial-de-clubes-de-2029\/","name":"Sporting fica em 11.\u00ba no ranking para o Mundial de clubes de 2029 - Portal Tela Portugal","isPartOf":{"@id":"https:\/\/portaltela.pt\/#website"},"primaryImageOfPage":{"@id":"https:\/\/portaltela.pt\/noticias\/2026\/04\/27\/sporting-fica-em-11-o-no-ranking-para-o-mundial-de-clubes-de-2029\/#primaryimage"},"image":{"@id":"https:\/\/portaltela.pt\/noticias\/2026\/04\/27\/sporting-fica-em-11-o-no-ranking-para-o-mundial-de-clubes-de-2029\/#primaryimage"},"thumbnailUrl":"https:\/\/portaltela.pt\/s.01k8rhncp4jt1\/2026\/04\/CACHE_780X1200_ANALOG_WATERMARKED_47000671_2590876_26042026095952.jpg","datePublished":"2026-04-27T15:03:10+00:00","author":{"@id":"https:\/\/portaltela.pt\/#\/schema\/person\/c4278d4a6028830caff9ee44b42d32ed"},"breadcrumb":{"@id":"https:\/\/portaltela.pt\/noticias\/2026\/04\/27\/sporting-fica-em-11-o-no-ranking-para-o-mundial-de-clubes-de-2029\/#breadcrumb"},"inLanguage":"pt-PT","potentialAction":[{"@type":"ReadAction","target":["https:\/\/portaltela.pt\/noticias\/2026\/04\/27\/sporting-fica-em-11-o-no-ranking-para-o-mundial-de-clubes-de-2029\/"]}]},{"@type":"ImageObject","inLanguage":"pt-PT","@id":"https:\/\/portaltela.pt\/noticias\/2026\/04\/27\/sporting-fica-em-11-o-no-ranking-para-o-mundial-de-clubes-de-2029\/#primaryimage","url":"https:\/\/portaltela.pt\/s.01k8rhncp4jt1\/2026\/04\/CACHE_780X1200_ANALOG_WATERMARKED_47000671_2590876_26042026095952.jpg","contentUrl":"https:\/\/portaltela.pt\/s.01k8rhncp4jt1\/2026\/04\/CACHE_780X1200_ANALOG_WATERMARKED_47000671_2590876_26042026095952.jpg","width":796,"height":448,"caption":"Sporting em 11.\u00ba no ranking para o Mundial de clubes de 2029"},{"@type":"BreadcrumbList","@id":"https:\/\/portaltela.pt\/noticias\/2026\/04\/27\/sporting-fica-em-11-o-no-ranking-para-o-mundial-de-clubes-de-2029\/#breadcrumb","itemListElement":[{"@type":"ListItem","position":1,"name":"In\u00edcio","item":"https:\/\/portaltela.pt\/"},{"@type":"ListItem","position":2,"name":"Sporting fica em 11.\u00ba no ranking para o Mundial de clubes de 2029"}]},{"@type":"WebSite","@id":"https:\/\/portaltela.pt\/#website","url":"https:\/\/portaltela.pt\/","name":"Portal Tela Portugal","description":"","potentialAction":[{"@type":"SearchAction","target":{"@type":"EntryPoint","urlTemplate":"https:\/\/portaltela.pt\/?s={search_term_string}"},"query-input":{"@type":"PropertyValueSpecification","valueRequired":true,"valueName":"search_term_string"}}],"inLanguage":"pt-PT"},{"@type":"Person","@id":"https:\/\/portaltela.pt\/#\/schema\/person\/c4278d4a6028830caff9ee44b42d32ed","name":"Telinha","image":{"@type":"ImageObject","inLanguage":"pt-PT","@id":"https:\/\/portaltela.pt\/s.01k8rhncp4jt1\/2025\/11\/talking-bot-125x125.png","url":"https:\/\/portaltela.pt\/s.01k8rhncp4jt1\/2025\/11\/talking-bot-125x125.png","contentUrl":"https:\/\/portaltela.pt\/s.01k8rhncp4jt1\/2025\/11\/talking-bot-125x125.png","caption":"Telinha"},"sameAs":["https:\/\/portaltela.pt\/"],"url":"https:\/\/portaltela.pt\/por\/367410592786\/"}]}},"_links":{"self":[{"href":"https:\/\/portaltela.pt\/api\/wp\/v2\/posts\/458435","targetHints":{"allow":["GET"]}}],"collection":[{"href":"https:\/\/portaltela.pt\/api\/wp\/v2\/posts"}],"about":[{"href":"https:\/\/portaltela.pt\/api\/wp\/v2\/types\/post"}],"author":[{"embeddable":true,"href":"https:\/\/portaltela.pt\/api\/wp\/v2\/users\/2"}],"replies":[{"embeddable":true,"href":"https:\/\/portaltela.pt\/api\/wp\/v2\/comments?post=458435"}],"version-history":[{"count":0,"href":"https:\/\/portaltela.pt\/api\/wp\/v2\/posts\/458435\/revisions"}],"wp:featuredmedia":[{"embeddable":true,"href":"https:\/\/portaltela.pt\/api\/wp\/v2\/media\/458447"}],"wp:attachment":[{"href":"https:\/\/portaltela.pt\/api\/wp\/v2\/media?parent=458435"}],"wp:term":[{"taxonomy":"category","embeddable":true,"href":"https:\/\/portaltela.pt\/api\/wp\/v2\/categories?post=458435"},{"taxonomy":"post_tag","embeddable":true,"href":"https:\/\/portaltela.pt\/api\/wp\/v2\/tags?post=458435"}],"curies":[{"name":"wp","href":"https:\/\/api.w.org\/{rel}","templated":true}]}}